{"id":5156,"date":"2025-04-29T18:57:26","date_gmt":"2025-04-29T18:57:26","guid":{"rendered":"https:\/\/blogdobispo.com.br\/?p=5156"},"modified":"2025-04-29T18:57:26","modified_gmt":"2025-04-29T18:57:26","slug":"projeto-rota-22-realiza-8a-oficina-em-angicos-com-foco-em-politicas-publicas-para-a-regiao-central","status":"publish","type":"post","link":"https:\/\/blogdobispo.com.br\/?p=5156","title":{"rendered":"Projeto Rota 22 realiza 8\u00aa oficina em Angicos com foco em pol\u00edticas p\u00fablicas para a regi\u00e3o Central"},"content":{"rendered":"\n<figure class=\"wp-block-image size-large\"><img data-recalc-dims=\"1\" fetchpriority=\"high\" decoding=\"async\" width=\"800\" height=\"600\" src=\"https:\/\/i0.wp.com\/blogdobispo.com.br\/wp-content\/uploads\/2025\/04\/4e97c56b-2c31-4b67-b43c-d82d64068cc5-1-1024x768.jpg?resize=800%2C600&#038;ssl=1\" class=\"wp-image-5155\" srcset=\"https:\/\/i0.wp.com\/blogdobispo.com.br\/wp-content\/uploads\/2025\/04\/4e97c56b-2c31-4b67-b43c-d82d64068cc5-1.jpg?resize=1024%2C768&amp;ssl=1 1024w, https:\/\/i0.wp.com\/blogdobispo.com.br\/wp-content\/uploads\/2025\/04\/4e97c56b-2c31-4b67-b43c-d82d64068cc5-1.jpg?resize=300%2C225&amp;ssl=1 300w, https:\/\/i0.wp.com\/blogdobispo.com.br\/wp-content\/uploads\/2025\/04\/4e97c56b-2c31-4b67-b43c-d82d64068cc5-1.jpg?resize=768%2C576&amp;ssl=1 768w, https:\/\/i0.wp.com\/blogdobispo.com.br\/wp-content\/uploads\/2025\/04\/4e97c56b-2c31-4b67-b43c-d82d64068cc5-1.jpg?resize=1536%2C1152&amp;ssl=1 1536w, https:\/\/i0.wp.com\/blogdobispo.com.br\/wp-content\/uploads\/2025\/04\/4e97c56b-2c31-4b67-b43c-d82d64068cc5-1.jpg?w=1600&amp;ssl=1 1600w\" sizes=\"(max-width: 800px) 100vw, 800px\" \/><\/figure>\n\n\n\n<p><\/p>\n\n\n\n<p>Na manh\u00e3 desta ter\u00e7a-feira (29), o munic\u00edpio de Angicos, na regi\u00e3o Central do Rio Grande do Norte, sediou a 8\u00aa oficina do projeto Rota 22. O encontro aconteceu no Francinete Buffet e reuniu cerca de 40 participantes, entre lideran\u00e7as pol\u00edticas, gestores p\u00fablicos e representantes da sociedade civil. O evento faz parte de uma s\u00e9rie de oficinas promovidas pelo Partido Liberal (PL) em parceria com o Instituto \u00c1lvaro Valle, com o objetivo de identificar demandas locais e construir solu\u00e7\u00f5es em conjunto com a popula\u00e7\u00e3o, no grande semin\u00e1rio regional no dia 9 de maio, em Assu.<\/p>\n\n\n\n<p>&#8220;O Projeto Rota 22 \u00e9 um movimento para ouvir o povo, ouvir voc\u00eas, compartilhar o que n\u00f3s, como partidos j\u00e1 fizemos e ainda famoz fazere fortalecer as lideran\u00e7as locais porque n\u00f3s entendemos que voc\u00eas s\u00e3o a mola propulssora do desenvolvimento da regi\u00e3o e voc\u00eas&#8221;, enfatizou a coordenadora do PL Mulher, Raquel Viana, na abertura a oficina.<\/p>\n\n\n\n<p>Durante a oficina, foram debatidos temas cruciais para o desenvolvimento da regi\u00e3o, como sa\u00fade, educa\u00e7\u00e3o, seguran\u00e7a, infraestrutura e saneamento. Os participantes compartilharam experi\u00eancias, levantaram problemas e sugeriram propostas concretas para a melhoria dos servi\u00e7os p\u00fablicos e da qualidade de vida da popula\u00e7\u00e3o.<\/p>\n\n\n\n<p>Entre os debatedores da oficina estiveram Pinheiro Neto, prefeito de Angicos (RN); Jo\u00e3o Eduardo, vice-prefeito de Pedro Avelino (RN); Grimaldi Alves, secret\u00e1rio municipal de Agricultura de Angicos; J\u00fanior de Chicola, vereador em Angicos; Katia de Deda, secret\u00e1ria municipal de Cultura, Esporte, Turismo e Desenvolvimento Econ\u00f4mico de Angicos; e Richardson Costa, secret\u00e1rio municipal de Sa\u00fade de Pedro Avelino (RN).<\/p>\n\n\n\n<p>Realizado pelo PL, em parceria com o Instituto \u00c1lvaro Valle e sob a lideran\u00e7a do ex-presidente Jair Bolsonaro e do senador Rog\u00e9rio Marinho, o Rota 22 promove oficinas e semin\u00e1rios em todas as regi\u00f5es do Rio Grande do Norte com o objetivo de identificar demandas locais e fortalecer o compromisso do partido com a melhoria da qualidade de vida dos brasileiros.<\/p>\n\n\n\n<p>Fique conectado com o Rota 22 \u2014 Acesse o site https:\/\/plrota22.com.br e confira quando o Rota 22 estar\u00e1 em cada regi\u00e3o do Estado. Voc\u00ea tamb\u00e9m pode acompanhar mais informa\u00e7\u00f5es nas redes sociais pelos perfis @pl22rn e @plnacional22. Participe tamb\u00e9m do canal de WhatsApp do Rota 22 no Rio Grande do Norte: https:\/\/canal.plrota22.com.br\/.<\/p>\n\n\n\n<p>O Rota 22 tem percorrido todas as regi\u00f5es do estado com oficinas como essa, promovendo a participa\u00e7\u00e3o cidad\u00e3, o fortalecimento das lideran\u00e7as locais e a constru\u00e7\u00e3o de uma agenda propositiva para o futuro do Rio Grande do Norte. Ao final de cada ciclo regional, um semin\u00e1rio re\u00fane os participantes para consolidar as propostas discutidas em grande semin\u00e1rio regional.<\/p>\n","protected":false},"excerpt":{"rendered":"<p>Na manh\u00e3 desta ter\u00e7a-feira (29), o munic\u00edpio de Angicos, na regi\u00e3o Central do Rio Grande do Norte, sediou a 8\u00aa oficina do projeto Rota 22. O encontro aconteceu no Francinete Buffet e reuniu cerca de 40 participantes, entre lideran\u00e7as pol\u00edticas, gestores p\u00fablicos e representantes da sociedade civil. O evento faz parte de uma s\u00e9rie de [&hellip;]<\/p>\n","protected":false},"author":1,"featured_media":0,"comment_status":"open","ping_status":"open","sticky":false,"template":"","format":"standard","meta":{"cybocfi_hide_featured_image":"","_jetpack_memberships_contains_paid_content":false,"footnotes":""},"categories":[1],"tags":[],"class_list":["post-5156","post","type-post","status-publish","format-standard","hentry","category-diversos"],"yoast_head":"<!-- This site is optimized with the Yoast SEO plugin v25.6 - https:\/\/yoast.com\/wordpress\/plugins\/seo\/ -->\n<title>Projeto Rota 22 realiza 8\u00aa oficina em Angicos com foco em pol\u00edticas p\u00fablicas para a regi\u00e3o Central - Blog do Bispo<\/title>\n<meta name=\"robots\" content=\"index, follow, max-snippet:-1, max-image-preview:large, max-video-preview:-1\" \/>\n<link rel=\"canonical\" href=\"https:\/\/blogdobispo.com.br\/?p=5156\" \/>\n<meta property=\"og:locale\" content=\"pt_BR\" \/>\n<meta property=\"og:type\" content=\"article\" \/>\n<meta property=\"og:title\" content=\"Projeto Rota 22 realiza 8\u00aa oficina em Angicos com foco em pol\u00edticas p\u00fablicas para a regi\u00e3o Central - Blog do Bispo\" \/>\n<meta property=\"og:description\" content=\"Na manh\u00e3 desta ter\u00e7a-feira (29), o munic\u00edpio de Angicos, na regi\u00e3o Central do Rio Grande do Norte, sediou a 8\u00aa oficina do projeto Rota 22. O encontro aconteceu no Francinete Buffet e reuniu cerca de 40 participantes, entre lideran\u00e7as pol\u00edticas, gestores p\u00fablicos e representantes da sociedade civil. O evento faz parte de uma s\u00e9rie de [&hellip;]\" \/>\n<meta property=\"og:url\" content=\"https:\/\/blogdobispo.com.br\/?p=5156\" \/>\n<meta property=\"og:site_name\" content=\"Blog do Bispo\" \/>\n<meta property=\"article:published_time\" content=\"2025-04-29T18:57:26+00:00\" \/>\n<meta property=\"og:image\" content=\"https:\/\/blogdobispo.com.br\/wp-content\/uploads\/2025\/04\/4e97c56b-2c31-4b67-b43c-d82d64068cc5-1-1024x768.jpg\" \/>\n<meta name=\"author\" content=\"Jefferson Sterfeno\" \/>\n<meta name=\"twitter:card\" content=\"summary_large_image\" \/>\n<meta name=\"twitter:label1\" content=\"Escrito por\" \/>\n\t<meta name=\"twitter:data1\" content=\"Jefferson Sterfeno\" \/>\n\t<meta name=\"twitter:label2\" content=\"Est. tempo de leitura\" \/>\n\t<meta name=\"twitter:data2\" content=\"2 minutos\" \/>\n<script type=\"application\/ld+json\" class=\"yoast-schema-graph\">{\"@context\":\"https:\/\/schema.org\",\"@graph\":[{\"@type\":\"Article\",\"@id\":\"https:\/\/blogdobispo.com.br\/?p=5156#article\",\"isPartOf\":{\"@id\":\"https:\/\/blogdobispo.com.br\/?p=5156\"},\"author\":{\"name\":\"Jefferson Sterfeno\",\"@id\":\"https:\/\/blogdobispo.com.br\/#\/schema\/person\/e2209cc0e6cea5c5233d033e997b373f\"},\"headline\":\"Projeto Rota 22 realiza 8\u00aa oficina em Angicos com foco em pol\u00edticas p\u00fablicas para a regi\u00e3o Central\",\"datePublished\":\"2025-04-29T18:57:26+00:00\",\"mainEntityOfPage\":{\"@id\":\"https:\/\/blogdobispo.com.br\/?p=5156\"},\"wordCount\":482,\"commentCount\":0,\"publisher\":{\"@id\":\"https:\/\/blogdobispo.com.br\/#organization\"},\"image\":{\"@id\":\"https:\/\/blogdobispo.com.br\/?p=5156#primaryimage\"},\"thumbnailUrl\":\"https:\/\/blogdobispo.com.br\/wp-content\/uploads\/2025\/04\/4e97c56b-2c31-4b67-b43c-d82d64068cc5-1-1024x768.jpg\",\"articleSection\":[\"diversos\"],\"inLanguage\":\"pt-BR\",\"potentialAction\":[{\"@type\":\"CommentAction\",\"name\":\"Comment\",\"target\":[\"https:\/\/blogdobispo.com.br\/?p=5156#respond\"]}]},{\"@type\":\"WebPage\",\"@id\":\"https:\/\/blogdobispo.com.br\/?p=5156\",\"url\":\"https:\/\/blogdobispo.com.br\/?p=5156\",\"name\":\"Projeto Rota 22 realiza 8\u00aa oficina em Angicos com foco em pol\u00edticas p\u00fablicas para a regi\u00e3o Central - Blog do Bispo\",\"isPartOf\":{\"@id\":\"https:\/\/blogdobispo.com.br\/#website\"},\"primaryImageOfPage\":{\"@id\":\"https:\/\/blogdobispo.com.br\/?p=5156#primaryimage\"},\"image\":{\"@id\":\"https:\/\/blogdobispo.com.br\/?p=5156#primaryimage\"},\"thumbnailUrl\":\"https:\/\/blogdobispo.com.br\/wp-content\/uploads\/2025\/04\/4e97c56b-2c31-4b67-b43c-d82d64068cc5-1-1024x768.jpg\",\"datePublished\":\"2025-04-29T18:57:26+00:00\",\"breadcrumb\":{\"@id\":\"https:\/\/blogdobispo.com.br\/?p=5156#breadcrumb\"},\"inLanguage\":\"pt-BR\",\"potentialAction\":[{\"@type\":\"ReadAction\",\"target\":[\"https:\/\/blogdobispo.com.br\/?p=5156\"]}]},{\"@type\":\"ImageObject\",\"inLanguage\":\"pt-BR\",\"@id\":\"https:\/\/blogdobispo.com.br\/?p=5156#primaryimage\",\"url\":\"https:\/\/blogdobispo.com.br\/wp-content\/uploads\/2025\/04\/4e97c56b-2c31-4b67-b43c-d82d64068cc5-1-1024x768.jpg\",\"contentUrl\":\"https:\/\/blogdobispo.com.br\/wp-content\/uploads\/2025\/04\/4e97c56b-2c31-4b67-b43c-d82d64068cc5-1-1024x768.jpg\"},{\"@type\":\"BreadcrumbList\",\"@id\":\"https:\/\/blogdobispo.com.br\/?p=5156#breadcrumb\",\"itemListElement\":[{\"@type\":\"ListItem\",\"position\":1,\"name\":\"In\u00edcio\",\"item\":\"https:\/\/blogdobispo.com.br\/\"},{\"@type\":\"ListItem\",\"position\":2,\"name\":\"Projeto Rota 22 realiza 8\u00aa oficina em Angicos com foco em pol\u00edticas p\u00fablicas para a regi\u00e3o Central\"}]},{\"@type\":\"WebSite\",\"@id\":\"https:\/\/blogdobispo.com.br\/#website\",\"url\":\"https:\/\/blogdobispo.com.br\/\",\"name\":\"Blog do Bispo\",\"description\":\"Comprometido apenas com o leitor\",\"publisher\":{\"@id\":\"https:\/\/blogdobispo.com.br\/#organization\"},\"potentialAction\":[{\"@type\":\"SearchAction\",\"target\":{\"@type\":\"EntryPoint\",\"urlTemplate\":\"https:\/\/blogdobispo.com.br\/?s={search_term_string}\"},\"query-input\":{\"@type\":\"PropertyValueSpecification\",\"valueRequired\":true,\"valueName\":\"search_term_string\"}}],\"inLanguage\":\"pt-BR\"},{\"@type\":\"Organization\",\"@id\":\"https:\/\/blogdobispo.com.br\/#organization\",\"name\":\"Blog do Bispo\",\"url\":\"https:\/\/blogdobispo.com.br\/\",\"logo\":{\"@type\":\"ImageObject\",\"inLanguage\":\"pt-BR\",\"@id\":\"https:\/\/blogdobispo.com.br\/#\/schema\/logo\/image\/\",\"url\":\"http:\/\/blogdobispo.com.br\/wp-content\/uploads\/2023\/05\/cropped-headear.png\",\"contentUrl\":\"http:\/\/blogdobispo.com.br\/wp-content\/uploads\/2023\/05\/cropped-headear.png\",\"width\":1500,\"height\":399,\"caption\":\"Blog do Bispo\"},\"image\":{\"@id\":\"https:\/\/blogdobispo.com.br\/#\/schema\/logo\/image\/\"}},{\"@type\":\"Person\",\"@id\":\"https:\/\/blogdobispo.com.br\/#\/schema\/person\/e2209cc0e6cea5c5233d033e997b373f\",\"name\":\"Jefferson Sterfeno\",\"image\":{\"@type\":\"ImageObject\",\"inLanguage\":\"pt-BR\",\"@id\":\"https:\/\/blogdobispo.com.br\/#\/schema\/person\/image\/\",\"url\":\"https:\/\/secure.gravatar.com\/avatar\/0534e84764641168a677026b6d57a3f51dc7ac4db0b4f6186d9cb330d4ee1160?s=96&d=mm&r=g\",\"contentUrl\":\"https:\/\/secure.gravatar.com\/avatar\/0534e84764641168a677026b6d57a3f51dc7ac4db0b4f6186d9cb330d4ee1160?s=96&d=mm&r=g\",\"caption\":\"Jefferson Sterfeno\"},\"sameAs\":[\"http:\/\/blogdobispo.com.br\"],\"url\":\"https:\/\/blogdobispo.com.br\/?author=1\"}]}<\/script>\n<!-- \/ Yoast SEO plugin. -->","yoast_head_json":{"title":"Projeto Rota 22 realiza 8\u00aa oficina em Angicos com foco em pol\u00edticas p\u00fablicas para a regi\u00e3o Central - Blog do Bispo","robots":{"index":"index","follow":"follow","max-snippet":"max-snippet:-1","max-image-preview":"max-image-preview:large","max-video-preview":"max-video-preview:-1"},"canonical":"https:\/\/blogdobispo.com.br\/?p=5156","og_locale":"pt_BR","og_type":"article","og_title":"Projeto Rota 22 realiza 8\u00aa oficina em Angicos com foco em pol\u00edticas p\u00fablicas para a regi\u00e3o Central - Blog do Bispo","og_description":"Na manh\u00e3 desta ter\u00e7a-feira (29), o munic\u00edpio de Angicos, na regi\u00e3o Central do Rio Grande do Norte, sediou a 8\u00aa oficina do projeto Rota 22. O encontro aconteceu no Francinete Buffet e reuniu cerca de 40 participantes, entre lideran\u00e7as pol\u00edticas, gestores p\u00fablicos e representantes da sociedade civil. O evento faz parte de uma s\u00e9rie de [&hellip;]","og_url":"https:\/\/blogdobispo.com.br\/?p=5156","og_site_name":"Blog do Bispo","article_published_time":"2025-04-29T18:57:26+00:00","og_image":[{"url":"https:\/\/blogdobispo.com.br\/wp-content\/uploads\/2025\/04\/4e97c56b-2c31-4b67-b43c-d82d64068cc5-1-1024x768.jpg","type":"","width":"","height":""}],"author":"Jefferson Sterfeno","twitter_card":"summary_large_image","twitter_misc":{"Escrito por":"Jefferson Sterfeno","Est. tempo de leitura":"2 minutos"},"schema":{"@context":"https:\/\/schema.org","@graph":[{"@type":"Article","@id":"https:\/\/blogdobispo.com.br\/?p=5156#article","isPartOf":{"@id":"https:\/\/blogdobispo.com.br\/?p=5156"},"author":{"name":"Jefferson Sterfeno","@id":"https:\/\/blogdobispo.com.br\/#\/schema\/person\/e2209cc0e6cea5c5233d033e997b373f"},"headline":"Projeto Rota 22 realiza 8\u00aa oficina em Angicos com foco em pol\u00edticas p\u00fablicas para a regi\u00e3o Central","datePublished":"2025-04-29T18:57:26+00:00","mainEntityOfPage":{"@id":"https:\/\/blogdobispo.com.br\/?p=5156"},"wordCount":482,"commentCount":0,"publisher":{"@id":"https:\/\/blogdobispo.com.br\/#organization"},"image":{"@id":"https:\/\/blogdobispo.com.br\/?p=5156#primaryimage"},"thumbnailUrl":"https:\/\/blogdobispo.com.br\/wp-content\/uploads\/2025\/04\/4e97c56b-2c31-4b67-b43c-d82d64068cc5-1-1024x768.jpg","articleSection":["diversos"],"inLanguage":"pt-BR","potentialAction":[{"@type":"CommentAction","name":"Comment","target":["https:\/\/blogdobispo.com.br\/?p=5156#respond"]}]},{"@type":"WebPage","@id":"https:\/\/blogdobispo.com.br\/?p=5156","url":"https:\/\/blogdobispo.com.br\/?p=5156","name":"Projeto Rota 22 realiza 8\u00aa oficina em Angicos com foco em pol\u00edticas p\u00fablicas para a regi\u00e3o Central - Blog do Bispo","isPartOf":{"@id":"https:\/\/blogdobispo.com.br\/#website"},"primaryImageOfPage":{"@id":"https:\/\/blogdobispo.com.br\/?p=5156#primaryimage"},"image":{"@id":"https:\/\/blogdobispo.com.br\/?p=5156#primaryimage"},"thumbnailUrl":"https:\/\/blogdobispo.com.br\/wp-content\/uploads\/2025\/04\/4e97c56b-2c31-4b67-b43c-d82d64068cc5-1-1024x768.jpg","datePublished":"2025-04-29T18:57:26+00:00","breadcrumb":{"@id":"https:\/\/blogdobispo.com.br\/?p=5156#breadcrumb"},"inLanguage":"pt-BR","potentialAction":[{"@type":"ReadAction","target":["https:\/\/blogdobispo.com.br\/?p=5156"]}]},{"@type":"ImageObject","inLanguage":"pt-BR","@id":"https:\/\/blogdobispo.com.br\/?p=5156#primaryimage","url":"https:\/\/blogdobispo.com.br\/wp-content\/uploads\/2025\/04\/4e97c56b-2c31-4b67-b43c-d82d64068cc5-1-1024x768.jpg","contentUrl":"https:\/\/blogdobispo.com.br\/wp-content\/uploads\/2025\/04\/4e97c56b-2c31-4b67-b43c-d82d64068cc5-1-1024x768.jpg"},{"@type":"BreadcrumbList","@id":"https:\/\/blogdobispo.com.br\/?p=5156#breadcrumb","itemListElement":[{"@type":"ListItem","position":1,"name":"In\u00edcio","item":"https:\/\/blogdobispo.com.br\/"},{"@type":"ListItem","position":2,"name":"Projeto Rota 22 realiza 8\u00aa oficina em Angicos com foco em pol\u00edticas p\u00fablicas para a regi\u00e3o Central"}]},{"@type":"WebSite","@id":"https:\/\/blogdobispo.com.br\/#website","url":"https:\/\/blogdobispo.com.br\/","name":"Blog do Bispo","description":"Comprometido apenas com o leitor","publisher":{"@id":"https:\/\/blogdobispo.com.br\/#organization"},"potentialAction":[{"@type":"SearchAction","target":{"@type":"EntryPoint","urlTemplate":"https:\/\/blogdobispo.com.br\/?s={search_term_string}"},"query-input":{"@type":"PropertyValueSpecification","valueRequired":true,"valueName":"search_term_string"}}],"inLanguage":"pt-BR"},{"@type":"Organization","@id":"https:\/\/blogdobispo.com.br\/#organization","name":"Blog do Bispo","url":"https:\/\/blogdobispo.com.br\/","logo":{"@type":"ImageObject","inLanguage":"pt-BR","@id":"https:\/\/blogdobispo.com.br\/#\/schema\/logo\/image\/","url":"http:\/\/blogdobispo.com.br\/wp-content\/uploads\/2023\/05\/cropped-headear.png","contentUrl":"http:\/\/blogdobispo.com.br\/wp-content\/uploads\/2023\/05\/cropped-headear.png","width":1500,"height":399,"caption":"Blog do Bispo"},"image":{"@id":"https:\/\/blogdobispo.com.br\/#\/schema\/logo\/image\/"}},{"@type":"Person","@id":"https:\/\/blogdobispo.com.br\/#\/schema\/person\/e2209cc0e6cea5c5233d033e997b373f","name":"Jefferson Sterfeno","image":{"@type":"ImageObject","inLanguage":"pt-BR","@id":"https:\/\/blogdobispo.com.br\/#\/schema\/person\/image\/","url":"https:\/\/secure.gravatar.com\/avatar\/0534e84764641168a677026b6d57a3f51dc7ac4db0b4f6186d9cb330d4ee1160?s=96&d=mm&r=g","contentUrl":"https:\/\/secure.gravatar.com\/avatar\/0534e84764641168a677026b6d57a3f51dc7ac4db0b4f6186d9cb330d4ee1160?s=96&d=mm&r=g","caption":"Jefferson Sterfeno"},"sameAs":["http:\/\/blogdobispo.com.br"],"url":"https:\/\/blogdobispo.com.br\/?author=1"}]}},"featured_image_urls":{"full":"","thumbnail":"","medium":"","medium_large":"","large":"","1536x1536":"","2048x2048":""},"author_info":{"display_name":"Jefferson Sterfeno","author_link":"https:\/\/blogdobispo.com.br\/?author=1"},"category_info":"<a href=\"https:\/\/blogdobispo.com.br\/?cat=1\" rel=\"category\">diversos<\/a>","tag_info":"diversos","comment_count":"0","jetpack_featured_media_url":"","jetpack_sharing_enabled":true,"_links":{"self":[{"href":"https:\/\/blogdobispo.com.br\/index.php?rest_route=\/wp\/v2\/posts\/5156","targetHints":{"allow":["GET"]}}],"collection":[{"href":"https:\/\/blogdobispo.com.br\/index.php?rest_route=\/wp\/v2\/posts"}],"about":[{"href":"https:\/\/blogdobispo.com.br\/index.php?rest_route=\/wp\/v2\/types\/post"}],"author":[{"embeddable":true,"href":"https:\/\/blogdobispo.com.br\/index.php?rest_route=\/wp\/v2\/users\/1"}],"replies":[{"embeddable":true,"href":"https:\/\/blogdobispo.com.br\/index.php?rest_route=%2Fwp%2Fv2%2Fcomments&post=5156"}],"version-history":[{"count":0,"href":"https:\/\/blogdobispo.com.br\/index.php?rest_route=\/wp\/v2\/posts\/5156\/revisions"}],"wp:attachment":[{"href":"https:\/\/blogdobispo.com.br\/index.php?rest_route=%2Fwp%2Fv2%2Fmedia&parent=5156"}],"wp:term":[{"taxonomy":"category","embeddable":true,"href":"https:\/\/blogdobispo.com.br\/index.php?rest_route=%2Fwp%2Fv2%2Fcategories&post=5156"},{"taxonomy":"post_tag","embeddable":true,"href":"https:\/\/blogdobispo.com.br\/index.php?rest_route=%2Fwp%2Fv2%2Ftags&post=5156"}],"curies":[{"name":"wp","href":"https:\/\/api.w.org\/{rel}","templated":true}]}}