{"id":5154,"date":"2025-04-29T18:52:07","date_gmt":"2025-04-29T18:52:07","guid":{"rendered":"https:\/\/blogdobispo.com.br\/?p=5154"},"modified":"2025-04-29T18:52:07","modified_gmt":"2025-04-29T18:52:07","slug":"projeto-cabare-do-forro-parea-estreia-com-sucesso-total-em-evento-privado-na-cidade-de-natal-rn","status":"publish","type":"post","link":"https:\/\/blogdobispo.com.br\/?p=5154","title":{"rendered":"Projeto &#8221; cabar\u00e9 do forr\u00f3 par\u00eaa &#8221; estr\u00e9ia com sucesso total em evento privado na cidade de Natal\/RN."},"content":{"rendered":"\n<figure class=\"wp-block-image size-large\"><img data-recalc-dims=\"1\" fetchpriority=\"high\" decoding=\"async\" width=\"800\" height=\"630\" src=\"https:\/\/i0.wp.com\/blogdobispo.com.br\/wp-content\/uploads\/2025\/04\/089a68fd-6322-4f25-8f83-4079f57f3081-1.jpg?resize=800%2C630&#038;ssl=1\" class=\"wp-image-5153\" srcset=\"https:\/\/i0.wp.com\/blogdobispo.com.br\/wp-content\/uploads\/2025\/04\/089a68fd-6322-4f25-8f83-4079f57f3081-1.jpg?w=919&amp;ssl=1 919w, https:\/\/i0.wp.com\/blogdobispo.com.br\/wp-content\/uploads\/2025\/04\/089a68fd-6322-4f25-8f83-4079f57f3081-1.jpg?resize=300%2C236&amp;ssl=1 300w, https:\/\/i0.wp.com\/blogdobispo.com.br\/wp-content\/uploads\/2025\/04\/089a68fd-6322-4f25-8f83-4079f57f3081-1.jpg?resize=768%2C605&amp;ssl=1 768w\" sizes=\"(max-width: 800px) 100vw, 800px\" \/><\/figure>\n\n\n\n<p><\/p>\n\n\n\n<p>A banda de forr\u00f3 natalense, forr\u00f3 par\u00eaa chamou a aten\u00e7\u00e3o esse fim de semana em um evento privado na zona oeste de Natal. Na ocasi\u00e3o, o evento privado onde ocorreu o anivers\u00e1rio de Fabio do samba de gamboa, os integrantes do forr\u00f3 par\u00eaa apresentaram al\u00e9m de muito forr\u00f3 e anima\u00e7\u00e3o uma novidade para todos os f\u00e3s e seguidores do grupo. Em determinado momento do show eles apresentaram para o p\u00fablico um ousado projeto onde denominram &#8221; cabar\u00e9 do Forr\u00f3 Par\u00eaa&#8221; cantando sucessos do seguimento brega onde fizeram a caba\u00e7a da galera presentes no evento. Em reportagem com os vocalistas Alexandre par\u00eaa e Danilo par\u00eaa, ambos irm\u00e3os, disseram a nossa reportagem que esse era um antigo sonho da banda de fazer uma mescla do forr\u00f3 atual, com o forr\u00f3 antigo, trazendo um momento nost\u00e1lgico cantando os grandes sucessos da m\u00fasica brega brasileira. &#8221; Assim seguimos com f\u00e9 em Deus e muita dedica\u00e7\u00e3o ao nosso p\u00fablico, amigos e admiradores do nosso trabalho.<\/p>\n","protected":false},"excerpt":{"rendered":"<p>A banda de forr\u00f3 natalense, forr\u00f3 par\u00eaa chamou a aten\u00e7\u00e3o esse fim de semana em um evento privado na zona oeste de Natal. Na ocasi\u00e3o, o evento privado onde ocorreu o anivers\u00e1rio de Fabio do samba de gamboa, os integrantes do forr\u00f3 par\u00eaa apresentaram al\u00e9m de muito forr\u00f3 e anima\u00e7\u00e3o uma novidade para todos os [&hellip;]<\/p>\n","protected":false},"author":1,"featured_media":0,"comment_status":"open","ping_status":"open","sticky":false,"template":"","format":"standard","meta":{"cybocfi_hide_featured_image":"","_jetpack_memberships_contains_paid_content":false,"footnotes":""},"categories":[1],"tags":[],"class_list":["post-5154","post","type-post","status-publish","format-standard","hentry","category-diversos"],"yoast_head":"<!-- This site is optimized with the Yoast SEO plugin v25.6 - https:\/\/yoast.com\/wordpress\/plugins\/seo\/ -->\n<title>Projeto &quot; cabar\u00e9 do forr\u00f3 par\u00eaa &quot; estr\u00e9ia com sucesso total em evento privado na cidade de Natal\/RN. - Blog do Bispo<\/title>\n<meta name=\"robots\" content=\"index, follow, max-snippet:-1, max-image-preview:large, max-video-preview:-1\" \/>\n<link rel=\"canonical\" href=\"https:\/\/blogdobispo.com.br\/?p=5154\" \/>\n<meta property=\"og:locale\" content=\"pt_BR\" \/>\n<meta property=\"og:type\" content=\"article\" \/>\n<meta property=\"og:title\" content=\"Projeto &quot; cabar\u00e9 do forr\u00f3 par\u00eaa &quot; estr\u00e9ia com sucesso total em evento privado na cidade de Natal\/RN. - Blog do Bispo\" \/>\n<meta property=\"og:description\" content=\"A banda de forr\u00f3 natalense, forr\u00f3 par\u00eaa chamou a aten\u00e7\u00e3o esse fim de semana em um evento privado na zona oeste de Natal. Na ocasi\u00e3o, o evento privado onde ocorreu o anivers\u00e1rio de Fabio do samba de gamboa, os integrantes do forr\u00f3 par\u00eaa apresentaram al\u00e9m de muito forr\u00f3 e anima\u00e7\u00e3o uma novidade para todos os [&hellip;]\" \/>\n<meta property=\"og:url\" content=\"https:\/\/blogdobispo.com.br\/?p=5154\" \/>\n<meta property=\"og:site_name\" content=\"Blog do Bispo\" \/>\n<meta property=\"article:published_time\" content=\"2025-04-29T18:52:07+00:00\" \/>\n<meta property=\"og:image\" content=\"https:\/\/blogdobispo.com.br\/wp-content\/uploads\/2025\/04\/089a68fd-6322-4f25-8f83-4079f57f3081-1.jpg\" \/>\n<meta name=\"author\" content=\"Jefferson Sterfeno\" \/>\n<meta name=\"twitter:card\" content=\"summary_large_image\" \/>\n<meta name=\"twitter:label1\" content=\"Escrito por\" \/>\n\t<meta name=\"twitter:data1\" content=\"Jefferson Sterfeno\" \/>\n\t<meta name=\"twitter:label2\" content=\"Est. tempo de leitura\" \/>\n\t<meta name=\"twitter:data2\" content=\"1 minuto\" \/>\n<script type=\"application\/ld+json\" class=\"yoast-schema-graph\">{\"@context\":\"https:\/\/schema.org\",\"@graph\":[{\"@type\":\"Article\",\"@id\":\"https:\/\/blogdobispo.com.br\/?p=5154#article\",\"isPartOf\":{\"@id\":\"https:\/\/blogdobispo.com.br\/?p=5154\"},\"author\":{\"name\":\"Jefferson Sterfeno\",\"@id\":\"https:\/\/blogdobispo.com.br\/#\/schema\/person\/e2209cc0e6cea5c5233d033e997b373f\"},\"headline\":\"Projeto &#8221; cabar\u00e9 do forr\u00f3 par\u00eaa &#8221; estr\u00e9ia com sucesso total em evento privado na cidade de Natal\/RN.\",\"datePublished\":\"2025-04-29T18:52:07+00:00\",\"mainEntityOfPage\":{\"@id\":\"https:\/\/blogdobispo.com.br\/?p=5154\"},\"wordCount\":195,\"commentCount\":0,\"publisher\":{\"@id\":\"https:\/\/blogdobispo.com.br\/#organization\"},\"image\":{\"@id\":\"https:\/\/blogdobispo.com.br\/?p=5154#primaryimage\"},\"thumbnailUrl\":\"https:\/\/blogdobispo.com.br\/wp-content\/uploads\/2025\/04\/089a68fd-6322-4f25-8f83-4079f57f3081-1.jpg\",\"articleSection\":[\"diversos\"],\"inLanguage\":\"pt-BR\",\"potentialAction\":[{\"@type\":\"CommentAction\",\"name\":\"Comment\",\"target\":[\"https:\/\/blogdobispo.com.br\/?p=5154#respond\"]}]},{\"@type\":\"WebPage\",\"@id\":\"https:\/\/blogdobispo.com.br\/?p=5154\",\"url\":\"https:\/\/blogdobispo.com.br\/?p=5154\",\"name\":\"Projeto \\\" cabar\u00e9 do forr\u00f3 par\u00eaa \\\" estr\u00e9ia com sucesso total em evento privado na cidade de Natal\/RN. - Blog do Bispo\",\"isPartOf\":{\"@id\":\"https:\/\/blogdobispo.com.br\/#website\"},\"primaryImageOfPage\":{\"@id\":\"https:\/\/blogdobispo.com.br\/?p=5154#primaryimage\"},\"image\":{\"@id\":\"https:\/\/blogdobispo.com.br\/?p=5154#primaryimage\"},\"thumbnailUrl\":\"https:\/\/blogdobispo.com.br\/wp-content\/uploads\/2025\/04\/089a68fd-6322-4f25-8f83-4079f57f3081-1.jpg\",\"datePublished\":\"2025-04-29T18:52:07+00:00\",\"breadcrumb\":{\"@id\":\"https:\/\/blogdobispo.com.br\/?p=5154#breadcrumb\"},\"inLanguage\":\"pt-BR\",\"potentialAction\":[{\"@type\":\"ReadAction\",\"target\":[\"https:\/\/blogdobispo.com.br\/?p=5154\"]}]},{\"@type\":\"ImageObject\",\"inLanguage\":\"pt-BR\",\"@id\":\"https:\/\/blogdobispo.com.br\/?p=5154#primaryimage\",\"url\":\"https:\/\/blogdobispo.com.br\/wp-content\/uploads\/2025\/04\/089a68fd-6322-4f25-8f83-4079f57f3081-1.jpg\",\"contentUrl\":\"https:\/\/blogdobispo.com.br\/wp-content\/uploads\/2025\/04\/089a68fd-6322-4f25-8f83-4079f57f3081-1.jpg\"},{\"@type\":\"BreadcrumbList\",\"@id\":\"https:\/\/blogdobispo.com.br\/?p=5154#breadcrumb\",\"itemListElement\":[{\"@type\":\"ListItem\",\"position\":1,\"name\":\"In\u00edcio\",\"item\":\"https:\/\/blogdobispo.com.br\/\"},{\"@type\":\"ListItem\",\"position\":2,\"name\":\"Projeto &#8221; cabar\u00e9 do forr\u00f3 par\u00eaa &#8221; estr\u00e9ia com sucesso total em evento privado na cidade de Natal\/RN.\"}]},{\"@type\":\"WebSite\",\"@id\":\"https:\/\/blogdobispo.com.br\/#website\",\"url\":\"https:\/\/blogdobispo.com.br\/\",\"name\":\"Blog do Bispo\",\"description\":\"Comprometido apenas com o leitor\",\"publisher\":{\"@id\":\"https:\/\/blogdobispo.com.br\/#organization\"},\"potentialAction\":[{\"@type\":\"SearchAction\",\"target\":{\"@type\":\"EntryPoint\",\"urlTemplate\":\"https:\/\/blogdobispo.com.br\/?s={search_term_string}\"},\"query-input\":{\"@type\":\"PropertyValueSpecification\",\"valueRequired\":true,\"valueName\":\"search_term_string\"}}],\"inLanguage\":\"pt-BR\"},{\"@type\":\"Organization\",\"@id\":\"https:\/\/blogdobispo.com.br\/#organization\",\"name\":\"Blog do Bispo\",\"url\":\"https:\/\/blogdobispo.com.br\/\",\"logo\":{\"@type\":\"ImageObject\",\"inLanguage\":\"pt-BR\",\"@id\":\"https:\/\/blogdobispo.com.br\/#\/schema\/logo\/image\/\",\"url\":\"http:\/\/blogdobispo.com.br\/wp-content\/uploads\/2023\/05\/cropped-headear.png\",\"contentUrl\":\"http:\/\/blogdobispo.com.br\/wp-content\/uploads\/2023\/05\/cropped-headear.png\",\"width\":1500,\"height\":399,\"caption\":\"Blog do Bispo\"},\"image\":{\"@id\":\"https:\/\/blogdobispo.com.br\/#\/schema\/logo\/image\/\"}},{\"@type\":\"Person\",\"@id\":\"https:\/\/blogdobispo.com.br\/#\/schema\/person\/e2209cc0e6cea5c5233d033e997b373f\",\"name\":\"Jefferson Sterfeno\",\"image\":{\"@type\":\"ImageObject\",\"inLanguage\":\"pt-BR\",\"@id\":\"https:\/\/blogdobispo.com.br\/#\/schema\/person\/image\/\",\"url\":\"https:\/\/secure.gravatar.com\/avatar\/0534e84764641168a677026b6d57a3f51dc7ac4db0b4f6186d9cb330d4ee1160?s=96&d=mm&r=g\",\"contentUrl\":\"https:\/\/secure.gravatar.com\/avatar\/0534e84764641168a677026b6d57a3f51dc7ac4db0b4f6186d9cb330d4ee1160?s=96&d=mm&r=g\",\"caption\":\"Jefferson Sterfeno\"},\"sameAs\":[\"http:\/\/blogdobispo.com.br\"],\"url\":\"https:\/\/blogdobispo.com.br\/?author=1\"}]}<\/script>\n<!-- \/ Yoast SEO plugin. -->","yoast_head_json":{"title":"Projeto \" cabar\u00e9 do forr\u00f3 par\u00eaa \" estr\u00e9ia com sucesso total em evento privado na cidade de Natal\/RN. - Blog do Bispo","robots":{"index":"index","follow":"follow","max-snippet":"max-snippet:-1","max-image-preview":"max-image-preview:large","max-video-preview":"max-video-preview:-1"},"canonical":"https:\/\/blogdobispo.com.br\/?p=5154","og_locale":"pt_BR","og_type":"article","og_title":"Projeto \" cabar\u00e9 do forr\u00f3 par\u00eaa \" estr\u00e9ia com sucesso total em evento privado na cidade de Natal\/RN. - Blog do Bispo","og_description":"A banda de forr\u00f3 natalense, forr\u00f3 par\u00eaa chamou a aten\u00e7\u00e3o esse fim de semana em um evento privado na zona oeste de Natal. Na ocasi\u00e3o, o evento privado onde ocorreu o anivers\u00e1rio de Fabio do samba de gamboa, os integrantes do forr\u00f3 par\u00eaa apresentaram al\u00e9m de muito forr\u00f3 e anima\u00e7\u00e3o uma novidade para todos os [&hellip;]","og_url":"https:\/\/blogdobispo.com.br\/?p=5154","og_site_name":"Blog do Bispo","article_published_time":"2025-04-29T18:52:07+00:00","og_image":[{"url":"https:\/\/blogdobispo.com.br\/wp-content\/uploads\/2025\/04\/089a68fd-6322-4f25-8f83-4079f57f3081-1.jpg","type":"","width":"","height":""}],"author":"Jefferson Sterfeno","twitter_card":"summary_large_image","twitter_misc":{"Escrito por":"Jefferson Sterfeno","Est. tempo de leitura":"1 minuto"},"schema":{"@context":"https:\/\/schema.org","@graph":[{"@type":"Article","@id":"https:\/\/blogdobispo.com.br\/?p=5154#article","isPartOf":{"@id":"https:\/\/blogdobispo.com.br\/?p=5154"},"author":{"name":"Jefferson Sterfeno","@id":"https:\/\/blogdobispo.com.br\/#\/schema\/person\/e2209cc0e6cea5c5233d033e997b373f"},"headline":"Projeto &#8221; cabar\u00e9 do forr\u00f3 par\u00eaa &#8221; estr\u00e9ia com sucesso total em evento privado na cidade de Natal\/RN.","datePublished":"2025-04-29T18:52:07+00:00","mainEntityOfPage":{"@id":"https:\/\/blogdobispo.com.br\/?p=5154"},"wordCount":195,"commentCount":0,"publisher":{"@id":"https:\/\/blogdobispo.com.br\/#organization"},"image":{"@id":"https:\/\/blogdobispo.com.br\/?p=5154#primaryimage"},"thumbnailUrl":"https:\/\/blogdobispo.com.br\/wp-content\/uploads\/2025\/04\/089a68fd-6322-4f25-8f83-4079f57f3081-1.jpg","articleSection":["diversos"],"inLanguage":"pt-BR","potentialAction":[{"@type":"CommentAction","name":"Comment","target":["https:\/\/blogdobispo.com.br\/?p=5154#respond"]}]},{"@type":"WebPage","@id":"https:\/\/blogdobispo.com.br\/?p=5154","url":"https:\/\/blogdobispo.com.br\/?p=5154","name":"Projeto \" cabar\u00e9 do forr\u00f3 par\u00eaa \" estr\u00e9ia com sucesso total em evento privado na cidade de Natal\/RN. - Blog do Bispo","isPartOf":{"@id":"https:\/\/blogdobispo.com.br\/#website"},"primaryImageOfPage":{"@id":"https:\/\/blogdobispo.com.br\/?p=5154#primaryimage"},"image":{"@id":"https:\/\/blogdobispo.com.br\/?p=5154#primaryimage"},"thumbnailUrl":"https:\/\/blogdobispo.com.br\/wp-content\/uploads\/2025\/04\/089a68fd-6322-4f25-8f83-4079f57f3081-1.jpg","datePublished":"2025-04-29T18:52:07+00:00","breadcrumb":{"@id":"https:\/\/blogdobispo.com.br\/?p=5154#breadcrumb"},"inLanguage":"pt-BR","potentialAction":[{"@type":"ReadAction","target":["https:\/\/blogdobispo.com.br\/?p=5154"]}]},{"@type":"ImageObject","inLanguage":"pt-BR","@id":"https:\/\/blogdobispo.com.br\/?p=5154#primaryimage","url":"https:\/\/blogdobispo.com.br\/wp-content\/uploads\/2025\/04\/089a68fd-6322-4f25-8f83-4079f57f3081-1.jpg","contentUrl":"https:\/\/blogdobispo.com.br\/wp-content\/uploads\/2025\/04\/089a68fd-6322-4f25-8f83-4079f57f3081-1.jpg"},{"@type":"BreadcrumbList","@id":"https:\/\/blogdobispo.com.br\/?p=5154#breadcrumb","itemListElement":[{"@type":"ListItem","position":1,"name":"In\u00edcio","item":"https:\/\/blogdobispo.com.br\/"},{"@type":"ListItem","position":2,"name":"Projeto &#8221; cabar\u00e9 do forr\u00f3 par\u00eaa &#8221; estr\u00e9ia com sucesso total em evento privado na cidade de Natal\/RN."}]},{"@type":"WebSite","@id":"https:\/\/blogdobispo.com.br\/#website","url":"https:\/\/blogdobispo.com.br\/","name":"Blog do Bispo","description":"Comprometido apenas com o leitor","publisher":{"@id":"https:\/\/blogdobispo.com.br\/#organization"},"potentialAction":[{"@type":"SearchAction","target":{"@type":"EntryPoint","urlTemplate":"https:\/\/blogdobispo.com.br\/?s={search_term_string}"},"query-input":{"@type":"PropertyValueSpecification","valueRequired":true,"valueName":"search_term_string"}}],"inLanguage":"pt-BR"},{"@type":"Organization","@id":"https:\/\/blogdobispo.com.br\/#organization","name":"Blog do Bispo","url":"https:\/\/blogdobispo.com.br\/","logo":{"@type":"ImageObject","inLanguage":"pt-BR","@id":"https:\/\/blogdobispo.com.br\/#\/schema\/logo\/image\/","url":"http:\/\/blogdobispo.com.br\/wp-content\/uploads\/2023\/05\/cropped-headear.png","contentUrl":"http:\/\/blogdobispo.com.br\/wp-content\/uploads\/2023\/05\/cropped-headear.png","width":1500,"height":399,"caption":"Blog do Bispo"},"image":{"@id":"https:\/\/blogdobispo.com.br\/#\/schema\/logo\/image\/"}},{"@type":"Person","@id":"https:\/\/blogdobispo.com.br\/#\/schema\/person\/e2209cc0e6cea5c5233d033e997b373f","name":"Jefferson Sterfeno","image":{"@type":"ImageObject","inLanguage":"pt-BR","@id":"https:\/\/blogdobispo.com.br\/#\/schema\/person\/image\/","url":"https:\/\/secure.gravatar.com\/avatar\/0534e84764641168a677026b6d57a3f51dc7ac4db0b4f6186d9cb330d4ee1160?s=96&d=mm&r=g","contentUrl":"https:\/\/secure.gravatar.com\/avatar\/0534e84764641168a677026b6d57a3f51dc7ac4db0b4f6186d9cb330d4ee1160?s=96&d=mm&r=g","caption":"Jefferson Sterfeno"},"sameAs":["http:\/\/blogdobispo.com.br"],"url":"https:\/\/blogdobispo.com.br\/?author=1"}]}},"featured_image_urls":{"full":"","thumbnail":"","medium":"","medium_large":"","large":"","1536x1536":"","2048x2048":""},"author_info":{"display_name":"Jefferson Sterfeno","author_link":"https:\/\/blogdobispo.com.br\/?author=1"},"category_info":"<a href=\"https:\/\/blogdobispo.com.br\/?cat=1\" rel=\"category\">diversos<\/a>","tag_info":"diversos","comment_count":"0","jetpack_featured_media_url":"","jetpack_sharing_enabled":true,"_links":{"self":[{"href":"https:\/\/blogdobispo.com.br\/index.php?rest_route=\/wp\/v2\/posts\/5154","targetHints":{"allow":["GET"]}}],"collection":[{"href":"https:\/\/blogdobispo.com.br\/index.php?rest_route=\/wp\/v2\/posts"}],"about":[{"href":"https:\/\/blogdobispo.com.br\/index.php?rest_route=\/wp\/v2\/types\/post"}],"author":[{"embeddable":true,"href":"https:\/\/blogdobispo.com.br\/index.php?rest_route=\/wp\/v2\/users\/1"}],"replies":[{"embeddable":true,"href":"https:\/\/blogdobispo.com.br\/index.php?rest_route=%2Fwp%2Fv2%2Fcomments&post=5154"}],"version-history":[{"count":0,"href":"https:\/\/blogdobispo.com.br\/index.php?rest_route=\/wp\/v2\/posts\/5154\/revisions"}],"wp:attachment":[{"href":"https:\/\/blogdobispo.com.br\/index.php?rest_route=%2Fwp%2Fv2%2Fmedia&parent=5154"}],"wp:term":[{"taxonomy":"category","embeddable":true,"href":"https:\/\/blogdobispo.com.br\/index.php?rest_route=%2Fwp%2Fv2%2Fcategories&post=5154"},{"taxonomy":"post_tag","embeddable":true,"href":"https:\/\/blogdobispo.com.br\/index.php?rest_route=%2Fwp%2Fv2%2Ftags&post=5154"}],"curies":[{"name":"wp","href":"https:\/\/api.w.org\/{rel}","templated":true}]}}