{"id":5148,"date":"2025-04-28T19:10:16","date_gmt":"2025-04-28T19:10:16","guid":{"rendered":"https:\/\/blogdobispo.com.br\/?p=5148"},"modified":"2025-04-28T19:10:16","modified_gmt":"2025-04-28T19:10:16","slug":"rota-22-inicia-agenda-de-atividades-na-regiao-central-do-estado-por-ipanguacu","status":"publish","type":"post","link":"https:\/\/blogdobispo.com.br\/?p=5148","title":{"rendered":"Rota 22 inicia agenda de atividades na regi\u00e3o Central do Estado por Ipangua\u00e7u"},"content":{"rendered":"\n<figure class=\"wp-block-image size-large\"><img data-recalc-dims=\"1\" fetchpriority=\"high\" decoding=\"async\" width=\"800\" height=\"600\" src=\"https:\/\/i0.wp.com\/blogdobispo.com.br\/wp-content\/uploads\/2025\/04\/48bec3cc-c203-49bb-84e4-b1c39759439f-1-1024x768.jpg?resize=800%2C600&#038;ssl=1\" class=\"wp-image-5147\" srcset=\"https:\/\/i0.wp.com\/blogdobispo.com.br\/wp-content\/uploads\/2025\/04\/48bec3cc-c203-49bb-84e4-b1c39759439f-1.jpg?resize=1024%2C768&amp;ssl=1 1024w, https:\/\/i0.wp.com\/blogdobispo.com.br\/wp-content\/uploads\/2025\/04\/48bec3cc-c203-49bb-84e4-b1c39759439f-1.jpg?resize=300%2C225&amp;ssl=1 300w, https:\/\/i0.wp.com\/blogdobispo.com.br\/wp-content\/uploads\/2025\/04\/48bec3cc-c203-49bb-84e4-b1c39759439f-1.jpg?resize=768%2C576&amp;ssl=1 768w, https:\/\/i0.wp.com\/blogdobispo.com.br\/wp-content\/uploads\/2025\/04\/48bec3cc-c203-49bb-84e4-b1c39759439f-1.jpg?resize=1536%2C1152&amp;ssl=1 1536w, https:\/\/i0.wp.com\/blogdobispo.com.br\/wp-content\/uploads\/2025\/04\/48bec3cc-c203-49bb-84e4-b1c39759439f-1.jpg?w=1600&amp;ssl=1 1600w\" sizes=\"(max-width: 800px) 100vw, 800px\" \/><\/figure>\n\n\n\n<p><\/p>\n\n\n\n<p>O projeto Rota 22 d\u00e1 mais um passo importante para aproximar o Partido Liberal (PL) da popula\u00e7\u00e3o potiguar, com uma agenda estruturada de eventos na regi\u00e3o Central do estado. A programa\u00e7\u00e3o inclui oficinas em Ipangua\u00e7u, nesta segunda-feira (28), e em Angicos, no dia 29, al\u00e9m de um semin\u00e1rio em Assu, no dia 9 de maio. As oficinas e o semin\u00e1rio servir\u00e3o como espa\u00e7os de debate e constru\u00e7\u00e3o de propostas, fortalecendo o compromisso do PL com uma atua\u00e7\u00e3o baseada nas demandas reais da sociedade. A iniciativa est\u00e1 sendo realizada em parceria com o Instituto \u00c1lvaro Valle.<\/p>\n\n\n\n<p>Em Ipangua\u00e7u, o prefeito Jefferson Santos (PL) recepcionou os participantes da oficina na C\u00e2mara Municipal da cidade. Entre as sugest\u00f5es que surgiram para a regi\u00e3o Central, destacaram-se o incentivo ao empreendedorismo, a estrutura\u00e7\u00e3o de um mercado p\u00fablico do peixe, a capacita\u00e7\u00e3o de m\u00e3o de obra e melhorias na sa\u00fade p\u00fablica e no sistema de ensino. Participaram dos debates, contribuindo com suas sugest\u00f5es: Gleidson, prefeito de Carnaubais; Aloar Pessoa, ex-prefeito de Itaj\u00e1 (RN); F\u00e1bio de Lulu, vereador em S\u00e3o Rafael (RN); e Pedro Filho, vereador em Assu (RN).<\/p>\n\n\n\n<p>O deputado estadual Coronel Azevedo (PL) palestrou ao final da oficina, refor\u00e7ando projetos e parcerias nas \u00e1reas de educa\u00e7\u00e3o, sa\u00fade, infraestrutura e gera\u00e7\u00e3o de emprego, pensando no futuro do RN. \u201cParabenizo o nosso senador Rog\u00e9rio Marinho, presidente do nosso Partido Liberal, pela iniciativa e organiza\u00e7\u00e3o do Rota 22 para o desenvolvimento de um Rio Grande do Norte mais forte e pr\u00f3spero\u201d, afirmou.<\/p>\n\n\n\n<p>Realizado pelo PL, em parceria com o Instituto \u00c1lvaro Valle e sob a lideran\u00e7a do ex-presidente Jair Bolsonaro e do senador Rog\u00e9rio Marinho, o Rota 22 promove oficinas e semin\u00e1rios em todas as regi\u00f5es do Rio Grande do Norte com o objetivo de identificar demandas locais e fortalecer o compromisso do partido com a melhoria da qualidade de vida dos brasileiros.<\/p>\n\n\n\n<p>Fique conectado com o Rota 22 \u2014 Acesse o site https:\/\/plrota22.com.br e confira quando o Rota 22 estar\u00e1 em cada regi\u00e3o do Estado. Voc\u00ea tamb\u00e9m pode acompanhar mais informa\u00e7\u00f5es nas redes sociais pelos perfis @pl22rn e @plnacional22. Participe tamb\u00e9m do canal de WhatsApp do Rota 22 no Rio Grande do Norte: https:\/\/canal.plrota22.com.br\/.<\/p>\n\n\n\n<p>As oficinas s\u00e3o realizadas em cidades-sede estrategicamente escolhidas, com dura\u00e7\u00e3o de 3h30min cada, contemplando de dois a tr\u00eas encontros por regi\u00e3o. Essas atividades s\u00e3o direcionadas a lideran\u00e7as locais, representantes de setores produtivos e gestores p\u00fablicos. Durante as oficinas, s\u00e3o abordados temas como os valores partid\u00e1rios do PL e solu\u00e7\u00f5es para as necessidades espec\u00edficas de cada regi\u00e3o, garantindo uma abordagem pr\u00e1tica e conectada \u00e0 realidade dos munic\u00edpios.<\/p>\n\n\n\n<p>Ao final da etapa de oficinas, cada regi\u00e3o recebe um grande semin\u00e1rio aberto \u00e0 popula\u00e7\u00e3o, mediante inscri\u00e7\u00e3o pr\u00e9via, com a participa\u00e7\u00e3o de lideran\u00e7as nacionais do partido. O evento tem como objetivo consolidar as informa\u00e7\u00f5es discutidas nas oficinas e promover debates sobre desafios e oportunidades regionais. Dessa forma, a agenda do Rota 22 se configura como um espa\u00e7o de intera\u00e7\u00e3o direta entre o partido e os cidad\u00e3os, permitindo um debate qualificado sobre as pol\u00edticas p\u00fablicas que nortear\u00e3o o futuro do Rio Grande do Norte e do Brasil.<\/p>\n","protected":false},"excerpt":{"rendered":"<p>O projeto Rota 22 d\u00e1 mais um passo importante para aproximar o Partido Liberal (PL) da popula\u00e7\u00e3o potiguar, com uma agenda estruturada de eventos na regi\u00e3o Central do estado. A programa\u00e7\u00e3o inclui oficinas em Ipangua\u00e7u, nesta segunda-feira (28), e em Angicos, no dia 29, al\u00e9m de um semin\u00e1rio em Assu, no dia 9 de maio. [&hellip;]<\/p>\n","protected":false},"author":1,"featured_media":0,"comment_status":"open","ping_status":"open","sticky":false,"template":"","format":"standard","meta":{"cybocfi_hide_featured_image":"","_jetpack_memberships_contains_paid_content":false,"footnotes":""},"categories":[1],"tags":[],"class_list":["post-5148","post","type-post","status-publish","format-standard","hentry","category-diversos"],"yoast_head":"<!-- This site is optimized with the Yoast SEO plugin v25.6 - https:\/\/yoast.com\/wordpress\/plugins\/seo\/ -->\n<title>Rota 22 inicia agenda de atividades na regi\u00e3o Central do Estado por Ipangua\u00e7u - Blog do Bispo<\/title>\n<meta name=\"robots\" content=\"index, follow, max-snippet:-1, max-image-preview:large, max-video-preview:-1\" \/>\n<link rel=\"canonical\" href=\"https:\/\/blogdobispo.com.br\/?p=5148\" \/>\n<meta property=\"og:locale\" content=\"pt_BR\" \/>\n<meta property=\"og:type\" content=\"article\" \/>\n<meta property=\"og:title\" content=\"Rota 22 inicia agenda de atividades na regi\u00e3o Central do Estado por Ipangua\u00e7u - Blog do Bispo\" \/>\n<meta property=\"og:description\" content=\"O projeto Rota 22 d\u00e1 mais um passo importante para aproximar o Partido Liberal (PL) da popula\u00e7\u00e3o potiguar, com uma agenda estruturada de eventos na regi\u00e3o Central do estado. A programa\u00e7\u00e3o inclui oficinas em Ipangua\u00e7u, nesta segunda-feira (28), e em Angicos, no dia 29, al\u00e9m de um semin\u00e1rio em Assu, no dia 9 de maio. [&hellip;]\" \/>\n<meta property=\"og:url\" content=\"https:\/\/blogdobispo.com.br\/?p=5148\" \/>\n<meta property=\"og:site_name\" content=\"Blog do Bispo\" \/>\n<meta property=\"article:published_time\" content=\"2025-04-28T19:10:16+00:00\" \/>\n<meta property=\"og:image\" content=\"https:\/\/blogdobispo.com.br\/wp-content\/uploads\/2025\/04\/48bec3cc-c203-49bb-84e4-b1c39759439f-1-1024x768.jpg\" \/>\n<meta name=\"author\" content=\"Jefferson Sterfeno\" \/>\n<meta name=\"twitter:card\" content=\"summary_large_image\" \/>\n<meta name=\"twitter:label1\" content=\"Escrito por\" \/>\n\t<meta name=\"twitter:data1\" content=\"Jefferson Sterfeno\" \/>\n\t<meta name=\"twitter:label2\" content=\"Est. tempo de leitura\" \/>\n\t<meta name=\"twitter:data2\" content=\"3 minutos\" \/>\n<script type=\"application\/ld+json\" class=\"yoast-schema-graph\">{\"@context\":\"https:\/\/schema.org\",\"@graph\":[{\"@type\":\"Article\",\"@id\":\"https:\/\/blogdobispo.com.br\/?p=5148#article\",\"isPartOf\":{\"@id\":\"https:\/\/blogdobispo.com.br\/?p=5148\"},\"author\":{\"name\":\"Jefferson Sterfeno\",\"@id\":\"https:\/\/blogdobispo.com.br\/#\/schema\/person\/e2209cc0e6cea5c5233d033e997b373f\"},\"headline\":\"Rota 22 inicia agenda de atividades na regi\u00e3o Central do Estado por Ipangua\u00e7u\",\"datePublished\":\"2025-04-28T19:10:16+00:00\",\"mainEntityOfPage\":{\"@id\":\"https:\/\/blogdobispo.com.br\/?p=5148\"},\"wordCount\":586,\"commentCount\":0,\"publisher\":{\"@id\":\"https:\/\/blogdobispo.com.br\/#organization\"},\"image\":{\"@id\":\"https:\/\/blogdobispo.com.br\/?p=5148#primaryimage\"},\"thumbnailUrl\":\"https:\/\/blogdobispo.com.br\/wp-content\/uploads\/2025\/04\/48bec3cc-c203-49bb-84e4-b1c39759439f-1-1024x768.jpg\",\"articleSection\":[\"diversos\"],\"inLanguage\":\"pt-BR\",\"potentialAction\":[{\"@type\":\"CommentAction\",\"name\":\"Comment\",\"target\":[\"https:\/\/blogdobispo.com.br\/?p=5148#respond\"]}]},{\"@type\":\"WebPage\",\"@id\":\"https:\/\/blogdobispo.com.br\/?p=5148\",\"url\":\"https:\/\/blogdobispo.com.br\/?p=5148\",\"name\":\"Rota 22 inicia agenda de atividades na regi\u00e3o Central do Estado por Ipangua\u00e7u - Blog do Bispo\",\"isPartOf\":{\"@id\":\"https:\/\/blogdobispo.com.br\/#website\"},\"primaryImageOfPage\":{\"@id\":\"https:\/\/blogdobispo.com.br\/?p=5148#primaryimage\"},\"image\":{\"@id\":\"https:\/\/blogdobispo.com.br\/?p=5148#primaryimage\"},\"thumbnailUrl\":\"https:\/\/blogdobispo.com.br\/wp-content\/uploads\/2025\/04\/48bec3cc-c203-49bb-84e4-b1c39759439f-1-1024x768.jpg\",\"datePublished\":\"2025-04-28T19:10:16+00:00\",\"breadcrumb\":{\"@id\":\"https:\/\/blogdobispo.com.br\/?p=5148#breadcrumb\"},\"inLanguage\":\"pt-BR\",\"potentialAction\":[{\"@type\":\"ReadAction\",\"target\":[\"https:\/\/blogdobispo.com.br\/?p=5148\"]}]},{\"@type\":\"ImageObject\",\"inLanguage\":\"pt-BR\",\"@id\":\"https:\/\/blogdobispo.com.br\/?p=5148#primaryimage\",\"url\":\"https:\/\/blogdobispo.com.br\/wp-content\/uploads\/2025\/04\/48bec3cc-c203-49bb-84e4-b1c39759439f-1-1024x768.jpg\",\"contentUrl\":\"https:\/\/blogdobispo.com.br\/wp-content\/uploads\/2025\/04\/48bec3cc-c203-49bb-84e4-b1c39759439f-1-1024x768.jpg\"},{\"@type\":\"BreadcrumbList\",\"@id\":\"https:\/\/blogdobispo.com.br\/?p=5148#breadcrumb\",\"itemListElement\":[{\"@type\":\"ListItem\",\"position\":1,\"name\":\"In\u00edcio\",\"item\":\"https:\/\/blogdobispo.com.br\/\"},{\"@type\":\"ListItem\",\"position\":2,\"name\":\"Rota 22 inicia agenda de atividades na regi\u00e3o Central do Estado por Ipangua\u00e7u\"}]},{\"@type\":\"WebSite\",\"@id\":\"https:\/\/blogdobispo.com.br\/#website\",\"url\":\"https:\/\/blogdobispo.com.br\/\",\"name\":\"Blog do Bispo\",\"description\":\"Comprometido apenas com o leitor\",\"publisher\":{\"@id\":\"https:\/\/blogdobispo.com.br\/#organization\"},\"potentialAction\":[{\"@type\":\"SearchAction\",\"target\":{\"@type\":\"EntryPoint\",\"urlTemplate\":\"https:\/\/blogdobispo.com.br\/?s={search_term_string}\"},\"query-input\":{\"@type\":\"PropertyValueSpecification\",\"valueRequired\":true,\"valueName\":\"search_term_string\"}}],\"inLanguage\":\"pt-BR\"},{\"@type\":\"Organization\",\"@id\":\"https:\/\/blogdobispo.com.br\/#organization\",\"name\":\"Blog do Bispo\",\"url\":\"https:\/\/blogdobispo.com.br\/\",\"logo\":{\"@type\":\"ImageObject\",\"inLanguage\":\"pt-BR\",\"@id\":\"https:\/\/blogdobispo.com.br\/#\/schema\/logo\/image\/\",\"url\":\"http:\/\/blogdobispo.com.br\/wp-content\/uploads\/2023\/05\/cropped-headear.png\",\"contentUrl\":\"http:\/\/blogdobispo.com.br\/wp-content\/uploads\/2023\/05\/cropped-headear.png\",\"width\":1500,\"height\":399,\"caption\":\"Blog do Bispo\"},\"image\":{\"@id\":\"https:\/\/blogdobispo.com.br\/#\/schema\/logo\/image\/\"}},{\"@type\":\"Person\",\"@id\":\"https:\/\/blogdobispo.com.br\/#\/schema\/person\/e2209cc0e6cea5c5233d033e997b373f\",\"name\":\"Jefferson Sterfeno\",\"image\":{\"@type\":\"ImageObject\",\"inLanguage\":\"pt-BR\",\"@id\":\"https:\/\/blogdobispo.com.br\/#\/schema\/person\/image\/\",\"url\":\"https:\/\/secure.gravatar.com\/avatar\/0534e84764641168a677026b6d57a3f51dc7ac4db0b4f6186d9cb330d4ee1160?s=96&d=mm&r=g\",\"contentUrl\":\"https:\/\/secure.gravatar.com\/avatar\/0534e84764641168a677026b6d57a3f51dc7ac4db0b4f6186d9cb330d4ee1160?s=96&d=mm&r=g\",\"caption\":\"Jefferson Sterfeno\"},\"sameAs\":[\"http:\/\/blogdobispo.com.br\"],\"url\":\"https:\/\/blogdobispo.com.br\/?author=1\"}]}<\/script>\n<!-- \/ Yoast SEO plugin. -->","yoast_head_json":{"title":"Rota 22 inicia agenda de atividades na regi\u00e3o Central do Estado por Ipangua\u00e7u - Blog do Bispo","robots":{"index":"index","follow":"follow","max-snippet":"max-snippet:-1","max-image-preview":"max-image-preview:large","max-video-preview":"max-video-preview:-1"},"canonical":"https:\/\/blogdobispo.com.br\/?p=5148","og_locale":"pt_BR","og_type":"article","og_title":"Rota 22 inicia agenda de atividades na regi\u00e3o Central do Estado por Ipangua\u00e7u - Blog do Bispo","og_description":"O projeto Rota 22 d\u00e1 mais um passo importante para aproximar o Partido Liberal (PL) da popula\u00e7\u00e3o potiguar, com uma agenda estruturada de eventos na regi\u00e3o Central do estado. A programa\u00e7\u00e3o inclui oficinas em Ipangua\u00e7u, nesta segunda-feira (28), e em Angicos, no dia 29, al\u00e9m de um semin\u00e1rio em Assu, no dia 9 de maio. [&hellip;]","og_url":"https:\/\/blogdobispo.com.br\/?p=5148","og_site_name":"Blog do Bispo","article_published_time":"2025-04-28T19:10:16+00:00","og_image":[{"url":"https:\/\/blogdobispo.com.br\/wp-content\/uploads\/2025\/04\/48bec3cc-c203-49bb-84e4-b1c39759439f-1-1024x768.jpg","type":"","width":"","height":""}],"author":"Jefferson Sterfeno","twitter_card":"summary_large_image","twitter_misc":{"Escrito por":"Jefferson Sterfeno","Est. tempo de leitura":"3 minutos"},"schema":{"@context":"https:\/\/schema.org","@graph":[{"@type":"Article","@id":"https:\/\/blogdobispo.com.br\/?p=5148#article","isPartOf":{"@id":"https:\/\/blogdobispo.com.br\/?p=5148"},"author":{"name":"Jefferson Sterfeno","@id":"https:\/\/blogdobispo.com.br\/#\/schema\/person\/e2209cc0e6cea5c5233d033e997b373f"},"headline":"Rota 22 inicia agenda de atividades na regi\u00e3o Central do Estado por Ipangua\u00e7u","datePublished":"2025-04-28T19:10:16+00:00","mainEntityOfPage":{"@id":"https:\/\/blogdobispo.com.br\/?p=5148"},"wordCount":586,"commentCount":0,"publisher":{"@id":"https:\/\/blogdobispo.com.br\/#organization"},"image":{"@id":"https:\/\/blogdobispo.com.br\/?p=5148#primaryimage"},"thumbnailUrl":"https:\/\/blogdobispo.com.br\/wp-content\/uploads\/2025\/04\/48bec3cc-c203-49bb-84e4-b1c39759439f-1-1024x768.jpg","articleSection":["diversos"],"inLanguage":"pt-BR","potentialAction":[{"@type":"CommentAction","name":"Comment","target":["https:\/\/blogdobispo.com.br\/?p=5148#respond"]}]},{"@type":"WebPage","@id":"https:\/\/blogdobispo.com.br\/?p=5148","url":"https:\/\/blogdobispo.com.br\/?p=5148","name":"Rota 22 inicia agenda de atividades na regi\u00e3o Central do Estado por Ipangua\u00e7u - Blog do Bispo","isPartOf":{"@id":"https:\/\/blogdobispo.com.br\/#website"},"primaryImageOfPage":{"@id":"https:\/\/blogdobispo.com.br\/?p=5148#primaryimage"},"image":{"@id":"https:\/\/blogdobispo.com.br\/?p=5148#primaryimage"},"thumbnailUrl":"https:\/\/blogdobispo.com.br\/wp-content\/uploads\/2025\/04\/48bec3cc-c203-49bb-84e4-b1c39759439f-1-1024x768.jpg","datePublished":"2025-04-28T19:10:16+00:00","breadcrumb":{"@id":"https:\/\/blogdobispo.com.br\/?p=5148#breadcrumb"},"inLanguage":"pt-BR","potentialAction":[{"@type":"ReadAction","target":["https:\/\/blogdobispo.com.br\/?p=5148"]}]},{"@type":"ImageObject","inLanguage":"pt-BR","@id":"https:\/\/blogdobispo.com.br\/?p=5148#primaryimage","url":"https:\/\/blogdobispo.com.br\/wp-content\/uploads\/2025\/04\/48bec3cc-c203-49bb-84e4-b1c39759439f-1-1024x768.jpg","contentUrl":"https:\/\/blogdobispo.com.br\/wp-content\/uploads\/2025\/04\/48bec3cc-c203-49bb-84e4-b1c39759439f-1-1024x768.jpg"},{"@type":"BreadcrumbList","@id":"https:\/\/blogdobispo.com.br\/?p=5148#breadcrumb","itemListElement":[{"@type":"ListItem","position":1,"name":"In\u00edcio","item":"https:\/\/blogdobispo.com.br\/"},{"@type":"ListItem","position":2,"name":"Rota 22 inicia agenda de atividades na regi\u00e3o Central do Estado por Ipangua\u00e7u"}]},{"@type":"WebSite","@id":"https:\/\/blogdobispo.com.br\/#website","url":"https:\/\/blogdobispo.com.br\/","name":"Blog do Bispo","description":"Comprometido apenas com o leitor","publisher":{"@id":"https:\/\/blogdobispo.com.br\/#organization"},"potentialAction":[{"@type":"SearchAction","target":{"@type":"EntryPoint","urlTemplate":"https:\/\/blogdobispo.com.br\/?s={search_term_string}"},"query-input":{"@type":"PropertyValueSpecification","valueRequired":true,"valueName":"search_term_string"}}],"inLanguage":"pt-BR"},{"@type":"Organization","@id":"https:\/\/blogdobispo.com.br\/#organization","name":"Blog do Bispo","url":"https:\/\/blogdobispo.com.br\/","logo":{"@type":"ImageObject","inLanguage":"pt-BR","@id":"https:\/\/blogdobispo.com.br\/#\/schema\/logo\/image\/","url":"http:\/\/blogdobispo.com.br\/wp-content\/uploads\/2023\/05\/cropped-headear.png","contentUrl":"http:\/\/blogdobispo.com.br\/wp-content\/uploads\/2023\/05\/cropped-headear.png","width":1500,"height":399,"caption":"Blog do Bispo"},"image":{"@id":"https:\/\/blogdobispo.com.br\/#\/schema\/logo\/image\/"}},{"@type":"Person","@id":"https:\/\/blogdobispo.com.br\/#\/schema\/person\/e2209cc0e6cea5c5233d033e997b373f","name":"Jefferson Sterfeno","image":{"@type":"ImageObject","inLanguage":"pt-BR","@id":"https:\/\/blogdobispo.com.br\/#\/schema\/person\/image\/","url":"https:\/\/secure.gravatar.com\/avatar\/0534e84764641168a677026b6d57a3f51dc7ac4db0b4f6186d9cb330d4ee1160?s=96&d=mm&r=g","contentUrl":"https:\/\/secure.gravatar.com\/avatar\/0534e84764641168a677026b6d57a3f51dc7ac4db0b4f6186d9cb330d4ee1160?s=96&d=mm&r=g","caption":"Jefferson Sterfeno"},"sameAs":["http:\/\/blogdobispo.com.br"],"url":"https:\/\/blogdobispo.com.br\/?author=1"}]}},"featured_image_urls":{"full":"","thumbnail":"","medium":"","medium_large":"","large":"","1536x1536":"","2048x2048":""},"author_info":{"display_name":"Jefferson Sterfeno","author_link":"https:\/\/blogdobispo.com.br\/?author=1"},"category_info":"<a href=\"https:\/\/blogdobispo.com.br\/?cat=1\" rel=\"category\">diversos<\/a>","tag_info":"diversos","comment_count":"0","jetpack_featured_media_url":"","jetpack_sharing_enabled":true,"_links":{"self":[{"href":"https:\/\/blogdobispo.com.br\/index.php?rest_route=\/wp\/v2\/posts\/5148","targetHints":{"allow":["GET"]}}],"collection":[{"href":"https:\/\/blogdobispo.com.br\/index.php?rest_route=\/wp\/v2\/posts"}],"about":[{"href":"https:\/\/blogdobispo.com.br\/index.php?rest_route=\/wp\/v2\/types\/post"}],"author":[{"embeddable":true,"href":"https:\/\/blogdobispo.com.br\/index.php?rest_route=\/wp\/v2\/users\/1"}],"replies":[{"embeddable":true,"href":"https:\/\/blogdobispo.com.br\/index.php?rest_route=%2Fwp%2Fv2%2Fcomments&post=5148"}],"version-history":[{"count":0,"href":"https:\/\/blogdobispo.com.br\/index.php?rest_route=\/wp\/v2\/posts\/5148\/revisions"}],"wp:attachment":[{"href":"https:\/\/blogdobispo.com.br\/index.php?rest_route=%2Fwp%2Fv2%2Fmedia&parent=5148"}],"wp:term":[{"taxonomy":"category","embeddable":true,"href":"https:\/\/blogdobispo.com.br\/index.php?rest_route=%2Fwp%2Fv2%2Fcategories&post=5148"},{"taxonomy":"post_tag","embeddable":true,"href":"https:\/\/blogdobispo.com.br\/index.php?rest_route=%2Fwp%2Fv2%2Ftags&post=5148"}],"curies":[{"name":"wp","href":"https:\/\/api.w.org\/{rel}","templated":true}]}}