{"id":5146,"date":"2025-04-28T15:56:29","date_gmt":"2025-04-28T15:56:29","guid":{"rendered":"https:\/\/blogdobispo.com.br\/?p=5146"},"modified":"2025-04-28T15:56:29","modified_gmt":"2025-04-28T15:56:29","slug":"audiencia-debate-unificacao-das-regras-das-zonas-de-protecao-ambiental-em-natal","status":"publish","type":"post","link":"https:\/\/blogdobispo.com.br\/?p=5146","title":{"rendered":"Audi\u00eancia debate unifica\u00e7\u00e3o das regras das Zonas de Prote\u00e7\u00e3o Ambiental em Natal"},"content":{"rendered":"\n<p><\/p>\n\n\n\n<p><em>Vereador Kleber Fernandes (Republicanos), atual membro da Comiss\u00e3o de Planejamento Urbano, refor\u00e7a import\u00e2ncia de uma legisla\u00e7\u00e3o clara, equilibrada e em sintonia com o Novo Plano Diretor da cidade.<\/em><\/p>\n\n\n\n<p>Dando continuidade ao processo de regulamenta\u00e7\u00e3o do Novo Plano Diretor de Natal, a C\u00e2mara Municipal realizou mais uma audi\u00eancia p\u00fablica de grande relev\u00e2ncia para o futuro urbano e ambiental da cidade. A pauta, desta vez, foi a unifica\u00e7\u00e3o das prescri\u00e7\u00f5es urban\u00edsticas e ambientais das Zonas de Prote\u00e7\u00e3o Ambiental (ZPAs), com o objetivo de tornar a legisla\u00e7\u00e3o mais clara, funcional e alinhada com as diretrizes do desenvolvimento sustent\u00e1vel. O debate ocorreu dentro da Comiss\u00e3o de Legisla\u00e7\u00e3o, Justi\u00e7a e Reda\u00e7\u00e3o Final, no plen\u00e1rio da Casa Legislativa, nesta segunda-feira (28).<\/p>\n\n\n\n<p>A audi\u00eancia contou com a participa\u00e7\u00e3o do vereador Kleber Fernandes (Republicanos), atual membro da Comiss\u00e3o de Planejamento Urbano, Meio Ambiente e Habita\u00e7\u00e3o, que tem se destacado como lideran\u00e7a t\u00e9cnica e articuladora no processo de moderniza\u00e7\u00e3o do ordenamento urbano da capital. O parlamentar tamb\u00e9m foi relator da Lei Complementar n\u00ba 208\/2022, que deu origem ao Novo Plano Diretor, e relatou projetos fundamentais como parte da regulamenta\u00e7\u00e3o das \u00c1reas Especiais de Interesse Tur\u00edstico e Paisag\u00edstico (AEITPs), especificamente da \u00e1rea que compreende a Via Costeira, na capital, quando foi o presidente desta Comiss\u00e3o citada, no ano passado.<\/p>\n\n\n\n<p>\u201cEsse processo de regulamenta\u00e7\u00e3o exige continuidade, escuta da sociedade e vis\u00e3o t\u00e9cnica. Estamos tratando agora das Zonas de Prote\u00e7\u00e3o, que s\u00e3o \u00e1reas sens\u00edveis do ponto de vista ambiental e fundamentais para o equil\u00edbrio entre o crescimento urbano e a preserva\u00e7\u00e3o dos nossos recursos naturais\u201d, destacou o Kleber durante a audi\u00eancia desta segunda-feira.<\/p>\n\n\n\n<p>O debate reuniu t\u00e9cnicos da Prefeitura do Natal, representantes do setor produtivo, ambientalistas, arquitetos e engenheiros, universidades, como UFRN e Uern, al\u00e9m da Federa\u00e7\u00e3o do Com\u00e9rcio de Bens, Servi\u00e7os e Turismo do RN (Fecom\u00e9rcio), da Companhia de \u00c1guas e Esgotos do RN (Caern), do Sindicato da Ind\u00fastria da Constru\u00e7\u00e3o Civil (Sindiscon), do Conselho Regional de Corretores de Im\u00f3veis RN (Creci) e de movimentos sociais. A proposta apresentada visa uniformizar crit\u00e9rios de uso e ocupa\u00e7\u00e3o do solo, respeitando os limites e caracter\u00edsticas de cada Zona de Prote\u00e7\u00e3o, como ZPAs (Zonas de Prote\u00e7\u00e3o Ambiental), ZPCs (Zonas de Prote\u00e7\u00e3o Costeira), entre outras.<\/p>\n\n\n\n<p>Para Kleber, o momento \u00e9 estrat\u00e9gico para Natal. \u201cEstamos construindo uma cidade com base no di\u00e1logo e na responsabilidade. A regulamenta\u00e7\u00e3o das Zonas de Prote\u00e7\u00e3o \u00e9 mais uma etapa desse compromisso com o planejamento urbano eficiente, sustent\u00e1vel e transparente. E seguiremos ouvindo todos os setores para chegar a um texto equilibrado e aplic\u00e1vel.\u201d<\/p>\n\n\n\n<p>O relat\u00f3rio da audi\u00eancia agora ser\u00e1 sistematizado e poder\u00e1 subsidiar ajustes no texto final da regulamenta\u00e7\u00e3o, que ser\u00e1 submetido \u00e0 aprecia\u00e7\u00e3o da C\u00e2mara nos pr\u00f3ximos meses.<\/p>\n\n\n\n<figure class=\"wp-block-image size-large\"><img data-recalc-dims=\"1\" fetchpriority=\"high\" decoding=\"async\" width=\"800\" height=\"570\" src=\"https:\/\/i0.wp.com\/blogdobispo.com.br\/wp-content\/uploads\/2025\/04\/f220601d-a654-4b1c-a5a7-1a46d802f445-1-1024x730.jpg?resize=800%2C570&#038;ssl=1\" class=\"wp-image-5145\" srcset=\"https:\/\/i0.wp.com\/blogdobispo.com.br\/wp-content\/uploads\/2025\/04\/f220601d-a654-4b1c-a5a7-1a46d802f445-1.jpg?resize=1024%2C730&amp;ssl=1 1024w, https:\/\/i0.wp.com\/blogdobispo.com.br\/wp-content\/uploads\/2025\/04\/f220601d-a654-4b1c-a5a7-1a46d802f445-1.jpg?resize=300%2C214&amp;ssl=1 300w, https:\/\/i0.wp.com\/blogdobispo.com.br\/wp-content\/uploads\/2025\/04\/f220601d-a654-4b1c-a5a7-1a46d802f445-1.jpg?resize=768%2C548&amp;ssl=1 768w, https:\/\/i0.wp.com\/blogdobispo.com.br\/wp-content\/uploads\/2025\/04\/f220601d-a654-4b1c-a5a7-1a46d802f445-1.jpg?resize=1536%2C1095&amp;ssl=1 1536w, https:\/\/i0.wp.com\/blogdobispo.com.br\/wp-content\/uploads\/2025\/04\/f220601d-a654-4b1c-a5a7-1a46d802f445-1.jpg?w=1600&amp;ssl=1 1600w\" sizes=\"(max-width: 800px) 100vw, 800px\" \/><\/figure>\n","protected":false},"excerpt":{"rendered":"<p>Vereador Kleber Fernandes (Republicanos), atual membro da Comiss\u00e3o de Planejamento Urbano, refor\u00e7a import\u00e2ncia de uma legisla\u00e7\u00e3o clara, equilibrada e em sintonia com o Novo Plano Diretor da cidade. Dando continuidade ao processo de regulamenta\u00e7\u00e3o do Novo Plano Diretor de Natal, a C\u00e2mara Municipal realizou mais uma audi\u00eancia p\u00fablica de grande relev\u00e2ncia para o futuro urbano [&hellip;]<\/p>\n","protected":false},"author":1,"featured_media":0,"comment_status":"open","ping_status":"open","sticky":false,"template":"","format":"standard","meta":{"cybocfi_hide_featured_image":"","_jetpack_memberships_contains_paid_content":false,"footnotes":""},"categories":[1],"tags":[],"class_list":["post-5146","post","type-post","status-publish","format-standard","hentry","category-diversos"],"yoast_head":"<!-- This site is optimized with the Yoast SEO plugin v25.6 - https:\/\/yoast.com\/wordpress\/plugins\/seo\/ -->\n<title>Audi\u00eancia debate unifica\u00e7\u00e3o das regras das Zonas de Prote\u00e7\u00e3o Ambiental em Natal - Blog do Bispo<\/title>\n<meta name=\"robots\" content=\"index, follow, max-snippet:-1, max-image-preview:large, max-video-preview:-1\" \/>\n<link rel=\"canonical\" href=\"https:\/\/blogdobispo.com.br\/?p=5146\" \/>\n<meta property=\"og:locale\" content=\"pt_BR\" \/>\n<meta property=\"og:type\" content=\"article\" \/>\n<meta property=\"og:title\" content=\"Audi\u00eancia debate unifica\u00e7\u00e3o das regras das Zonas de Prote\u00e7\u00e3o Ambiental em Natal - Blog do Bispo\" \/>\n<meta property=\"og:description\" content=\"Vereador Kleber Fernandes (Republicanos), atual membro da Comiss\u00e3o de Planejamento Urbano, refor\u00e7a import\u00e2ncia de uma legisla\u00e7\u00e3o clara, equilibrada e em sintonia com o Novo Plano Diretor da cidade. Dando continuidade ao processo de regulamenta\u00e7\u00e3o do Novo Plano Diretor de Natal, a C\u00e2mara Municipal realizou mais uma audi\u00eancia p\u00fablica de grande relev\u00e2ncia para o futuro urbano [&hellip;]\" \/>\n<meta property=\"og:url\" content=\"https:\/\/blogdobispo.com.br\/?p=5146\" \/>\n<meta property=\"og:site_name\" content=\"Blog do Bispo\" \/>\n<meta property=\"article:published_time\" content=\"2025-04-28T15:56:29+00:00\" \/>\n<meta property=\"og:image\" content=\"https:\/\/blogdobispo.com.br\/wp-content\/uploads\/2025\/04\/f220601d-a654-4b1c-a5a7-1a46d802f445-1-1024x730.jpg\" \/>\n<meta name=\"author\" content=\"Jefferson Sterfeno\" \/>\n<meta name=\"twitter:card\" content=\"summary_large_image\" \/>\n<meta name=\"twitter:label1\" content=\"Escrito por\" \/>\n\t<meta name=\"twitter:data1\" content=\"Jefferson Sterfeno\" \/>\n\t<meta name=\"twitter:label2\" content=\"Est. tempo de leitura\" \/>\n\t<meta name=\"twitter:data2\" content=\"3 minutos\" \/>\n<script type=\"application\/ld+json\" class=\"yoast-schema-graph\">{\"@context\":\"https:\/\/schema.org\",\"@graph\":[{\"@type\":\"Article\",\"@id\":\"https:\/\/blogdobispo.com.br\/?p=5146#article\",\"isPartOf\":{\"@id\":\"https:\/\/blogdobispo.com.br\/?p=5146\"},\"author\":{\"name\":\"Jefferson Sterfeno\",\"@id\":\"https:\/\/blogdobispo.com.br\/#\/schema\/person\/e2209cc0e6cea5c5233d033e997b373f\"},\"headline\":\"Audi\u00eancia debate unifica\u00e7\u00e3o das regras das Zonas de Prote\u00e7\u00e3o Ambiental em Natal\",\"datePublished\":\"2025-04-28T15:56:29+00:00\",\"mainEntityOfPage\":{\"@id\":\"https:\/\/blogdobispo.com.br\/?p=5146\"},\"wordCount\":517,\"commentCount\":0,\"publisher\":{\"@id\":\"https:\/\/blogdobispo.com.br\/#organization\"},\"image\":{\"@id\":\"https:\/\/blogdobispo.com.br\/?p=5146#primaryimage\"},\"thumbnailUrl\":\"https:\/\/blogdobispo.com.br\/wp-content\/uploads\/2025\/04\/f220601d-a654-4b1c-a5a7-1a46d802f445-1-1024x730.jpg\",\"articleSection\":[\"diversos\"],\"inLanguage\":\"pt-BR\",\"potentialAction\":[{\"@type\":\"CommentAction\",\"name\":\"Comment\",\"target\":[\"https:\/\/blogdobispo.com.br\/?p=5146#respond\"]}]},{\"@type\":\"WebPage\",\"@id\":\"https:\/\/blogdobispo.com.br\/?p=5146\",\"url\":\"https:\/\/blogdobispo.com.br\/?p=5146\",\"name\":\"Audi\u00eancia debate unifica\u00e7\u00e3o das regras das Zonas de Prote\u00e7\u00e3o Ambiental em Natal - Blog do Bispo\",\"isPartOf\":{\"@id\":\"https:\/\/blogdobispo.com.br\/#website\"},\"primaryImageOfPage\":{\"@id\":\"https:\/\/blogdobispo.com.br\/?p=5146#primaryimage\"},\"image\":{\"@id\":\"https:\/\/blogdobispo.com.br\/?p=5146#primaryimage\"},\"thumbnailUrl\":\"https:\/\/blogdobispo.com.br\/wp-content\/uploads\/2025\/04\/f220601d-a654-4b1c-a5a7-1a46d802f445-1-1024x730.jpg\",\"datePublished\":\"2025-04-28T15:56:29+00:00\",\"breadcrumb\":{\"@id\":\"https:\/\/blogdobispo.com.br\/?p=5146#breadcrumb\"},\"inLanguage\":\"pt-BR\",\"potentialAction\":[{\"@type\":\"ReadAction\",\"target\":[\"https:\/\/blogdobispo.com.br\/?p=5146\"]}]},{\"@type\":\"ImageObject\",\"inLanguage\":\"pt-BR\",\"@id\":\"https:\/\/blogdobispo.com.br\/?p=5146#primaryimage\",\"url\":\"https:\/\/blogdobispo.com.br\/wp-content\/uploads\/2025\/04\/f220601d-a654-4b1c-a5a7-1a46d802f445-1-1024x730.jpg\",\"contentUrl\":\"https:\/\/blogdobispo.com.br\/wp-content\/uploads\/2025\/04\/f220601d-a654-4b1c-a5a7-1a46d802f445-1-1024x730.jpg\"},{\"@type\":\"BreadcrumbList\",\"@id\":\"https:\/\/blogdobispo.com.br\/?p=5146#breadcrumb\",\"itemListElement\":[{\"@type\":\"ListItem\",\"position\":1,\"name\":\"In\u00edcio\",\"item\":\"https:\/\/blogdobispo.com.br\/\"},{\"@type\":\"ListItem\",\"position\":2,\"name\":\"Audi\u00eancia debate unifica\u00e7\u00e3o das regras das Zonas de Prote\u00e7\u00e3o Ambiental em Natal\"}]},{\"@type\":\"WebSite\",\"@id\":\"https:\/\/blogdobispo.com.br\/#website\",\"url\":\"https:\/\/blogdobispo.com.br\/\",\"name\":\"Blog do Bispo\",\"description\":\"Comprometido apenas com o leitor\",\"publisher\":{\"@id\":\"https:\/\/blogdobispo.com.br\/#organization\"},\"potentialAction\":[{\"@type\":\"SearchAction\",\"target\":{\"@type\":\"EntryPoint\",\"urlTemplate\":\"https:\/\/blogdobispo.com.br\/?s={search_term_string}\"},\"query-input\":{\"@type\":\"PropertyValueSpecification\",\"valueRequired\":true,\"valueName\":\"search_term_string\"}}],\"inLanguage\":\"pt-BR\"},{\"@type\":\"Organization\",\"@id\":\"https:\/\/blogdobispo.com.br\/#organization\",\"name\":\"Blog do Bispo\",\"url\":\"https:\/\/blogdobispo.com.br\/\",\"logo\":{\"@type\":\"ImageObject\",\"inLanguage\":\"pt-BR\",\"@id\":\"https:\/\/blogdobispo.com.br\/#\/schema\/logo\/image\/\",\"url\":\"http:\/\/blogdobispo.com.br\/wp-content\/uploads\/2023\/05\/cropped-headear.png\",\"contentUrl\":\"http:\/\/blogdobispo.com.br\/wp-content\/uploads\/2023\/05\/cropped-headear.png\",\"width\":1500,\"height\":399,\"caption\":\"Blog do Bispo\"},\"image\":{\"@id\":\"https:\/\/blogdobispo.com.br\/#\/schema\/logo\/image\/\"}},{\"@type\":\"Person\",\"@id\":\"https:\/\/blogdobispo.com.br\/#\/schema\/person\/e2209cc0e6cea5c5233d033e997b373f\",\"name\":\"Jefferson Sterfeno\",\"image\":{\"@type\":\"ImageObject\",\"inLanguage\":\"pt-BR\",\"@id\":\"https:\/\/blogdobispo.com.br\/#\/schema\/person\/image\/\",\"url\":\"https:\/\/secure.gravatar.com\/avatar\/0534e84764641168a677026b6d57a3f51dc7ac4db0b4f6186d9cb330d4ee1160?s=96&d=mm&r=g\",\"contentUrl\":\"https:\/\/secure.gravatar.com\/avatar\/0534e84764641168a677026b6d57a3f51dc7ac4db0b4f6186d9cb330d4ee1160?s=96&d=mm&r=g\",\"caption\":\"Jefferson Sterfeno\"},\"sameAs\":[\"http:\/\/blogdobispo.com.br\"],\"url\":\"https:\/\/blogdobispo.com.br\/?author=1\"}]}<\/script>\n<!-- \/ Yoast SEO plugin. -->","yoast_head_json":{"title":"Audi\u00eancia debate unifica\u00e7\u00e3o das regras das Zonas de Prote\u00e7\u00e3o Ambiental em Natal - Blog do Bispo","robots":{"index":"index","follow":"follow","max-snippet":"max-snippet:-1","max-image-preview":"max-image-preview:large","max-video-preview":"max-video-preview:-1"},"canonical":"https:\/\/blogdobispo.com.br\/?p=5146","og_locale":"pt_BR","og_type":"article","og_title":"Audi\u00eancia debate unifica\u00e7\u00e3o das regras das Zonas de Prote\u00e7\u00e3o Ambiental em Natal - Blog do Bispo","og_description":"Vereador Kleber Fernandes (Republicanos), atual membro da Comiss\u00e3o de Planejamento Urbano, refor\u00e7a import\u00e2ncia de uma legisla\u00e7\u00e3o clara, equilibrada e em sintonia com o Novo Plano Diretor da cidade. Dando continuidade ao processo de regulamenta\u00e7\u00e3o do Novo Plano Diretor de Natal, a C\u00e2mara Municipal realizou mais uma audi\u00eancia p\u00fablica de grande relev\u00e2ncia para o futuro urbano [&hellip;]","og_url":"https:\/\/blogdobispo.com.br\/?p=5146","og_site_name":"Blog do Bispo","article_published_time":"2025-04-28T15:56:29+00:00","og_image":[{"url":"https:\/\/blogdobispo.com.br\/wp-content\/uploads\/2025\/04\/f220601d-a654-4b1c-a5a7-1a46d802f445-1-1024x730.jpg","type":"","width":"","height":""}],"author":"Jefferson Sterfeno","twitter_card":"summary_large_image","twitter_misc":{"Escrito por":"Jefferson Sterfeno","Est. tempo de leitura":"3 minutos"},"schema":{"@context":"https:\/\/schema.org","@graph":[{"@type":"Article","@id":"https:\/\/blogdobispo.com.br\/?p=5146#article","isPartOf":{"@id":"https:\/\/blogdobispo.com.br\/?p=5146"},"author":{"name":"Jefferson Sterfeno","@id":"https:\/\/blogdobispo.com.br\/#\/schema\/person\/e2209cc0e6cea5c5233d033e997b373f"},"headline":"Audi\u00eancia debate unifica\u00e7\u00e3o das regras das Zonas de Prote\u00e7\u00e3o Ambiental em Natal","datePublished":"2025-04-28T15:56:29+00:00","mainEntityOfPage":{"@id":"https:\/\/blogdobispo.com.br\/?p=5146"},"wordCount":517,"commentCount":0,"publisher":{"@id":"https:\/\/blogdobispo.com.br\/#organization"},"image":{"@id":"https:\/\/blogdobispo.com.br\/?p=5146#primaryimage"},"thumbnailUrl":"https:\/\/blogdobispo.com.br\/wp-content\/uploads\/2025\/04\/f220601d-a654-4b1c-a5a7-1a46d802f445-1-1024x730.jpg","articleSection":["diversos"],"inLanguage":"pt-BR","potentialAction":[{"@type":"CommentAction","name":"Comment","target":["https:\/\/blogdobispo.com.br\/?p=5146#respond"]}]},{"@type":"WebPage","@id":"https:\/\/blogdobispo.com.br\/?p=5146","url":"https:\/\/blogdobispo.com.br\/?p=5146","name":"Audi\u00eancia debate unifica\u00e7\u00e3o das regras das Zonas de Prote\u00e7\u00e3o Ambiental em Natal - Blog do Bispo","isPartOf":{"@id":"https:\/\/blogdobispo.com.br\/#website"},"primaryImageOfPage":{"@id":"https:\/\/blogdobispo.com.br\/?p=5146#primaryimage"},"image":{"@id":"https:\/\/blogdobispo.com.br\/?p=5146#primaryimage"},"thumbnailUrl":"https:\/\/blogdobispo.com.br\/wp-content\/uploads\/2025\/04\/f220601d-a654-4b1c-a5a7-1a46d802f445-1-1024x730.jpg","datePublished":"2025-04-28T15:56:29+00:00","breadcrumb":{"@id":"https:\/\/blogdobispo.com.br\/?p=5146#breadcrumb"},"inLanguage":"pt-BR","potentialAction":[{"@type":"ReadAction","target":["https:\/\/blogdobispo.com.br\/?p=5146"]}]},{"@type":"ImageObject","inLanguage":"pt-BR","@id":"https:\/\/blogdobispo.com.br\/?p=5146#primaryimage","url":"https:\/\/blogdobispo.com.br\/wp-content\/uploads\/2025\/04\/f220601d-a654-4b1c-a5a7-1a46d802f445-1-1024x730.jpg","contentUrl":"https:\/\/blogdobispo.com.br\/wp-content\/uploads\/2025\/04\/f220601d-a654-4b1c-a5a7-1a46d802f445-1-1024x730.jpg"},{"@type":"BreadcrumbList","@id":"https:\/\/blogdobispo.com.br\/?p=5146#breadcrumb","itemListElement":[{"@type":"ListItem","position":1,"name":"In\u00edcio","item":"https:\/\/blogdobispo.com.br\/"},{"@type":"ListItem","position":2,"name":"Audi\u00eancia debate unifica\u00e7\u00e3o das regras das Zonas de Prote\u00e7\u00e3o Ambiental em Natal"}]},{"@type":"WebSite","@id":"https:\/\/blogdobispo.com.br\/#website","url":"https:\/\/blogdobispo.com.br\/","name":"Blog do Bispo","description":"Comprometido apenas com o leitor","publisher":{"@id":"https:\/\/blogdobispo.com.br\/#organization"},"potentialAction":[{"@type":"SearchAction","target":{"@type":"EntryPoint","urlTemplate":"https:\/\/blogdobispo.com.br\/?s={search_term_string}"},"query-input":{"@type":"PropertyValueSpecification","valueRequired":true,"valueName":"search_term_string"}}],"inLanguage":"pt-BR"},{"@type":"Organization","@id":"https:\/\/blogdobispo.com.br\/#organization","name":"Blog do Bispo","url":"https:\/\/blogdobispo.com.br\/","logo":{"@type":"ImageObject","inLanguage":"pt-BR","@id":"https:\/\/blogdobispo.com.br\/#\/schema\/logo\/image\/","url":"http:\/\/blogdobispo.com.br\/wp-content\/uploads\/2023\/05\/cropped-headear.png","contentUrl":"http:\/\/blogdobispo.com.br\/wp-content\/uploads\/2023\/05\/cropped-headear.png","width":1500,"height":399,"caption":"Blog do Bispo"},"image":{"@id":"https:\/\/blogdobispo.com.br\/#\/schema\/logo\/image\/"}},{"@type":"Person","@id":"https:\/\/blogdobispo.com.br\/#\/schema\/person\/e2209cc0e6cea5c5233d033e997b373f","name":"Jefferson Sterfeno","image":{"@type":"ImageObject","inLanguage":"pt-BR","@id":"https:\/\/blogdobispo.com.br\/#\/schema\/person\/image\/","url":"https:\/\/secure.gravatar.com\/avatar\/0534e84764641168a677026b6d57a3f51dc7ac4db0b4f6186d9cb330d4ee1160?s=96&d=mm&r=g","contentUrl":"https:\/\/secure.gravatar.com\/avatar\/0534e84764641168a677026b6d57a3f51dc7ac4db0b4f6186d9cb330d4ee1160?s=96&d=mm&r=g","caption":"Jefferson Sterfeno"},"sameAs":["http:\/\/blogdobispo.com.br"],"url":"https:\/\/blogdobispo.com.br\/?author=1"}]}},"featured_image_urls":{"full":"","thumbnail":"","medium":"","medium_large":"","large":"","1536x1536":"","2048x2048":""},"author_info":{"display_name":"Jefferson Sterfeno","author_link":"https:\/\/blogdobispo.com.br\/?author=1"},"category_info":"<a href=\"https:\/\/blogdobispo.com.br\/?cat=1\" rel=\"category\">diversos<\/a>","tag_info":"diversos","comment_count":"0","jetpack_featured_media_url":"","jetpack_sharing_enabled":true,"_links":{"self":[{"href":"https:\/\/blogdobispo.com.br\/index.php?rest_route=\/wp\/v2\/posts\/5146","targetHints":{"allow":["GET"]}}],"collection":[{"href":"https:\/\/blogdobispo.com.br\/index.php?rest_route=\/wp\/v2\/posts"}],"about":[{"href":"https:\/\/blogdobispo.com.br\/index.php?rest_route=\/wp\/v2\/types\/post"}],"author":[{"embeddable":true,"href":"https:\/\/blogdobispo.com.br\/index.php?rest_route=\/wp\/v2\/users\/1"}],"replies":[{"embeddable":true,"href":"https:\/\/blogdobispo.com.br\/index.php?rest_route=%2Fwp%2Fv2%2Fcomments&post=5146"}],"version-history":[{"count":0,"href":"https:\/\/blogdobispo.com.br\/index.php?rest_route=\/wp\/v2\/posts\/5146\/revisions"}],"wp:attachment":[{"href":"https:\/\/blogdobispo.com.br\/index.php?rest_route=%2Fwp%2Fv2%2Fmedia&parent=5146"}],"wp:term":[{"taxonomy":"category","embeddable":true,"href":"https:\/\/blogdobispo.com.br\/index.php?rest_route=%2Fwp%2Fv2%2Fcategories&post=5146"},{"taxonomy":"post_tag","embeddable":true,"href":"https:\/\/blogdobispo.com.br\/index.php?rest_route=%2Fwp%2Fv2%2Ftags&post=5146"}],"curies":[{"name":"wp","href":"https:\/\/api.w.org\/{rel}","templated":true}]}}