{"id":5139,"date":"2025-04-28T14:12:59","date_gmt":"2025-04-28T14:12:59","guid":{"rendered":"https:\/\/blogdobispo.com.br\/?p=5139"},"modified":"2025-04-28T14:12:59","modified_gmt":"2025-04-28T14:12:59","slug":"ubaldo-cumpre-agenda-em-carnaubais-e-assu-e-reforca-investimentos-para-a-saude","status":"publish","type":"post","link":"https:\/\/blogdobispo.com.br\/?p=5139","title":{"rendered":"Ubaldo cumpre agenda em Carnaubais e Ass\u00fa e refor\u00e7a investimentos para a sa\u00fade"},"content":{"rendered":"\n<figure class=\"wp-block-image size-large\"><img data-recalc-dims=\"1\" fetchpriority=\"high\" decoding=\"async\" width=\"768\" height=\"1024\" src=\"https:\/\/i0.wp.com\/blogdobispo.com.br\/wp-content\/uploads\/2025\/04\/8b1c5f30-7ec1-41d3-a3ab-4d05b4a32206-1-768x1024.jpg?resize=768%2C1024&#038;ssl=1\" class=\"wp-image-5138\" srcset=\"https:\/\/i0.wp.com\/blogdobispo.com.br\/wp-content\/uploads\/2025\/04\/8b1c5f30-7ec1-41d3-a3ab-4d05b4a32206-1.jpg?resize=768%2C1024&amp;ssl=1 768w, https:\/\/i0.wp.com\/blogdobispo.com.br\/wp-content\/uploads\/2025\/04\/8b1c5f30-7ec1-41d3-a3ab-4d05b4a32206-1.jpg?resize=225%2C300&amp;ssl=1 225w, https:\/\/i0.wp.com\/blogdobispo.com.br\/wp-content\/uploads\/2025\/04\/8b1c5f30-7ec1-41d3-a3ab-4d05b4a32206-1.jpg?resize=1152%2C1536&amp;ssl=1 1152w, https:\/\/i0.wp.com\/blogdobispo.com.br\/wp-content\/uploads\/2025\/04\/8b1c5f30-7ec1-41d3-a3ab-4d05b4a32206-1.jpg?resize=1024%2C1365&amp;ssl=1 1024w, https:\/\/i0.wp.com\/blogdobispo.com.br\/wp-content\/uploads\/2025\/04\/8b1c5f30-7ec1-41d3-a3ab-4d05b4a32206-1.jpg?w=1500&amp;ssl=1 1500w\" sizes=\"(max-width: 768px) 100vw, 768px\" \/><\/figure>\n\n\n\n<p><\/p>\n\n\n\n<p>O deputado estadual Ubaldo Fernandes realizou, nesse domingo, 27, uma importante visita \u00e0 regi\u00e3o do Vale do A\u00e7u, cumprindo agenda nos munic\u00edpios de Carnaubais e Ass\u00fa. A programa\u00e7\u00e3o come\u00e7ou com um caf\u00e9 da manh\u00e3 na resid\u00eancia da vereadora Tassinha, acompanhado do prefeito Gleudinho, do vice-prefeito Wanderley Mendes e de secret\u00e1rios municipais.<\/p>\n\n\n\n<p>Logo em seguida, a comitiva se dirigiu ao Hospital Maternidade Santa Luzia, onde o deputado p\u00f4de conhecer de perto as instala\u00e7\u00f5es da unidade de sa\u00fade e dialogar sobre as principais demandas do munic\u00edpio. Durante a visita, Ubaldo oficializou a destina\u00e7\u00e3o de uma emenda parlamentar no valor de R$ 130 mil, que ser\u00e1 utilizada para a aquisi\u00e7\u00e3o de uma nova ambul\u00e2ncia para o hospital. \u201cHoje foi um dia de muita alegria para a nossa sa\u00fade. A chegada dessa ambul\u00e2ncia vai fortalecer o atendimento \u00e0 popula\u00e7\u00e3o e dar mais agilidade aos servi\u00e7os de emerg\u00eancia. Seguimos firmes, trabalhando com responsabilidade e amor para cuidar da nossa gente&#8221;, destacou o chefe do executivo.<\/p>\n\n\n\n<p>Encerrando a agenda no Vale do A\u00e7u, Ubaldo prestigiou, em Ass\u00fa, o 1\u00ba Circuito das \u00c1guas, a convite da suplente de vereadora Karol Siqueira e de seu pai, Junior Siqueira. O evento \u00e9 uma iniciativa que celebra a cultura local e refor\u00e7a o compromisso com o desenvolvimento da regi\u00e3o. &#8220;Estamos sempre \u00e0 disposi\u00e7\u00e3o para apoiar iniciativas que melhorem a vida das pessoas e impulsionem o desenvolvimento dos munic\u00edpios do interior do nosso estado&#8221;, afirmou.<\/p>\n","protected":false},"excerpt":{"rendered":"<p>O deputado estadual Ubaldo Fernandes realizou, nesse domingo, 27, uma importante visita \u00e0 regi\u00e3o do Vale do A\u00e7u, cumprindo agenda nos munic\u00edpios de Carnaubais e Ass\u00fa. A programa\u00e7\u00e3o come\u00e7ou com um caf\u00e9 da manh\u00e3 na resid\u00eancia da vereadora Tassinha, acompanhado do prefeito Gleudinho, do vice-prefeito Wanderley Mendes e de secret\u00e1rios municipais. Logo em seguida, a [&hellip;]<\/p>\n","protected":false},"author":1,"featured_media":0,"comment_status":"open","ping_status":"open","sticky":false,"template":"","format":"standard","meta":{"cybocfi_hide_featured_image":"","_jetpack_memberships_contains_paid_content":false,"footnotes":""},"categories":[1],"tags":[],"class_list":["post-5139","post","type-post","status-publish","format-standard","hentry","category-diversos"],"yoast_head":"<!-- This site is optimized with the Yoast SEO plugin v25.6 - https:\/\/yoast.com\/wordpress\/plugins\/seo\/ -->\n<title>Ubaldo cumpre agenda em Carnaubais e Ass\u00fa e refor\u00e7a investimentos para a sa\u00fade - Blog do Bispo<\/title>\n<meta name=\"robots\" content=\"index, follow, max-snippet:-1, max-image-preview:large, max-video-preview:-1\" \/>\n<link rel=\"canonical\" href=\"https:\/\/blogdobispo.com.br\/?p=5139\" \/>\n<meta property=\"og:locale\" content=\"pt_BR\" \/>\n<meta property=\"og:type\" content=\"article\" \/>\n<meta property=\"og:title\" content=\"Ubaldo cumpre agenda em Carnaubais e Ass\u00fa e refor\u00e7a investimentos para a sa\u00fade - Blog do Bispo\" \/>\n<meta property=\"og:description\" content=\"O deputado estadual Ubaldo Fernandes realizou, nesse domingo, 27, uma importante visita \u00e0 regi\u00e3o do Vale do A\u00e7u, cumprindo agenda nos munic\u00edpios de Carnaubais e Ass\u00fa. A programa\u00e7\u00e3o come\u00e7ou com um caf\u00e9 da manh\u00e3 na resid\u00eancia da vereadora Tassinha, acompanhado do prefeito Gleudinho, do vice-prefeito Wanderley Mendes e de secret\u00e1rios municipais. Logo em seguida, a [&hellip;]\" \/>\n<meta property=\"og:url\" content=\"https:\/\/blogdobispo.com.br\/?p=5139\" \/>\n<meta property=\"og:site_name\" content=\"Blog do Bispo\" \/>\n<meta property=\"article:published_time\" content=\"2025-04-28T14:12:59+00:00\" \/>\n<meta property=\"og:image\" content=\"https:\/\/blogdobispo.com.br\/wp-content\/uploads\/2025\/04\/8b1c5f30-7ec1-41d3-a3ab-4d05b4a32206-1-768x1024.jpg\" \/>\n<meta name=\"author\" content=\"Jefferson Sterfeno\" \/>\n<meta name=\"twitter:card\" content=\"summary_large_image\" \/>\n<meta name=\"twitter:label1\" content=\"Escrito por\" \/>\n\t<meta name=\"twitter:data1\" content=\"Jefferson Sterfeno\" \/>\n\t<meta name=\"twitter:label2\" content=\"Est. tempo de leitura\" \/>\n\t<meta name=\"twitter:data2\" content=\"1 minuto\" \/>\n<script type=\"application\/ld+json\" class=\"yoast-schema-graph\">{\"@context\":\"https:\/\/schema.org\",\"@graph\":[{\"@type\":\"Article\",\"@id\":\"https:\/\/blogdobispo.com.br\/?p=5139#article\",\"isPartOf\":{\"@id\":\"https:\/\/blogdobispo.com.br\/?p=5139\"},\"author\":{\"name\":\"Jefferson Sterfeno\",\"@id\":\"https:\/\/blogdobispo.com.br\/#\/schema\/person\/e2209cc0e6cea5c5233d033e997b373f\"},\"headline\":\"Ubaldo cumpre agenda em Carnaubais e Ass\u00fa e refor\u00e7a investimentos para a sa\u00fade\",\"datePublished\":\"2025-04-28T14:12:59+00:00\",\"mainEntityOfPage\":{\"@id\":\"https:\/\/blogdobispo.com.br\/?p=5139\"},\"wordCount\":266,\"commentCount\":0,\"publisher\":{\"@id\":\"https:\/\/blogdobispo.com.br\/#organization\"},\"image\":{\"@id\":\"https:\/\/blogdobispo.com.br\/?p=5139#primaryimage\"},\"thumbnailUrl\":\"https:\/\/blogdobispo.com.br\/wp-content\/uploads\/2025\/04\/8b1c5f30-7ec1-41d3-a3ab-4d05b4a32206-1-768x1024.jpg\",\"articleSection\":[\"diversos\"],\"inLanguage\":\"pt-BR\",\"potentialAction\":[{\"@type\":\"CommentAction\",\"name\":\"Comment\",\"target\":[\"https:\/\/blogdobispo.com.br\/?p=5139#respond\"]}]},{\"@type\":\"WebPage\",\"@id\":\"https:\/\/blogdobispo.com.br\/?p=5139\",\"url\":\"https:\/\/blogdobispo.com.br\/?p=5139\",\"name\":\"Ubaldo cumpre agenda em Carnaubais e Ass\u00fa e refor\u00e7a investimentos para a sa\u00fade - Blog do Bispo\",\"isPartOf\":{\"@id\":\"https:\/\/blogdobispo.com.br\/#website\"},\"primaryImageOfPage\":{\"@id\":\"https:\/\/blogdobispo.com.br\/?p=5139#primaryimage\"},\"image\":{\"@id\":\"https:\/\/blogdobispo.com.br\/?p=5139#primaryimage\"},\"thumbnailUrl\":\"https:\/\/blogdobispo.com.br\/wp-content\/uploads\/2025\/04\/8b1c5f30-7ec1-41d3-a3ab-4d05b4a32206-1-768x1024.jpg\",\"datePublished\":\"2025-04-28T14:12:59+00:00\",\"breadcrumb\":{\"@id\":\"https:\/\/blogdobispo.com.br\/?p=5139#breadcrumb\"},\"inLanguage\":\"pt-BR\",\"potentialAction\":[{\"@type\":\"ReadAction\",\"target\":[\"https:\/\/blogdobispo.com.br\/?p=5139\"]}]},{\"@type\":\"ImageObject\",\"inLanguage\":\"pt-BR\",\"@id\":\"https:\/\/blogdobispo.com.br\/?p=5139#primaryimage\",\"url\":\"https:\/\/blogdobispo.com.br\/wp-content\/uploads\/2025\/04\/8b1c5f30-7ec1-41d3-a3ab-4d05b4a32206-1-768x1024.jpg\",\"contentUrl\":\"https:\/\/blogdobispo.com.br\/wp-content\/uploads\/2025\/04\/8b1c5f30-7ec1-41d3-a3ab-4d05b4a32206-1-768x1024.jpg\"},{\"@type\":\"BreadcrumbList\",\"@id\":\"https:\/\/blogdobispo.com.br\/?p=5139#breadcrumb\",\"itemListElement\":[{\"@type\":\"ListItem\",\"position\":1,\"name\":\"In\u00edcio\",\"item\":\"https:\/\/blogdobispo.com.br\/\"},{\"@type\":\"ListItem\",\"position\":2,\"name\":\"Ubaldo cumpre agenda em Carnaubais e Ass\u00fa e refor\u00e7a investimentos para a sa\u00fade\"}]},{\"@type\":\"WebSite\",\"@id\":\"https:\/\/blogdobispo.com.br\/#website\",\"url\":\"https:\/\/blogdobispo.com.br\/\",\"name\":\"Blog do Bispo\",\"description\":\"Comprometido apenas com o leitor\",\"publisher\":{\"@id\":\"https:\/\/blogdobispo.com.br\/#organization\"},\"potentialAction\":[{\"@type\":\"SearchAction\",\"target\":{\"@type\":\"EntryPoint\",\"urlTemplate\":\"https:\/\/blogdobispo.com.br\/?s={search_term_string}\"},\"query-input\":{\"@type\":\"PropertyValueSpecification\",\"valueRequired\":true,\"valueName\":\"search_term_string\"}}],\"inLanguage\":\"pt-BR\"},{\"@type\":\"Organization\",\"@id\":\"https:\/\/blogdobispo.com.br\/#organization\",\"name\":\"Blog do Bispo\",\"url\":\"https:\/\/blogdobispo.com.br\/\",\"logo\":{\"@type\":\"ImageObject\",\"inLanguage\":\"pt-BR\",\"@id\":\"https:\/\/blogdobispo.com.br\/#\/schema\/logo\/image\/\",\"url\":\"http:\/\/blogdobispo.com.br\/wp-content\/uploads\/2023\/05\/cropped-headear.png\",\"contentUrl\":\"http:\/\/blogdobispo.com.br\/wp-content\/uploads\/2023\/05\/cropped-headear.png\",\"width\":1500,\"height\":399,\"caption\":\"Blog do Bispo\"},\"image\":{\"@id\":\"https:\/\/blogdobispo.com.br\/#\/schema\/logo\/image\/\"}},{\"@type\":\"Person\",\"@id\":\"https:\/\/blogdobispo.com.br\/#\/schema\/person\/e2209cc0e6cea5c5233d033e997b373f\",\"name\":\"Jefferson Sterfeno\",\"image\":{\"@type\":\"ImageObject\",\"inLanguage\":\"pt-BR\",\"@id\":\"https:\/\/blogdobispo.com.br\/#\/schema\/person\/image\/\",\"url\":\"https:\/\/secure.gravatar.com\/avatar\/0534e84764641168a677026b6d57a3f51dc7ac4db0b4f6186d9cb330d4ee1160?s=96&d=mm&r=g\",\"contentUrl\":\"https:\/\/secure.gravatar.com\/avatar\/0534e84764641168a677026b6d57a3f51dc7ac4db0b4f6186d9cb330d4ee1160?s=96&d=mm&r=g\",\"caption\":\"Jefferson Sterfeno\"},\"sameAs\":[\"http:\/\/blogdobispo.com.br\"],\"url\":\"https:\/\/blogdobispo.com.br\/?author=1\"}]}<\/script>\n<!-- \/ Yoast SEO plugin. -->","yoast_head_json":{"title":"Ubaldo cumpre agenda em Carnaubais e Ass\u00fa e refor\u00e7a investimentos para a sa\u00fade - Blog do Bispo","robots":{"index":"index","follow":"follow","max-snippet":"max-snippet:-1","max-image-preview":"max-image-preview:large","max-video-preview":"max-video-preview:-1"},"canonical":"https:\/\/blogdobispo.com.br\/?p=5139","og_locale":"pt_BR","og_type":"article","og_title":"Ubaldo cumpre agenda em Carnaubais e Ass\u00fa e refor\u00e7a investimentos para a sa\u00fade - Blog do Bispo","og_description":"O deputado estadual Ubaldo Fernandes realizou, nesse domingo, 27, uma importante visita \u00e0 regi\u00e3o do Vale do A\u00e7u, cumprindo agenda nos munic\u00edpios de Carnaubais e Ass\u00fa. A programa\u00e7\u00e3o come\u00e7ou com um caf\u00e9 da manh\u00e3 na resid\u00eancia da vereadora Tassinha, acompanhado do prefeito Gleudinho, do vice-prefeito Wanderley Mendes e de secret\u00e1rios municipais. Logo em seguida, a [&hellip;]","og_url":"https:\/\/blogdobispo.com.br\/?p=5139","og_site_name":"Blog do Bispo","article_published_time":"2025-04-28T14:12:59+00:00","og_image":[{"url":"https:\/\/blogdobispo.com.br\/wp-content\/uploads\/2025\/04\/8b1c5f30-7ec1-41d3-a3ab-4d05b4a32206-1-768x1024.jpg","type":"","width":"","height":""}],"author":"Jefferson Sterfeno","twitter_card":"summary_large_image","twitter_misc":{"Escrito por":"Jefferson Sterfeno","Est. tempo de leitura":"1 minuto"},"schema":{"@context":"https:\/\/schema.org","@graph":[{"@type":"Article","@id":"https:\/\/blogdobispo.com.br\/?p=5139#article","isPartOf":{"@id":"https:\/\/blogdobispo.com.br\/?p=5139"},"author":{"name":"Jefferson Sterfeno","@id":"https:\/\/blogdobispo.com.br\/#\/schema\/person\/e2209cc0e6cea5c5233d033e997b373f"},"headline":"Ubaldo cumpre agenda em Carnaubais e Ass\u00fa e refor\u00e7a investimentos para a sa\u00fade","datePublished":"2025-04-28T14:12:59+00:00","mainEntityOfPage":{"@id":"https:\/\/blogdobispo.com.br\/?p=5139"},"wordCount":266,"commentCount":0,"publisher":{"@id":"https:\/\/blogdobispo.com.br\/#organization"},"image":{"@id":"https:\/\/blogdobispo.com.br\/?p=5139#primaryimage"},"thumbnailUrl":"https:\/\/blogdobispo.com.br\/wp-content\/uploads\/2025\/04\/8b1c5f30-7ec1-41d3-a3ab-4d05b4a32206-1-768x1024.jpg","articleSection":["diversos"],"inLanguage":"pt-BR","potentialAction":[{"@type":"CommentAction","name":"Comment","target":["https:\/\/blogdobispo.com.br\/?p=5139#respond"]}]},{"@type":"WebPage","@id":"https:\/\/blogdobispo.com.br\/?p=5139","url":"https:\/\/blogdobispo.com.br\/?p=5139","name":"Ubaldo cumpre agenda em Carnaubais e Ass\u00fa e refor\u00e7a investimentos para a sa\u00fade - Blog do Bispo","isPartOf":{"@id":"https:\/\/blogdobispo.com.br\/#website"},"primaryImageOfPage":{"@id":"https:\/\/blogdobispo.com.br\/?p=5139#primaryimage"},"image":{"@id":"https:\/\/blogdobispo.com.br\/?p=5139#primaryimage"},"thumbnailUrl":"https:\/\/blogdobispo.com.br\/wp-content\/uploads\/2025\/04\/8b1c5f30-7ec1-41d3-a3ab-4d05b4a32206-1-768x1024.jpg","datePublished":"2025-04-28T14:12:59+00:00","breadcrumb":{"@id":"https:\/\/blogdobispo.com.br\/?p=5139#breadcrumb"},"inLanguage":"pt-BR","potentialAction":[{"@type":"ReadAction","target":["https:\/\/blogdobispo.com.br\/?p=5139"]}]},{"@type":"ImageObject","inLanguage":"pt-BR","@id":"https:\/\/blogdobispo.com.br\/?p=5139#primaryimage","url":"https:\/\/blogdobispo.com.br\/wp-content\/uploads\/2025\/04\/8b1c5f30-7ec1-41d3-a3ab-4d05b4a32206-1-768x1024.jpg","contentUrl":"https:\/\/blogdobispo.com.br\/wp-content\/uploads\/2025\/04\/8b1c5f30-7ec1-41d3-a3ab-4d05b4a32206-1-768x1024.jpg"},{"@type":"BreadcrumbList","@id":"https:\/\/blogdobispo.com.br\/?p=5139#breadcrumb","itemListElement":[{"@type":"ListItem","position":1,"name":"In\u00edcio","item":"https:\/\/blogdobispo.com.br\/"},{"@type":"ListItem","position":2,"name":"Ubaldo cumpre agenda em Carnaubais e Ass\u00fa e refor\u00e7a investimentos para a sa\u00fade"}]},{"@type":"WebSite","@id":"https:\/\/blogdobispo.com.br\/#website","url":"https:\/\/blogdobispo.com.br\/","name":"Blog do Bispo","description":"Comprometido apenas com o leitor","publisher":{"@id":"https:\/\/blogdobispo.com.br\/#organization"},"potentialAction":[{"@type":"SearchAction","target":{"@type":"EntryPoint","urlTemplate":"https:\/\/blogdobispo.com.br\/?s={search_term_string}"},"query-input":{"@type":"PropertyValueSpecification","valueRequired":true,"valueName":"search_term_string"}}],"inLanguage":"pt-BR"},{"@type":"Organization","@id":"https:\/\/blogdobispo.com.br\/#organization","name":"Blog do Bispo","url":"https:\/\/blogdobispo.com.br\/","logo":{"@type":"ImageObject","inLanguage":"pt-BR","@id":"https:\/\/blogdobispo.com.br\/#\/schema\/logo\/image\/","url":"http:\/\/blogdobispo.com.br\/wp-content\/uploads\/2023\/05\/cropped-headear.png","contentUrl":"http:\/\/blogdobispo.com.br\/wp-content\/uploads\/2023\/05\/cropped-headear.png","width":1500,"height":399,"caption":"Blog do Bispo"},"image":{"@id":"https:\/\/blogdobispo.com.br\/#\/schema\/logo\/image\/"}},{"@type":"Person","@id":"https:\/\/blogdobispo.com.br\/#\/schema\/person\/e2209cc0e6cea5c5233d033e997b373f","name":"Jefferson Sterfeno","image":{"@type":"ImageObject","inLanguage":"pt-BR","@id":"https:\/\/blogdobispo.com.br\/#\/schema\/person\/image\/","url":"https:\/\/secure.gravatar.com\/avatar\/0534e84764641168a677026b6d57a3f51dc7ac4db0b4f6186d9cb330d4ee1160?s=96&d=mm&r=g","contentUrl":"https:\/\/secure.gravatar.com\/avatar\/0534e84764641168a677026b6d57a3f51dc7ac4db0b4f6186d9cb330d4ee1160?s=96&d=mm&r=g","caption":"Jefferson Sterfeno"},"sameAs":["http:\/\/blogdobispo.com.br"],"url":"https:\/\/blogdobispo.com.br\/?author=1"}]}},"featured_image_urls":{"full":"","thumbnail":"","medium":"","medium_large":"","large":"","1536x1536":"","2048x2048":""},"author_info":{"display_name":"Jefferson Sterfeno","author_link":"https:\/\/blogdobispo.com.br\/?author=1"},"category_info":"<a href=\"https:\/\/blogdobispo.com.br\/?cat=1\" rel=\"category\">diversos<\/a>","tag_info":"diversos","comment_count":"0","jetpack_featured_media_url":"","jetpack_sharing_enabled":true,"_links":{"self":[{"href":"https:\/\/blogdobispo.com.br\/index.php?rest_route=\/wp\/v2\/posts\/5139","targetHints":{"allow":["GET"]}}],"collection":[{"href":"https:\/\/blogdobispo.com.br\/index.php?rest_route=\/wp\/v2\/posts"}],"about":[{"href":"https:\/\/blogdobispo.com.br\/index.php?rest_route=\/wp\/v2\/types\/post"}],"author":[{"embeddable":true,"href":"https:\/\/blogdobispo.com.br\/index.php?rest_route=\/wp\/v2\/users\/1"}],"replies":[{"embeddable":true,"href":"https:\/\/blogdobispo.com.br\/index.php?rest_route=%2Fwp%2Fv2%2Fcomments&post=5139"}],"version-history":[{"count":0,"href":"https:\/\/blogdobispo.com.br\/index.php?rest_route=\/wp\/v2\/posts\/5139\/revisions"}],"wp:attachment":[{"href":"https:\/\/blogdobispo.com.br\/index.php?rest_route=%2Fwp%2Fv2%2Fmedia&parent=5139"}],"wp:term":[{"taxonomy":"category","embeddable":true,"href":"https:\/\/blogdobispo.com.br\/index.php?rest_route=%2Fwp%2Fv2%2Fcategories&post=5139"},{"taxonomy":"post_tag","embeddable":true,"href":"https:\/\/blogdobispo.com.br\/index.php?rest_route=%2Fwp%2Fv2%2Ftags&post=5139"}],"curies":[{"name":"wp","href":"https:\/\/api.w.org\/{rel}","templated":true}]}}