{"id":5135,"date":"2025-04-26T23:54:38","date_gmt":"2025-04-26T23:54:38","guid":{"rendered":"https:\/\/blogdobispo.com.br\/?p=5135"},"modified":"2025-04-26T23:54:38","modified_gmt":"2025-04-26T23:54:38","slug":"audiencia-discute-problemas-de-infraestrutura-em-loteamentos-da-zona-norte","status":"publish","type":"post","link":"https:\/\/blogdobispo.com.br\/?p=5135","title":{"rendered":"Audi\u00eancia discute problemas de infraestrutura em loteamentos da Zona Norte"},"content":{"rendered":"\n<figure class=\"wp-block-image foto-noticia\"><img data-recalc-dims=\"1\" decoding=\"async\" src=\"https:\/\/i0.wp.com\/www.cmnat.rn.gov.br\/_ups\/noticias\/2025\/04\/25\/1a27d5e5324d61e6dc0bc8f9b7a0048d.jpg?w=800&#038;ssl=1\" alt=\"\"\/><\/figure>\n\n\n\n<p>A C\u00e2mara Municipal de Natal realizou, nesta sexta-feira (25), uma audi\u00eancia p\u00fablica que refor\u00e7ou a necessidade um esfor\u00e7o conjunto entre as esferas municipal, estadual e federal para garantir infraestrutura adequada e dignidade aos moradores dos loteamentos Santa In\u00eas, Algimar, Riomar e Kipanorama, localizados na zona Norte da capital. O debate foi proposto pelo vereador T\u00e1rcio de Eudiane (Uni\u00e3o) e reuniu representantes do poder p\u00fablico, moradores e parlamentares.<\/p>\n\n\n\n<p>Durante a audi\u00eancia, T\u00e1rcio de Eudiane destacou a import\u00e2ncia do encontro para dar voz \u00e0 comunidade. \u201c\u00c9 importante criar um ambiente de responsabilidade onde as autoridades tomem provid\u00eancias. Faz dois anos que lutamos para que as obras saiam do papel e agora precisamos pressionar por recursos unindo for\u00e7as em n\u00edvel municipal, estadual e federal&#8221;, pontuou o vereador.<\/p>\n\n\n\n<p>Moradores das quatro localidades ocuparam o plen\u00e1rio para relatar as dificuldades que enfrentam, com destaque para os problemas de drenagem e pavimenta\u00e7\u00e3o das ruas. As dificuldades impactam diretamente o acesso a servi\u00e7os b\u00e1sicos como transporte, sa\u00fade e educa\u00e7\u00e3o, agravando a situa\u00e7\u00e3o de vulnerabilidade.<\/p>\n\n\n\n<p>O debate contou com a presen\u00e7a do deputado federal Benes Leoc\u00e1dio e da deputada estadual Eudiane Macedo, que manifestaram apoio \u00e0 luta das comunidades. &#8220;\u00c9 importante que os poderes se unam. O projeto \u00e9 de cerca de R$ 40 milh\u00f5es. Essas pessoas, h\u00e1 mais de 30 anos, esperam por isso. S\u00e3o v\u00e1rias as dificuldades. Um carro de aplicativo n\u00e3o entra l\u00e1, uma ambul\u00e2ncia, uma viatura, escolas&#8221; enfatizou a deputada.<\/p>\n\n\n\n<p>Representantes de \u00f3rg\u00e3os como a Companhia de \u00c1guas e Esgotos do Rio Grande do Norte (Caern) e secretarias municipais tamb\u00e9m participaram da audi\u00eancia. O titular da Secretaria Municipal de Meio Ambiente e Urbanismo (Semurb), Thiago Mesquita, e os adjuntos Eduardo Dantas (Planejamento \u2013 Sempla) e Carlos Queiroz (Infraestrutura \u2013 Seinfra) apresentaram informa\u00e7\u00f5es t\u00e9cnicas sobre o andamento dos projetos.<\/p>\n\n\n\n<p>Carlos Queiroz afirmou que o contrato vigente contempla o levantamento completo das necessidades de drenagem e pavimenta\u00e7\u00e3o das comunidades. \u201cAs quatro comunidades ser\u00e3o beneficiadas. Em 60 dias, a empresa deve entregar os projetos e, ap\u00f3s o in\u00edcio, as obras devem demorar cerca de 18 meses para serem conclu\u00eddas. No entanto, \u00e9 necess\u00e1ria a uni\u00e3o dos entes para viabilizar os recursos, que giram em torno de R$ 40 milh\u00f5es\u201d, explicou.<\/p>\n\n\n\n<p>Texto: Cl\u00e1udio Oliveira<\/p>\n","protected":false},"excerpt":{"rendered":"<p>A C\u00e2mara Municipal de Natal realizou, nesta sexta-feira (25), uma audi\u00eancia p\u00fablica que refor\u00e7ou a necessidade um esfor\u00e7o conjunto entre as esferas municipal, estadual e federal para garantir infraestrutura adequada e dignidade aos moradores dos loteamentos Santa In\u00eas, Algimar, Riomar e Kipanorama, localizados na zona Norte da capital. O debate foi proposto pelo vereador T\u00e1rcio [&hellip;]<\/p>\n","protected":false},"author":1,"featured_media":0,"comment_status":"open","ping_status":"open","sticky":false,"template":"","format":"standard","meta":{"cybocfi_hide_featured_image":"","_jetpack_memberships_contains_paid_content":false,"footnotes":""},"categories":[1],"tags":[],"class_list":["post-5135","post","type-post","status-publish","format-standard","hentry","category-diversos"],"yoast_head":"<!-- This site is optimized with the Yoast SEO plugin v25.6 - https:\/\/yoast.com\/wordpress\/plugins\/seo\/ -->\n<title>Audi\u00eancia discute problemas de infraestrutura em loteamentos da Zona Norte - Blog do Bispo<\/title>\n<meta name=\"robots\" content=\"index, follow, max-snippet:-1, max-image-preview:large, max-video-preview:-1\" \/>\n<link rel=\"canonical\" href=\"https:\/\/blogdobispo.com.br\/?p=5135\" \/>\n<meta property=\"og:locale\" content=\"pt_BR\" \/>\n<meta property=\"og:type\" content=\"article\" \/>\n<meta property=\"og:title\" content=\"Audi\u00eancia discute problemas de infraestrutura em loteamentos da Zona Norte - Blog do Bispo\" \/>\n<meta property=\"og:description\" content=\"A C\u00e2mara Municipal de Natal realizou, nesta sexta-feira (25), uma audi\u00eancia p\u00fablica que refor\u00e7ou a necessidade um esfor\u00e7o conjunto entre as esferas municipal, estadual e federal para garantir infraestrutura adequada e dignidade aos moradores dos loteamentos Santa In\u00eas, Algimar, Riomar e Kipanorama, localizados na zona Norte da capital. O debate foi proposto pelo vereador T\u00e1rcio [&hellip;]\" \/>\n<meta property=\"og:url\" content=\"https:\/\/blogdobispo.com.br\/?p=5135\" \/>\n<meta property=\"og:site_name\" content=\"Blog do Bispo\" \/>\n<meta property=\"article:published_time\" content=\"2025-04-26T23:54:38+00:00\" \/>\n<meta property=\"og:image\" content=\"https:\/\/www.cmnat.rn.gov.br\/_ups\/noticias\/2025\/04\/25\/1a27d5e5324d61e6dc0bc8f9b7a0048d.jpg\" \/>\n<meta name=\"author\" content=\"Jefferson Sterfeno\" \/>\n<meta name=\"twitter:card\" content=\"summary_large_image\" \/>\n<meta name=\"twitter:label1\" content=\"Escrito por\" \/>\n\t<meta name=\"twitter:data1\" content=\"Jefferson Sterfeno\" \/>\n\t<meta name=\"twitter:label2\" content=\"Est. tempo de leitura\" \/>\n\t<meta name=\"twitter:data2\" content=\"2 minutos\" \/>\n<script type=\"application\/ld+json\" class=\"yoast-schema-graph\">{\"@context\":\"https:\/\/schema.org\",\"@graph\":[{\"@type\":\"Article\",\"@id\":\"https:\/\/blogdobispo.com.br\/?p=5135#article\",\"isPartOf\":{\"@id\":\"https:\/\/blogdobispo.com.br\/?p=5135\"},\"author\":{\"name\":\"Jefferson Sterfeno\",\"@id\":\"https:\/\/blogdobispo.com.br\/#\/schema\/person\/e2209cc0e6cea5c5233d033e997b373f\"},\"headline\":\"Audi\u00eancia discute problemas de infraestrutura em loteamentos da Zona Norte\",\"datePublished\":\"2025-04-26T23:54:38+00:00\",\"mainEntityOfPage\":{\"@id\":\"https:\/\/blogdobispo.com.br\/?p=5135\"},\"wordCount\":406,\"commentCount\":0,\"publisher\":{\"@id\":\"https:\/\/blogdobispo.com.br\/#organization\"},\"image\":{\"@id\":\"https:\/\/blogdobispo.com.br\/?p=5135#primaryimage\"},\"thumbnailUrl\":\"https:\/\/www.cmnat.rn.gov.br\/_ups\/noticias\/2025\/04\/25\/1a27d5e5324d61e6dc0bc8f9b7a0048d.jpg\",\"articleSection\":[\"diversos\"],\"inLanguage\":\"pt-BR\",\"potentialAction\":[{\"@type\":\"CommentAction\",\"name\":\"Comment\",\"target\":[\"https:\/\/blogdobispo.com.br\/?p=5135#respond\"]}]},{\"@type\":\"WebPage\",\"@id\":\"https:\/\/blogdobispo.com.br\/?p=5135\",\"url\":\"https:\/\/blogdobispo.com.br\/?p=5135\",\"name\":\"Audi\u00eancia discute problemas de infraestrutura em loteamentos da Zona Norte - Blog do Bispo\",\"isPartOf\":{\"@id\":\"https:\/\/blogdobispo.com.br\/#website\"},\"primaryImageOfPage\":{\"@id\":\"https:\/\/blogdobispo.com.br\/?p=5135#primaryimage\"},\"image\":{\"@id\":\"https:\/\/blogdobispo.com.br\/?p=5135#primaryimage\"},\"thumbnailUrl\":\"https:\/\/www.cmnat.rn.gov.br\/_ups\/noticias\/2025\/04\/25\/1a27d5e5324d61e6dc0bc8f9b7a0048d.jpg\",\"datePublished\":\"2025-04-26T23:54:38+00:00\",\"breadcrumb\":{\"@id\":\"https:\/\/blogdobispo.com.br\/?p=5135#breadcrumb\"},\"inLanguage\":\"pt-BR\",\"potentialAction\":[{\"@type\":\"ReadAction\",\"target\":[\"https:\/\/blogdobispo.com.br\/?p=5135\"]}]},{\"@type\":\"ImageObject\",\"inLanguage\":\"pt-BR\",\"@id\":\"https:\/\/blogdobispo.com.br\/?p=5135#primaryimage\",\"url\":\"https:\/\/www.cmnat.rn.gov.br\/_ups\/noticias\/2025\/04\/25\/1a27d5e5324d61e6dc0bc8f9b7a0048d.jpg\",\"contentUrl\":\"https:\/\/www.cmnat.rn.gov.br\/_ups\/noticias\/2025\/04\/25\/1a27d5e5324d61e6dc0bc8f9b7a0048d.jpg\"},{\"@type\":\"BreadcrumbList\",\"@id\":\"https:\/\/blogdobispo.com.br\/?p=5135#breadcrumb\",\"itemListElement\":[{\"@type\":\"ListItem\",\"position\":1,\"name\":\"In\u00edcio\",\"item\":\"https:\/\/blogdobispo.com.br\/\"},{\"@type\":\"ListItem\",\"position\":2,\"name\":\"Audi\u00eancia discute problemas de infraestrutura em loteamentos da Zona Norte\"}]},{\"@type\":\"WebSite\",\"@id\":\"https:\/\/blogdobispo.com.br\/#website\",\"url\":\"https:\/\/blogdobispo.com.br\/\",\"name\":\"Blog do Bispo\",\"description\":\"Comprometido apenas com o leitor\",\"publisher\":{\"@id\":\"https:\/\/blogdobispo.com.br\/#organization\"},\"potentialAction\":[{\"@type\":\"SearchAction\",\"target\":{\"@type\":\"EntryPoint\",\"urlTemplate\":\"https:\/\/blogdobispo.com.br\/?s={search_term_string}\"},\"query-input\":{\"@type\":\"PropertyValueSpecification\",\"valueRequired\":true,\"valueName\":\"search_term_string\"}}],\"inLanguage\":\"pt-BR\"},{\"@type\":\"Organization\",\"@id\":\"https:\/\/blogdobispo.com.br\/#organization\",\"name\":\"Blog do Bispo\",\"url\":\"https:\/\/blogdobispo.com.br\/\",\"logo\":{\"@type\":\"ImageObject\",\"inLanguage\":\"pt-BR\",\"@id\":\"https:\/\/blogdobispo.com.br\/#\/schema\/logo\/image\/\",\"url\":\"http:\/\/blogdobispo.com.br\/wp-content\/uploads\/2023\/05\/cropped-headear.png\",\"contentUrl\":\"http:\/\/blogdobispo.com.br\/wp-content\/uploads\/2023\/05\/cropped-headear.png\",\"width\":1500,\"height\":399,\"caption\":\"Blog do Bispo\"},\"image\":{\"@id\":\"https:\/\/blogdobispo.com.br\/#\/schema\/logo\/image\/\"}},{\"@type\":\"Person\",\"@id\":\"https:\/\/blogdobispo.com.br\/#\/schema\/person\/e2209cc0e6cea5c5233d033e997b373f\",\"name\":\"Jefferson Sterfeno\",\"image\":{\"@type\":\"ImageObject\",\"inLanguage\":\"pt-BR\",\"@id\":\"https:\/\/blogdobispo.com.br\/#\/schema\/person\/image\/\",\"url\":\"https:\/\/secure.gravatar.com\/avatar\/0534e84764641168a677026b6d57a3f51dc7ac4db0b4f6186d9cb330d4ee1160?s=96&d=mm&r=g\",\"contentUrl\":\"https:\/\/secure.gravatar.com\/avatar\/0534e84764641168a677026b6d57a3f51dc7ac4db0b4f6186d9cb330d4ee1160?s=96&d=mm&r=g\",\"caption\":\"Jefferson Sterfeno\"},\"sameAs\":[\"http:\/\/blogdobispo.com.br\"],\"url\":\"https:\/\/blogdobispo.com.br\/?author=1\"}]}<\/script>\n<!-- \/ Yoast SEO plugin. -->","yoast_head_json":{"title":"Audi\u00eancia discute problemas de infraestrutura em loteamentos da Zona Norte - Blog do Bispo","robots":{"index":"index","follow":"follow","max-snippet":"max-snippet:-1","max-image-preview":"max-image-preview:large","max-video-preview":"max-video-preview:-1"},"canonical":"https:\/\/blogdobispo.com.br\/?p=5135","og_locale":"pt_BR","og_type":"article","og_title":"Audi\u00eancia discute problemas de infraestrutura em loteamentos da Zona Norte - Blog do Bispo","og_description":"A C\u00e2mara Municipal de Natal realizou, nesta sexta-feira (25), uma audi\u00eancia p\u00fablica que refor\u00e7ou a necessidade um esfor\u00e7o conjunto entre as esferas municipal, estadual e federal para garantir infraestrutura adequada e dignidade aos moradores dos loteamentos Santa In\u00eas, Algimar, Riomar e Kipanorama, localizados na zona Norte da capital. O debate foi proposto pelo vereador T\u00e1rcio [&hellip;]","og_url":"https:\/\/blogdobispo.com.br\/?p=5135","og_site_name":"Blog do Bispo","article_published_time":"2025-04-26T23:54:38+00:00","og_image":[{"url":"https:\/\/www.cmnat.rn.gov.br\/_ups\/noticias\/2025\/04\/25\/1a27d5e5324d61e6dc0bc8f9b7a0048d.jpg","type":"","width":"","height":""}],"author":"Jefferson Sterfeno","twitter_card":"summary_large_image","twitter_misc":{"Escrito por":"Jefferson Sterfeno","Est. tempo de leitura":"2 minutos"},"schema":{"@context":"https:\/\/schema.org","@graph":[{"@type":"Article","@id":"https:\/\/blogdobispo.com.br\/?p=5135#article","isPartOf":{"@id":"https:\/\/blogdobispo.com.br\/?p=5135"},"author":{"name":"Jefferson Sterfeno","@id":"https:\/\/blogdobispo.com.br\/#\/schema\/person\/e2209cc0e6cea5c5233d033e997b373f"},"headline":"Audi\u00eancia discute problemas de infraestrutura em loteamentos da Zona Norte","datePublished":"2025-04-26T23:54:38+00:00","mainEntityOfPage":{"@id":"https:\/\/blogdobispo.com.br\/?p=5135"},"wordCount":406,"commentCount":0,"publisher":{"@id":"https:\/\/blogdobispo.com.br\/#organization"},"image":{"@id":"https:\/\/blogdobispo.com.br\/?p=5135#primaryimage"},"thumbnailUrl":"https:\/\/www.cmnat.rn.gov.br\/_ups\/noticias\/2025\/04\/25\/1a27d5e5324d61e6dc0bc8f9b7a0048d.jpg","articleSection":["diversos"],"inLanguage":"pt-BR","potentialAction":[{"@type":"CommentAction","name":"Comment","target":["https:\/\/blogdobispo.com.br\/?p=5135#respond"]}]},{"@type":"WebPage","@id":"https:\/\/blogdobispo.com.br\/?p=5135","url":"https:\/\/blogdobispo.com.br\/?p=5135","name":"Audi\u00eancia discute problemas de infraestrutura em loteamentos da Zona Norte - Blog do Bispo","isPartOf":{"@id":"https:\/\/blogdobispo.com.br\/#website"},"primaryImageOfPage":{"@id":"https:\/\/blogdobispo.com.br\/?p=5135#primaryimage"},"image":{"@id":"https:\/\/blogdobispo.com.br\/?p=5135#primaryimage"},"thumbnailUrl":"https:\/\/www.cmnat.rn.gov.br\/_ups\/noticias\/2025\/04\/25\/1a27d5e5324d61e6dc0bc8f9b7a0048d.jpg","datePublished":"2025-04-26T23:54:38+00:00","breadcrumb":{"@id":"https:\/\/blogdobispo.com.br\/?p=5135#breadcrumb"},"inLanguage":"pt-BR","potentialAction":[{"@type":"ReadAction","target":["https:\/\/blogdobispo.com.br\/?p=5135"]}]},{"@type":"ImageObject","inLanguage":"pt-BR","@id":"https:\/\/blogdobispo.com.br\/?p=5135#primaryimage","url":"https:\/\/www.cmnat.rn.gov.br\/_ups\/noticias\/2025\/04\/25\/1a27d5e5324d61e6dc0bc8f9b7a0048d.jpg","contentUrl":"https:\/\/www.cmnat.rn.gov.br\/_ups\/noticias\/2025\/04\/25\/1a27d5e5324d61e6dc0bc8f9b7a0048d.jpg"},{"@type":"BreadcrumbList","@id":"https:\/\/blogdobispo.com.br\/?p=5135#breadcrumb","itemListElement":[{"@type":"ListItem","position":1,"name":"In\u00edcio","item":"https:\/\/blogdobispo.com.br\/"},{"@type":"ListItem","position":2,"name":"Audi\u00eancia discute problemas de infraestrutura em loteamentos da Zona Norte"}]},{"@type":"WebSite","@id":"https:\/\/blogdobispo.com.br\/#website","url":"https:\/\/blogdobispo.com.br\/","name":"Blog do Bispo","description":"Comprometido apenas com o leitor","publisher":{"@id":"https:\/\/blogdobispo.com.br\/#organization"},"potentialAction":[{"@type":"SearchAction","target":{"@type":"EntryPoint","urlTemplate":"https:\/\/blogdobispo.com.br\/?s={search_term_string}"},"query-input":{"@type":"PropertyValueSpecification","valueRequired":true,"valueName":"search_term_string"}}],"inLanguage":"pt-BR"},{"@type":"Organization","@id":"https:\/\/blogdobispo.com.br\/#organization","name":"Blog do Bispo","url":"https:\/\/blogdobispo.com.br\/","logo":{"@type":"ImageObject","inLanguage":"pt-BR","@id":"https:\/\/blogdobispo.com.br\/#\/schema\/logo\/image\/","url":"http:\/\/blogdobispo.com.br\/wp-content\/uploads\/2023\/05\/cropped-headear.png","contentUrl":"http:\/\/blogdobispo.com.br\/wp-content\/uploads\/2023\/05\/cropped-headear.png","width":1500,"height":399,"caption":"Blog do Bispo"},"image":{"@id":"https:\/\/blogdobispo.com.br\/#\/schema\/logo\/image\/"}},{"@type":"Person","@id":"https:\/\/blogdobispo.com.br\/#\/schema\/person\/e2209cc0e6cea5c5233d033e997b373f","name":"Jefferson Sterfeno","image":{"@type":"ImageObject","inLanguage":"pt-BR","@id":"https:\/\/blogdobispo.com.br\/#\/schema\/person\/image\/","url":"https:\/\/secure.gravatar.com\/avatar\/0534e84764641168a677026b6d57a3f51dc7ac4db0b4f6186d9cb330d4ee1160?s=96&d=mm&r=g","contentUrl":"https:\/\/secure.gravatar.com\/avatar\/0534e84764641168a677026b6d57a3f51dc7ac4db0b4f6186d9cb330d4ee1160?s=96&d=mm&r=g","caption":"Jefferson Sterfeno"},"sameAs":["http:\/\/blogdobispo.com.br"],"url":"https:\/\/blogdobispo.com.br\/?author=1"}]}},"featured_image_urls":{"full":"","thumbnail":"","medium":"","medium_large":"","large":"","1536x1536":"","2048x2048":""},"author_info":{"display_name":"Jefferson Sterfeno","author_link":"https:\/\/blogdobispo.com.br\/?author=1"},"category_info":"<a href=\"https:\/\/blogdobispo.com.br\/?cat=1\" rel=\"category\">diversos<\/a>","tag_info":"diversos","comment_count":"0","jetpack_featured_media_url":"","jetpack_sharing_enabled":true,"_links":{"self":[{"href":"https:\/\/blogdobispo.com.br\/index.php?rest_route=\/wp\/v2\/posts\/5135","targetHints":{"allow":["GET"]}}],"collection":[{"href":"https:\/\/blogdobispo.com.br\/index.php?rest_route=\/wp\/v2\/posts"}],"about":[{"href":"https:\/\/blogdobispo.com.br\/index.php?rest_route=\/wp\/v2\/types\/post"}],"author":[{"embeddable":true,"href":"https:\/\/blogdobispo.com.br\/index.php?rest_route=\/wp\/v2\/users\/1"}],"replies":[{"embeddable":true,"href":"https:\/\/blogdobispo.com.br\/index.php?rest_route=%2Fwp%2Fv2%2Fcomments&post=5135"}],"version-history":[{"count":0,"href":"https:\/\/blogdobispo.com.br\/index.php?rest_route=\/wp\/v2\/posts\/5135\/revisions"}],"wp:attachment":[{"href":"https:\/\/blogdobispo.com.br\/index.php?rest_route=%2Fwp%2Fv2%2Fmedia&parent=5135"}],"wp:term":[{"taxonomy":"category","embeddable":true,"href":"https:\/\/blogdobispo.com.br\/index.php?rest_route=%2Fwp%2Fv2%2Fcategories&post=5135"},{"taxonomy":"post_tag","embeddable":true,"href":"https:\/\/blogdobispo.com.br\/index.php?rest_route=%2Fwp%2Fv2%2Ftags&post=5135"}],"curies":[{"name":"wp","href":"https:\/\/api.w.org\/{rel}","templated":true}]}}