{"id":5130,"date":"2025-04-26T17:00:05","date_gmt":"2025-04-26T17:00:05","guid":{"rendered":"https:\/\/blogdobispo.com.br\/?p=5130"},"modified":"2025-04-26T17:00:05","modified_gmt":"2025-04-26T17:00:05","slug":"governo-do-pt-e-incompetente-e-o-rn-esta-abandonado-diz-rogerio-marinho-em-seminario-do-rota-22","status":"publish","type":"post","link":"https:\/\/blogdobispo.com.br\/?p=5130","title":{"rendered":"\u201dGoverno do PT \u00e9 incompetente e o RN est\u00e1 abandonado&#8221;, diz Rog\u00e9rio Marinho em Semin\u00e1rio do Rota 22"},"content":{"rendered":"\n<figure class=\"wp-block-image size-large\"><img data-recalc-dims=\"1\" fetchpriority=\"high\" decoding=\"async\" width=\"800\" height=\"534\" src=\"https:\/\/i0.wp.com\/blogdobispo.com.br\/wp-content\/uploads\/2025\/04\/9aca982f-cdd2-4e0c-b92a-93353a2826e2-1-1024x683.jpg?resize=800%2C534&#038;ssl=1\" class=\"wp-image-5129\" srcset=\"https:\/\/i0.wp.com\/blogdobispo.com.br\/wp-content\/uploads\/2025\/04\/9aca982f-cdd2-4e0c-b92a-93353a2826e2-1.jpg?resize=1024%2C683&amp;ssl=1 1024w, https:\/\/i0.wp.com\/blogdobispo.com.br\/wp-content\/uploads\/2025\/04\/9aca982f-cdd2-4e0c-b92a-93353a2826e2-1.jpg?resize=300%2C200&amp;ssl=1 300w, https:\/\/i0.wp.com\/blogdobispo.com.br\/wp-content\/uploads\/2025\/04\/9aca982f-cdd2-4e0c-b92a-93353a2826e2-1.jpg?resize=768%2C512&amp;ssl=1 768w, https:\/\/i0.wp.com\/blogdobispo.com.br\/wp-content\/uploads\/2025\/04\/9aca982f-cdd2-4e0c-b92a-93353a2826e2-1.jpg?resize=1536%2C1024&amp;ssl=1 1536w, https:\/\/i0.wp.com\/blogdobispo.com.br\/wp-content\/uploads\/2025\/04\/9aca982f-cdd2-4e0c-b92a-93353a2826e2-1.jpg?w=1600&amp;ssl=1 1600w\" sizes=\"(max-width: 800px) 100vw, 800px\" \/><\/figure>\n\n\n\n<p><\/p>\n\n\n\n<p>Durante o semin\u00e1rio que marcou o encerramento das oficinas do projeto Rota 22 nas regi\u00f5es Alto e M\u00e9dio Oeste do Rio Grande do Norte, o senador Rog\u00e9rio Marinho (PL) criticou duramente a situa\u00e7\u00e3o do Estado sob a gest\u00e3o petista, da governadora F\u00e1tima Bezerra, e denunciou o que chamou de &#8220;persegui\u00e7\u00e3o pol\u00edtica&#8221; sofrida pelo ex-presidente Jair Bolsonaro. Marinho tamb\u00e9m apresentou um projeto de integra\u00e7\u00e3o para fortalecer o partido nos munic\u00edpios.<\/p>\n\n\n\n<p>O evento ocorreu durante a manh\u00e3 deste s\u00e1bado (26), no munic\u00edpio de Pau dos Ferros. Em seu discurso, o senador afirmou que Bolsonaro foi v\u00edtima de uma campanha para afast\u00e1-lo da pol\u00edtica. &#8220;Estamos diante da maior persegui\u00e7\u00e3o j\u00e1 feita a um l\u00edder popular no Brasil. Bolsonaro venceu o sistema em 2018 e, por isso, nunca foi perdoado pela velha pol\u00edtica, pela grande m\u00eddia e por setores do Judici\u00e1rio,&#8221; disparou.<\/p>\n\n\n\n<p>Segundo Marinho, o ex-presidente representou o &#8220;sentimento de indigna\u00e7\u00e3o&#8221; da popula\u00e7\u00e3o, rompendo com os esquemas tradicionais sem ter o apoio da imprensa ou de grandes empres\u00e1rios. &#8220;Apareceu um improv\u00e1vel, que falou a l\u00edngua do povo e mudou o rumo do pa\u00eds,&#8221; resumiu.<\/p>\n\n\n\n<p>Marinho tamb\u00e9m voltou suas cr\u00edticas para a realidade do Rio Grande do Norte, citando a precariedade das estradas, da sa\u00fade p\u00fablica e da educa\u00e7\u00e3o. A situa\u00e7\u00e3o mostra, para o senador, que F\u00e1tima n\u00e3o tem preparo para ser governadora. &#8220;Com todo respeito, a governadora n\u00e3o \u00e9 mal-intencionada. Ela \u00e9 apenas incompetente e equivocada. Nosso Estado est\u00e1 abandonado.&#8221;<\/p>\n\n\n\n<p>O senador lamentou que, mesmo sendo professora, F\u00e1tima Bezerra deixe o Estado com a pior educa\u00e7\u00e3o do pa\u00eds. &#8220;Estamos no \u00faltimo lugar em educa\u00e7\u00e3o depois de sete anos de governo petista. Isso \u00e9 inadmiss\u00edvel.&#8221;<\/p>\n\n\n\n<p>Comparando o RN com estados vizinhos, Marinho apontou que a precariedade nas estradas \u00e9 um marco negativo do estado. &#8220;Basta cruzar a divisa para a Para\u00edba ou para o Cear\u00e1 para perceber a diferen\u00e7a. Aqui temos estradas destru\u00eddas, hospitais abandonados e uma administra\u00e7\u00e3o sem rumo,&#8221; criticou.<\/p>\n\n\n\n<p>O senador tamb\u00e9m condenou as a\u00e7\u00f5es econ\u00f4micas do atual governo federal, apontando falta de responsabilidade fiscal e aumento do custo de vida.&#8221;N\u00e3o se valoriza o sal\u00e1rio m\u00ednimo na canetada, se valoriza preservando o poder de compra. O pobre n\u00e3o come em d\u00f3lar, mas os alimentos s\u00e3o taxados em d\u00f3lar,&#8221; afirmou, ironizando as pol\u00edticas do presidente Lula.<\/p>\n\n\n\n<p>No encerramento, Rog\u00e9rio Marinho lan\u00e7ou oficialmente um novo projeto de aproxima\u00e7\u00e3o do PL com os munic\u00edpios, utilizando um aplicativo para mapear a\u00e7\u00f5es e divulgar dados reais: &#8220;A melhor arma contra a mentira \u00e9 a verdade e a informa\u00e7\u00e3o&#8221;, declarou.<\/p>\n\n\n\n<p>O evento contou com a presen\u00e7a do deputado estadual Carmelo Neto (PL-CE), o mais votado do Cear\u00e1 nas elei\u00e7\u00f5es de 2022, com 118.603 votos. Ele enalteceu as a\u00e7\u00f5es do secret\u00e1rio-geral do PL, Rog\u00e9rio Marinho, para fazer o partido impactar vidas de brasileiros nos pr\u00f3ximos anos.<\/p>\n\n\n\n<p>Mais informa\u00e7\u00f5es sobre o Projeto Rota 22 podem ser acessadas no site plrota22.com.br, no canal de WhatsApp do Rota 22 e nas redes sociais @pl22rn e @plnacional22.<\/p>\n\n\n\n<p>Realizado pelo PL em parceria com o Instituto \u00c1lvaro Valle, sob lideran\u00e7a do ex-presidente Jair Bolsonaro e do senador Rog\u00e9rio Marinho, o Rota 22 promove oficinas e semin\u00e1rios em todas as regi\u00f5es do Rio Grande do Norte com o objetivo de identificar demandas locais e fortalecer o compromisso do partido com a melhoria da qualidade de vida dos brasileiros.<\/p>\n","protected":false},"excerpt":{"rendered":"<p>Durante o semin\u00e1rio que marcou o encerramento das oficinas do projeto Rota 22 nas regi\u00f5es Alto e M\u00e9dio Oeste do Rio Grande do Norte, o senador Rog\u00e9rio Marinho (PL) criticou duramente a situa\u00e7\u00e3o do Estado sob a gest\u00e3o petista, da governadora F\u00e1tima Bezerra, e denunciou o que chamou de &#8220;persegui\u00e7\u00e3o pol\u00edtica&#8221; sofrida pelo ex-presidente Jair [&hellip;]<\/p>\n","protected":false},"author":1,"featured_media":0,"comment_status":"open","ping_status":"open","sticky":false,"template":"","format":"standard","meta":{"cybocfi_hide_featured_image":"","_jetpack_memberships_contains_paid_content":false,"footnotes":""},"categories":[1],"tags":[],"class_list":["post-5130","post","type-post","status-publish","format-standard","hentry","category-diversos"],"yoast_head":"<!-- This site is optimized with the Yoast SEO plugin v25.6 - https:\/\/yoast.com\/wordpress\/plugins\/seo\/ -->\n<title>\u201dGoverno do PT \u00e9 incompetente e o RN est\u00e1 abandonado&quot;, diz Rog\u00e9rio Marinho em Semin\u00e1rio do Rota 22 - Blog do Bispo<\/title>\n<meta name=\"robots\" content=\"index, follow, max-snippet:-1, max-image-preview:large, max-video-preview:-1\" \/>\n<link rel=\"canonical\" href=\"https:\/\/blogdobispo.com.br\/?p=5130\" \/>\n<meta property=\"og:locale\" content=\"pt_BR\" \/>\n<meta property=\"og:type\" content=\"article\" \/>\n<meta property=\"og:title\" content=\"\u201dGoverno do PT \u00e9 incompetente e o RN est\u00e1 abandonado&quot;, diz Rog\u00e9rio Marinho em Semin\u00e1rio do Rota 22 - Blog do Bispo\" \/>\n<meta property=\"og:description\" content=\"Durante o semin\u00e1rio que marcou o encerramento das oficinas do projeto Rota 22 nas regi\u00f5es Alto e M\u00e9dio Oeste do Rio Grande do Norte, o senador Rog\u00e9rio Marinho (PL) criticou duramente a situa\u00e7\u00e3o do Estado sob a gest\u00e3o petista, da governadora F\u00e1tima Bezerra, e denunciou o que chamou de &#8220;persegui\u00e7\u00e3o pol\u00edtica&#8221; sofrida pelo ex-presidente Jair [&hellip;]\" \/>\n<meta property=\"og:url\" content=\"https:\/\/blogdobispo.com.br\/?p=5130\" \/>\n<meta property=\"og:site_name\" content=\"Blog do Bispo\" \/>\n<meta property=\"article:published_time\" content=\"2025-04-26T17:00:05+00:00\" \/>\n<meta property=\"og:image\" content=\"https:\/\/blogdobispo.com.br\/wp-content\/uploads\/2025\/04\/9aca982f-cdd2-4e0c-b92a-93353a2826e2-1-1024x683.jpg\" \/>\n<meta name=\"author\" content=\"Jefferson Sterfeno\" \/>\n<meta name=\"twitter:card\" content=\"summary_large_image\" \/>\n<meta name=\"twitter:label1\" content=\"Escrito por\" \/>\n\t<meta name=\"twitter:data1\" content=\"Jefferson Sterfeno\" \/>\n\t<meta name=\"twitter:label2\" content=\"Est. tempo de leitura\" \/>\n\t<meta name=\"twitter:data2\" content=\"3 minutos\" \/>\n<script type=\"application\/ld+json\" class=\"yoast-schema-graph\">{\"@context\":\"https:\/\/schema.org\",\"@graph\":[{\"@type\":\"Article\",\"@id\":\"https:\/\/blogdobispo.com.br\/?p=5130#article\",\"isPartOf\":{\"@id\":\"https:\/\/blogdobispo.com.br\/?p=5130\"},\"author\":{\"name\":\"Jefferson Sterfeno\",\"@id\":\"https:\/\/blogdobispo.com.br\/#\/schema\/person\/e2209cc0e6cea5c5233d033e997b373f\"},\"headline\":\"\u201dGoverno do PT \u00e9 incompetente e o RN est\u00e1 abandonado&#8221;, diz Rog\u00e9rio Marinho em Semin\u00e1rio do Rota 22\",\"datePublished\":\"2025-04-26T17:00:05+00:00\",\"mainEntityOfPage\":{\"@id\":\"https:\/\/blogdobispo.com.br\/?p=5130\"},\"wordCount\":625,\"commentCount\":0,\"publisher\":{\"@id\":\"https:\/\/blogdobispo.com.br\/#organization\"},\"image\":{\"@id\":\"https:\/\/blogdobispo.com.br\/?p=5130#primaryimage\"},\"thumbnailUrl\":\"https:\/\/blogdobispo.com.br\/wp-content\/uploads\/2025\/04\/9aca982f-cdd2-4e0c-b92a-93353a2826e2-1-1024x683.jpg\",\"articleSection\":[\"diversos\"],\"inLanguage\":\"pt-BR\",\"potentialAction\":[{\"@type\":\"CommentAction\",\"name\":\"Comment\",\"target\":[\"https:\/\/blogdobispo.com.br\/?p=5130#respond\"]}]},{\"@type\":\"WebPage\",\"@id\":\"https:\/\/blogdobispo.com.br\/?p=5130\",\"url\":\"https:\/\/blogdobispo.com.br\/?p=5130\",\"name\":\"\u201dGoverno do PT \u00e9 incompetente e o RN est\u00e1 abandonado\\\", diz Rog\u00e9rio Marinho em Semin\u00e1rio do Rota 22 - Blog do Bispo\",\"isPartOf\":{\"@id\":\"https:\/\/blogdobispo.com.br\/#website\"},\"primaryImageOfPage\":{\"@id\":\"https:\/\/blogdobispo.com.br\/?p=5130#primaryimage\"},\"image\":{\"@id\":\"https:\/\/blogdobispo.com.br\/?p=5130#primaryimage\"},\"thumbnailUrl\":\"https:\/\/blogdobispo.com.br\/wp-content\/uploads\/2025\/04\/9aca982f-cdd2-4e0c-b92a-93353a2826e2-1-1024x683.jpg\",\"datePublished\":\"2025-04-26T17:00:05+00:00\",\"breadcrumb\":{\"@id\":\"https:\/\/blogdobispo.com.br\/?p=5130#breadcrumb\"},\"inLanguage\":\"pt-BR\",\"potentialAction\":[{\"@type\":\"ReadAction\",\"target\":[\"https:\/\/blogdobispo.com.br\/?p=5130\"]}]},{\"@type\":\"ImageObject\",\"inLanguage\":\"pt-BR\",\"@id\":\"https:\/\/blogdobispo.com.br\/?p=5130#primaryimage\",\"url\":\"https:\/\/blogdobispo.com.br\/wp-content\/uploads\/2025\/04\/9aca982f-cdd2-4e0c-b92a-93353a2826e2-1-1024x683.jpg\",\"contentUrl\":\"https:\/\/blogdobispo.com.br\/wp-content\/uploads\/2025\/04\/9aca982f-cdd2-4e0c-b92a-93353a2826e2-1-1024x683.jpg\"},{\"@type\":\"BreadcrumbList\",\"@id\":\"https:\/\/blogdobispo.com.br\/?p=5130#breadcrumb\",\"itemListElement\":[{\"@type\":\"ListItem\",\"position\":1,\"name\":\"In\u00edcio\",\"item\":\"https:\/\/blogdobispo.com.br\/\"},{\"@type\":\"ListItem\",\"position\":2,\"name\":\"\u201dGoverno do PT \u00e9 incompetente e o RN est\u00e1 abandonado&#8221;, diz Rog\u00e9rio Marinho em Semin\u00e1rio do Rota 22\"}]},{\"@type\":\"WebSite\",\"@id\":\"https:\/\/blogdobispo.com.br\/#website\",\"url\":\"https:\/\/blogdobispo.com.br\/\",\"name\":\"Blog do Bispo\",\"description\":\"Comprometido apenas com o leitor\",\"publisher\":{\"@id\":\"https:\/\/blogdobispo.com.br\/#organization\"},\"potentialAction\":[{\"@type\":\"SearchAction\",\"target\":{\"@type\":\"EntryPoint\",\"urlTemplate\":\"https:\/\/blogdobispo.com.br\/?s={search_term_string}\"},\"query-input\":{\"@type\":\"PropertyValueSpecification\",\"valueRequired\":true,\"valueName\":\"search_term_string\"}}],\"inLanguage\":\"pt-BR\"},{\"@type\":\"Organization\",\"@id\":\"https:\/\/blogdobispo.com.br\/#organization\",\"name\":\"Blog do Bispo\",\"url\":\"https:\/\/blogdobispo.com.br\/\",\"logo\":{\"@type\":\"ImageObject\",\"inLanguage\":\"pt-BR\",\"@id\":\"https:\/\/blogdobispo.com.br\/#\/schema\/logo\/image\/\",\"url\":\"http:\/\/blogdobispo.com.br\/wp-content\/uploads\/2023\/05\/cropped-headear.png\",\"contentUrl\":\"http:\/\/blogdobispo.com.br\/wp-content\/uploads\/2023\/05\/cropped-headear.png\",\"width\":1500,\"height\":399,\"caption\":\"Blog do Bispo\"},\"image\":{\"@id\":\"https:\/\/blogdobispo.com.br\/#\/schema\/logo\/image\/\"}},{\"@type\":\"Person\",\"@id\":\"https:\/\/blogdobispo.com.br\/#\/schema\/person\/e2209cc0e6cea5c5233d033e997b373f\",\"name\":\"Jefferson Sterfeno\",\"image\":{\"@type\":\"ImageObject\",\"inLanguage\":\"pt-BR\",\"@id\":\"https:\/\/blogdobispo.com.br\/#\/schema\/person\/image\/\",\"url\":\"https:\/\/secure.gravatar.com\/avatar\/0534e84764641168a677026b6d57a3f51dc7ac4db0b4f6186d9cb330d4ee1160?s=96&d=mm&r=g\",\"contentUrl\":\"https:\/\/secure.gravatar.com\/avatar\/0534e84764641168a677026b6d57a3f51dc7ac4db0b4f6186d9cb330d4ee1160?s=96&d=mm&r=g\",\"caption\":\"Jefferson Sterfeno\"},\"sameAs\":[\"http:\/\/blogdobispo.com.br\"],\"url\":\"https:\/\/blogdobispo.com.br\/?author=1\"}]}<\/script>\n<!-- \/ Yoast SEO plugin. -->","yoast_head_json":{"title":"\u201dGoverno do PT \u00e9 incompetente e o RN est\u00e1 abandonado\", diz Rog\u00e9rio Marinho em Semin\u00e1rio do Rota 22 - Blog do Bispo","robots":{"index":"index","follow":"follow","max-snippet":"max-snippet:-1","max-image-preview":"max-image-preview:large","max-video-preview":"max-video-preview:-1"},"canonical":"https:\/\/blogdobispo.com.br\/?p=5130","og_locale":"pt_BR","og_type":"article","og_title":"\u201dGoverno do PT \u00e9 incompetente e o RN est\u00e1 abandonado\", diz Rog\u00e9rio Marinho em Semin\u00e1rio do Rota 22 - Blog do Bispo","og_description":"Durante o semin\u00e1rio que marcou o encerramento das oficinas do projeto Rota 22 nas regi\u00f5es Alto e M\u00e9dio Oeste do Rio Grande do Norte, o senador Rog\u00e9rio Marinho (PL) criticou duramente a situa\u00e7\u00e3o do Estado sob a gest\u00e3o petista, da governadora F\u00e1tima Bezerra, e denunciou o que chamou de &#8220;persegui\u00e7\u00e3o pol\u00edtica&#8221; sofrida pelo ex-presidente Jair [&hellip;]","og_url":"https:\/\/blogdobispo.com.br\/?p=5130","og_site_name":"Blog do Bispo","article_published_time":"2025-04-26T17:00:05+00:00","og_image":[{"url":"https:\/\/blogdobispo.com.br\/wp-content\/uploads\/2025\/04\/9aca982f-cdd2-4e0c-b92a-93353a2826e2-1-1024x683.jpg","type":"","width":"","height":""}],"author":"Jefferson Sterfeno","twitter_card":"summary_large_image","twitter_misc":{"Escrito por":"Jefferson Sterfeno","Est. tempo de leitura":"3 minutos"},"schema":{"@context":"https:\/\/schema.org","@graph":[{"@type":"Article","@id":"https:\/\/blogdobispo.com.br\/?p=5130#article","isPartOf":{"@id":"https:\/\/blogdobispo.com.br\/?p=5130"},"author":{"name":"Jefferson Sterfeno","@id":"https:\/\/blogdobispo.com.br\/#\/schema\/person\/e2209cc0e6cea5c5233d033e997b373f"},"headline":"\u201dGoverno do PT \u00e9 incompetente e o RN est\u00e1 abandonado&#8221;, diz Rog\u00e9rio Marinho em Semin\u00e1rio do Rota 22","datePublished":"2025-04-26T17:00:05+00:00","mainEntityOfPage":{"@id":"https:\/\/blogdobispo.com.br\/?p=5130"},"wordCount":625,"commentCount":0,"publisher":{"@id":"https:\/\/blogdobispo.com.br\/#organization"},"image":{"@id":"https:\/\/blogdobispo.com.br\/?p=5130#primaryimage"},"thumbnailUrl":"https:\/\/blogdobispo.com.br\/wp-content\/uploads\/2025\/04\/9aca982f-cdd2-4e0c-b92a-93353a2826e2-1-1024x683.jpg","articleSection":["diversos"],"inLanguage":"pt-BR","potentialAction":[{"@type":"CommentAction","name":"Comment","target":["https:\/\/blogdobispo.com.br\/?p=5130#respond"]}]},{"@type":"WebPage","@id":"https:\/\/blogdobispo.com.br\/?p=5130","url":"https:\/\/blogdobispo.com.br\/?p=5130","name":"\u201dGoverno do PT \u00e9 incompetente e o RN est\u00e1 abandonado\", diz Rog\u00e9rio Marinho em Semin\u00e1rio do Rota 22 - Blog do Bispo","isPartOf":{"@id":"https:\/\/blogdobispo.com.br\/#website"},"primaryImageOfPage":{"@id":"https:\/\/blogdobispo.com.br\/?p=5130#primaryimage"},"image":{"@id":"https:\/\/blogdobispo.com.br\/?p=5130#primaryimage"},"thumbnailUrl":"https:\/\/blogdobispo.com.br\/wp-content\/uploads\/2025\/04\/9aca982f-cdd2-4e0c-b92a-93353a2826e2-1-1024x683.jpg","datePublished":"2025-04-26T17:00:05+00:00","breadcrumb":{"@id":"https:\/\/blogdobispo.com.br\/?p=5130#breadcrumb"},"inLanguage":"pt-BR","potentialAction":[{"@type":"ReadAction","target":["https:\/\/blogdobispo.com.br\/?p=5130"]}]},{"@type":"ImageObject","inLanguage":"pt-BR","@id":"https:\/\/blogdobispo.com.br\/?p=5130#primaryimage","url":"https:\/\/blogdobispo.com.br\/wp-content\/uploads\/2025\/04\/9aca982f-cdd2-4e0c-b92a-93353a2826e2-1-1024x683.jpg","contentUrl":"https:\/\/blogdobispo.com.br\/wp-content\/uploads\/2025\/04\/9aca982f-cdd2-4e0c-b92a-93353a2826e2-1-1024x683.jpg"},{"@type":"BreadcrumbList","@id":"https:\/\/blogdobispo.com.br\/?p=5130#breadcrumb","itemListElement":[{"@type":"ListItem","position":1,"name":"In\u00edcio","item":"https:\/\/blogdobispo.com.br\/"},{"@type":"ListItem","position":2,"name":"\u201dGoverno do PT \u00e9 incompetente e o RN est\u00e1 abandonado&#8221;, diz Rog\u00e9rio Marinho em Semin\u00e1rio do Rota 22"}]},{"@type":"WebSite","@id":"https:\/\/blogdobispo.com.br\/#website","url":"https:\/\/blogdobispo.com.br\/","name":"Blog do Bispo","description":"Comprometido apenas com o leitor","publisher":{"@id":"https:\/\/blogdobispo.com.br\/#organization"},"potentialAction":[{"@type":"SearchAction","target":{"@type":"EntryPoint","urlTemplate":"https:\/\/blogdobispo.com.br\/?s={search_term_string}"},"query-input":{"@type":"PropertyValueSpecification","valueRequired":true,"valueName":"search_term_string"}}],"inLanguage":"pt-BR"},{"@type":"Organization","@id":"https:\/\/blogdobispo.com.br\/#organization","name":"Blog do Bispo","url":"https:\/\/blogdobispo.com.br\/","logo":{"@type":"ImageObject","inLanguage":"pt-BR","@id":"https:\/\/blogdobispo.com.br\/#\/schema\/logo\/image\/","url":"http:\/\/blogdobispo.com.br\/wp-content\/uploads\/2023\/05\/cropped-headear.png","contentUrl":"http:\/\/blogdobispo.com.br\/wp-content\/uploads\/2023\/05\/cropped-headear.png","width":1500,"height":399,"caption":"Blog do Bispo"},"image":{"@id":"https:\/\/blogdobispo.com.br\/#\/schema\/logo\/image\/"}},{"@type":"Person","@id":"https:\/\/blogdobispo.com.br\/#\/schema\/person\/e2209cc0e6cea5c5233d033e997b373f","name":"Jefferson Sterfeno","image":{"@type":"ImageObject","inLanguage":"pt-BR","@id":"https:\/\/blogdobispo.com.br\/#\/schema\/person\/image\/","url":"https:\/\/secure.gravatar.com\/avatar\/0534e84764641168a677026b6d57a3f51dc7ac4db0b4f6186d9cb330d4ee1160?s=96&d=mm&r=g","contentUrl":"https:\/\/secure.gravatar.com\/avatar\/0534e84764641168a677026b6d57a3f51dc7ac4db0b4f6186d9cb330d4ee1160?s=96&d=mm&r=g","caption":"Jefferson Sterfeno"},"sameAs":["http:\/\/blogdobispo.com.br"],"url":"https:\/\/blogdobispo.com.br\/?author=1"}]}},"featured_image_urls":{"full":"","thumbnail":"","medium":"","medium_large":"","large":"","1536x1536":"","2048x2048":""},"author_info":{"display_name":"Jefferson Sterfeno","author_link":"https:\/\/blogdobispo.com.br\/?author=1"},"category_info":"<a href=\"https:\/\/blogdobispo.com.br\/?cat=1\" rel=\"category\">diversos<\/a>","tag_info":"diversos","comment_count":"0","jetpack_featured_media_url":"","jetpack_sharing_enabled":true,"_links":{"self":[{"href":"https:\/\/blogdobispo.com.br\/index.php?rest_route=\/wp\/v2\/posts\/5130","targetHints":{"allow":["GET"]}}],"collection":[{"href":"https:\/\/blogdobispo.com.br\/index.php?rest_route=\/wp\/v2\/posts"}],"about":[{"href":"https:\/\/blogdobispo.com.br\/index.php?rest_route=\/wp\/v2\/types\/post"}],"author":[{"embeddable":true,"href":"https:\/\/blogdobispo.com.br\/index.php?rest_route=\/wp\/v2\/users\/1"}],"replies":[{"embeddable":true,"href":"https:\/\/blogdobispo.com.br\/index.php?rest_route=%2Fwp%2Fv2%2Fcomments&post=5130"}],"version-history":[{"count":0,"href":"https:\/\/blogdobispo.com.br\/index.php?rest_route=\/wp\/v2\/posts\/5130\/revisions"}],"wp:attachment":[{"href":"https:\/\/blogdobispo.com.br\/index.php?rest_route=%2Fwp%2Fv2%2Fmedia&parent=5130"}],"wp:term":[{"taxonomy":"category","embeddable":true,"href":"https:\/\/blogdobispo.com.br\/index.php?rest_route=%2Fwp%2Fv2%2Fcategories&post=5130"},{"taxonomy":"post_tag","embeddable":true,"href":"https:\/\/blogdobispo.com.br\/index.php?rest_route=%2Fwp%2Fv2%2Ftags&post=5130"}],"curies":[{"name":"wp","href":"https:\/\/api.w.org\/{rel}","templated":true}]}}