{"id":5121,"date":"2025-04-25T22:16:51","date_gmt":"2025-04-25T22:16:51","guid":{"rendered":"https:\/\/blogdobispo.com.br\/?p=5121"},"modified":"2025-04-25T22:16:51","modified_gmt":"2025-04-25T22:16:51","slug":"corrida-ao-governo-2026-entenda-o-cenario-do-momento","status":"publish","type":"post","link":"https:\/\/blogdobispo.com.br\/?p=5121","title":{"rendered":"Corrida ao Governo 2026: Entenda o cen\u00e1rio do momento"},"content":{"rendered":"\n<figure class=\"wp-block-image size-large\"><img data-recalc-dims=\"1\" fetchpriority=\"high\" decoding=\"async\" width=\"739\" height=\"415\" src=\"https:\/\/i0.wp.com\/blogdobispo.com.br\/wp-content\/uploads\/2025\/04\/img_3980-1.jpg?resize=739%2C415&#038;ssl=1\" class=\"wp-image-5120\" srcset=\"https:\/\/i0.wp.com\/blogdobispo.com.br\/wp-content\/uploads\/2025\/04\/img_3980-1.jpg?w=739&amp;ssl=1 739w, https:\/\/i0.wp.com\/blogdobispo.com.br\/wp-content\/uploads\/2025\/04\/img_3980-1.jpg?resize=300%2C168&amp;ssl=1 300w\" sizes=\"(max-width: 739px) 100vw, 739px\" \/><\/figure>\n\n\n\n<p class=\"p1\"><\/p>\n\n\n\n<p class=\"p3\">A sucess\u00e3o da governadora F\u00e1tima Bezerra em 2026 j\u00e1 come\u00e7a a agitar os bastidores da pol\u00edtica potiguar. Com a possibilidade de a atual gestora disputar o Senado, partidos da base aliada e da oposi\u00e7\u00e3o come\u00e7am a articular seus nomes e estrat\u00e9gias. Veja os principais nomes especulados at\u00e9 agora:<\/p>\n\n\n\n<p class=\"p1\">Base Governista<\/p>\n\n\n\n<p class=\"p1\">Carlos Eduardo Xavier (PT)<\/p>\n\n\n\n<p class=\"p3\">Secret\u00e1rio estadual da Fazenda, Cadu Xavier \u00e9 o nome t\u00e9cnico favorito do n\u00facleo mais pr\u00f3ximo da governadora F\u00e1tima Bezerra. Ele representa a continuidade da atual gest\u00e3o, com apoio de setores do PT e outros partidos aliados. Sua candidatura ganha for\u00e7a com o afastamento do vice-governador Walter Alves da disputa.<\/p>\n\n\n\n<p class=\"p1\">Ezequiel Ferreira (PSDB)<\/p>\n\n\n\n<p class=\"p3\">Presidente da Assembleia Legislativa do RN, Ezequiel Ferreira \u00e9 considerado um dos nomes mais habilidosos da pol\u00edtica potiguar. Apesar de filiado ao PSDB, ele mant\u00e9m boas rela\u00e7\u00f5es com o governo F\u00e1tima e tem transitado bem entre diferentes campos pol\u00edticos. Sua candidatura, apoiada por um amplo leque de prefeitos e lideran\u00e7as regionais, \u00e9 vista como um movimento de composi\u00e7\u00e3o dentro da base aliada, especialmente se houver acordo entre PT e MDB.<\/p>\n\n\n\n<p class=\"p1\">Oposi\u00e7\u00e3o<\/p>\n\n\n\n<p class=\"p1\">Allyson Bezerra (Uni\u00e3o Brasil)<\/p>\n\n\n\n<p class=\"p3\">Prefeito de Mossor\u00f3, reeleito com alta aprova\u00e7\u00e3o, Allyson lidera pesquisas preliminares e representa um nome competitivo da oposi\u00e7\u00e3o, com apelo no interior e discurso de renova\u00e7\u00e3o.<\/p>\n\n\n\n<p class=\"p1\">Rog\u00e9rio Marinho (PL)<\/p>\n\n\n\n<p class=\"p3\">Senador e ex-ministro, Rog\u00e9rio articula uma frente ampla de oposi\u00e7\u00e3o. \u00c9 nome forte no campo da direita e busca consolidar alian\u00e7as com partidos como Republicanos e Uni\u00e3o Brasil para a disputa de 2026.<\/p>\n\n\n\n<p class=\"p1\">\u00c1lvaro Dias (Republicanos)<\/p>\n\n\n\n<p class=\"p3\">Ex-prefeito de Natal, \u00c1lvaro lan\u00e7ou sua pr\u00e9-candidatura ao governo com discurso de moderniza\u00e7\u00e3o e foco em gest\u00e3o. Sua base \u00e9 mais forte na capital e entre setores de centro-direita.<\/p>\n\n\n\n<p class=\"p1\">Styvenson Valentim (Podemos)<\/p>\n\n\n\n<p class=\"p3\">Senador com forte presen\u00e7a nas redes sociais e discurso cr\u00edtico \u00e0 pol\u00edtica tradicional. Ainda indefinido, mas segue como poss\u00edvel alternativa \u201coutsider\u201d para 2026.<\/p>\n","protected":false},"excerpt":{"rendered":"<p>A sucess\u00e3o da governadora F\u00e1tima Bezerra em 2026 j\u00e1 come\u00e7a a agitar os bastidores da pol\u00edtica potiguar. Com a possibilidade de a atual gestora disputar o Senado, partidos da base aliada e da oposi\u00e7\u00e3o come\u00e7am a articular seus nomes e estrat\u00e9gias. Veja os principais nomes especulados at\u00e9 agora: Base Governista Carlos Eduardo Xavier (PT) Secret\u00e1rio [&hellip;]<\/p>\n","protected":false},"author":1,"featured_media":0,"comment_status":"open","ping_status":"open","sticky":false,"template":"","format":"standard","meta":{"cybocfi_hide_featured_image":"","_jetpack_memberships_contains_paid_content":false,"footnotes":""},"categories":[1],"tags":[],"class_list":["post-5121","post","type-post","status-publish","format-standard","hentry","category-diversos"],"yoast_head":"<!-- This site is optimized with the Yoast SEO plugin v25.6 - https:\/\/yoast.com\/wordpress\/plugins\/seo\/ -->\n<title>Corrida ao Governo 2026: Entenda o cen\u00e1rio do momento - Blog do Bispo<\/title>\n<meta name=\"robots\" content=\"index, follow, max-snippet:-1, max-image-preview:large, max-video-preview:-1\" \/>\n<link rel=\"canonical\" href=\"https:\/\/blogdobispo.com.br\/?p=5121\" \/>\n<meta property=\"og:locale\" content=\"pt_BR\" \/>\n<meta property=\"og:type\" content=\"article\" \/>\n<meta property=\"og:title\" content=\"Corrida ao Governo 2026: Entenda o cen\u00e1rio do momento - Blog do Bispo\" \/>\n<meta property=\"og:description\" content=\"A sucess\u00e3o da governadora F\u00e1tima Bezerra em 2026 j\u00e1 come\u00e7a a agitar os bastidores da pol\u00edtica potiguar. Com a possibilidade de a atual gestora disputar o Senado, partidos da base aliada e da oposi\u00e7\u00e3o come\u00e7am a articular seus nomes e estrat\u00e9gias. Veja os principais nomes especulados at\u00e9 agora: Base Governista Carlos Eduardo Xavier (PT) Secret\u00e1rio [&hellip;]\" \/>\n<meta property=\"og:url\" content=\"https:\/\/blogdobispo.com.br\/?p=5121\" \/>\n<meta property=\"og:site_name\" content=\"Blog do Bispo\" \/>\n<meta property=\"article:published_time\" content=\"2025-04-25T22:16:51+00:00\" \/>\n<meta property=\"og:image\" content=\"https:\/\/blogdobispo.com.br\/wp-content\/uploads\/2025\/04\/img_3980-1.jpg\" \/>\n<meta name=\"author\" content=\"Jefferson Sterfeno\" \/>\n<meta name=\"twitter:card\" content=\"summary_large_image\" \/>\n<meta name=\"twitter:label1\" content=\"Escrito por\" \/>\n\t<meta name=\"twitter:data1\" content=\"Jefferson Sterfeno\" \/>\n\t<meta name=\"twitter:label2\" content=\"Est. tempo de leitura\" \/>\n\t<meta name=\"twitter:data2\" content=\"2 minutos\" \/>\n<script type=\"application\/ld+json\" class=\"yoast-schema-graph\">{\"@context\":\"https:\/\/schema.org\",\"@graph\":[{\"@type\":\"Article\",\"@id\":\"https:\/\/blogdobispo.com.br\/?p=5121#article\",\"isPartOf\":{\"@id\":\"https:\/\/blogdobispo.com.br\/?p=5121\"},\"author\":{\"name\":\"Jefferson Sterfeno\",\"@id\":\"https:\/\/blogdobispo.com.br\/#\/schema\/person\/e2209cc0e6cea5c5233d033e997b373f\"},\"headline\":\"Corrida ao Governo 2026: Entenda o cen\u00e1rio do momento\",\"datePublished\":\"2025-04-25T22:16:51+00:00\",\"mainEntityOfPage\":{\"@id\":\"https:\/\/blogdobispo.com.br\/?p=5121\"},\"wordCount\":340,\"commentCount\":0,\"publisher\":{\"@id\":\"https:\/\/blogdobispo.com.br\/#organization\"},\"image\":{\"@id\":\"https:\/\/blogdobispo.com.br\/?p=5121#primaryimage\"},\"thumbnailUrl\":\"https:\/\/blogdobispo.com.br\/wp-content\/uploads\/2025\/04\/img_3980-1.jpg\",\"articleSection\":[\"diversos\"],\"inLanguage\":\"pt-BR\",\"potentialAction\":[{\"@type\":\"CommentAction\",\"name\":\"Comment\",\"target\":[\"https:\/\/blogdobispo.com.br\/?p=5121#respond\"]}]},{\"@type\":\"WebPage\",\"@id\":\"https:\/\/blogdobispo.com.br\/?p=5121\",\"url\":\"https:\/\/blogdobispo.com.br\/?p=5121\",\"name\":\"Corrida ao Governo 2026: Entenda o cen\u00e1rio do momento - Blog do Bispo\",\"isPartOf\":{\"@id\":\"https:\/\/blogdobispo.com.br\/#website\"},\"primaryImageOfPage\":{\"@id\":\"https:\/\/blogdobispo.com.br\/?p=5121#primaryimage\"},\"image\":{\"@id\":\"https:\/\/blogdobispo.com.br\/?p=5121#primaryimage\"},\"thumbnailUrl\":\"https:\/\/blogdobispo.com.br\/wp-content\/uploads\/2025\/04\/img_3980-1.jpg\",\"datePublished\":\"2025-04-25T22:16:51+00:00\",\"breadcrumb\":{\"@id\":\"https:\/\/blogdobispo.com.br\/?p=5121#breadcrumb\"},\"inLanguage\":\"pt-BR\",\"potentialAction\":[{\"@type\":\"ReadAction\",\"target\":[\"https:\/\/blogdobispo.com.br\/?p=5121\"]}]},{\"@type\":\"ImageObject\",\"inLanguage\":\"pt-BR\",\"@id\":\"https:\/\/blogdobispo.com.br\/?p=5121#primaryimage\",\"url\":\"https:\/\/blogdobispo.com.br\/wp-content\/uploads\/2025\/04\/img_3980-1.jpg\",\"contentUrl\":\"https:\/\/blogdobispo.com.br\/wp-content\/uploads\/2025\/04\/img_3980-1.jpg\"},{\"@type\":\"BreadcrumbList\",\"@id\":\"https:\/\/blogdobispo.com.br\/?p=5121#breadcrumb\",\"itemListElement\":[{\"@type\":\"ListItem\",\"position\":1,\"name\":\"In\u00edcio\",\"item\":\"https:\/\/blogdobispo.com.br\/\"},{\"@type\":\"ListItem\",\"position\":2,\"name\":\"Corrida ao Governo 2026: Entenda o cen\u00e1rio do momento\"}]},{\"@type\":\"WebSite\",\"@id\":\"https:\/\/blogdobispo.com.br\/#website\",\"url\":\"https:\/\/blogdobispo.com.br\/\",\"name\":\"Blog do Bispo\",\"description\":\"Comprometido apenas com o leitor\",\"publisher\":{\"@id\":\"https:\/\/blogdobispo.com.br\/#organization\"},\"potentialAction\":[{\"@type\":\"SearchAction\",\"target\":{\"@type\":\"EntryPoint\",\"urlTemplate\":\"https:\/\/blogdobispo.com.br\/?s={search_term_string}\"},\"query-input\":{\"@type\":\"PropertyValueSpecification\",\"valueRequired\":true,\"valueName\":\"search_term_string\"}}],\"inLanguage\":\"pt-BR\"},{\"@type\":\"Organization\",\"@id\":\"https:\/\/blogdobispo.com.br\/#organization\",\"name\":\"Blog do Bispo\",\"url\":\"https:\/\/blogdobispo.com.br\/\",\"logo\":{\"@type\":\"ImageObject\",\"inLanguage\":\"pt-BR\",\"@id\":\"https:\/\/blogdobispo.com.br\/#\/schema\/logo\/image\/\",\"url\":\"http:\/\/blogdobispo.com.br\/wp-content\/uploads\/2023\/05\/cropped-headear.png\",\"contentUrl\":\"http:\/\/blogdobispo.com.br\/wp-content\/uploads\/2023\/05\/cropped-headear.png\",\"width\":1500,\"height\":399,\"caption\":\"Blog do Bispo\"},\"image\":{\"@id\":\"https:\/\/blogdobispo.com.br\/#\/schema\/logo\/image\/\"}},{\"@type\":\"Person\",\"@id\":\"https:\/\/blogdobispo.com.br\/#\/schema\/person\/e2209cc0e6cea5c5233d033e997b373f\",\"name\":\"Jefferson Sterfeno\",\"image\":{\"@type\":\"ImageObject\",\"inLanguage\":\"pt-BR\",\"@id\":\"https:\/\/blogdobispo.com.br\/#\/schema\/person\/image\/\",\"url\":\"https:\/\/secure.gravatar.com\/avatar\/0534e84764641168a677026b6d57a3f51dc7ac4db0b4f6186d9cb330d4ee1160?s=96&d=mm&r=g\",\"contentUrl\":\"https:\/\/secure.gravatar.com\/avatar\/0534e84764641168a677026b6d57a3f51dc7ac4db0b4f6186d9cb330d4ee1160?s=96&d=mm&r=g\",\"caption\":\"Jefferson Sterfeno\"},\"sameAs\":[\"http:\/\/blogdobispo.com.br\"],\"url\":\"https:\/\/blogdobispo.com.br\/?author=1\"}]}<\/script>\n<!-- \/ Yoast SEO plugin. -->","yoast_head_json":{"title":"Corrida ao Governo 2026: Entenda o cen\u00e1rio do momento - Blog do Bispo","robots":{"index":"index","follow":"follow","max-snippet":"max-snippet:-1","max-image-preview":"max-image-preview:large","max-video-preview":"max-video-preview:-1"},"canonical":"https:\/\/blogdobispo.com.br\/?p=5121","og_locale":"pt_BR","og_type":"article","og_title":"Corrida ao Governo 2026: Entenda o cen\u00e1rio do momento - Blog do Bispo","og_description":"A sucess\u00e3o da governadora F\u00e1tima Bezerra em 2026 j\u00e1 come\u00e7a a agitar os bastidores da pol\u00edtica potiguar. Com a possibilidade de a atual gestora disputar o Senado, partidos da base aliada e da oposi\u00e7\u00e3o come\u00e7am a articular seus nomes e estrat\u00e9gias. Veja os principais nomes especulados at\u00e9 agora: Base Governista Carlos Eduardo Xavier (PT) Secret\u00e1rio [&hellip;]","og_url":"https:\/\/blogdobispo.com.br\/?p=5121","og_site_name":"Blog do Bispo","article_published_time":"2025-04-25T22:16:51+00:00","og_image":[{"url":"https:\/\/blogdobispo.com.br\/wp-content\/uploads\/2025\/04\/img_3980-1.jpg","type":"","width":"","height":""}],"author":"Jefferson Sterfeno","twitter_card":"summary_large_image","twitter_misc":{"Escrito por":"Jefferson Sterfeno","Est. tempo de leitura":"2 minutos"},"schema":{"@context":"https:\/\/schema.org","@graph":[{"@type":"Article","@id":"https:\/\/blogdobispo.com.br\/?p=5121#article","isPartOf":{"@id":"https:\/\/blogdobispo.com.br\/?p=5121"},"author":{"name":"Jefferson Sterfeno","@id":"https:\/\/blogdobispo.com.br\/#\/schema\/person\/e2209cc0e6cea5c5233d033e997b373f"},"headline":"Corrida ao Governo 2026: Entenda o cen\u00e1rio do momento","datePublished":"2025-04-25T22:16:51+00:00","mainEntityOfPage":{"@id":"https:\/\/blogdobispo.com.br\/?p=5121"},"wordCount":340,"commentCount":0,"publisher":{"@id":"https:\/\/blogdobispo.com.br\/#organization"},"image":{"@id":"https:\/\/blogdobispo.com.br\/?p=5121#primaryimage"},"thumbnailUrl":"https:\/\/blogdobispo.com.br\/wp-content\/uploads\/2025\/04\/img_3980-1.jpg","articleSection":["diversos"],"inLanguage":"pt-BR","potentialAction":[{"@type":"CommentAction","name":"Comment","target":["https:\/\/blogdobispo.com.br\/?p=5121#respond"]}]},{"@type":"WebPage","@id":"https:\/\/blogdobispo.com.br\/?p=5121","url":"https:\/\/blogdobispo.com.br\/?p=5121","name":"Corrida ao Governo 2026: Entenda o cen\u00e1rio do momento - Blog do Bispo","isPartOf":{"@id":"https:\/\/blogdobispo.com.br\/#website"},"primaryImageOfPage":{"@id":"https:\/\/blogdobispo.com.br\/?p=5121#primaryimage"},"image":{"@id":"https:\/\/blogdobispo.com.br\/?p=5121#primaryimage"},"thumbnailUrl":"https:\/\/blogdobispo.com.br\/wp-content\/uploads\/2025\/04\/img_3980-1.jpg","datePublished":"2025-04-25T22:16:51+00:00","breadcrumb":{"@id":"https:\/\/blogdobispo.com.br\/?p=5121#breadcrumb"},"inLanguage":"pt-BR","potentialAction":[{"@type":"ReadAction","target":["https:\/\/blogdobispo.com.br\/?p=5121"]}]},{"@type":"ImageObject","inLanguage":"pt-BR","@id":"https:\/\/blogdobispo.com.br\/?p=5121#primaryimage","url":"https:\/\/blogdobispo.com.br\/wp-content\/uploads\/2025\/04\/img_3980-1.jpg","contentUrl":"https:\/\/blogdobispo.com.br\/wp-content\/uploads\/2025\/04\/img_3980-1.jpg"},{"@type":"BreadcrumbList","@id":"https:\/\/blogdobispo.com.br\/?p=5121#breadcrumb","itemListElement":[{"@type":"ListItem","position":1,"name":"In\u00edcio","item":"https:\/\/blogdobispo.com.br\/"},{"@type":"ListItem","position":2,"name":"Corrida ao Governo 2026: Entenda o cen\u00e1rio do momento"}]},{"@type":"WebSite","@id":"https:\/\/blogdobispo.com.br\/#website","url":"https:\/\/blogdobispo.com.br\/","name":"Blog do Bispo","description":"Comprometido apenas com o leitor","publisher":{"@id":"https:\/\/blogdobispo.com.br\/#organization"},"potentialAction":[{"@type":"SearchAction","target":{"@type":"EntryPoint","urlTemplate":"https:\/\/blogdobispo.com.br\/?s={search_term_string}"},"query-input":{"@type":"PropertyValueSpecification","valueRequired":true,"valueName":"search_term_string"}}],"inLanguage":"pt-BR"},{"@type":"Organization","@id":"https:\/\/blogdobispo.com.br\/#organization","name":"Blog do Bispo","url":"https:\/\/blogdobispo.com.br\/","logo":{"@type":"ImageObject","inLanguage":"pt-BR","@id":"https:\/\/blogdobispo.com.br\/#\/schema\/logo\/image\/","url":"http:\/\/blogdobispo.com.br\/wp-content\/uploads\/2023\/05\/cropped-headear.png","contentUrl":"http:\/\/blogdobispo.com.br\/wp-content\/uploads\/2023\/05\/cropped-headear.png","width":1500,"height":399,"caption":"Blog do Bispo"},"image":{"@id":"https:\/\/blogdobispo.com.br\/#\/schema\/logo\/image\/"}},{"@type":"Person","@id":"https:\/\/blogdobispo.com.br\/#\/schema\/person\/e2209cc0e6cea5c5233d033e997b373f","name":"Jefferson Sterfeno","image":{"@type":"ImageObject","inLanguage":"pt-BR","@id":"https:\/\/blogdobispo.com.br\/#\/schema\/person\/image\/","url":"https:\/\/secure.gravatar.com\/avatar\/0534e84764641168a677026b6d57a3f51dc7ac4db0b4f6186d9cb330d4ee1160?s=96&d=mm&r=g","contentUrl":"https:\/\/secure.gravatar.com\/avatar\/0534e84764641168a677026b6d57a3f51dc7ac4db0b4f6186d9cb330d4ee1160?s=96&d=mm&r=g","caption":"Jefferson Sterfeno"},"sameAs":["http:\/\/blogdobispo.com.br"],"url":"https:\/\/blogdobispo.com.br\/?author=1"}]}},"featured_image_urls":{"full":"","thumbnail":"","medium":"","medium_large":"","large":"","1536x1536":"","2048x2048":""},"author_info":{"display_name":"Jefferson Sterfeno","author_link":"https:\/\/blogdobispo.com.br\/?author=1"},"category_info":"<a href=\"https:\/\/blogdobispo.com.br\/?cat=1\" rel=\"category\">diversos<\/a>","tag_info":"diversos","comment_count":"0","jetpack_featured_media_url":"","jetpack_sharing_enabled":true,"_links":{"self":[{"href":"https:\/\/blogdobispo.com.br\/index.php?rest_route=\/wp\/v2\/posts\/5121","targetHints":{"allow":["GET"]}}],"collection":[{"href":"https:\/\/blogdobispo.com.br\/index.php?rest_route=\/wp\/v2\/posts"}],"about":[{"href":"https:\/\/blogdobispo.com.br\/index.php?rest_route=\/wp\/v2\/types\/post"}],"author":[{"embeddable":true,"href":"https:\/\/blogdobispo.com.br\/index.php?rest_route=\/wp\/v2\/users\/1"}],"replies":[{"embeddable":true,"href":"https:\/\/blogdobispo.com.br\/index.php?rest_route=%2Fwp%2Fv2%2Fcomments&post=5121"}],"version-history":[{"count":0,"href":"https:\/\/blogdobispo.com.br\/index.php?rest_route=\/wp\/v2\/posts\/5121\/revisions"}],"wp:attachment":[{"href":"https:\/\/blogdobispo.com.br\/index.php?rest_route=%2Fwp%2Fv2%2Fmedia&parent=5121"}],"wp:term":[{"taxonomy":"category","embeddable":true,"href":"https:\/\/blogdobispo.com.br\/index.php?rest_route=%2Fwp%2Fv2%2Fcategories&post=5121"},{"taxonomy":"post_tag","embeddable":true,"href":"https:\/\/blogdobispo.com.br\/index.php?rest_route=%2Fwp%2Fv2%2Ftags&post=5121"}],"curies":[{"name":"wp","href":"https:\/\/api.w.org\/{rel}","templated":true}]}}