{"id":5116,"date":"2025-04-25T01:36:11","date_gmt":"2025-04-25T01:36:11","guid":{"rendered":"https:\/\/blogdobispo.com.br\/?p=5116"},"modified":"2025-04-25T01:36:11","modified_gmt":"2025-04-25T01:36:11","slug":"raniere-barbosa-ministra-palestra-na-xxiv-marcha-dos-legislativos-municipais-em-brasilia","status":"publish","type":"post","link":"https:\/\/blogdobispo.com.br\/?p=5116","title":{"rendered":"Raniere Barbosa ministra palestra na XXIV Marcha dos Legislativos Municipais, em Bras\u00edlia"},"content":{"rendered":"\n<figure class=\"wp-block-image size-large\"><img data-recalc-dims=\"1\" fetchpriority=\"high\" decoding=\"async\" width=\"800\" height=\"600\" src=\"https:\/\/i0.wp.com\/blogdobispo.com.br\/wp-content\/uploads\/2025\/04\/img_3963-1.jpg?resize=800%2C600&#038;ssl=1\" class=\"wp-image-5115\" srcset=\"https:\/\/i0.wp.com\/blogdobispo.com.br\/wp-content\/uploads\/2025\/04\/img_3963-1.jpg?w=1024&amp;ssl=1 1024w, https:\/\/i0.wp.com\/blogdobispo.com.br\/wp-content\/uploads\/2025\/04\/img_3963-1.jpg?resize=300%2C225&amp;ssl=1 300w, https:\/\/i0.wp.com\/blogdobispo.com.br\/wp-content\/uploads\/2025\/04\/img_3963-1.jpg?resize=768%2C576&amp;ssl=1 768w\" sizes=\"(max-width: 800px) 100vw, 800px\" \/><\/figure>\n\n\n\n<p>O ex-vereador e atual assessor especial do gabinete do prefeito de Natal, Raniere Barbosa, foi um dos palestrantes da XXIV Marcha dos Gestores e Legislativos Municipais, evento que acontece at\u00e9 esta quinta-feira (25), na capital federal. Raniere ministrou a palestra com o tema: \u201cInova\u00e7\u00e3o, Autonomia, Efic\u00e1cia e Fortalecimento da Gest\u00e3o Legislativa\u201d, destacando a import\u00e2ncia do fortalecimento do Poder Legislativo Municipal e da busca por uma gest\u00e3o mais eficiente e inovadora nas C\u00e2maras de todo o Brasil.<\/p>\n\n\n\n<p>Considerada o maior encontro de Legislativos Municipais da Am\u00e9rica Latina, a Marcha re\u00fane vereadores, vereadoras, diretores, assessores, procuradores, prefeitos, vice-prefeitos e demais agentes p\u00fablicos que atuam diretamente na constru\u00e7\u00e3o de pol\u00edticas p\u00fablicas municipais. O evento \u00e9 promovido pela Uni\u00e3o dos Vereadores do Brasil (UVB) com o objetivo de valorizar o municipalismo e promover a troca de experi\u00eancias, capacita\u00e7\u00e3o e articula\u00e7\u00e3o pol\u00edtica entre os participantes.<\/p>\n\n\n\n<p>Neste ano, a Marcha traz como tema central: \u201cA Transforma\u00e7\u00e3o das Cidades Passa Pelas C\u00e2maras Municipais\u201d, refor\u00e7ando o papel estrat\u00e9gico do Legislativo local na promo\u00e7\u00e3o do desenvolvimento urbano e na defesa da democracia representativa.<\/p>\n\n\n\n<p>Durante a programa\u00e7\u00e3o, s\u00e3o debatidos temas como m\u00eddia e comunica\u00e7\u00e3o no mandato, processo legislativo, controle externo, intelig\u00eancia artificial, reforma tribut\u00e1ria, reforma pol\u00edtica, participa\u00e7\u00e3o da mulher na pol\u00edtica, defesa animal, sustentabilidade, pol\u00edticas p\u00fablicas e inclus\u00e3o.<\/p>\n\n\n\n<p>Entre os destaques do evento est\u00e1 o Trof\u00e9u Destaque Nacional, que premia iniciativas de impacto social desenvolvidas nos parlamentos municipais, e a EXPOBRASIL, uma mostra cultural e institucional com participa\u00e7\u00e3o de munic\u00edpios de todo o pa\u00eds.<\/p>\n\n\n\n<p>A Marcha tamb\u00e9m promoveu a tradicional manifesta\u00e7\u00e3o com o registro das bandeiras dos munic\u00edpios na Pra\u00e7a dos Tr\u00eas Poderes, em defesa do fortalecimento do Poder Legislativo Municipal.<\/p>\n\n\n\n<p><ins class=\"adsbygoogle adsbygoogle-noablate\"><\/ins><\/p>\n","protected":false},"excerpt":{"rendered":"<p>O ex-vereador e atual assessor especial do gabinete do prefeito de Natal, Raniere Barbosa, foi um dos palestrantes da XXIV Marcha dos Gestores e Legislativos Municipais, evento que acontece at\u00e9 esta quinta-feira (25), na capital federal. Raniere ministrou a palestra com o tema: \u201cInova\u00e7\u00e3o, Autonomia, Efic\u00e1cia e Fortalecimento da Gest\u00e3o Legislativa\u201d, destacando a import\u00e2ncia do [&hellip;]<\/p>\n","protected":false},"author":1,"featured_media":0,"comment_status":"open","ping_status":"open","sticky":false,"template":"","format":"standard","meta":{"cybocfi_hide_featured_image":"","_jetpack_memberships_contains_paid_content":false,"footnotes":""},"categories":[1],"tags":[],"class_list":["post-5116","post","type-post","status-publish","format-standard","hentry","category-diversos"],"yoast_head":"<!-- This site is optimized with the Yoast SEO plugin v25.6 - https:\/\/yoast.com\/wordpress\/plugins\/seo\/ -->\n<title>Raniere Barbosa ministra palestra na XXIV Marcha dos Legislativos Municipais, em Bras\u00edlia - Blog do Bispo<\/title>\n<meta name=\"robots\" content=\"index, follow, max-snippet:-1, max-image-preview:large, max-video-preview:-1\" \/>\n<link rel=\"canonical\" href=\"https:\/\/blogdobispo.com.br\/?p=5116\" \/>\n<meta property=\"og:locale\" content=\"pt_BR\" \/>\n<meta property=\"og:type\" content=\"article\" \/>\n<meta property=\"og:title\" content=\"Raniere Barbosa ministra palestra na XXIV Marcha dos Legislativos Municipais, em Bras\u00edlia - Blog do Bispo\" \/>\n<meta property=\"og:description\" content=\"O ex-vereador e atual assessor especial do gabinete do prefeito de Natal, Raniere Barbosa, foi um dos palestrantes da XXIV Marcha dos Gestores e Legislativos Municipais, evento que acontece at\u00e9 esta quinta-feira (25), na capital federal. Raniere ministrou a palestra com o tema: \u201cInova\u00e7\u00e3o, Autonomia, Efic\u00e1cia e Fortalecimento da Gest\u00e3o Legislativa\u201d, destacando a import\u00e2ncia do [&hellip;]\" \/>\n<meta property=\"og:url\" content=\"https:\/\/blogdobispo.com.br\/?p=5116\" \/>\n<meta property=\"og:site_name\" content=\"Blog do Bispo\" \/>\n<meta property=\"article:published_time\" content=\"2025-04-25T01:36:11+00:00\" \/>\n<meta property=\"og:image\" content=\"https:\/\/blogdobispo.com.br\/wp-content\/uploads\/2025\/04\/img_3963-1.jpg\" \/>\n<meta name=\"author\" content=\"Jefferson Sterfeno\" \/>\n<meta name=\"twitter:card\" content=\"summary_large_image\" \/>\n<meta name=\"twitter:label1\" content=\"Escrito por\" \/>\n\t<meta name=\"twitter:data1\" content=\"Jefferson Sterfeno\" \/>\n\t<meta name=\"twitter:label2\" content=\"Est. tempo de leitura\" \/>\n\t<meta name=\"twitter:data2\" content=\"2 minutos\" \/>\n<script type=\"application\/ld+json\" class=\"yoast-schema-graph\">{\"@context\":\"https:\/\/schema.org\",\"@graph\":[{\"@type\":\"Article\",\"@id\":\"https:\/\/blogdobispo.com.br\/?p=5116#article\",\"isPartOf\":{\"@id\":\"https:\/\/blogdobispo.com.br\/?p=5116\"},\"author\":{\"name\":\"Jefferson Sterfeno\",\"@id\":\"https:\/\/blogdobispo.com.br\/#\/schema\/person\/e2209cc0e6cea5c5233d033e997b373f\"},\"headline\":\"Raniere Barbosa ministra palestra na XXIV Marcha dos Legislativos Municipais, em Bras\u00edlia\",\"datePublished\":\"2025-04-25T01:36:11+00:00\",\"mainEntityOfPage\":{\"@id\":\"https:\/\/blogdobispo.com.br\/?p=5116\"},\"wordCount\":325,\"commentCount\":0,\"publisher\":{\"@id\":\"https:\/\/blogdobispo.com.br\/#organization\"},\"image\":{\"@id\":\"https:\/\/blogdobispo.com.br\/?p=5116#primaryimage\"},\"thumbnailUrl\":\"https:\/\/blogdobispo.com.br\/wp-content\/uploads\/2025\/04\/img_3963-1.jpg\",\"articleSection\":[\"diversos\"],\"inLanguage\":\"pt-BR\",\"potentialAction\":[{\"@type\":\"CommentAction\",\"name\":\"Comment\",\"target\":[\"https:\/\/blogdobispo.com.br\/?p=5116#respond\"]}]},{\"@type\":\"WebPage\",\"@id\":\"https:\/\/blogdobispo.com.br\/?p=5116\",\"url\":\"https:\/\/blogdobispo.com.br\/?p=5116\",\"name\":\"Raniere Barbosa ministra palestra na XXIV Marcha dos Legislativos Municipais, em Bras\u00edlia - Blog do Bispo\",\"isPartOf\":{\"@id\":\"https:\/\/blogdobispo.com.br\/#website\"},\"primaryImageOfPage\":{\"@id\":\"https:\/\/blogdobispo.com.br\/?p=5116#primaryimage\"},\"image\":{\"@id\":\"https:\/\/blogdobispo.com.br\/?p=5116#primaryimage\"},\"thumbnailUrl\":\"https:\/\/blogdobispo.com.br\/wp-content\/uploads\/2025\/04\/img_3963-1.jpg\",\"datePublished\":\"2025-04-25T01:36:11+00:00\",\"breadcrumb\":{\"@id\":\"https:\/\/blogdobispo.com.br\/?p=5116#breadcrumb\"},\"inLanguage\":\"pt-BR\",\"potentialAction\":[{\"@type\":\"ReadAction\",\"target\":[\"https:\/\/blogdobispo.com.br\/?p=5116\"]}]},{\"@type\":\"ImageObject\",\"inLanguage\":\"pt-BR\",\"@id\":\"https:\/\/blogdobispo.com.br\/?p=5116#primaryimage\",\"url\":\"https:\/\/blogdobispo.com.br\/wp-content\/uploads\/2025\/04\/img_3963-1.jpg\",\"contentUrl\":\"https:\/\/blogdobispo.com.br\/wp-content\/uploads\/2025\/04\/img_3963-1.jpg\"},{\"@type\":\"BreadcrumbList\",\"@id\":\"https:\/\/blogdobispo.com.br\/?p=5116#breadcrumb\",\"itemListElement\":[{\"@type\":\"ListItem\",\"position\":1,\"name\":\"In\u00edcio\",\"item\":\"https:\/\/blogdobispo.com.br\/\"},{\"@type\":\"ListItem\",\"position\":2,\"name\":\"Raniere Barbosa ministra palestra na XXIV Marcha dos Legislativos Municipais, em Bras\u00edlia\"}]},{\"@type\":\"WebSite\",\"@id\":\"https:\/\/blogdobispo.com.br\/#website\",\"url\":\"https:\/\/blogdobispo.com.br\/\",\"name\":\"Blog do Bispo\",\"description\":\"Comprometido apenas com o leitor\",\"publisher\":{\"@id\":\"https:\/\/blogdobispo.com.br\/#organization\"},\"potentialAction\":[{\"@type\":\"SearchAction\",\"target\":{\"@type\":\"EntryPoint\",\"urlTemplate\":\"https:\/\/blogdobispo.com.br\/?s={search_term_string}\"},\"query-input\":{\"@type\":\"PropertyValueSpecification\",\"valueRequired\":true,\"valueName\":\"search_term_string\"}}],\"inLanguage\":\"pt-BR\"},{\"@type\":\"Organization\",\"@id\":\"https:\/\/blogdobispo.com.br\/#organization\",\"name\":\"Blog do Bispo\",\"url\":\"https:\/\/blogdobispo.com.br\/\",\"logo\":{\"@type\":\"ImageObject\",\"inLanguage\":\"pt-BR\",\"@id\":\"https:\/\/blogdobispo.com.br\/#\/schema\/logo\/image\/\",\"url\":\"http:\/\/blogdobispo.com.br\/wp-content\/uploads\/2023\/05\/cropped-headear.png\",\"contentUrl\":\"http:\/\/blogdobispo.com.br\/wp-content\/uploads\/2023\/05\/cropped-headear.png\",\"width\":1500,\"height\":399,\"caption\":\"Blog do Bispo\"},\"image\":{\"@id\":\"https:\/\/blogdobispo.com.br\/#\/schema\/logo\/image\/\"}},{\"@type\":\"Person\",\"@id\":\"https:\/\/blogdobispo.com.br\/#\/schema\/person\/e2209cc0e6cea5c5233d033e997b373f\",\"name\":\"Jefferson Sterfeno\",\"image\":{\"@type\":\"ImageObject\",\"inLanguage\":\"pt-BR\",\"@id\":\"https:\/\/blogdobispo.com.br\/#\/schema\/person\/image\/\",\"url\":\"https:\/\/secure.gravatar.com\/avatar\/0534e84764641168a677026b6d57a3f51dc7ac4db0b4f6186d9cb330d4ee1160?s=96&d=mm&r=g\",\"contentUrl\":\"https:\/\/secure.gravatar.com\/avatar\/0534e84764641168a677026b6d57a3f51dc7ac4db0b4f6186d9cb330d4ee1160?s=96&d=mm&r=g\",\"caption\":\"Jefferson Sterfeno\"},\"sameAs\":[\"http:\/\/blogdobispo.com.br\"],\"url\":\"https:\/\/blogdobispo.com.br\/?author=1\"}]}<\/script>\n<!-- \/ Yoast SEO plugin. -->","yoast_head_json":{"title":"Raniere Barbosa ministra palestra na XXIV Marcha dos Legislativos Municipais, em Bras\u00edlia - Blog do Bispo","robots":{"index":"index","follow":"follow","max-snippet":"max-snippet:-1","max-image-preview":"max-image-preview:large","max-video-preview":"max-video-preview:-1"},"canonical":"https:\/\/blogdobispo.com.br\/?p=5116","og_locale":"pt_BR","og_type":"article","og_title":"Raniere Barbosa ministra palestra na XXIV Marcha dos Legislativos Municipais, em Bras\u00edlia - Blog do Bispo","og_description":"O ex-vereador e atual assessor especial do gabinete do prefeito de Natal, Raniere Barbosa, foi um dos palestrantes da XXIV Marcha dos Gestores e Legislativos Municipais, evento que acontece at\u00e9 esta quinta-feira (25), na capital federal. Raniere ministrou a palestra com o tema: \u201cInova\u00e7\u00e3o, Autonomia, Efic\u00e1cia e Fortalecimento da Gest\u00e3o Legislativa\u201d, destacando a import\u00e2ncia do [&hellip;]","og_url":"https:\/\/blogdobispo.com.br\/?p=5116","og_site_name":"Blog do Bispo","article_published_time":"2025-04-25T01:36:11+00:00","og_image":[{"url":"https:\/\/blogdobispo.com.br\/wp-content\/uploads\/2025\/04\/img_3963-1.jpg","type":"","width":"","height":""}],"author":"Jefferson Sterfeno","twitter_card":"summary_large_image","twitter_misc":{"Escrito por":"Jefferson Sterfeno","Est. tempo de leitura":"2 minutos"},"schema":{"@context":"https:\/\/schema.org","@graph":[{"@type":"Article","@id":"https:\/\/blogdobispo.com.br\/?p=5116#article","isPartOf":{"@id":"https:\/\/blogdobispo.com.br\/?p=5116"},"author":{"name":"Jefferson Sterfeno","@id":"https:\/\/blogdobispo.com.br\/#\/schema\/person\/e2209cc0e6cea5c5233d033e997b373f"},"headline":"Raniere Barbosa ministra palestra na XXIV Marcha dos Legislativos Municipais, em Bras\u00edlia","datePublished":"2025-04-25T01:36:11+00:00","mainEntityOfPage":{"@id":"https:\/\/blogdobispo.com.br\/?p=5116"},"wordCount":325,"commentCount":0,"publisher":{"@id":"https:\/\/blogdobispo.com.br\/#organization"},"image":{"@id":"https:\/\/blogdobispo.com.br\/?p=5116#primaryimage"},"thumbnailUrl":"https:\/\/blogdobispo.com.br\/wp-content\/uploads\/2025\/04\/img_3963-1.jpg","articleSection":["diversos"],"inLanguage":"pt-BR","potentialAction":[{"@type":"CommentAction","name":"Comment","target":["https:\/\/blogdobispo.com.br\/?p=5116#respond"]}]},{"@type":"WebPage","@id":"https:\/\/blogdobispo.com.br\/?p=5116","url":"https:\/\/blogdobispo.com.br\/?p=5116","name":"Raniere Barbosa ministra palestra na XXIV Marcha dos Legislativos Municipais, em Bras\u00edlia - Blog do Bispo","isPartOf":{"@id":"https:\/\/blogdobispo.com.br\/#website"},"primaryImageOfPage":{"@id":"https:\/\/blogdobispo.com.br\/?p=5116#primaryimage"},"image":{"@id":"https:\/\/blogdobispo.com.br\/?p=5116#primaryimage"},"thumbnailUrl":"https:\/\/blogdobispo.com.br\/wp-content\/uploads\/2025\/04\/img_3963-1.jpg","datePublished":"2025-04-25T01:36:11+00:00","breadcrumb":{"@id":"https:\/\/blogdobispo.com.br\/?p=5116#breadcrumb"},"inLanguage":"pt-BR","potentialAction":[{"@type":"ReadAction","target":["https:\/\/blogdobispo.com.br\/?p=5116"]}]},{"@type":"ImageObject","inLanguage":"pt-BR","@id":"https:\/\/blogdobispo.com.br\/?p=5116#primaryimage","url":"https:\/\/blogdobispo.com.br\/wp-content\/uploads\/2025\/04\/img_3963-1.jpg","contentUrl":"https:\/\/blogdobispo.com.br\/wp-content\/uploads\/2025\/04\/img_3963-1.jpg"},{"@type":"BreadcrumbList","@id":"https:\/\/blogdobispo.com.br\/?p=5116#breadcrumb","itemListElement":[{"@type":"ListItem","position":1,"name":"In\u00edcio","item":"https:\/\/blogdobispo.com.br\/"},{"@type":"ListItem","position":2,"name":"Raniere Barbosa ministra palestra na XXIV Marcha dos Legislativos Municipais, em Bras\u00edlia"}]},{"@type":"WebSite","@id":"https:\/\/blogdobispo.com.br\/#website","url":"https:\/\/blogdobispo.com.br\/","name":"Blog do Bispo","description":"Comprometido apenas com o leitor","publisher":{"@id":"https:\/\/blogdobispo.com.br\/#organization"},"potentialAction":[{"@type":"SearchAction","target":{"@type":"EntryPoint","urlTemplate":"https:\/\/blogdobispo.com.br\/?s={search_term_string}"},"query-input":{"@type":"PropertyValueSpecification","valueRequired":true,"valueName":"search_term_string"}}],"inLanguage":"pt-BR"},{"@type":"Organization","@id":"https:\/\/blogdobispo.com.br\/#organization","name":"Blog do Bispo","url":"https:\/\/blogdobispo.com.br\/","logo":{"@type":"ImageObject","inLanguage":"pt-BR","@id":"https:\/\/blogdobispo.com.br\/#\/schema\/logo\/image\/","url":"http:\/\/blogdobispo.com.br\/wp-content\/uploads\/2023\/05\/cropped-headear.png","contentUrl":"http:\/\/blogdobispo.com.br\/wp-content\/uploads\/2023\/05\/cropped-headear.png","width":1500,"height":399,"caption":"Blog do Bispo"},"image":{"@id":"https:\/\/blogdobispo.com.br\/#\/schema\/logo\/image\/"}},{"@type":"Person","@id":"https:\/\/blogdobispo.com.br\/#\/schema\/person\/e2209cc0e6cea5c5233d033e997b373f","name":"Jefferson Sterfeno","image":{"@type":"ImageObject","inLanguage":"pt-BR","@id":"https:\/\/blogdobispo.com.br\/#\/schema\/person\/image\/","url":"https:\/\/secure.gravatar.com\/avatar\/0534e84764641168a677026b6d57a3f51dc7ac4db0b4f6186d9cb330d4ee1160?s=96&d=mm&r=g","contentUrl":"https:\/\/secure.gravatar.com\/avatar\/0534e84764641168a677026b6d57a3f51dc7ac4db0b4f6186d9cb330d4ee1160?s=96&d=mm&r=g","caption":"Jefferson Sterfeno"},"sameAs":["http:\/\/blogdobispo.com.br"],"url":"https:\/\/blogdobispo.com.br\/?author=1"}]}},"featured_image_urls":{"full":"","thumbnail":"","medium":"","medium_large":"","large":"","1536x1536":"","2048x2048":""},"author_info":{"display_name":"Jefferson Sterfeno","author_link":"https:\/\/blogdobispo.com.br\/?author=1"},"category_info":"<a href=\"https:\/\/blogdobispo.com.br\/?cat=1\" rel=\"category\">diversos<\/a>","tag_info":"diversos","comment_count":"0","jetpack_featured_media_url":"","jetpack_sharing_enabled":true,"_links":{"self":[{"href":"https:\/\/blogdobispo.com.br\/index.php?rest_route=\/wp\/v2\/posts\/5116","targetHints":{"allow":["GET"]}}],"collection":[{"href":"https:\/\/blogdobispo.com.br\/index.php?rest_route=\/wp\/v2\/posts"}],"about":[{"href":"https:\/\/blogdobispo.com.br\/index.php?rest_route=\/wp\/v2\/types\/post"}],"author":[{"embeddable":true,"href":"https:\/\/blogdobispo.com.br\/index.php?rest_route=\/wp\/v2\/users\/1"}],"replies":[{"embeddable":true,"href":"https:\/\/blogdobispo.com.br\/index.php?rest_route=%2Fwp%2Fv2%2Fcomments&post=5116"}],"version-history":[{"count":0,"href":"https:\/\/blogdobispo.com.br\/index.php?rest_route=\/wp\/v2\/posts\/5116\/revisions"}],"wp:attachment":[{"href":"https:\/\/blogdobispo.com.br\/index.php?rest_route=%2Fwp%2Fv2%2Fmedia&parent=5116"}],"wp:term":[{"taxonomy":"category","embeddable":true,"href":"https:\/\/blogdobispo.com.br\/index.php?rest_route=%2Fwp%2Fv2%2Fcategories&post=5116"},{"taxonomy":"post_tag","embeddable":true,"href":"https:\/\/blogdobispo.com.br\/index.php?rest_route=%2Fwp%2Fv2%2Ftags&post=5116"}],"curies":[{"name":"wp","href":"https:\/\/api.w.org\/{rel}","templated":true}]}}