{"id":5112,"date":"2025-04-24T12:19:03","date_gmt":"2025-04-24T12:19:03","guid":{"rendered":"https:\/\/blogdobispo.com.br\/?p=5112"},"modified":"2025-04-24T12:19:03","modified_gmt":"2025-04-24T12:19:03","slug":"grupo-leao-e-vila-lanca-projeto-inedito-para-celebrar-as-maes","status":"publish","type":"post","link":"https:\/\/blogdobispo.com.br\/?p=5112","title":{"rendered":"Grupo Le\u00e3o e Vila lan\u00e7a projeto in\u00e9dito para celebrar as m\u00e3es"},"content":{"rendered":"\n<figure class=\"wp-block-image size-large\"><img data-recalc-dims=\"1\" fetchpriority=\"high\" decoding=\"async\" width=\"768\" height=\"1024\" src=\"https:\/\/i0.wp.com\/blogdobispo.com.br\/wp-content\/uploads\/2025\/04\/5e25beef-b925-467e-b515-12926d41cf9c-1-768x1024.jpg?resize=768%2C1024&#038;ssl=1\" class=\"wp-image-5111\" srcset=\"https:\/\/i0.wp.com\/blogdobispo.com.br\/wp-content\/uploads\/2025\/04\/5e25beef-b925-467e-b515-12926d41cf9c-1.jpg?resize=768%2C1024&amp;ssl=1 768w, https:\/\/i0.wp.com\/blogdobispo.com.br\/wp-content\/uploads\/2025\/04\/5e25beef-b925-467e-b515-12926d41cf9c-1.jpg?resize=225%2C300&amp;ssl=1 225w, https:\/\/i0.wp.com\/blogdobispo.com.br\/wp-content\/uploads\/2025\/04\/5e25beef-b925-467e-b515-12926d41cf9c-1.jpg?resize=1152%2C1536&amp;ssl=1 1152w, https:\/\/i0.wp.com\/blogdobispo.com.br\/wp-content\/uploads\/2025\/04\/5e25beef-b925-467e-b515-12926d41cf9c-1.jpg?resize=1024%2C1365&amp;ssl=1 1024w, https:\/\/i0.wp.com\/blogdobispo.com.br\/wp-content\/uploads\/2025\/04\/5e25beef-b925-467e-b515-12926d41cf9c-1.jpg?w=1200&amp;ssl=1 1200w\" sizes=\"(max-width: 768px) 100vw, 768px\" \/><\/figure>\n\n\n\n<p><code>Um projeto in\u00e9dito celebrando as m\u00e3es, suas hist\u00f3rias e lembran\u00e7as, aprendizados e ensinamentos. O Grupo Le\u00e3o e Vila lan\u00e7a \u201cM\u00e3e \u00e9 M\u00e3e, um amor que ultrapassa barreiras\u201d. Clientes e parceiros est\u00e3o gravando v\u00eddeos para as redes sociais do Le\u00e3o e Vila, falando e mostrando com suas pr\u00f3prias hist\u00f3rias que o amor de m\u00e3e ultrapassa qualquer barreira, at\u00e9 mesmo a f\u00edsica ap\u00f3s a despedida. S\u00e3o v\u00eddeos de pessoas falando sobre experi\u00eancias como a que \u00e9 m\u00e3e at\u00edpica, outra que foi criada pela av\u00f3 e tem o amor de m\u00e3e. Um outro v\u00eddeo emocionante \u00e9 o de funcion\u00e1rias da pr\u00f3pria empresa contando os maiores desafios que enfrentaram como m\u00e3e.<\/code><\/p>\n","protected":false},"excerpt":{"rendered":"<p>Um projeto in\u00e9dito celebrando as m\u00e3es, suas hist\u00f3rias e lembran\u00e7as, aprendizados e ensinamentos. O Grupo Le\u00e3o e Vila lan\u00e7a \u201cM\u00e3e \u00e9 M\u00e3e, um amor que ultrapassa barreiras\u201d. Clientes e parceiros est\u00e3o gravando v\u00eddeos para as redes sociais do Le\u00e3o e Vila, falando e mostrando com suas pr\u00f3prias hist\u00f3rias que o amor de m\u00e3e ultrapassa qualquer [&hellip;]<\/p>\n","protected":false},"author":1,"featured_media":0,"comment_status":"open","ping_status":"open","sticky":false,"template":"","format":"standard","meta":{"cybocfi_hide_featured_image":"","_jetpack_memberships_contains_paid_content":false,"footnotes":""},"categories":[1],"tags":[],"class_list":["post-5112","post","type-post","status-publish","format-standard","hentry","category-diversos"],"yoast_head":"<!-- This site is optimized with the Yoast SEO plugin v25.6 - https:\/\/yoast.com\/wordpress\/plugins\/seo\/ -->\n<title>Grupo Le\u00e3o e Vila lan\u00e7a projeto in\u00e9dito para celebrar as m\u00e3es - Blog do Bispo<\/title>\n<meta name=\"robots\" content=\"index, follow, max-snippet:-1, max-image-preview:large, max-video-preview:-1\" \/>\n<link rel=\"canonical\" href=\"https:\/\/blogdobispo.com.br\/?p=5112\" \/>\n<meta property=\"og:locale\" content=\"pt_BR\" \/>\n<meta property=\"og:type\" content=\"article\" \/>\n<meta property=\"og:title\" content=\"Grupo Le\u00e3o e Vila lan\u00e7a projeto in\u00e9dito para celebrar as m\u00e3es - Blog do Bispo\" \/>\n<meta property=\"og:description\" content=\"Um projeto in\u00e9dito celebrando as m\u00e3es, suas hist\u00f3rias e lembran\u00e7as, aprendizados e ensinamentos. O Grupo Le\u00e3o e Vila lan\u00e7a \u201cM\u00e3e \u00e9 M\u00e3e, um amor que ultrapassa barreiras\u201d. Clientes e parceiros est\u00e3o gravando v\u00eddeos para as redes sociais do Le\u00e3o e Vila, falando e mostrando com suas pr\u00f3prias hist\u00f3rias que o amor de m\u00e3e ultrapassa qualquer [&hellip;]\" \/>\n<meta property=\"og:url\" content=\"https:\/\/blogdobispo.com.br\/?p=5112\" \/>\n<meta property=\"og:site_name\" content=\"Blog do Bispo\" \/>\n<meta property=\"article:published_time\" content=\"2025-04-24T12:19:03+00:00\" \/>\n<meta property=\"og:image\" content=\"https:\/\/blogdobispo.com.br\/wp-content\/uploads\/2025\/04\/5e25beef-b925-467e-b515-12926d41cf9c-1-768x1024.jpg\" \/>\n<meta name=\"author\" content=\"Jefferson Sterfeno\" \/>\n<meta name=\"twitter:card\" content=\"summary_large_image\" \/>\n<meta name=\"twitter:label1\" content=\"Escrito por\" \/>\n\t<meta name=\"twitter:data1\" content=\"Jefferson Sterfeno\" \/>\n\t<meta name=\"twitter:label2\" content=\"Est. tempo de leitura\" \/>\n\t<meta name=\"twitter:data2\" content=\"1 minuto\" \/>\n<script type=\"application\/ld+json\" class=\"yoast-schema-graph\">{\"@context\":\"https:\/\/schema.org\",\"@graph\":[{\"@type\":\"Article\",\"@id\":\"https:\/\/blogdobispo.com.br\/?p=5112#article\",\"isPartOf\":{\"@id\":\"https:\/\/blogdobispo.com.br\/?p=5112\"},\"author\":{\"name\":\"Jefferson Sterfeno\",\"@id\":\"https:\/\/blogdobispo.com.br\/#\/schema\/person\/e2209cc0e6cea5c5233d033e997b373f\"},\"headline\":\"Grupo Le\u00e3o e Vila lan\u00e7a projeto in\u00e9dito para celebrar as m\u00e3es\",\"datePublished\":\"2025-04-24T12:19:03+00:00\",\"mainEntityOfPage\":{\"@id\":\"https:\/\/blogdobispo.com.br\/?p=5112\"},\"wordCount\":15,\"commentCount\":0,\"publisher\":{\"@id\":\"https:\/\/blogdobispo.com.br\/#organization\"},\"image\":{\"@id\":\"https:\/\/blogdobispo.com.br\/?p=5112#primaryimage\"},\"thumbnailUrl\":\"https:\/\/blogdobispo.com.br\/wp-content\/uploads\/2025\/04\/5e25beef-b925-467e-b515-12926d41cf9c-1-768x1024.jpg\",\"articleSection\":[\"diversos\"],\"inLanguage\":\"pt-BR\",\"potentialAction\":[{\"@type\":\"CommentAction\",\"name\":\"Comment\",\"target\":[\"https:\/\/blogdobispo.com.br\/?p=5112#respond\"]}]},{\"@type\":\"WebPage\",\"@id\":\"https:\/\/blogdobispo.com.br\/?p=5112\",\"url\":\"https:\/\/blogdobispo.com.br\/?p=5112\",\"name\":\"Grupo Le\u00e3o e Vila lan\u00e7a projeto in\u00e9dito para celebrar as m\u00e3es - Blog do Bispo\",\"isPartOf\":{\"@id\":\"https:\/\/blogdobispo.com.br\/#website\"},\"primaryImageOfPage\":{\"@id\":\"https:\/\/blogdobispo.com.br\/?p=5112#primaryimage\"},\"image\":{\"@id\":\"https:\/\/blogdobispo.com.br\/?p=5112#primaryimage\"},\"thumbnailUrl\":\"https:\/\/blogdobispo.com.br\/wp-content\/uploads\/2025\/04\/5e25beef-b925-467e-b515-12926d41cf9c-1-768x1024.jpg\",\"datePublished\":\"2025-04-24T12:19:03+00:00\",\"breadcrumb\":{\"@id\":\"https:\/\/blogdobispo.com.br\/?p=5112#breadcrumb\"},\"inLanguage\":\"pt-BR\",\"potentialAction\":[{\"@type\":\"ReadAction\",\"target\":[\"https:\/\/blogdobispo.com.br\/?p=5112\"]}]},{\"@type\":\"ImageObject\",\"inLanguage\":\"pt-BR\",\"@id\":\"https:\/\/blogdobispo.com.br\/?p=5112#primaryimage\",\"url\":\"https:\/\/blogdobispo.com.br\/wp-content\/uploads\/2025\/04\/5e25beef-b925-467e-b515-12926d41cf9c-1-768x1024.jpg\",\"contentUrl\":\"https:\/\/blogdobispo.com.br\/wp-content\/uploads\/2025\/04\/5e25beef-b925-467e-b515-12926d41cf9c-1-768x1024.jpg\"},{\"@type\":\"BreadcrumbList\",\"@id\":\"https:\/\/blogdobispo.com.br\/?p=5112#breadcrumb\",\"itemListElement\":[{\"@type\":\"ListItem\",\"position\":1,\"name\":\"In\u00edcio\",\"item\":\"https:\/\/blogdobispo.com.br\/\"},{\"@type\":\"ListItem\",\"position\":2,\"name\":\"Grupo Le\u00e3o e Vila lan\u00e7a projeto in\u00e9dito para celebrar as m\u00e3es\"}]},{\"@type\":\"WebSite\",\"@id\":\"https:\/\/blogdobispo.com.br\/#website\",\"url\":\"https:\/\/blogdobispo.com.br\/\",\"name\":\"Blog do Bispo\",\"description\":\"Comprometido apenas com o leitor\",\"publisher\":{\"@id\":\"https:\/\/blogdobispo.com.br\/#organization\"},\"potentialAction\":[{\"@type\":\"SearchAction\",\"target\":{\"@type\":\"EntryPoint\",\"urlTemplate\":\"https:\/\/blogdobispo.com.br\/?s={search_term_string}\"},\"query-input\":{\"@type\":\"PropertyValueSpecification\",\"valueRequired\":true,\"valueName\":\"search_term_string\"}}],\"inLanguage\":\"pt-BR\"},{\"@type\":\"Organization\",\"@id\":\"https:\/\/blogdobispo.com.br\/#organization\",\"name\":\"Blog do Bispo\",\"url\":\"https:\/\/blogdobispo.com.br\/\",\"logo\":{\"@type\":\"ImageObject\",\"inLanguage\":\"pt-BR\",\"@id\":\"https:\/\/blogdobispo.com.br\/#\/schema\/logo\/image\/\",\"url\":\"http:\/\/blogdobispo.com.br\/wp-content\/uploads\/2023\/05\/cropped-headear.png\",\"contentUrl\":\"http:\/\/blogdobispo.com.br\/wp-content\/uploads\/2023\/05\/cropped-headear.png\",\"width\":1500,\"height\":399,\"caption\":\"Blog do Bispo\"},\"image\":{\"@id\":\"https:\/\/blogdobispo.com.br\/#\/schema\/logo\/image\/\"}},{\"@type\":\"Person\",\"@id\":\"https:\/\/blogdobispo.com.br\/#\/schema\/person\/e2209cc0e6cea5c5233d033e997b373f\",\"name\":\"Jefferson Sterfeno\",\"image\":{\"@type\":\"ImageObject\",\"inLanguage\":\"pt-BR\",\"@id\":\"https:\/\/blogdobispo.com.br\/#\/schema\/person\/image\/\",\"url\":\"https:\/\/secure.gravatar.com\/avatar\/0534e84764641168a677026b6d57a3f51dc7ac4db0b4f6186d9cb330d4ee1160?s=96&d=mm&r=g\",\"contentUrl\":\"https:\/\/secure.gravatar.com\/avatar\/0534e84764641168a677026b6d57a3f51dc7ac4db0b4f6186d9cb330d4ee1160?s=96&d=mm&r=g\",\"caption\":\"Jefferson Sterfeno\"},\"sameAs\":[\"http:\/\/blogdobispo.com.br\"],\"url\":\"https:\/\/blogdobispo.com.br\/?author=1\"}]}<\/script>\n<!-- \/ Yoast SEO plugin. -->","yoast_head_json":{"title":"Grupo Le\u00e3o e Vila lan\u00e7a projeto in\u00e9dito para celebrar as m\u00e3es - Blog do Bispo","robots":{"index":"index","follow":"follow","max-snippet":"max-snippet:-1","max-image-preview":"max-image-preview:large","max-video-preview":"max-video-preview:-1"},"canonical":"https:\/\/blogdobispo.com.br\/?p=5112","og_locale":"pt_BR","og_type":"article","og_title":"Grupo Le\u00e3o e Vila lan\u00e7a projeto in\u00e9dito para celebrar as m\u00e3es - Blog do Bispo","og_description":"Um projeto in\u00e9dito celebrando as m\u00e3es, suas hist\u00f3rias e lembran\u00e7as, aprendizados e ensinamentos. O Grupo Le\u00e3o e Vila lan\u00e7a \u201cM\u00e3e \u00e9 M\u00e3e, um amor que ultrapassa barreiras\u201d. Clientes e parceiros est\u00e3o gravando v\u00eddeos para as redes sociais do Le\u00e3o e Vila, falando e mostrando com suas pr\u00f3prias hist\u00f3rias que o amor de m\u00e3e ultrapassa qualquer [&hellip;]","og_url":"https:\/\/blogdobispo.com.br\/?p=5112","og_site_name":"Blog do Bispo","article_published_time":"2025-04-24T12:19:03+00:00","og_image":[{"url":"https:\/\/blogdobispo.com.br\/wp-content\/uploads\/2025\/04\/5e25beef-b925-467e-b515-12926d41cf9c-1-768x1024.jpg","type":"","width":"","height":""}],"author":"Jefferson Sterfeno","twitter_card":"summary_large_image","twitter_misc":{"Escrito por":"Jefferson Sterfeno","Est. tempo de leitura":"1 minuto"},"schema":{"@context":"https:\/\/schema.org","@graph":[{"@type":"Article","@id":"https:\/\/blogdobispo.com.br\/?p=5112#article","isPartOf":{"@id":"https:\/\/blogdobispo.com.br\/?p=5112"},"author":{"name":"Jefferson Sterfeno","@id":"https:\/\/blogdobispo.com.br\/#\/schema\/person\/e2209cc0e6cea5c5233d033e997b373f"},"headline":"Grupo Le\u00e3o e Vila lan\u00e7a projeto in\u00e9dito para celebrar as m\u00e3es","datePublished":"2025-04-24T12:19:03+00:00","mainEntityOfPage":{"@id":"https:\/\/blogdobispo.com.br\/?p=5112"},"wordCount":15,"commentCount":0,"publisher":{"@id":"https:\/\/blogdobispo.com.br\/#organization"},"image":{"@id":"https:\/\/blogdobispo.com.br\/?p=5112#primaryimage"},"thumbnailUrl":"https:\/\/blogdobispo.com.br\/wp-content\/uploads\/2025\/04\/5e25beef-b925-467e-b515-12926d41cf9c-1-768x1024.jpg","articleSection":["diversos"],"inLanguage":"pt-BR","potentialAction":[{"@type":"CommentAction","name":"Comment","target":["https:\/\/blogdobispo.com.br\/?p=5112#respond"]}]},{"@type":"WebPage","@id":"https:\/\/blogdobispo.com.br\/?p=5112","url":"https:\/\/blogdobispo.com.br\/?p=5112","name":"Grupo Le\u00e3o e Vila lan\u00e7a projeto in\u00e9dito para celebrar as m\u00e3es - Blog do Bispo","isPartOf":{"@id":"https:\/\/blogdobispo.com.br\/#website"},"primaryImageOfPage":{"@id":"https:\/\/blogdobispo.com.br\/?p=5112#primaryimage"},"image":{"@id":"https:\/\/blogdobispo.com.br\/?p=5112#primaryimage"},"thumbnailUrl":"https:\/\/blogdobispo.com.br\/wp-content\/uploads\/2025\/04\/5e25beef-b925-467e-b515-12926d41cf9c-1-768x1024.jpg","datePublished":"2025-04-24T12:19:03+00:00","breadcrumb":{"@id":"https:\/\/blogdobispo.com.br\/?p=5112#breadcrumb"},"inLanguage":"pt-BR","potentialAction":[{"@type":"ReadAction","target":["https:\/\/blogdobispo.com.br\/?p=5112"]}]},{"@type":"ImageObject","inLanguage":"pt-BR","@id":"https:\/\/blogdobispo.com.br\/?p=5112#primaryimage","url":"https:\/\/blogdobispo.com.br\/wp-content\/uploads\/2025\/04\/5e25beef-b925-467e-b515-12926d41cf9c-1-768x1024.jpg","contentUrl":"https:\/\/blogdobispo.com.br\/wp-content\/uploads\/2025\/04\/5e25beef-b925-467e-b515-12926d41cf9c-1-768x1024.jpg"},{"@type":"BreadcrumbList","@id":"https:\/\/blogdobispo.com.br\/?p=5112#breadcrumb","itemListElement":[{"@type":"ListItem","position":1,"name":"In\u00edcio","item":"https:\/\/blogdobispo.com.br\/"},{"@type":"ListItem","position":2,"name":"Grupo Le\u00e3o e Vila lan\u00e7a projeto in\u00e9dito para celebrar as m\u00e3es"}]},{"@type":"WebSite","@id":"https:\/\/blogdobispo.com.br\/#website","url":"https:\/\/blogdobispo.com.br\/","name":"Blog do Bispo","description":"Comprometido apenas com o leitor","publisher":{"@id":"https:\/\/blogdobispo.com.br\/#organization"},"potentialAction":[{"@type":"SearchAction","target":{"@type":"EntryPoint","urlTemplate":"https:\/\/blogdobispo.com.br\/?s={search_term_string}"},"query-input":{"@type":"PropertyValueSpecification","valueRequired":true,"valueName":"search_term_string"}}],"inLanguage":"pt-BR"},{"@type":"Organization","@id":"https:\/\/blogdobispo.com.br\/#organization","name":"Blog do Bispo","url":"https:\/\/blogdobispo.com.br\/","logo":{"@type":"ImageObject","inLanguage":"pt-BR","@id":"https:\/\/blogdobispo.com.br\/#\/schema\/logo\/image\/","url":"http:\/\/blogdobispo.com.br\/wp-content\/uploads\/2023\/05\/cropped-headear.png","contentUrl":"http:\/\/blogdobispo.com.br\/wp-content\/uploads\/2023\/05\/cropped-headear.png","width":1500,"height":399,"caption":"Blog do Bispo"},"image":{"@id":"https:\/\/blogdobispo.com.br\/#\/schema\/logo\/image\/"}},{"@type":"Person","@id":"https:\/\/blogdobispo.com.br\/#\/schema\/person\/e2209cc0e6cea5c5233d033e997b373f","name":"Jefferson Sterfeno","image":{"@type":"ImageObject","inLanguage":"pt-BR","@id":"https:\/\/blogdobispo.com.br\/#\/schema\/person\/image\/","url":"https:\/\/secure.gravatar.com\/avatar\/0534e84764641168a677026b6d57a3f51dc7ac4db0b4f6186d9cb330d4ee1160?s=96&d=mm&r=g","contentUrl":"https:\/\/secure.gravatar.com\/avatar\/0534e84764641168a677026b6d57a3f51dc7ac4db0b4f6186d9cb330d4ee1160?s=96&d=mm&r=g","caption":"Jefferson Sterfeno"},"sameAs":["http:\/\/blogdobispo.com.br"],"url":"https:\/\/blogdobispo.com.br\/?author=1"}]}},"featured_image_urls":{"full":"","thumbnail":"","medium":"","medium_large":"","large":"","1536x1536":"","2048x2048":""},"author_info":{"display_name":"Jefferson Sterfeno","author_link":"https:\/\/blogdobispo.com.br\/?author=1"},"category_info":"<a href=\"https:\/\/blogdobispo.com.br\/?cat=1\" rel=\"category\">diversos<\/a>","tag_info":"diversos","comment_count":"0","jetpack_featured_media_url":"","jetpack_sharing_enabled":true,"_links":{"self":[{"href":"https:\/\/blogdobispo.com.br\/index.php?rest_route=\/wp\/v2\/posts\/5112","targetHints":{"allow":["GET"]}}],"collection":[{"href":"https:\/\/blogdobispo.com.br\/index.php?rest_route=\/wp\/v2\/posts"}],"about":[{"href":"https:\/\/blogdobispo.com.br\/index.php?rest_route=\/wp\/v2\/types\/post"}],"author":[{"embeddable":true,"href":"https:\/\/blogdobispo.com.br\/index.php?rest_route=\/wp\/v2\/users\/1"}],"replies":[{"embeddable":true,"href":"https:\/\/blogdobispo.com.br\/index.php?rest_route=%2Fwp%2Fv2%2Fcomments&post=5112"}],"version-history":[{"count":0,"href":"https:\/\/blogdobispo.com.br\/index.php?rest_route=\/wp\/v2\/posts\/5112\/revisions"}],"wp:attachment":[{"href":"https:\/\/blogdobispo.com.br\/index.php?rest_route=%2Fwp%2Fv2%2Fmedia&parent=5112"}],"wp:term":[{"taxonomy":"category","embeddable":true,"href":"https:\/\/blogdobispo.com.br\/index.php?rest_route=%2Fwp%2Fv2%2Fcategories&post=5112"},{"taxonomy":"post_tag","embeddable":true,"href":"https:\/\/blogdobispo.com.br\/index.php?rest_route=%2Fwp%2Fv2%2Ftags&post=5112"}],"curies":[{"name":"wp","href":"https:\/\/api.w.org\/{rel}","templated":true}]}}