{"id":5110,"date":"2025-04-24T12:16:42","date_gmt":"2025-04-24T12:16:42","guid":{"rendered":"https:\/\/blogdobispo.com.br\/?p=5110"},"modified":"2025-04-24T12:16:42","modified_gmt":"2025-04-24T12:16:42","slug":"pedro-henrique-realiza-sessao-solene-em-homenagem-ao-dia-do-escoteiro-e-reune-350-pessoas","status":"publish","type":"post","link":"https:\/\/blogdobispo.com.br\/?p=5110","title":{"rendered":"Pedro Henrique realiza Sess\u00e3o Solene em homenagem ao Dia do Escoteiro e re\u00fane 350 pessoas"},"content":{"rendered":"\n<figure class=\"wp-block-image size-large\"><img data-recalc-dims=\"1\" fetchpriority=\"high\" decoding=\"async\" width=\"800\" height=\"533\" src=\"https:\/\/i0.wp.com\/blogdobispo.com.br\/wp-content\/uploads\/2025\/04\/a9967cca-6df9-4f87-81ae-7855e12632aa-1-1024x682.jpg?resize=800%2C533&#038;ssl=1\" class=\"wp-image-5109\" srcset=\"https:\/\/i0.wp.com\/blogdobispo.com.br\/wp-content\/uploads\/2025\/04\/a9967cca-6df9-4f87-81ae-7855e12632aa-1.jpg?resize=1024%2C682&amp;ssl=1 1024w, https:\/\/i0.wp.com\/blogdobispo.com.br\/wp-content\/uploads\/2025\/04\/a9967cca-6df9-4f87-81ae-7855e12632aa-1.jpg?resize=300%2C200&amp;ssl=1 300w, https:\/\/i0.wp.com\/blogdobispo.com.br\/wp-content\/uploads\/2025\/04\/a9967cca-6df9-4f87-81ae-7855e12632aa-1.jpg?resize=768%2C512&amp;ssl=1 768w, https:\/\/i0.wp.com\/blogdobispo.com.br\/wp-content\/uploads\/2025\/04\/a9967cca-6df9-4f87-81ae-7855e12632aa-1.jpg?resize=1536%2C1024&amp;ssl=1 1536w, https:\/\/i0.wp.com\/blogdobispo.com.br\/wp-content\/uploads\/2025\/04\/a9967cca-6df9-4f87-81ae-7855e12632aa-1.jpg?w=2000&amp;ssl=1 2000w, https:\/\/i0.wp.com\/blogdobispo.com.br\/wp-content\/uploads\/2025\/04\/a9967cca-6df9-4f87-81ae-7855e12632aa-1.jpg?w=1600 1600w\" sizes=\"(max-width: 800px) 100vw, 800px\" \/><\/figure>\n\n\n\n<p><\/p>\n\n\n\n<p>Em comemora\u00e7\u00e3o ao Dia Mundial do Escoteiro, celebrado em 23 de abril, a C\u00e2mara Municipal de Natal realizou uma Sess\u00e3o Solene especial para homenagear o trabalho e a dedica\u00e7\u00e3o dos escoteiros e escotistas que atuam na forma\u00e7\u00e3o de jovens cidad\u00e3os. O evento reuniu 350 pessoas e foi realizado no plen\u00e1rio e no p\u00e1tio central da C\u00e2mara Municipal, com autoridades como o Prefeito de Natal, Paulinho Freire, o secret\u00e1rio de Educa\u00e7\u00e3o de Natal, Aldo Fernandes, o Deputado Estadual, Hermano Morais, O Presidente da Uniao dos Escoteiros do Brasil no RN, Fl\u00e1vio Ribeiro e representantes de grupos escoteiros. A solenidade foi proposta pelo vereador Pedro Henrique que \u00e9 escoteiro e reconhece o papel fundamental do escotismo na promo\u00e7\u00e3o de valores como cidadania, responsabilidade, solidariedade e respeito \u00e0 natureza.<\/p>\n\n\n\n<p>Durante a sess\u00e3o, foram entregues homenagens aos grupos e personalidades ligadas ao movimento escoteiro. A meta \u00e9 valorizar o trabalho desenvolvido nas bases do escotismo, que h\u00e1 mais de um s\u00e9culo forma l\u00edderes comprometidos com a constru\u00e7\u00e3o de um mundo melhor.<\/p>\n\n\n\n<p>Pedro Henrique declarou que a noite foi memor\u00e1vel. Falou do sonho concretizado e da honra em ocupar uma cadeira na C\u00e2mara de vereadores, assim como um dos fundadores do escotismo no RN h\u00e1 75 anos, O Professor Luiz Soares. Tamb\u00e9m destacou as benfeitorias do Escotismo na Capital, alem da for\u00e7a da pol\u00edtica p\u00fablica eficiente. Outro ponto em destaque foi o Programa Escotismo nas Escolas. \u201cNecessitamos implantar o Programa Escotismo nas escolas em Natal. A meta \u00e9 a inser\u00e7\u00e3o no contra turno escolar para crian\u00e7as e jovens para a forma\u00e7\u00e3o de car\u00e1ter e valores como disciplina, respeito, responsabilidade e honestidade, o incentivo ao trabalho em equipe, lideran\u00e7a e o protagonismo juvenil, destaca PH.<\/p>\n\n\n\n<p>O prefeito de Natal, Paulinho Freire enfatizou que o escotismo tem um papel muito relevante como pol\u00edtica p\u00fablica de apoio \u00e0 juventude. \u201cO movimento escoteiro \u00e9 uma ferramenta estrat\u00e9gica de transforma\u00e7\u00e3o social e desenvolvimento juvenil. N\u00f3s estamos aqui para apoiar e fortalecer o escotismo na nossa capital\u201d, salientou o chefe do executivo municipal.<\/p>\n","protected":false},"excerpt":{"rendered":"<p>Em comemora\u00e7\u00e3o ao Dia Mundial do Escoteiro, celebrado em 23 de abril, a C\u00e2mara Municipal de Natal realizou uma Sess\u00e3o Solene especial para homenagear o trabalho e a dedica\u00e7\u00e3o dos escoteiros e escotistas que atuam na forma\u00e7\u00e3o de jovens cidad\u00e3os. O evento reuniu 350 pessoas e foi realizado no plen\u00e1rio e no p\u00e1tio central da [&hellip;]<\/p>\n","protected":false},"author":1,"featured_media":0,"comment_status":"open","ping_status":"open","sticky":false,"template":"","format":"standard","meta":{"cybocfi_hide_featured_image":"","_jetpack_memberships_contains_paid_content":false,"footnotes":""},"categories":[1],"tags":[],"class_list":["post-5110","post","type-post","status-publish","format-standard","hentry","category-diversos"],"yoast_head":"<!-- This site is optimized with the Yoast SEO plugin v25.6 - https:\/\/yoast.com\/wordpress\/plugins\/seo\/ -->\n<title>Pedro Henrique realiza Sess\u00e3o Solene em homenagem ao Dia do Escoteiro e re\u00fane 350 pessoas - Blog do Bispo<\/title>\n<meta name=\"robots\" content=\"index, follow, max-snippet:-1, max-image-preview:large, max-video-preview:-1\" \/>\n<link rel=\"canonical\" href=\"https:\/\/blogdobispo.com.br\/?p=5110\" \/>\n<meta property=\"og:locale\" content=\"pt_BR\" \/>\n<meta property=\"og:type\" content=\"article\" \/>\n<meta property=\"og:title\" content=\"Pedro Henrique realiza Sess\u00e3o Solene em homenagem ao Dia do Escoteiro e re\u00fane 350 pessoas - Blog do Bispo\" \/>\n<meta property=\"og:description\" content=\"Em comemora\u00e7\u00e3o ao Dia Mundial do Escoteiro, celebrado em 23 de abril, a C\u00e2mara Municipal de Natal realizou uma Sess\u00e3o Solene especial para homenagear o trabalho e a dedica\u00e7\u00e3o dos escoteiros e escotistas que atuam na forma\u00e7\u00e3o de jovens cidad\u00e3os. O evento reuniu 350 pessoas e foi realizado no plen\u00e1rio e no p\u00e1tio central da [&hellip;]\" \/>\n<meta property=\"og:url\" content=\"https:\/\/blogdobispo.com.br\/?p=5110\" \/>\n<meta property=\"og:site_name\" content=\"Blog do Bispo\" \/>\n<meta property=\"article:published_time\" content=\"2025-04-24T12:16:42+00:00\" \/>\n<meta property=\"og:image\" content=\"https:\/\/blogdobispo.com.br\/wp-content\/uploads\/2025\/04\/a9967cca-6df9-4f87-81ae-7855e12632aa-1-1024x682.jpg\" \/>\n<meta name=\"author\" content=\"Jefferson Sterfeno\" \/>\n<meta name=\"twitter:card\" content=\"summary_large_image\" \/>\n<meta name=\"twitter:label1\" content=\"Escrito por\" \/>\n\t<meta name=\"twitter:data1\" content=\"Jefferson Sterfeno\" \/>\n\t<meta name=\"twitter:label2\" content=\"Est. tempo de leitura\" \/>\n\t<meta name=\"twitter:data2\" content=\"2 minutos\" \/>\n<script type=\"application\/ld+json\" class=\"yoast-schema-graph\">{\"@context\":\"https:\/\/schema.org\",\"@graph\":[{\"@type\":\"Article\",\"@id\":\"https:\/\/blogdobispo.com.br\/?p=5110#article\",\"isPartOf\":{\"@id\":\"https:\/\/blogdobispo.com.br\/?p=5110\"},\"author\":{\"name\":\"Jefferson Sterfeno\",\"@id\":\"https:\/\/blogdobispo.com.br\/#\/schema\/person\/e2209cc0e6cea5c5233d033e997b373f\"},\"headline\":\"Pedro Henrique realiza Sess\u00e3o Solene em homenagem ao Dia do Escoteiro e re\u00fane 350 pessoas\",\"datePublished\":\"2025-04-24T12:16:42+00:00\",\"mainEntityOfPage\":{\"@id\":\"https:\/\/blogdobispo.com.br\/?p=5110\"},\"wordCount\":372,\"commentCount\":0,\"publisher\":{\"@id\":\"https:\/\/blogdobispo.com.br\/#organization\"},\"image\":{\"@id\":\"https:\/\/blogdobispo.com.br\/?p=5110#primaryimage\"},\"thumbnailUrl\":\"https:\/\/blogdobispo.com.br\/wp-content\/uploads\/2025\/04\/a9967cca-6df9-4f87-81ae-7855e12632aa-1-1024x682.jpg\",\"articleSection\":[\"diversos\"],\"inLanguage\":\"pt-BR\",\"potentialAction\":[{\"@type\":\"CommentAction\",\"name\":\"Comment\",\"target\":[\"https:\/\/blogdobispo.com.br\/?p=5110#respond\"]}]},{\"@type\":\"WebPage\",\"@id\":\"https:\/\/blogdobispo.com.br\/?p=5110\",\"url\":\"https:\/\/blogdobispo.com.br\/?p=5110\",\"name\":\"Pedro Henrique realiza Sess\u00e3o Solene em homenagem ao Dia do Escoteiro e re\u00fane 350 pessoas - Blog do Bispo\",\"isPartOf\":{\"@id\":\"https:\/\/blogdobispo.com.br\/#website\"},\"primaryImageOfPage\":{\"@id\":\"https:\/\/blogdobispo.com.br\/?p=5110#primaryimage\"},\"image\":{\"@id\":\"https:\/\/blogdobispo.com.br\/?p=5110#primaryimage\"},\"thumbnailUrl\":\"https:\/\/blogdobispo.com.br\/wp-content\/uploads\/2025\/04\/a9967cca-6df9-4f87-81ae-7855e12632aa-1-1024x682.jpg\",\"datePublished\":\"2025-04-24T12:16:42+00:00\",\"breadcrumb\":{\"@id\":\"https:\/\/blogdobispo.com.br\/?p=5110#breadcrumb\"},\"inLanguage\":\"pt-BR\",\"potentialAction\":[{\"@type\":\"ReadAction\",\"target\":[\"https:\/\/blogdobispo.com.br\/?p=5110\"]}]},{\"@type\":\"ImageObject\",\"inLanguage\":\"pt-BR\",\"@id\":\"https:\/\/blogdobispo.com.br\/?p=5110#primaryimage\",\"url\":\"https:\/\/blogdobispo.com.br\/wp-content\/uploads\/2025\/04\/a9967cca-6df9-4f87-81ae-7855e12632aa-1-1024x682.jpg\",\"contentUrl\":\"https:\/\/blogdobispo.com.br\/wp-content\/uploads\/2025\/04\/a9967cca-6df9-4f87-81ae-7855e12632aa-1-1024x682.jpg\"},{\"@type\":\"BreadcrumbList\",\"@id\":\"https:\/\/blogdobispo.com.br\/?p=5110#breadcrumb\",\"itemListElement\":[{\"@type\":\"ListItem\",\"position\":1,\"name\":\"In\u00edcio\",\"item\":\"https:\/\/blogdobispo.com.br\/\"},{\"@type\":\"ListItem\",\"position\":2,\"name\":\"Pedro Henrique realiza Sess\u00e3o Solene em homenagem ao Dia do Escoteiro e re\u00fane 350 pessoas\"}]},{\"@type\":\"WebSite\",\"@id\":\"https:\/\/blogdobispo.com.br\/#website\",\"url\":\"https:\/\/blogdobispo.com.br\/\",\"name\":\"Blog do Bispo\",\"description\":\"Comprometido apenas com o leitor\",\"publisher\":{\"@id\":\"https:\/\/blogdobispo.com.br\/#organization\"},\"potentialAction\":[{\"@type\":\"SearchAction\",\"target\":{\"@type\":\"EntryPoint\",\"urlTemplate\":\"https:\/\/blogdobispo.com.br\/?s={search_term_string}\"},\"query-input\":{\"@type\":\"PropertyValueSpecification\",\"valueRequired\":true,\"valueName\":\"search_term_string\"}}],\"inLanguage\":\"pt-BR\"},{\"@type\":\"Organization\",\"@id\":\"https:\/\/blogdobispo.com.br\/#organization\",\"name\":\"Blog do Bispo\",\"url\":\"https:\/\/blogdobispo.com.br\/\",\"logo\":{\"@type\":\"ImageObject\",\"inLanguage\":\"pt-BR\",\"@id\":\"https:\/\/blogdobispo.com.br\/#\/schema\/logo\/image\/\",\"url\":\"http:\/\/blogdobispo.com.br\/wp-content\/uploads\/2023\/05\/cropped-headear.png\",\"contentUrl\":\"http:\/\/blogdobispo.com.br\/wp-content\/uploads\/2023\/05\/cropped-headear.png\",\"width\":1500,\"height\":399,\"caption\":\"Blog do Bispo\"},\"image\":{\"@id\":\"https:\/\/blogdobispo.com.br\/#\/schema\/logo\/image\/\"}},{\"@type\":\"Person\",\"@id\":\"https:\/\/blogdobispo.com.br\/#\/schema\/person\/e2209cc0e6cea5c5233d033e997b373f\",\"name\":\"Jefferson Sterfeno\",\"image\":{\"@type\":\"ImageObject\",\"inLanguage\":\"pt-BR\",\"@id\":\"https:\/\/blogdobispo.com.br\/#\/schema\/person\/image\/\",\"url\":\"https:\/\/secure.gravatar.com\/avatar\/0534e84764641168a677026b6d57a3f51dc7ac4db0b4f6186d9cb330d4ee1160?s=96&d=mm&r=g\",\"contentUrl\":\"https:\/\/secure.gravatar.com\/avatar\/0534e84764641168a677026b6d57a3f51dc7ac4db0b4f6186d9cb330d4ee1160?s=96&d=mm&r=g\",\"caption\":\"Jefferson Sterfeno\"},\"sameAs\":[\"http:\/\/blogdobispo.com.br\"],\"url\":\"https:\/\/blogdobispo.com.br\/?author=1\"}]}<\/script>\n<!-- \/ Yoast SEO plugin. -->","yoast_head_json":{"title":"Pedro Henrique realiza Sess\u00e3o Solene em homenagem ao Dia do Escoteiro e re\u00fane 350 pessoas - Blog do Bispo","robots":{"index":"index","follow":"follow","max-snippet":"max-snippet:-1","max-image-preview":"max-image-preview:large","max-video-preview":"max-video-preview:-1"},"canonical":"https:\/\/blogdobispo.com.br\/?p=5110","og_locale":"pt_BR","og_type":"article","og_title":"Pedro Henrique realiza Sess\u00e3o Solene em homenagem ao Dia do Escoteiro e re\u00fane 350 pessoas - Blog do Bispo","og_description":"Em comemora\u00e7\u00e3o ao Dia Mundial do Escoteiro, celebrado em 23 de abril, a C\u00e2mara Municipal de Natal realizou uma Sess\u00e3o Solene especial para homenagear o trabalho e a dedica\u00e7\u00e3o dos escoteiros e escotistas que atuam na forma\u00e7\u00e3o de jovens cidad\u00e3os. O evento reuniu 350 pessoas e foi realizado no plen\u00e1rio e no p\u00e1tio central da [&hellip;]","og_url":"https:\/\/blogdobispo.com.br\/?p=5110","og_site_name":"Blog do Bispo","article_published_time":"2025-04-24T12:16:42+00:00","og_image":[{"url":"https:\/\/blogdobispo.com.br\/wp-content\/uploads\/2025\/04\/a9967cca-6df9-4f87-81ae-7855e12632aa-1-1024x682.jpg","type":"","width":"","height":""}],"author":"Jefferson Sterfeno","twitter_card":"summary_large_image","twitter_misc":{"Escrito por":"Jefferson Sterfeno","Est. tempo de leitura":"2 minutos"},"schema":{"@context":"https:\/\/schema.org","@graph":[{"@type":"Article","@id":"https:\/\/blogdobispo.com.br\/?p=5110#article","isPartOf":{"@id":"https:\/\/blogdobispo.com.br\/?p=5110"},"author":{"name":"Jefferson Sterfeno","@id":"https:\/\/blogdobispo.com.br\/#\/schema\/person\/e2209cc0e6cea5c5233d033e997b373f"},"headline":"Pedro Henrique realiza Sess\u00e3o Solene em homenagem ao Dia do Escoteiro e re\u00fane 350 pessoas","datePublished":"2025-04-24T12:16:42+00:00","mainEntityOfPage":{"@id":"https:\/\/blogdobispo.com.br\/?p=5110"},"wordCount":372,"commentCount":0,"publisher":{"@id":"https:\/\/blogdobispo.com.br\/#organization"},"image":{"@id":"https:\/\/blogdobispo.com.br\/?p=5110#primaryimage"},"thumbnailUrl":"https:\/\/blogdobispo.com.br\/wp-content\/uploads\/2025\/04\/a9967cca-6df9-4f87-81ae-7855e12632aa-1-1024x682.jpg","articleSection":["diversos"],"inLanguage":"pt-BR","potentialAction":[{"@type":"CommentAction","name":"Comment","target":["https:\/\/blogdobispo.com.br\/?p=5110#respond"]}]},{"@type":"WebPage","@id":"https:\/\/blogdobispo.com.br\/?p=5110","url":"https:\/\/blogdobispo.com.br\/?p=5110","name":"Pedro Henrique realiza Sess\u00e3o Solene em homenagem ao Dia do Escoteiro e re\u00fane 350 pessoas - Blog do Bispo","isPartOf":{"@id":"https:\/\/blogdobispo.com.br\/#website"},"primaryImageOfPage":{"@id":"https:\/\/blogdobispo.com.br\/?p=5110#primaryimage"},"image":{"@id":"https:\/\/blogdobispo.com.br\/?p=5110#primaryimage"},"thumbnailUrl":"https:\/\/blogdobispo.com.br\/wp-content\/uploads\/2025\/04\/a9967cca-6df9-4f87-81ae-7855e12632aa-1-1024x682.jpg","datePublished":"2025-04-24T12:16:42+00:00","breadcrumb":{"@id":"https:\/\/blogdobispo.com.br\/?p=5110#breadcrumb"},"inLanguage":"pt-BR","potentialAction":[{"@type":"ReadAction","target":["https:\/\/blogdobispo.com.br\/?p=5110"]}]},{"@type":"ImageObject","inLanguage":"pt-BR","@id":"https:\/\/blogdobispo.com.br\/?p=5110#primaryimage","url":"https:\/\/blogdobispo.com.br\/wp-content\/uploads\/2025\/04\/a9967cca-6df9-4f87-81ae-7855e12632aa-1-1024x682.jpg","contentUrl":"https:\/\/blogdobispo.com.br\/wp-content\/uploads\/2025\/04\/a9967cca-6df9-4f87-81ae-7855e12632aa-1-1024x682.jpg"},{"@type":"BreadcrumbList","@id":"https:\/\/blogdobispo.com.br\/?p=5110#breadcrumb","itemListElement":[{"@type":"ListItem","position":1,"name":"In\u00edcio","item":"https:\/\/blogdobispo.com.br\/"},{"@type":"ListItem","position":2,"name":"Pedro Henrique realiza Sess\u00e3o Solene em homenagem ao Dia do Escoteiro e re\u00fane 350 pessoas"}]},{"@type":"WebSite","@id":"https:\/\/blogdobispo.com.br\/#website","url":"https:\/\/blogdobispo.com.br\/","name":"Blog do Bispo","description":"Comprometido apenas com o leitor","publisher":{"@id":"https:\/\/blogdobispo.com.br\/#organization"},"potentialAction":[{"@type":"SearchAction","target":{"@type":"EntryPoint","urlTemplate":"https:\/\/blogdobispo.com.br\/?s={search_term_string}"},"query-input":{"@type":"PropertyValueSpecification","valueRequired":true,"valueName":"search_term_string"}}],"inLanguage":"pt-BR"},{"@type":"Organization","@id":"https:\/\/blogdobispo.com.br\/#organization","name":"Blog do Bispo","url":"https:\/\/blogdobispo.com.br\/","logo":{"@type":"ImageObject","inLanguage":"pt-BR","@id":"https:\/\/blogdobispo.com.br\/#\/schema\/logo\/image\/","url":"http:\/\/blogdobispo.com.br\/wp-content\/uploads\/2023\/05\/cropped-headear.png","contentUrl":"http:\/\/blogdobispo.com.br\/wp-content\/uploads\/2023\/05\/cropped-headear.png","width":1500,"height":399,"caption":"Blog do Bispo"},"image":{"@id":"https:\/\/blogdobispo.com.br\/#\/schema\/logo\/image\/"}},{"@type":"Person","@id":"https:\/\/blogdobispo.com.br\/#\/schema\/person\/e2209cc0e6cea5c5233d033e997b373f","name":"Jefferson Sterfeno","image":{"@type":"ImageObject","inLanguage":"pt-BR","@id":"https:\/\/blogdobispo.com.br\/#\/schema\/person\/image\/","url":"https:\/\/secure.gravatar.com\/avatar\/0534e84764641168a677026b6d57a3f51dc7ac4db0b4f6186d9cb330d4ee1160?s=96&d=mm&r=g","contentUrl":"https:\/\/secure.gravatar.com\/avatar\/0534e84764641168a677026b6d57a3f51dc7ac4db0b4f6186d9cb330d4ee1160?s=96&d=mm&r=g","caption":"Jefferson Sterfeno"},"sameAs":["http:\/\/blogdobispo.com.br"],"url":"https:\/\/blogdobispo.com.br\/?author=1"}]}},"featured_image_urls":{"full":"","thumbnail":"","medium":"","medium_large":"","large":"","1536x1536":"","2048x2048":""},"author_info":{"display_name":"Jefferson Sterfeno","author_link":"https:\/\/blogdobispo.com.br\/?author=1"},"category_info":"<a href=\"https:\/\/blogdobispo.com.br\/?cat=1\" rel=\"category\">diversos<\/a>","tag_info":"diversos","comment_count":"0","jetpack_featured_media_url":"","jetpack_sharing_enabled":true,"_links":{"self":[{"href":"https:\/\/blogdobispo.com.br\/index.php?rest_route=\/wp\/v2\/posts\/5110","targetHints":{"allow":["GET"]}}],"collection":[{"href":"https:\/\/blogdobispo.com.br\/index.php?rest_route=\/wp\/v2\/posts"}],"about":[{"href":"https:\/\/blogdobispo.com.br\/index.php?rest_route=\/wp\/v2\/types\/post"}],"author":[{"embeddable":true,"href":"https:\/\/blogdobispo.com.br\/index.php?rest_route=\/wp\/v2\/users\/1"}],"replies":[{"embeddable":true,"href":"https:\/\/blogdobispo.com.br\/index.php?rest_route=%2Fwp%2Fv2%2Fcomments&post=5110"}],"version-history":[{"count":0,"href":"https:\/\/blogdobispo.com.br\/index.php?rest_route=\/wp\/v2\/posts\/5110\/revisions"}],"wp:attachment":[{"href":"https:\/\/blogdobispo.com.br\/index.php?rest_route=%2Fwp%2Fv2%2Fmedia&parent=5110"}],"wp:term":[{"taxonomy":"category","embeddable":true,"href":"https:\/\/blogdobispo.com.br\/index.php?rest_route=%2Fwp%2Fv2%2Fcategories&post=5110"},{"taxonomy":"post_tag","embeddable":true,"href":"https:\/\/blogdobispo.com.br\/index.php?rest_route=%2Fwp%2Fv2%2Ftags&post=5110"}],"curies":[{"name":"wp","href":"https:\/\/api.w.org\/{rel}","templated":true}]}}