{"id":5105,"date":"2025-04-23T21:50:58","date_gmt":"2025-04-23T21:50:58","guid":{"rendered":"https:\/\/blogdobispo.com.br\/?p=5105"},"modified":"2025-04-23T21:50:58","modified_gmt":"2025-04-23T21:50:58","slug":"lei-de-autoria-do-vereador-kleber-fernandes-estabelece-sistema-de-monitoramento-colaborativo","status":"publish","type":"post","link":"https:\/\/blogdobispo.com.br\/?p=5105","title":{"rendered":"Lei de autoria do vereador Kleber Fernandes estabelece sistema de monitoramento colaborativo"},"content":{"rendered":"\n<figure class=\"wp-block-image size-large\"><img data-recalc-dims=\"1\" fetchpriority=\"high\" decoding=\"async\" width=\"800\" height=\"687\" src=\"https:\/\/i0.wp.com\/blogdobispo.com.br\/wp-content\/uploads\/2025\/04\/dcb289f0-9d7f-4508-9e05-6902198f7245-1-1024x879.jpg?resize=800%2C687&#038;ssl=1\" class=\"wp-image-5104\" srcset=\"https:\/\/i0.wp.com\/blogdobispo.com.br\/wp-content\/uploads\/2025\/04\/dcb289f0-9d7f-4508-9e05-6902198f7245-1.jpg?resize=1024%2C879&amp;ssl=1 1024w, https:\/\/i0.wp.com\/blogdobispo.com.br\/wp-content\/uploads\/2025\/04\/dcb289f0-9d7f-4508-9e05-6902198f7245-1.jpg?resize=300%2C258&amp;ssl=1 300w, https:\/\/i0.wp.com\/blogdobispo.com.br\/wp-content\/uploads\/2025\/04\/dcb289f0-9d7f-4508-9e05-6902198f7245-1.jpg?resize=768%2C660&amp;ssl=1 768w, https:\/\/i0.wp.com\/blogdobispo.com.br\/wp-content\/uploads\/2025\/04\/dcb289f0-9d7f-4508-9e05-6902198f7245-1.jpg?resize=1536%2C1319&amp;ssl=1 1536w, https:\/\/i0.wp.com\/blogdobispo.com.br\/wp-content\/uploads\/2025\/04\/dcb289f0-9d7f-4508-9e05-6902198f7245-1.jpg?w=1600&amp;ssl=1 1600w\" sizes=\"(max-width: 800px) 100vw, 800px\" \/><\/figure>\n\n\n\n<p><\/p>\n\n\n\n<p>O Di\u00e1rio Oficial do Munic\u00edpio de Natal trouxe hoje a publica\u00e7\u00e3o da Lei n\u00b07.851, de autoria do vereador Kleber Fernandes (Republicanos), que implementa o Sistema Colaborativo de Seguran\u00e7a e Monitoramento no munic\u00edpio. Agora, a popula\u00e7\u00e3o e o poder p\u00fablico poder\u00e3o contribuir, juntos, no combate \u00e0 criminalidade, colaborando com a elucida\u00e7\u00e3o de crimes e fortalecendo a seguran\u00e7a da capital potiguar.<\/p>\n\n\n\n<p>Ao longo dos \u00faltimos anos, o tema da seguran\u00e7a p\u00fablica vem pautando a vida dos natalenses e sendo not\u00edcia nos principais ve\u00edculos de comunica\u00e7\u00e3o da capital. &#8220;A criminalidade continua afetando diretamente a qualidade de vida da popula\u00e7\u00e3o e a imagem da cidade como destino tur\u00edstico. Assaltos, furtos e crimes contra o patrim\u00f4nio t\u00eam aumentado, gerando uma sensa\u00e7\u00e3o de inseguran\u00e7a tanto para os moradores quanto para os visitantes&#8221;, explicou Kleber.<\/p>\n\n\n\n<p>De acordo com o parlamentar, o Sistema Colaborativo de Seguran\u00e7a e Monitoramento foi projetado para melhorar a seguran\u00e7a p\u00fablica na cidade por meio da colabora\u00e7\u00e3o direta entre a Prefeitura de Natal e diversos setores da sociedade, incluindo condom\u00ednios, estabelecimentos comerciais, ag\u00eancias banc\u00e1rias, organiza\u00e7\u00f5es civis, al\u00e9m de cidad\u00e3os, tanto pessoas jur\u00eddicas quanto f\u00edsicas. \u201cA Lei permite que essas pessoas forne\u00e7am, de maneira volunt\u00e1ria, imagens de suas c\u00e2meras de vigil\u00e2ncia ou ampliem o sistema de monitoramento na cidade. Isso contribuir\u00e1 para a elucida\u00e7\u00e3o de delitos e o processo de investiga\u00e7\u00e3o de crimes\u201d, explicou.<\/p>\n\n\n\n<p>A nova Lei tamb\u00e9m prev\u00ea a instala\u00e7\u00e3o e amplia\u00e7\u00e3o do Centro de Monitoramento, que ser\u00e1 respons\u00e1vel por centralizar e analisar as imagens fornecidas pelas parcerias, colaborando com as investiga\u00e7\u00f5es das autoridades competentes.<\/p>\n","protected":false},"excerpt":{"rendered":"<p>O Di\u00e1rio Oficial do Munic\u00edpio de Natal trouxe hoje a publica\u00e7\u00e3o da Lei n\u00b07.851, de autoria do vereador Kleber Fernandes (Republicanos), que implementa o Sistema Colaborativo de Seguran\u00e7a e Monitoramento no munic\u00edpio. Agora, a popula\u00e7\u00e3o e o poder p\u00fablico poder\u00e3o contribuir, juntos, no combate \u00e0 criminalidade, colaborando com a elucida\u00e7\u00e3o de crimes e fortalecendo a [&hellip;]<\/p>\n","protected":false},"author":1,"featured_media":0,"comment_status":"open","ping_status":"open","sticky":false,"template":"","format":"standard","meta":{"cybocfi_hide_featured_image":"","_jetpack_memberships_contains_paid_content":false,"footnotes":""},"categories":[1],"tags":[],"class_list":["post-5105","post","type-post","status-publish","format-standard","hentry","category-diversos"],"yoast_head":"<!-- This site is optimized with the Yoast SEO plugin v25.6 - https:\/\/yoast.com\/wordpress\/plugins\/seo\/ -->\n<title>Lei de autoria do vereador Kleber Fernandes estabelece sistema de monitoramento colaborativo - Blog do Bispo<\/title>\n<meta name=\"robots\" content=\"index, follow, max-snippet:-1, max-image-preview:large, max-video-preview:-1\" \/>\n<link rel=\"canonical\" href=\"https:\/\/blogdobispo.com.br\/?p=5105\" \/>\n<meta property=\"og:locale\" content=\"pt_BR\" \/>\n<meta property=\"og:type\" content=\"article\" \/>\n<meta property=\"og:title\" content=\"Lei de autoria do vereador Kleber Fernandes estabelece sistema de monitoramento colaborativo - Blog do Bispo\" \/>\n<meta property=\"og:description\" content=\"O Di\u00e1rio Oficial do Munic\u00edpio de Natal trouxe hoje a publica\u00e7\u00e3o da Lei n\u00b07.851, de autoria do vereador Kleber Fernandes (Republicanos), que implementa o Sistema Colaborativo de Seguran\u00e7a e Monitoramento no munic\u00edpio. Agora, a popula\u00e7\u00e3o e o poder p\u00fablico poder\u00e3o contribuir, juntos, no combate \u00e0 criminalidade, colaborando com a elucida\u00e7\u00e3o de crimes e fortalecendo a [&hellip;]\" \/>\n<meta property=\"og:url\" content=\"https:\/\/blogdobispo.com.br\/?p=5105\" \/>\n<meta property=\"og:site_name\" content=\"Blog do Bispo\" \/>\n<meta property=\"article:published_time\" content=\"2025-04-23T21:50:58+00:00\" \/>\n<meta property=\"og:image\" content=\"https:\/\/blogdobispo.com.br\/wp-content\/uploads\/2025\/04\/dcb289f0-9d7f-4508-9e05-6902198f7245-1-1024x879.jpg\" \/>\n<meta name=\"author\" content=\"Jefferson Sterfeno\" \/>\n<meta name=\"twitter:card\" content=\"summary_large_image\" \/>\n<meta name=\"twitter:label1\" content=\"Escrito por\" \/>\n\t<meta name=\"twitter:data1\" content=\"Jefferson Sterfeno\" \/>\n\t<meta name=\"twitter:label2\" content=\"Est. tempo de leitura\" \/>\n\t<meta name=\"twitter:data2\" content=\"1 minuto\" \/>\n<script type=\"application\/ld+json\" class=\"yoast-schema-graph\">{\"@context\":\"https:\/\/schema.org\",\"@graph\":[{\"@type\":\"Article\",\"@id\":\"https:\/\/blogdobispo.com.br\/?p=5105#article\",\"isPartOf\":{\"@id\":\"https:\/\/blogdobispo.com.br\/?p=5105\"},\"author\":{\"name\":\"Jefferson Sterfeno\",\"@id\":\"https:\/\/blogdobispo.com.br\/#\/schema\/person\/e2209cc0e6cea5c5233d033e997b373f\"},\"headline\":\"Lei de autoria do vereador Kleber Fernandes estabelece sistema de monitoramento colaborativo\",\"datePublished\":\"2025-04-23T21:50:58+00:00\",\"mainEntityOfPage\":{\"@id\":\"https:\/\/blogdobispo.com.br\/?p=5105\"},\"wordCount\":306,\"commentCount\":0,\"publisher\":{\"@id\":\"https:\/\/blogdobispo.com.br\/#organization\"},\"image\":{\"@id\":\"https:\/\/blogdobispo.com.br\/?p=5105#primaryimage\"},\"thumbnailUrl\":\"https:\/\/blogdobispo.com.br\/wp-content\/uploads\/2025\/04\/dcb289f0-9d7f-4508-9e05-6902198f7245-1-1024x879.jpg\",\"articleSection\":[\"diversos\"],\"inLanguage\":\"pt-BR\",\"potentialAction\":[{\"@type\":\"CommentAction\",\"name\":\"Comment\",\"target\":[\"https:\/\/blogdobispo.com.br\/?p=5105#respond\"]}]},{\"@type\":\"WebPage\",\"@id\":\"https:\/\/blogdobispo.com.br\/?p=5105\",\"url\":\"https:\/\/blogdobispo.com.br\/?p=5105\",\"name\":\"Lei de autoria do vereador Kleber Fernandes estabelece sistema de monitoramento colaborativo - Blog do Bispo\",\"isPartOf\":{\"@id\":\"https:\/\/blogdobispo.com.br\/#website\"},\"primaryImageOfPage\":{\"@id\":\"https:\/\/blogdobispo.com.br\/?p=5105#primaryimage\"},\"image\":{\"@id\":\"https:\/\/blogdobispo.com.br\/?p=5105#primaryimage\"},\"thumbnailUrl\":\"https:\/\/blogdobispo.com.br\/wp-content\/uploads\/2025\/04\/dcb289f0-9d7f-4508-9e05-6902198f7245-1-1024x879.jpg\",\"datePublished\":\"2025-04-23T21:50:58+00:00\",\"breadcrumb\":{\"@id\":\"https:\/\/blogdobispo.com.br\/?p=5105#breadcrumb\"},\"inLanguage\":\"pt-BR\",\"potentialAction\":[{\"@type\":\"ReadAction\",\"target\":[\"https:\/\/blogdobispo.com.br\/?p=5105\"]}]},{\"@type\":\"ImageObject\",\"inLanguage\":\"pt-BR\",\"@id\":\"https:\/\/blogdobispo.com.br\/?p=5105#primaryimage\",\"url\":\"https:\/\/blogdobispo.com.br\/wp-content\/uploads\/2025\/04\/dcb289f0-9d7f-4508-9e05-6902198f7245-1-1024x879.jpg\",\"contentUrl\":\"https:\/\/blogdobispo.com.br\/wp-content\/uploads\/2025\/04\/dcb289f0-9d7f-4508-9e05-6902198f7245-1-1024x879.jpg\"},{\"@type\":\"BreadcrumbList\",\"@id\":\"https:\/\/blogdobispo.com.br\/?p=5105#breadcrumb\",\"itemListElement\":[{\"@type\":\"ListItem\",\"position\":1,\"name\":\"In\u00edcio\",\"item\":\"https:\/\/blogdobispo.com.br\/\"},{\"@type\":\"ListItem\",\"position\":2,\"name\":\"Lei de autoria do vereador Kleber Fernandes estabelece sistema de monitoramento colaborativo\"}]},{\"@type\":\"WebSite\",\"@id\":\"https:\/\/blogdobispo.com.br\/#website\",\"url\":\"https:\/\/blogdobispo.com.br\/\",\"name\":\"Blog do Bispo\",\"description\":\"Comprometido apenas com o leitor\",\"publisher\":{\"@id\":\"https:\/\/blogdobispo.com.br\/#organization\"},\"potentialAction\":[{\"@type\":\"SearchAction\",\"target\":{\"@type\":\"EntryPoint\",\"urlTemplate\":\"https:\/\/blogdobispo.com.br\/?s={search_term_string}\"},\"query-input\":{\"@type\":\"PropertyValueSpecification\",\"valueRequired\":true,\"valueName\":\"search_term_string\"}}],\"inLanguage\":\"pt-BR\"},{\"@type\":\"Organization\",\"@id\":\"https:\/\/blogdobispo.com.br\/#organization\",\"name\":\"Blog do Bispo\",\"url\":\"https:\/\/blogdobispo.com.br\/\",\"logo\":{\"@type\":\"ImageObject\",\"inLanguage\":\"pt-BR\",\"@id\":\"https:\/\/blogdobispo.com.br\/#\/schema\/logo\/image\/\",\"url\":\"http:\/\/blogdobispo.com.br\/wp-content\/uploads\/2023\/05\/cropped-headear.png\",\"contentUrl\":\"http:\/\/blogdobispo.com.br\/wp-content\/uploads\/2023\/05\/cropped-headear.png\",\"width\":1500,\"height\":399,\"caption\":\"Blog do Bispo\"},\"image\":{\"@id\":\"https:\/\/blogdobispo.com.br\/#\/schema\/logo\/image\/\"}},{\"@type\":\"Person\",\"@id\":\"https:\/\/blogdobispo.com.br\/#\/schema\/person\/e2209cc0e6cea5c5233d033e997b373f\",\"name\":\"Jefferson Sterfeno\",\"image\":{\"@type\":\"ImageObject\",\"inLanguage\":\"pt-BR\",\"@id\":\"https:\/\/blogdobispo.com.br\/#\/schema\/person\/image\/\",\"url\":\"https:\/\/secure.gravatar.com\/avatar\/0534e84764641168a677026b6d57a3f51dc7ac4db0b4f6186d9cb330d4ee1160?s=96&d=mm&r=g\",\"contentUrl\":\"https:\/\/secure.gravatar.com\/avatar\/0534e84764641168a677026b6d57a3f51dc7ac4db0b4f6186d9cb330d4ee1160?s=96&d=mm&r=g\",\"caption\":\"Jefferson Sterfeno\"},\"sameAs\":[\"http:\/\/blogdobispo.com.br\"],\"url\":\"https:\/\/blogdobispo.com.br\/?author=1\"}]}<\/script>\n<!-- \/ Yoast SEO plugin. -->","yoast_head_json":{"title":"Lei de autoria do vereador Kleber Fernandes estabelece sistema de monitoramento colaborativo - Blog do Bispo","robots":{"index":"index","follow":"follow","max-snippet":"max-snippet:-1","max-image-preview":"max-image-preview:large","max-video-preview":"max-video-preview:-1"},"canonical":"https:\/\/blogdobispo.com.br\/?p=5105","og_locale":"pt_BR","og_type":"article","og_title":"Lei de autoria do vereador Kleber Fernandes estabelece sistema de monitoramento colaborativo - Blog do Bispo","og_description":"O Di\u00e1rio Oficial do Munic\u00edpio de Natal trouxe hoje a publica\u00e7\u00e3o da Lei n\u00b07.851, de autoria do vereador Kleber Fernandes (Republicanos), que implementa o Sistema Colaborativo de Seguran\u00e7a e Monitoramento no munic\u00edpio. Agora, a popula\u00e7\u00e3o e o poder p\u00fablico poder\u00e3o contribuir, juntos, no combate \u00e0 criminalidade, colaborando com a elucida\u00e7\u00e3o de crimes e fortalecendo a [&hellip;]","og_url":"https:\/\/blogdobispo.com.br\/?p=5105","og_site_name":"Blog do Bispo","article_published_time":"2025-04-23T21:50:58+00:00","og_image":[{"url":"https:\/\/blogdobispo.com.br\/wp-content\/uploads\/2025\/04\/dcb289f0-9d7f-4508-9e05-6902198f7245-1-1024x879.jpg","type":"","width":"","height":""}],"author":"Jefferson Sterfeno","twitter_card":"summary_large_image","twitter_misc":{"Escrito por":"Jefferson Sterfeno","Est. tempo de leitura":"1 minuto"},"schema":{"@context":"https:\/\/schema.org","@graph":[{"@type":"Article","@id":"https:\/\/blogdobispo.com.br\/?p=5105#article","isPartOf":{"@id":"https:\/\/blogdobispo.com.br\/?p=5105"},"author":{"name":"Jefferson Sterfeno","@id":"https:\/\/blogdobispo.com.br\/#\/schema\/person\/e2209cc0e6cea5c5233d033e997b373f"},"headline":"Lei de autoria do vereador Kleber Fernandes estabelece sistema de monitoramento colaborativo","datePublished":"2025-04-23T21:50:58+00:00","mainEntityOfPage":{"@id":"https:\/\/blogdobispo.com.br\/?p=5105"},"wordCount":306,"commentCount":0,"publisher":{"@id":"https:\/\/blogdobispo.com.br\/#organization"},"image":{"@id":"https:\/\/blogdobispo.com.br\/?p=5105#primaryimage"},"thumbnailUrl":"https:\/\/blogdobispo.com.br\/wp-content\/uploads\/2025\/04\/dcb289f0-9d7f-4508-9e05-6902198f7245-1-1024x879.jpg","articleSection":["diversos"],"inLanguage":"pt-BR","potentialAction":[{"@type":"CommentAction","name":"Comment","target":["https:\/\/blogdobispo.com.br\/?p=5105#respond"]}]},{"@type":"WebPage","@id":"https:\/\/blogdobispo.com.br\/?p=5105","url":"https:\/\/blogdobispo.com.br\/?p=5105","name":"Lei de autoria do vereador Kleber Fernandes estabelece sistema de monitoramento colaborativo - Blog do Bispo","isPartOf":{"@id":"https:\/\/blogdobispo.com.br\/#website"},"primaryImageOfPage":{"@id":"https:\/\/blogdobispo.com.br\/?p=5105#primaryimage"},"image":{"@id":"https:\/\/blogdobispo.com.br\/?p=5105#primaryimage"},"thumbnailUrl":"https:\/\/blogdobispo.com.br\/wp-content\/uploads\/2025\/04\/dcb289f0-9d7f-4508-9e05-6902198f7245-1-1024x879.jpg","datePublished":"2025-04-23T21:50:58+00:00","breadcrumb":{"@id":"https:\/\/blogdobispo.com.br\/?p=5105#breadcrumb"},"inLanguage":"pt-BR","potentialAction":[{"@type":"ReadAction","target":["https:\/\/blogdobispo.com.br\/?p=5105"]}]},{"@type":"ImageObject","inLanguage":"pt-BR","@id":"https:\/\/blogdobispo.com.br\/?p=5105#primaryimage","url":"https:\/\/blogdobispo.com.br\/wp-content\/uploads\/2025\/04\/dcb289f0-9d7f-4508-9e05-6902198f7245-1-1024x879.jpg","contentUrl":"https:\/\/blogdobispo.com.br\/wp-content\/uploads\/2025\/04\/dcb289f0-9d7f-4508-9e05-6902198f7245-1-1024x879.jpg"},{"@type":"BreadcrumbList","@id":"https:\/\/blogdobispo.com.br\/?p=5105#breadcrumb","itemListElement":[{"@type":"ListItem","position":1,"name":"In\u00edcio","item":"https:\/\/blogdobispo.com.br\/"},{"@type":"ListItem","position":2,"name":"Lei de autoria do vereador Kleber Fernandes estabelece sistema de monitoramento colaborativo"}]},{"@type":"WebSite","@id":"https:\/\/blogdobispo.com.br\/#website","url":"https:\/\/blogdobispo.com.br\/","name":"Blog do Bispo","description":"Comprometido apenas com o leitor","publisher":{"@id":"https:\/\/blogdobispo.com.br\/#organization"},"potentialAction":[{"@type":"SearchAction","target":{"@type":"EntryPoint","urlTemplate":"https:\/\/blogdobispo.com.br\/?s={search_term_string}"},"query-input":{"@type":"PropertyValueSpecification","valueRequired":true,"valueName":"search_term_string"}}],"inLanguage":"pt-BR"},{"@type":"Organization","@id":"https:\/\/blogdobispo.com.br\/#organization","name":"Blog do Bispo","url":"https:\/\/blogdobispo.com.br\/","logo":{"@type":"ImageObject","inLanguage":"pt-BR","@id":"https:\/\/blogdobispo.com.br\/#\/schema\/logo\/image\/","url":"http:\/\/blogdobispo.com.br\/wp-content\/uploads\/2023\/05\/cropped-headear.png","contentUrl":"http:\/\/blogdobispo.com.br\/wp-content\/uploads\/2023\/05\/cropped-headear.png","width":1500,"height":399,"caption":"Blog do Bispo"},"image":{"@id":"https:\/\/blogdobispo.com.br\/#\/schema\/logo\/image\/"}},{"@type":"Person","@id":"https:\/\/blogdobispo.com.br\/#\/schema\/person\/e2209cc0e6cea5c5233d033e997b373f","name":"Jefferson Sterfeno","image":{"@type":"ImageObject","inLanguage":"pt-BR","@id":"https:\/\/blogdobispo.com.br\/#\/schema\/person\/image\/","url":"https:\/\/secure.gravatar.com\/avatar\/0534e84764641168a677026b6d57a3f51dc7ac4db0b4f6186d9cb330d4ee1160?s=96&d=mm&r=g","contentUrl":"https:\/\/secure.gravatar.com\/avatar\/0534e84764641168a677026b6d57a3f51dc7ac4db0b4f6186d9cb330d4ee1160?s=96&d=mm&r=g","caption":"Jefferson Sterfeno"},"sameAs":["http:\/\/blogdobispo.com.br"],"url":"https:\/\/blogdobispo.com.br\/?author=1"}]}},"featured_image_urls":{"full":"","thumbnail":"","medium":"","medium_large":"","large":"","1536x1536":"","2048x2048":""},"author_info":{"display_name":"Jefferson Sterfeno","author_link":"https:\/\/blogdobispo.com.br\/?author=1"},"category_info":"<a href=\"https:\/\/blogdobispo.com.br\/?cat=1\" rel=\"category\">diversos<\/a>","tag_info":"diversos","comment_count":"0","jetpack_featured_media_url":"","jetpack_sharing_enabled":true,"_links":{"self":[{"href":"https:\/\/blogdobispo.com.br\/index.php?rest_route=\/wp\/v2\/posts\/5105","targetHints":{"allow":["GET"]}}],"collection":[{"href":"https:\/\/blogdobispo.com.br\/index.php?rest_route=\/wp\/v2\/posts"}],"about":[{"href":"https:\/\/blogdobispo.com.br\/index.php?rest_route=\/wp\/v2\/types\/post"}],"author":[{"embeddable":true,"href":"https:\/\/blogdobispo.com.br\/index.php?rest_route=\/wp\/v2\/users\/1"}],"replies":[{"embeddable":true,"href":"https:\/\/blogdobispo.com.br\/index.php?rest_route=%2Fwp%2Fv2%2Fcomments&post=5105"}],"version-history":[{"count":0,"href":"https:\/\/blogdobispo.com.br\/index.php?rest_route=\/wp\/v2\/posts\/5105\/revisions"}],"wp:attachment":[{"href":"https:\/\/blogdobispo.com.br\/index.php?rest_route=%2Fwp%2Fv2%2Fmedia&parent=5105"}],"wp:term":[{"taxonomy":"category","embeddable":true,"href":"https:\/\/blogdobispo.com.br\/index.php?rest_route=%2Fwp%2Fv2%2Fcategories&post=5105"},{"taxonomy":"post_tag","embeddable":true,"href":"https:\/\/blogdobispo.com.br\/index.php?rest_route=%2Fwp%2Fv2%2Ftags&post=5105"}],"curies":[{"name":"wp","href":"https:\/\/api.w.org\/{rel}","templated":true}]}}