{"id":5099,"date":"2025-04-23T20:18:58","date_gmt":"2025-04-23T20:18:58","guid":{"rendered":"https:\/\/blogdobispo.com.br\/?p=5099"},"modified":"2025-04-23T20:18:58","modified_gmt":"2025-04-23T20:18:58","slug":"aluno-consciente-acao-leva-conscientizacao-sobre-o-autismo-e-combate-ao-bullying-para-estudantes","status":"publish","type":"post","link":"https:\/\/blogdobispo.com.br\/?p=5099","title":{"rendered":"&#8220;Aluno Consciente&#8221;: a\u00e7\u00e3o leva conscientiza\u00e7\u00e3o sobre o autismo e combate ao bullying para estudantes"},"content":{"rendered":"\n<figure class=\"wp-block-image size-large\"><img data-recalc-dims=\"1\" fetchpriority=\"high\" decoding=\"async\" width=\"800\" height=\"600\" src=\"https:\/\/i0.wp.com\/blogdobispo.com.br\/wp-content\/uploads\/2025\/04\/330a3ab8-69ff-4210-9775-55634e3cfc4d-1-1024x768.jpg?resize=800%2C600&#038;ssl=1\" class=\"wp-image-5098\" srcset=\"https:\/\/i0.wp.com\/blogdobispo.com.br\/wp-content\/uploads\/2025\/04\/330a3ab8-69ff-4210-9775-55634e3cfc4d-1.jpg?resize=1024%2C768&amp;ssl=1 1024w, https:\/\/i0.wp.com\/blogdobispo.com.br\/wp-content\/uploads\/2025\/04\/330a3ab8-69ff-4210-9775-55634e3cfc4d-1.jpg?resize=300%2C225&amp;ssl=1 300w, https:\/\/i0.wp.com\/blogdobispo.com.br\/wp-content\/uploads\/2025\/04\/330a3ab8-69ff-4210-9775-55634e3cfc4d-1.jpg?resize=768%2C576&amp;ssl=1 768w, https:\/\/i0.wp.com\/blogdobispo.com.br\/wp-content\/uploads\/2025\/04\/330a3ab8-69ff-4210-9775-55634e3cfc4d-1.jpg?resize=1536%2C1152&amp;ssl=1 1536w, https:\/\/i0.wp.com\/blogdobispo.com.br\/wp-content\/uploads\/2025\/04\/330a3ab8-69ff-4210-9775-55634e3cfc4d-1.jpg?w=2000&amp;ssl=1 2000w, https:\/\/i0.wp.com\/blogdobispo.com.br\/wp-content\/uploads\/2025\/04\/330a3ab8-69ff-4210-9775-55634e3cfc4d-1.jpg?w=1600 1600w\" sizes=\"(max-width: 800px) 100vw, 800px\" \/><\/figure>\n\n\n\n<p><\/p>\n\n\n\n<p>Dando continuidade \u00e0s atividades do Abril Azul, a campanha &#8220;\u00c9 T\u00e3o Lindo Ser Amigo: vamos abra\u00e7ar o autismo&#8221; realiza nesta quinta-feira (24), a partir das 16h, mais uma importante a\u00e7\u00e3o de sensibiliza\u00e7\u00e3o: o Aluno Consciente. A atividade acontecer\u00e1 na Escola Estadual Berilo Wanderley, em Natal, com foco em estudantes do ensino m\u00e9dio.<\/p>\n\n\n\n<p>A iniciativa \u00e9 uma realiza\u00e7\u00e3o do mandato cidad\u00e3o do vereador Daniel Santiago, em parceria com o Instituto Le Blue, e prop\u00f5e um momento de conversa franca e din\u00e2mica sobre o respeito \u00e0s diferen\u00e7as, o combate ao bullying e a valoriza\u00e7\u00e3o da conviv\u00eancia inclusiva no ambiente escolar.<\/p>\n\n\n\n<p>&#8220;Queremos mostrar para esses jovens que ser amigo \u00e9 tamb\u00e9m saber respeitar e acolher todos, sem distin\u00e7\u00f5es. A adolesc\u00eancia \u00e9 uma fase cheia de descobertas, mas tamb\u00e9m pode ser marcada por exclus\u00f5es. Por isso, falar sobre autismo nesse contexto \u00e9 t\u00e3o necess\u00e1rio&#8221;, destacou o vereador.<\/p>\n\n\n\n<p>A proposta \u00e9 criar espa\u00e7os seguros para que os estudantes possam tirar d\u00favidas, relatar experi\u00eancias e entender a import\u00e2ncia de atitudes que promovam a empatia e o respeito m\u00fatuo. Com linguagem acess\u00edvel e foco em viv\u00eancias reais, a a\u00e7\u00e3o refor\u00e7a os objetivos da campanha que vem mobilizando a cidade ao longo do m\u00eas de abril.<\/p>\n\n\n\n<p>A campanha &#8220;\u00c9 T\u00e3o Lindo Ser Amigo&#8221; vem ganhando destaque com diversas a\u00e7\u00f5es em escolas, espa\u00e7os p\u00fablicos e eventos culturais, sempre com o objetivo de tornar Natal uma cidade mais acolhedora e consciente sobre o autismo. At\u00e9 o momento j\u00e1 aconteceram caminhadas, sala de acolhimento, pra\u00e7a de acolhimento, al\u00e9m de lan\u00e7amentos do Bus\u00e3o da Inclus\u00e3o, Selo Empresa Amiga do Autista e CIPTEA (Carteira de Identifica\u00e7\u00e3o da Pessoa com Transtorno do Espectro Autista).<\/p>\n","protected":false},"excerpt":{"rendered":"<p>Dando continuidade \u00e0s atividades do Abril Azul, a campanha &#8220;\u00c9 T\u00e3o Lindo Ser Amigo: vamos abra\u00e7ar o autismo&#8221; realiza nesta quinta-feira (24), a partir das 16h, mais uma importante a\u00e7\u00e3o de sensibiliza\u00e7\u00e3o: o Aluno Consciente. A atividade acontecer\u00e1 na Escola Estadual Berilo Wanderley, em Natal, com foco em estudantes do ensino m\u00e9dio. A iniciativa \u00e9 [&hellip;]<\/p>\n","protected":false},"author":1,"featured_media":0,"comment_status":"open","ping_status":"open","sticky":false,"template":"","format":"standard","meta":{"cybocfi_hide_featured_image":"","_jetpack_memberships_contains_paid_content":false,"footnotes":""},"categories":[1],"tags":[],"class_list":["post-5099","post","type-post","status-publish","format-standard","hentry","category-diversos"],"yoast_head":"<!-- This site is optimized with the Yoast SEO plugin v25.6 - https:\/\/yoast.com\/wordpress\/plugins\/seo\/ -->\n<title>&quot;Aluno Consciente&quot;: a\u00e7\u00e3o leva conscientiza\u00e7\u00e3o sobre o autismo e combate ao bullying para estudantes - Blog do Bispo<\/title>\n<meta name=\"robots\" content=\"index, follow, max-snippet:-1, max-image-preview:large, max-video-preview:-1\" \/>\n<link rel=\"canonical\" href=\"https:\/\/blogdobispo.com.br\/?p=5099\" \/>\n<meta property=\"og:locale\" content=\"pt_BR\" \/>\n<meta property=\"og:type\" content=\"article\" \/>\n<meta property=\"og:title\" content=\"&quot;Aluno Consciente&quot;: a\u00e7\u00e3o leva conscientiza\u00e7\u00e3o sobre o autismo e combate ao bullying para estudantes - Blog do Bispo\" \/>\n<meta property=\"og:description\" content=\"Dando continuidade \u00e0s atividades do Abril Azul, a campanha &#8220;\u00c9 T\u00e3o Lindo Ser Amigo: vamos abra\u00e7ar o autismo&#8221; realiza nesta quinta-feira (24), a partir das 16h, mais uma importante a\u00e7\u00e3o de sensibiliza\u00e7\u00e3o: o Aluno Consciente. A atividade acontecer\u00e1 na Escola Estadual Berilo Wanderley, em Natal, com foco em estudantes do ensino m\u00e9dio. A iniciativa \u00e9 [&hellip;]\" \/>\n<meta property=\"og:url\" content=\"https:\/\/blogdobispo.com.br\/?p=5099\" \/>\n<meta property=\"og:site_name\" content=\"Blog do Bispo\" \/>\n<meta property=\"article:published_time\" content=\"2025-04-23T20:18:58+00:00\" \/>\n<meta property=\"og:image\" content=\"https:\/\/blogdobispo.com.br\/wp-content\/uploads\/2025\/04\/330a3ab8-69ff-4210-9775-55634e3cfc4d-1-1024x768.jpg\" \/>\n<meta name=\"author\" content=\"Jefferson Sterfeno\" \/>\n<meta name=\"twitter:card\" content=\"summary_large_image\" \/>\n<meta name=\"twitter:label1\" content=\"Escrito por\" \/>\n\t<meta name=\"twitter:data1\" content=\"Jefferson Sterfeno\" \/>\n\t<meta name=\"twitter:label2\" content=\"Est. tempo de leitura\" \/>\n\t<meta name=\"twitter:data2\" content=\"2 minutos\" \/>\n<script type=\"application\/ld+json\" class=\"yoast-schema-graph\">{\"@context\":\"https:\/\/schema.org\",\"@graph\":[{\"@type\":\"Article\",\"@id\":\"https:\/\/blogdobispo.com.br\/?p=5099#article\",\"isPartOf\":{\"@id\":\"https:\/\/blogdobispo.com.br\/?p=5099\"},\"author\":{\"name\":\"Jefferson Sterfeno\",\"@id\":\"https:\/\/blogdobispo.com.br\/#\/schema\/person\/e2209cc0e6cea5c5233d033e997b373f\"},\"headline\":\"&#8220;Aluno Consciente&#8221;: a\u00e7\u00e3o leva conscientiza\u00e7\u00e3o sobre o autismo e combate ao bullying para estudantes\",\"datePublished\":\"2025-04-23T20:18:58+00:00\",\"mainEntityOfPage\":{\"@id\":\"https:\/\/blogdobispo.com.br\/?p=5099\"},\"wordCount\":317,\"commentCount\":0,\"publisher\":{\"@id\":\"https:\/\/blogdobispo.com.br\/#organization\"},\"image\":{\"@id\":\"https:\/\/blogdobispo.com.br\/?p=5099#primaryimage\"},\"thumbnailUrl\":\"https:\/\/blogdobispo.com.br\/wp-content\/uploads\/2025\/04\/330a3ab8-69ff-4210-9775-55634e3cfc4d-1-1024x768.jpg\",\"articleSection\":[\"diversos\"],\"inLanguage\":\"pt-BR\",\"potentialAction\":[{\"@type\":\"CommentAction\",\"name\":\"Comment\",\"target\":[\"https:\/\/blogdobispo.com.br\/?p=5099#respond\"]}]},{\"@type\":\"WebPage\",\"@id\":\"https:\/\/blogdobispo.com.br\/?p=5099\",\"url\":\"https:\/\/blogdobispo.com.br\/?p=5099\",\"name\":\"\\\"Aluno Consciente\\\": a\u00e7\u00e3o leva conscientiza\u00e7\u00e3o sobre o autismo e combate ao bullying para estudantes - Blog do Bispo\",\"isPartOf\":{\"@id\":\"https:\/\/blogdobispo.com.br\/#website\"},\"primaryImageOfPage\":{\"@id\":\"https:\/\/blogdobispo.com.br\/?p=5099#primaryimage\"},\"image\":{\"@id\":\"https:\/\/blogdobispo.com.br\/?p=5099#primaryimage\"},\"thumbnailUrl\":\"https:\/\/blogdobispo.com.br\/wp-content\/uploads\/2025\/04\/330a3ab8-69ff-4210-9775-55634e3cfc4d-1-1024x768.jpg\",\"datePublished\":\"2025-04-23T20:18:58+00:00\",\"breadcrumb\":{\"@id\":\"https:\/\/blogdobispo.com.br\/?p=5099#breadcrumb\"},\"inLanguage\":\"pt-BR\",\"potentialAction\":[{\"@type\":\"ReadAction\",\"target\":[\"https:\/\/blogdobispo.com.br\/?p=5099\"]}]},{\"@type\":\"ImageObject\",\"inLanguage\":\"pt-BR\",\"@id\":\"https:\/\/blogdobispo.com.br\/?p=5099#primaryimage\",\"url\":\"https:\/\/blogdobispo.com.br\/wp-content\/uploads\/2025\/04\/330a3ab8-69ff-4210-9775-55634e3cfc4d-1-1024x768.jpg\",\"contentUrl\":\"https:\/\/blogdobispo.com.br\/wp-content\/uploads\/2025\/04\/330a3ab8-69ff-4210-9775-55634e3cfc4d-1-1024x768.jpg\"},{\"@type\":\"BreadcrumbList\",\"@id\":\"https:\/\/blogdobispo.com.br\/?p=5099#breadcrumb\",\"itemListElement\":[{\"@type\":\"ListItem\",\"position\":1,\"name\":\"In\u00edcio\",\"item\":\"https:\/\/blogdobispo.com.br\/\"},{\"@type\":\"ListItem\",\"position\":2,\"name\":\"&#8220;Aluno Consciente&#8221;: a\u00e7\u00e3o leva conscientiza\u00e7\u00e3o sobre o autismo e combate ao bullying para estudantes\"}]},{\"@type\":\"WebSite\",\"@id\":\"https:\/\/blogdobispo.com.br\/#website\",\"url\":\"https:\/\/blogdobispo.com.br\/\",\"name\":\"Blog do Bispo\",\"description\":\"Comprometido apenas com o leitor\",\"publisher\":{\"@id\":\"https:\/\/blogdobispo.com.br\/#organization\"},\"potentialAction\":[{\"@type\":\"SearchAction\",\"target\":{\"@type\":\"EntryPoint\",\"urlTemplate\":\"https:\/\/blogdobispo.com.br\/?s={search_term_string}\"},\"query-input\":{\"@type\":\"PropertyValueSpecification\",\"valueRequired\":true,\"valueName\":\"search_term_string\"}}],\"inLanguage\":\"pt-BR\"},{\"@type\":\"Organization\",\"@id\":\"https:\/\/blogdobispo.com.br\/#organization\",\"name\":\"Blog do Bispo\",\"url\":\"https:\/\/blogdobispo.com.br\/\",\"logo\":{\"@type\":\"ImageObject\",\"inLanguage\":\"pt-BR\",\"@id\":\"https:\/\/blogdobispo.com.br\/#\/schema\/logo\/image\/\",\"url\":\"http:\/\/blogdobispo.com.br\/wp-content\/uploads\/2023\/05\/cropped-headear.png\",\"contentUrl\":\"http:\/\/blogdobispo.com.br\/wp-content\/uploads\/2023\/05\/cropped-headear.png\",\"width\":1500,\"height\":399,\"caption\":\"Blog do Bispo\"},\"image\":{\"@id\":\"https:\/\/blogdobispo.com.br\/#\/schema\/logo\/image\/\"}},{\"@type\":\"Person\",\"@id\":\"https:\/\/blogdobispo.com.br\/#\/schema\/person\/e2209cc0e6cea5c5233d033e997b373f\",\"name\":\"Jefferson Sterfeno\",\"image\":{\"@type\":\"ImageObject\",\"inLanguage\":\"pt-BR\",\"@id\":\"https:\/\/blogdobispo.com.br\/#\/schema\/person\/image\/\",\"url\":\"https:\/\/secure.gravatar.com\/avatar\/0534e84764641168a677026b6d57a3f51dc7ac4db0b4f6186d9cb330d4ee1160?s=96&d=mm&r=g\",\"contentUrl\":\"https:\/\/secure.gravatar.com\/avatar\/0534e84764641168a677026b6d57a3f51dc7ac4db0b4f6186d9cb330d4ee1160?s=96&d=mm&r=g\",\"caption\":\"Jefferson Sterfeno\"},\"sameAs\":[\"http:\/\/blogdobispo.com.br\"],\"url\":\"https:\/\/blogdobispo.com.br\/?author=1\"}]}<\/script>\n<!-- \/ Yoast SEO plugin. -->","yoast_head_json":{"title":"\"Aluno Consciente\": a\u00e7\u00e3o leva conscientiza\u00e7\u00e3o sobre o autismo e combate ao bullying para estudantes - Blog do Bispo","robots":{"index":"index","follow":"follow","max-snippet":"max-snippet:-1","max-image-preview":"max-image-preview:large","max-video-preview":"max-video-preview:-1"},"canonical":"https:\/\/blogdobispo.com.br\/?p=5099","og_locale":"pt_BR","og_type":"article","og_title":"\"Aluno Consciente\": a\u00e7\u00e3o leva conscientiza\u00e7\u00e3o sobre o autismo e combate ao bullying para estudantes - Blog do Bispo","og_description":"Dando continuidade \u00e0s atividades do Abril Azul, a campanha &#8220;\u00c9 T\u00e3o Lindo Ser Amigo: vamos abra\u00e7ar o autismo&#8221; realiza nesta quinta-feira (24), a partir das 16h, mais uma importante a\u00e7\u00e3o de sensibiliza\u00e7\u00e3o: o Aluno Consciente. A atividade acontecer\u00e1 na Escola Estadual Berilo Wanderley, em Natal, com foco em estudantes do ensino m\u00e9dio. A iniciativa \u00e9 [&hellip;]","og_url":"https:\/\/blogdobispo.com.br\/?p=5099","og_site_name":"Blog do Bispo","article_published_time":"2025-04-23T20:18:58+00:00","og_image":[{"url":"https:\/\/blogdobispo.com.br\/wp-content\/uploads\/2025\/04\/330a3ab8-69ff-4210-9775-55634e3cfc4d-1-1024x768.jpg","type":"","width":"","height":""}],"author":"Jefferson Sterfeno","twitter_card":"summary_large_image","twitter_misc":{"Escrito por":"Jefferson Sterfeno","Est. tempo de leitura":"2 minutos"},"schema":{"@context":"https:\/\/schema.org","@graph":[{"@type":"Article","@id":"https:\/\/blogdobispo.com.br\/?p=5099#article","isPartOf":{"@id":"https:\/\/blogdobispo.com.br\/?p=5099"},"author":{"name":"Jefferson Sterfeno","@id":"https:\/\/blogdobispo.com.br\/#\/schema\/person\/e2209cc0e6cea5c5233d033e997b373f"},"headline":"&#8220;Aluno Consciente&#8221;: a\u00e7\u00e3o leva conscientiza\u00e7\u00e3o sobre o autismo e combate ao bullying para estudantes","datePublished":"2025-04-23T20:18:58+00:00","mainEntityOfPage":{"@id":"https:\/\/blogdobispo.com.br\/?p=5099"},"wordCount":317,"commentCount":0,"publisher":{"@id":"https:\/\/blogdobispo.com.br\/#organization"},"image":{"@id":"https:\/\/blogdobispo.com.br\/?p=5099#primaryimage"},"thumbnailUrl":"https:\/\/blogdobispo.com.br\/wp-content\/uploads\/2025\/04\/330a3ab8-69ff-4210-9775-55634e3cfc4d-1-1024x768.jpg","articleSection":["diversos"],"inLanguage":"pt-BR","potentialAction":[{"@type":"CommentAction","name":"Comment","target":["https:\/\/blogdobispo.com.br\/?p=5099#respond"]}]},{"@type":"WebPage","@id":"https:\/\/blogdobispo.com.br\/?p=5099","url":"https:\/\/blogdobispo.com.br\/?p=5099","name":"\"Aluno Consciente\": a\u00e7\u00e3o leva conscientiza\u00e7\u00e3o sobre o autismo e combate ao bullying para estudantes - Blog do Bispo","isPartOf":{"@id":"https:\/\/blogdobispo.com.br\/#website"},"primaryImageOfPage":{"@id":"https:\/\/blogdobispo.com.br\/?p=5099#primaryimage"},"image":{"@id":"https:\/\/blogdobispo.com.br\/?p=5099#primaryimage"},"thumbnailUrl":"https:\/\/blogdobispo.com.br\/wp-content\/uploads\/2025\/04\/330a3ab8-69ff-4210-9775-55634e3cfc4d-1-1024x768.jpg","datePublished":"2025-04-23T20:18:58+00:00","breadcrumb":{"@id":"https:\/\/blogdobispo.com.br\/?p=5099#breadcrumb"},"inLanguage":"pt-BR","potentialAction":[{"@type":"ReadAction","target":["https:\/\/blogdobispo.com.br\/?p=5099"]}]},{"@type":"ImageObject","inLanguage":"pt-BR","@id":"https:\/\/blogdobispo.com.br\/?p=5099#primaryimage","url":"https:\/\/blogdobispo.com.br\/wp-content\/uploads\/2025\/04\/330a3ab8-69ff-4210-9775-55634e3cfc4d-1-1024x768.jpg","contentUrl":"https:\/\/blogdobispo.com.br\/wp-content\/uploads\/2025\/04\/330a3ab8-69ff-4210-9775-55634e3cfc4d-1-1024x768.jpg"},{"@type":"BreadcrumbList","@id":"https:\/\/blogdobispo.com.br\/?p=5099#breadcrumb","itemListElement":[{"@type":"ListItem","position":1,"name":"In\u00edcio","item":"https:\/\/blogdobispo.com.br\/"},{"@type":"ListItem","position":2,"name":"&#8220;Aluno Consciente&#8221;: a\u00e7\u00e3o leva conscientiza\u00e7\u00e3o sobre o autismo e combate ao bullying para estudantes"}]},{"@type":"WebSite","@id":"https:\/\/blogdobispo.com.br\/#website","url":"https:\/\/blogdobispo.com.br\/","name":"Blog do Bispo","description":"Comprometido apenas com o leitor","publisher":{"@id":"https:\/\/blogdobispo.com.br\/#organization"},"potentialAction":[{"@type":"SearchAction","target":{"@type":"EntryPoint","urlTemplate":"https:\/\/blogdobispo.com.br\/?s={search_term_string}"},"query-input":{"@type":"PropertyValueSpecification","valueRequired":true,"valueName":"search_term_string"}}],"inLanguage":"pt-BR"},{"@type":"Organization","@id":"https:\/\/blogdobispo.com.br\/#organization","name":"Blog do Bispo","url":"https:\/\/blogdobispo.com.br\/","logo":{"@type":"ImageObject","inLanguage":"pt-BR","@id":"https:\/\/blogdobispo.com.br\/#\/schema\/logo\/image\/","url":"http:\/\/blogdobispo.com.br\/wp-content\/uploads\/2023\/05\/cropped-headear.png","contentUrl":"http:\/\/blogdobispo.com.br\/wp-content\/uploads\/2023\/05\/cropped-headear.png","width":1500,"height":399,"caption":"Blog do Bispo"},"image":{"@id":"https:\/\/blogdobispo.com.br\/#\/schema\/logo\/image\/"}},{"@type":"Person","@id":"https:\/\/blogdobispo.com.br\/#\/schema\/person\/e2209cc0e6cea5c5233d033e997b373f","name":"Jefferson Sterfeno","image":{"@type":"ImageObject","inLanguage":"pt-BR","@id":"https:\/\/blogdobispo.com.br\/#\/schema\/person\/image\/","url":"https:\/\/secure.gravatar.com\/avatar\/0534e84764641168a677026b6d57a3f51dc7ac4db0b4f6186d9cb330d4ee1160?s=96&d=mm&r=g","contentUrl":"https:\/\/secure.gravatar.com\/avatar\/0534e84764641168a677026b6d57a3f51dc7ac4db0b4f6186d9cb330d4ee1160?s=96&d=mm&r=g","caption":"Jefferson Sterfeno"},"sameAs":["http:\/\/blogdobispo.com.br"],"url":"https:\/\/blogdobispo.com.br\/?author=1"}]}},"featured_image_urls":{"full":"","thumbnail":"","medium":"","medium_large":"","large":"","1536x1536":"","2048x2048":""},"author_info":{"display_name":"Jefferson Sterfeno","author_link":"https:\/\/blogdobispo.com.br\/?author=1"},"category_info":"<a href=\"https:\/\/blogdobispo.com.br\/?cat=1\" rel=\"category\">diversos<\/a>","tag_info":"diversos","comment_count":"0","jetpack_featured_media_url":"","jetpack_sharing_enabled":true,"_links":{"self":[{"href":"https:\/\/blogdobispo.com.br\/index.php?rest_route=\/wp\/v2\/posts\/5099","targetHints":{"allow":["GET"]}}],"collection":[{"href":"https:\/\/blogdobispo.com.br\/index.php?rest_route=\/wp\/v2\/posts"}],"about":[{"href":"https:\/\/blogdobispo.com.br\/index.php?rest_route=\/wp\/v2\/types\/post"}],"author":[{"embeddable":true,"href":"https:\/\/blogdobispo.com.br\/index.php?rest_route=\/wp\/v2\/users\/1"}],"replies":[{"embeddable":true,"href":"https:\/\/blogdobispo.com.br\/index.php?rest_route=%2Fwp%2Fv2%2Fcomments&post=5099"}],"version-history":[{"count":0,"href":"https:\/\/blogdobispo.com.br\/index.php?rest_route=\/wp\/v2\/posts\/5099\/revisions"}],"wp:attachment":[{"href":"https:\/\/blogdobispo.com.br\/index.php?rest_route=%2Fwp%2Fv2%2Fmedia&parent=5099"}],"wp:term":[{"taxonomy":"category","embeddable":true,"href":"https:\/\/blogdobispo.com.br\/index.php?rest_route=%2Fwp%2Fv2%2Fcategories&post=5099"},{"taxonomy":"post_tag","embeddable":true,"href":"https:\/\/blogdobispo.com.br\/index.php?rest_route=%2Fwp%2Fv2%2Ftags&post=5099"}],"curies":[{"name":"wp","href":"https:\/\/api.w.org\/{rel}","templated":true}]}}