{"id":5097,"date":"2025-04-23T15:37:01","date_gmt":"2025-04-23T15:37:01","guid":{"rendered":"https:\/\/blogdobispo.com.br\/?p=5097"},"modified":"2025-04-23T15:37:01","modified_gmt":"2025-04-23T15:37:01","slug":"camila-araujo-homenageia-profissionais-da-seguranca-com-comenda-maurilio-pinto","status":"publish","type":"post","link":"https:\/\/blogdobispo.com.br\/?p=5097","title":{"rendered":"Camila Ara\u00fajo homenageia profissionais da seguran\u00e7a com Comenda Maur\u00edlio Pinto"},"content":{"rendered":"\n<figure class=\"wp-block-image foto-noticia\"><img data-recalc-dims=\"1\" decoding=\"async\" src=\"https:\/\/i0.wp.com\/www.cmnat.rn.gov.br\/_ups\/noticias\/2025\/04\/23\/e102e0ce88419b9afd6ef603af55aac3.jpg?w=800&#038;ssl=1\" alt=\"\"\/><\/figure>\n\n\n\n<p>A C\u00e2mara Municipal de Natal realizou, nesta ter\u00e7a-feira (16), sess\u00e3o solene de entrega da Comenda&nbsp; Maur\u00edlio Pinto, concedida a profissionais e institui\u00e7\u00f5es que atuam em defesa da seguran\u00e7a p\u00fablica. A solenidade foi proposta pela mesa diretora da Casa e conduzida pela vereadora Camila Ara\u00fajo (Uni\u00e3o), tendo ao lado dela o vereador Preto Aquino (Pode), propositor da cria\u00e7\u00e3o da honraria, em 2018.<\/p>\n\n\n\n<p>Camila Ara\u00fajo destacou a import\u00e2ncia da comenda como forma de valoriza\u00e7\u00e3o dos operadores da seguran\u00e7a. \u201cA Comenda&nbsp; Maur\u00edlio Pinto \u00e9 para celebrar autoridades, personalidades e operadores da seguran\u00e7a p\u00fablica do munic\u00edpio de Natal e de todo o estado. Essa comenda \u00e9 justamente para homenagear pessoas que dedicam suas vidas, colocando-as em risco para proteger o pr\u00f3ximo. \u00c9 um ato de servir ao p\u00fablico, e n\u00f3s fazemos essa entrega com um sentimento de muita gratid\u00e3o\u201d, afirmou. A vereadora tamb\u00e9m lembrou que a solenidade foi realizada tamb\u00e9m em alus\u00e3o ao Dia de Tiradentes, patrono das Pol\u00edcias Civil e Militar.<\/p>\n\n\n\n<p>Propositor da cria\u00e7\u00e3o da comenda, o vereador Preto Aquino (Pode) destacou a&nbsp; satisfa\u00e7\u00e3o de estar presente em mais uma sess\u00e3o solene de entrega da honraria. &#8220;Essa comenda foi justa at\u00e9 pelo nome, o ex-delegado, conhecido como xerife, Maur\u00edlio Pinto. A C\u00e2mara faz essa relevante entrega a todos os homenageados que t\u00eam servi\u00e7o prestado, especialmente em Natal\u201d, afirmou.<\/p>\n\n\n\n<p>Entre os homenageados da noite esteve o coronel Eduardo Franco, que ressaltou que a honraria representa um reconhecimento coletivo. \u201cN\u00e3o \u00e9 para a pessoa de Eduardo Franco. \u00c9 um reconhecimento da nossa institui\u00e7\u00e3o e das for\u00e7as de seguran\u00e7a p\u00fablica que tanto ajudam o nosso estado. Me sinto enaltecido pelos companheiros que, neste exato momento, est\u00e3o trabalhando para proteger vidas. \u00c9 um motivo de satisfa\u00e7\u00e3o para mim e para a corpora\u00e7\u00e3o\u201d, afirmou<\/p>\n\n\n\n<p>Para o delegado Ren\u00e9 Silva de Sousa Lopes, diretor administrativo da Pol\u00edcia Civil, a homenagem refor\u00e7ou o sentimento de orgulho pela carreira. \u201cEstou perto de fazer 10 anos de institui\u00e7\u00e3o. Receber essa comenda \u00e9 um motivo de muito orgulho para mim, ainda mais por ela levar o nome de um \u00edcone da seguran\u00e7a p\u00fablica do nosso estado\u201d, disse.<\/p>\n\n\n\n<p>Representando a Marinha, o capit\u00e3o de mar e guerra Erijansen Maciel, chefe do Estado-Maior do Comando do Terceiro Distrito Naval,&nbsp; ressaltou a relev\u00e2ncia da iniciativa. \u201cA valoriza\u00e7\u00e3o do nosso pessoal impulsiona que mais pessoas se engajem em prol da seguran\u00e7a do nosso estado e do nosso munic\u00edpio\u201d, afirmou.&nbsp;<\/p>\n\n\n\n<p>\u201c\u00c9 um motivo de grande alegria para a Secretaria de Seguran\u00e7a P\u00fablica do RN. A comenda que leva o nome do doutor Maur\u00edlio \u00e9 simb\u00f3lica e representa todos que fazem a seguran\u00e7a p\u00fablica do nosso estado\u201d, agradeceu o secret\u00e1rio adjunto de Seguran\u00e7a e Defesa Social do Rio Grande do Norte, Osmi Monte.<\/p>\n\n\n\n<p>Emocionada, a subtenente da PM, \u00c1urea Maria Xavier Barbosa, falou da gratid\u00e3o pela homenagem: \u201c\u00c9 a hist\u00f3ria da minha vida. Abdicamos de nossa fam\u00edlia para servir \u00e0 sociedade. Eu amo a institui\u00e7\u00e3o Pol\u00edcia Militar\u201d<\/p>\n\n\n\n<p>Tamb\u00e9m participaram da solenidade os vereadores Subtenente Eliabe (PL), Cleiton da Policl\u00ednica (PSDB), Pedro Henrique (PP), T\u00e1rcio de Eudiane (Uni\u00e3o), Aldo Clemente (PSDB), Daniell Rendall (Republicanos) e Thabatta Pimenta (Psol)<\/p>\n\n\n\n<p>Compuseram a mesa dos trabalhos, o coronel Ara\u00fajo, secret\u00e1rio de Seguran\u00e7a P\u00fablica e Defesa Social do Estado; a secret\u00e1ria Municipal de Seguran\u00e7a P\u00fablica e Defesa Social, Samara Trigueiro; o comandante da Base A\u00e9rea de Natal, Ricardo Guerra Rezende; e o general de divis\u00e3o Fernando Fernandes, representando o Ex\u00e9rcito Brasileiro.<\/p>\n\n\n\n<p>Texto: Ilana Albuquerque&nbsp;<br>Fotos: Francisco de Assis<\/p>\n","protected":false},"excerpt":{"rendered":"<p>A C\u00e2mara Municipal de Natal realizou, nesta ter\u00e7a-feira (16), sess\u00e3o solene de entrega da Comenda&nbsp; Maur\u00edlio Pinto, concedida a profissionais e institui\u00e7\u00f5es que atuam em defesa da seguran\u00e7a p\u00fablica. A solenidade foi proposta pela mesa diretora da Casa e conduzida pela vereadora Camila Ara\u00fajo (Uni\u00e3o), tendo ao lado dela o vereador Preto Aquino (Pode), propositor [&hellip;]<\/p>\n","protected":false},"author":1,"featured_media":0,"comment_status":"open","ping_status":"open","sticky":false,"template":"","format":"standard","meta":{"cybocfi_hide_featured_image":"","_jetpack_memberships_contains_paid_content":false,"footnotes":""},"categories":[1],"tags":[],"class_list":["post-5097","post","type-post","status-publish","format-standard","hentry","category-diversos"],"yoast_head":"<!-- This site is optimized with the Yoast SEO plugin v25.6 - https:\/\/yoast.com\/wordpress\/plugins\/seo\/ -->\n<title>Camila Ara\u00fajo homenageia profissionais da seguran\u00e7a com Comenda Maur\u00edlio Pinto - Blog do Bispo<\/title>\n<meta name=\"robots\" content=\"index, follow, max-snippet:-1, max-image-preview:large, max-video-preview:-1\" \/>\n<link rel=\"canonical\" href=\"https:\/\/blogdobispo.com.br\/?p=5097\" \/>\n<meta property=\"og:locale\" content=\"pt_BR\" \/>\n<meta property=\"og:type\" content=\"article\" \/>\n<meta property=\"og:title\" content=\"Camila Ara\u00fajo homenageia profissionais da seguran\u00e7a com Comenda Maur\u00edlio Pinto - Blog do Bispo\" \/>\n<meta property=\"og:description\" content=\"A C\u00e2mara Municipal de Natal realizou, nesta ter\u00e7a-feira (16), sess\u00e3o solene de entrega da Comenda&nbsp; Maur\u00edlio Pinto, concedida a profissionais e institui\u00e7\u00f5es que atuam em defesa da seguran\u00e7a p\u00fablica. A solenidade foi proposta pela mesa diretora da Casa e conduzida pela vereadora Camila Ara\u00fajo (Uni\u00e3o), tendo ao lado dela o vereador Preto Aquino (Pode), propositor [&hellip;]\" \/>\n<meta property=\"og:url\" content=\"https:\/\/blogdobispo.com.br\/?p=5097\" \/>\n<meta property=\"og:site_name\" content=\"Blog do Bispo\" \/>\n<meta property=\"article:published_time\" content=\"2025-04-23T15:37:01+00:00\" \/>\n<meta property=\"og:image\" content=\"https:\/\/www.cmnat.rn.gov.br\/_ups\/noticias\/2025\/04\/23\/e102e0ce88419b9afd6ef603af55aac3.jpg\" \/>\n<meta name=\"author\" content=\"Jefferson Sterfeno\" \/>\n<meta name=\"twitter:card\" content=\"summary_large_image\" \/>\n<meta name=\"twitter:label1\" content=\"Escrito por\" \/>\n\t<meta name=\"twitter:data1\" content=\"Jefferson Sterfeno\" \/>\n\t<meta name=\"twitter:label2\" content=\"Est. tempo de leitura\" \/>\n\t<meta name=\"twitter:data2\" content=\"3 minutos\" \/>\n<script type=\"application\/ld+json\" class=\"yoast-schema-graph\">{\"@context\":\"https:\/\/schema.org\",\"@graph\":[{\"@type\":\"Article\",\"@id\":\"https:\/\/blogdobispo.com.br\/?p=5097#article\",\"isPartOf\":{\"@id\":\"https:\/\/blogdobispo.com.br\/?p=5097\"},\"author\":{\"name\":\"Jefferson Sterfeno\",\"@id\":\"https:\/\/blogdobispo.com.br\/#\/schema\/person\/e2209cc0e6cea5c5233d033e997b373f\"},\"headline\":\"Camila Ara\u00fajo homenageia profissionais da seguran\u00e7a com Comenda Maur\u00edlio Pinto\",\"datePublished\":\"2025-04-23T15:37:01+00:00\",\"mainEntityOfPage\":{\"@id\":\"https:\/\/blogdobispo.com.br\/?p=5097\"},\"wordCount\":647,\"commentCount\":0,\"publisher\":{\"@id\":\"https:\/\/blogdobispo.com.br\/#organization\"},\"image\":{\"@id\":\"https:\/\/blogdobispo.com.br\/?p=5097#primaryimage\"},\"thumbnailUrl\":\"https:\/\/www.cmnat.rn.gov.br\/_ups\/noticias\/2025\/04\/23\/e102e0ce88419b9afd6ef603af55aac3.jpg\",\"articleSection\":[\"diversos\"],\"inLanguage\":\"pt-BR\",\"potentialAction\":[{\"@type\":\"CommentAction\",\"name\":\"Comment\",\"target\":[\"https:\/\/blogdobispo.com.br\/?p=5097#respond\"]}]},{\"@type\":\"WebPage\",\"@id\":\"https:\/\/blogdobispo.com.br\/?p=5097\",\"url\":\"https:\/\/blogdobispo.com.br\/?p=5097\",\"name\":\"Camila Ara\u00fajo homenageia profissionais da seguran\u00e7a com Comenda Maur\u00edlio Pinto - Blog do Bispo\",\"isPartOf\":{\"@id\":\"https:\/\/blogdobispo.com.br\/#website\"},\"primaryImageOfPage\":{\"@id\":\"https:\/\/blogdobispo.com.br\/?p=5097#primaryimage\"},\"image\":{\"@id\":\"https:\/\/blogdobispo.com.br\/?p=5097#primaryimage\"},\"thumbnailUrl\":\"https:\/\/www.cmnat.rn.gov.br\/_ups\/noticias\/2025\/04\/23\/e102e0ce88419b9afd6ef603af55aac3.jpg\",\"datePublished\":\"2025-04-23T15:37:01+00:00\",\"breadcrumb\":{\"@id\":\"https:\/\/blogdobispo.com.br\/?p=5097#breadcrumb\"},\"inLanguage\":\"pt-BR\",\"potentialAction\":[{\"@type\":\"ReadAction\",\"target\":[\"https:\/\/blogdobispo.com.br\/?p=5097\"]}]},{\"@type\":\"ImageObject\",\"inLanguage\":\"pt-BR\",\"@id\":\"https:\/\/blogdobispo.com.br\/?p=5097#primaryimage\",\"url\":\"https:\/\/www.cmnat.rn.gov.br\/_ups\/noticias\/2025\/04\/23\/e102e0ce88419b9afd6ef603af55aac3.jpg\",\"contentUrl\":\"https:\/\/www.cmnat.rn.gov.br\/_ups\/noticias\/2025\/04\/23\/e102e0ce88419b9afd6ef603af55aac3.jpg\"},{\"@type\":\"BreadcrumbList\",\"@id\":\"https:\/\/blogdobispo.com.br\/?p=5097#breadcrumb\",\"itemListElement\":[{\"@type\":\"ListItem\",\"position\":1,\"name\":\"In\u00edcio\",\"item\":\"https:\/\/blogdobispo.com.br\/\"},{\"@type\":\"ListItem\",\"position\":2,\"name\":\"Camila Ara\u00fajo homenageia profissionais da seguran\u00e7a com Comenda Maur\u00edlio Pinto\"}]},{\"@type\":\"WebSite\",\"@id\":\"https:\/\/blogdobispo.com.br\/#website\",\"url\":\"https:\/\/blogdobispo.com.br\/\",\"name\":\"Blog do Bispo\",\"description\":\"Comprometido apenas com o leitor\",\"publisher\":{\"@id\":\"https:\/\/blogdobispo.com.br\/#organization\"},\"potentialAction\":[{\"@type\":\"SearchAction\",\"target\":{\"@type\":\"EntryPoint\",\"urlTemplate\":\"https:\/\/blogdobispo.com.br\/?s={search_term_string}\"},\"query-input\":{\"@type\":\"PropertyValueSpecification\",\"valueRequired\":true,\"valueName\":\"search_term_string\"}}],\"inLanguage\":\"pt-BR\"},{\"@type\":\"Organization\",\"@id\":\"https:\/\/blogdobispo.com.br\/#organization\",\"name\":\"Blog do Bispo\",\"url\":\"https:\/\/blogdobispo.com.br\/\",\"logo\":{\"@type\":\"ImageObject\",\"inLanguage\":\"pt-BR\",\"@id\":\"https:\/\/blogdobispo.com.br\/#\/schema\/logo\/image\/\",\"url\":\"http:\/\/blogdobispo.com.br\/wp-content\/uploads\/2023\/05\/cropped-headear.png\",\"contentUrl\":\"http:\/\/blogdobispo.com.br\/wp-content\/uploads\/2023\/05\/cropped-headear.png\",\"width\":1500,\"height\":399,\"caption\":\"Blog do Bispo\"},\"image\":{\"@id\":\"https:\/\/blogdobispo.com.br\/#\/schema\/logo\/image\/\"}},{\"@type\":\"Person\",\"@id\":\"https:\/\/blogdobispo.com.br\/#\/schema\/person\/e2209cc0e6cea5c5233d033e997b373f\",\"name\":\"Jefferson Sterfeno\",\"image\":{\"@type\":\"ImageObject\",\"inLanguage\":\"pt-BR\",\"@id\":\"https:\/\/blogdobispo.com.br\/#\/schema\/person\/image\/\",\"url\":\"https:\/\/secure.gravatar.com\/avatar\/0534e84764641168a677026b6d57a3f51dc7ac4db0b4f6186d9cb330d4ee1160?s=96&d=mm&r=g\",\"contentUrl\":\"https:\/\/secure.gravatar.com\/avatar\/0534e84764641168a677026b6d57a3f51dc7ac4db0b4f6186d9cb330d4ee1160?s=96&d=mm&r=g\",\"caption\":\"Jefferson Sterfeno\"},\"sameAs\":[\"http:\/\/blogdobispo.com.br\"],\"url\":\"https:\/\/blogdobispo.com.br\/?author=1\"}]}<\/script>\n<!-- \/ Yoast SEO plugin. -->","yoast_head_json":{"title":"Camila Ara\u00fajo homenageia profissionais da seguran\u00e7a com Comenda Maur\u00edlio Pinto - Blog do Bispo","robots":{"index":"index","follow":"follow","max-snippet":"max-snippet:-1","max-image-preview":"max-image-preview:large","max-video-preview":"max-video-preview:-1"},"canonical":"https:\/\/blogdobispo.com.br\/?p=5097","og_locale":"pt_BR","og_type":"article","og_title":"Camila Ara\u00fajo homenageia profissionais da seguran\u00e7a com Comenda Maur\u00edlio Pinto - Blog do Bispo","og_description":"A C\u00e2mara Municipal de Natal realizou, nesta ter\u00e7a-feira (16), sess\u00e3o solene de entrega da Comenda&nbsp; Maur\u00edlio Pinto, concedida a profissionais e institui\u00e7\u00f5es que atuam em defesa da seguran\u00e7a p\u00fablica. A solenidade foi proposta pela mesa diretora da Casa e conduzida pela vereadora Camila Ara\u00fajo (Uni\u00e3o), tendo ao lado dela o vereador Preto Aquino (Pode), propositor [&hellip;]","og_url":"https:\/\/blogdobispo.com.br\/?p=5097","og_site_name":"Blog do Bispo","article_published_time":"2025-04-23T15:37:01+00:00","og_image":[{"url":"https:\/\/www.cmnat.rn.gov.br\/_ups\/noticias\/2025\/04\/23\/e102e0ce88419b9afd6ef603af55aac3.jpg","type":"","width":"","height":""}],"author":"Jefferson Sterfeno","twitter_card":"summary_large_image","twitter_misc":{"Escrito por":"Jefferson Sterfeno","Est. tempo de leitura":"3 minutos"},"schema":{"@context":"https:\/\/schema.org","@graph":[{"@type":"Article","@id":"https:\/\/blogdobispo.com.br\/?p=5097#article","isPartOf":{"@id":"https:\/\/blogdobispo.com.br\/?p=5097"},"author":{"name":"Jefferson Sterfeno","@id":"https:\/\/blogdobispo.com.br\/#\/schema\/person\/e2209cc0e6cea5c5233d033e997b373f"},"headline":"Camila Ara\u00fajo homenageia profissionais da seguran\u00e7a com Comenda Maur\u00edlio Pinto","datePublished":"2025-04-23T15:37:01+00:00","mainEntityOfPage":{"@id":"https:\/\/blogdobispo.com.br\/?p=5097"},"wordCount":647,"commentCount":0,"publisher":{"@id":"https:\/\/blogdobispo.com.br\/#organization"},"image":{"@id":"https:\/\/blogdobispo.com.br\/?p=5097#primaryimage"},"thumbnailUrl":"https:\/\/www.cmnat.rn.gov.br\/_ups\/noticias\/2025\/04\/23\/e102e0ce88419b9afd6ef603af55aac3.jpg","articleSection":["diversos"],"inLanguage":"pt-BR","potentialAction":[{"@type":"CommentAction","name":"Comment","target":["https:\/\/blogdobispo.com.br\/?p=5097#respond"]}]},{"@type":"WebPage","@id":"https:\/\/blogdobispo.com.br\/?p=5097","url":"https:\/\/blogdobispo.com.br\/?p=5097","name":"Camila Ara\u00fajo homenageia profissionais da seguran\u00e7a com Comenda Maur\u00edlio Pinto - Blog do Bispo","isPartOf":{"@id":"https:\/\/blogdobispo.com.br\/#website"},"primaryImageOfPage":{"@id":"https:\/\/blogdobispo.com.br\/?p=5097#primaryimage"},"image":{"@id":"https:\/\/blogdobispo.com.br\/?p=5097#primaryimage"},"thumbnailUrl":"https:\/\/www.cmnat.rn.gov.br\/_ups\/noticias\/2025\/04\/23\/e102e0ce88419b9afd6ef603af55aac3.jpg","datePublished":"2025-04-23T15:37:01+00:00","breadcrumb":{"@id":"https:\/\/blogdobispo.com.br\/?p=5097#breadcrumb"},"inLanguage":"pt-BR","potentialAction":[{"@type":"ReadAction","target":["https:\/\/blogdobispo.com.br\/?p=5097"]}]},{"@type":"ImageObject","inLanguage":"pt-BR","@id":"https:\/\/blogdobispo.com.br\/?p=5097#primaryimage","url":"https:\/\/www.cmnat.rn.gov.br\/_ups\/noticias\/2025\/04\/23\/e102e0ce88419b9afd6ef603af55aac3.jpg","contentUrl":"https:\/\/www.cmnat.rn.gov.br\/_ups\/noticias\/2025\/04\/23\/e102e0ce88419b9afd6ef603af55aac3.jpg"},{"@type":"BreadcrumbList","@id":"https:\/\/blogdobispo.com.br\/?p=5097#breadcrumb","itemListElement":[{"@type":"ListItem","position":1,"name":"In\u00edcio","item":"https:\/\/blogdobispo.com.br\/"},{"@type":"ListItem","position":2,"name":"Camila Ara\u00fajo homenageia profissionais da seguran\u00e7a com Comenda Maur\u00edlio Pinto"}]},{"@type":"WebSite","@id":"https:\/\/blogdobispo.com.br\/#website","url":"https:\/\/blogdobispo.com.br\/","name":"Blog do Bispo","description":"Comprometido apenas com o leitor","publisher":{"@id":"https:\/\/blogdobispo.com.br\/#organization"},"potentialAction":[{"@type":"SearchAction","target":{"@type":"EntryPoint","urlTemplate":"https:\/\/blogdobispo.com.br\/?s={search_term_string}"},"query-input":{"@type":"PropertyValueSpecification","valueRequired":true,"valueName":"search_term_string"}}],"inLanguage":"pt-BR"},{"@type":"Organization","@id":"https:\/\/blogdobispo.com.br\/#organization","name":"Blog do Bispo","url":"https:\/\/blogdobispo.com.br\/","logo":{"@type":"ImageObject","inLanguage":"pt-BR","@id":"https:\/\/blogdobispo.com.br\/#\/schema\/logo\/image\/","url":"http:\/\/blogdobispo.com.br\/wp-content\/uploads\/2023\/05\/cropped-headear.png","contentUrl":"http:\/\/blogdobispo.com.br\/wp-content\/uploads\/2023\/05\/cropped-headear.png","width":1500,"height":399,"caption":"Blog do Bispo"},"image":{"@id":"https:\/\/blogdobispo.com.br\/#\/schema\/logo\/image\/"}},{"@type":"Person","@id":"https:\/\/blogdobispo.com.br\/#\/schema\/person\/e2209cc0e6cea5c5233d033e997b373f","name":"Jefferson Sterfeno","image":{"@type":"ImageObject","inLanguage":"pt-BR","@id":"https:\/\/blogdobispo.com.br\/#\/schema\/person\/image\/","url":"https:\/\/secure.gravatar.com\/avatar\/0534e84764641168a677026b6d57a3f51dc7ac4db0b4f6186d9cb330d4ee1160?s=96&d=mm&r=g","contentUrl":"https:\/\/secure.gravatar.com\/avatar\/0534e84764641168a677026b6d57a3f51dc7ac4db0b4f6186d9cb330d4ee1160?s=96&d=mm&r=g","caption":"Jefferson Sterfeno"},"sameAs":["http:\/\/blogdobispo.com.br"],"url":"https:\/\/blogdobispo.com.br\/?author=1"}]}},"featured_image_urls":{"full":"","thumbnail":"","medium":"","medium_large":"","large":"","1536x1536":"","2048x2048":""},"author_info":{"display_name":"Jefferson Sterfeno","author_link":"https:\/\/blogdobispo.com.br\/?author=1"},"category_info":"<a href=\"https:\/\/blogdobispo.com.br\/?cat=1\" rel=\"category\">diversos<\/a>","tag_info":"diversos","comment_count":"0","jetpack_featured_media_url":"","jetpack_sharing_enabled":true,"_links":{"self":[{"href":"https:\/\/blogdobispo.com.br\/index.php?rest_route=\/wp\/v2\/posts\/5097","targetHints":{"allow":["GET"]}}],"collection":[{"href":"https:\/\/blogdobispo.com.br\/index.php?rest_route=\/wp\/v2\/posts"}],"about":[{"href":"https:\/\/blogdobispo.com.br\/index.php?rest_route=\/wp\/v2\/types\/post"}],"author":[{"embeddable":true,"href":"https:\/\/blogdobispo.com.br\/index.php?rest_route=\/wp\/v2\/users\/1"}],"replies":[{"embeddable":true,"href":"https:\/\/blogdobispo.com.br\/index.php?rest_route=%2Fwp%2Fv2%2Fcomments&post=5097"}],"version-history":[{"count":0,"href":"https:\/\/blogdobispo.com.br\/index.php?rest_route=\/wp\/v2\/posts\/5097\/revisions"}],"wp:attachment":[{"href":"https:\/\/blogdobispo.com.br\/index.php?rest_route=%2Fwp%2Fv2%2Fmedia&parent=5097"}],"wp:term":[{"taxonomy":"category","embeddable":true,"href":"https:\/\/blogdobispo.com.br\/index.php?rest_route=%2Fwp%2Fv2%2Fcategories&post=5097"},{"taxonomy":"post_tag","embeddable":true,"href":"https:\/\/blogdobispo.com.br\/index.php?rest_route=%2Fwp%2Fv2%2Ftags&post=5097"}],"curies":[{"name":"wp","href":"https:\/\/api.w.org\/{rel}","templated":true}]}}