{"id":5096,"date":"2025-04-23T15:00:29","date_gmt":"2025-04-23T15:00:29","guid":{"rendered":"https:\/\/blogdobispo.com.br\/?p=5096"},"modified":"2025-04-23T15:00:29","modified_gmt":"2025-04-23T15:00:29","slug":"parnamirim-e-seu-descaso-van-de-2001-e-com-placa-cinza-faz-transporte-publico-na-cidade","status":"publish","type":"post","link":"https:\/\/blogdobispo.com.br\/?p=5096","title":{"rendered":"Parnamirim e seu descaso: van de 2001 e com placa cinza faz transporte p\u00fablico na cidade"},"content":{"rendered":"\n<figure class=\"wp-block-image size-large\"><img data-recalc-dims=\"1\" fetchpriority=\"high\" decoding=\"async\" width=\"800\" height=\"600\" src=\"https:\/\/i0.wp.com\/blogdobispo.com.br\/wp-content\/uploads\/2025\/04\/img_3929-1-1024x768.jpg?resize=800%2C600&#038;ssl=1\" class=\"wp-image-5095\" srcset=\"https:\/\/i0.wp.com\/blogdobispo.com.br\/wp-content\/uploads\/2025\/04\/img_3929-1.jpg?resize=1024%2C768&amp;ssl=1 1024w, https:\/\/i0.wp.com\/blogdobispo.com.br\/wp-content\/uploads\/2025\/04\/img_3929-1.jpg?resize=300%2C225&amp;ssl=1 300w, https:\/\/i0.wp.com\/blogdobispo.com.br\/wp-content\/uploads\/2025\/04\/img_3929-1.jpg?resize=768%2C576&amp;ssl=1 768w, https:\/\/i0.wp.com\/blogdobispo.com.br\/wp-content\/uploads\/2025\/04\/img_3929-1.jpg?resize=1536%2C1152&amp;ssl=1 1536w, https:\/\/i0.wp.com\/blogdobispo.com.br\/wp-content\/uploads\/2025\/04\/img_3929-1.jpg?w=1600&amp;ssl=1 1600w\" sizes=\"(max-width: 800px) 100vw, 800px\" \/><\/figure>\n\n\n\n<p><\/p>\n\n\n\n<p>A m\u00e1 gest\u00e3o do transporte p\u00fablico em Parnamirim consegue se superar. O Blog do Bispo vem mostrando o p\u00e9ssimo servi\u00e7o de transporte da cidade e agora recebeu a den\u00fancia de uma van fabricada em 2001 &#8211; sim, h\u00e1 24 anos &#8211; que circula pelas ruas da cidade transportando passageiros com placa cinza, ou seja, de forma totalmente irregular, como se fosse um ve\u00edculo particular. Mas ela opera diariamente em uma linha do sistema Interbairros, que cobra tarifa, recebe passageiros e, teoricamente, deveria obedecer \u00e0s normas m\u00ednimas do C\u00f3digo de Tr\u00e2nsito Brasileiro.<\/p>\n\n\n\n<p>O caso escancara o abandono do poder p\u00fablico com a popula\u00e7\u00e3o que depende desse servi\u00e7o essencial. N\u00e3o se trata apenas de um erro t\u00e9cnico: \u00e9 um reflexo claro do desleixo com que Parnamirim trata a mobilidade urbana. Como \u00e9 poss\u00edvel que uma van com mais de duas d\u00e9cadas de uso e sem o devido emplacamento continue circulando como se fosse normal?<\/p>\n\n\n\n<p>E mais: esse n\u00e3o \u00e9 um caso isolado. J\u00e1 foram registradas outras vans do Interbairros fabricadas em 2001, al\u00e9m de ve\u00edculos de 2006, todos operando em condi\u00e7\u00f5es question\u00e1veis, sem acessibilidade, sem integra\u00e7\u00e3o tarif\u00e1ria, e com um valor de R$ 4 por passagem, que pesa no bolso de quem depende do transporte todos os dias.<\/p>\n\n\n\n<p>N\u00e3o h\u00e1 elevadores funcionando. Pessoas com defici\u00eancia seguem invis\u00edveis nesse sistema. A \u00fanica \u201cadapta\u00e7\u00e3o\u201d parece ser o improviso para manter as vans funcionando. S\u00e3o vans apertadas, muitas vezes lotadas, sem conforto ou ventila\u00e7\u00e3o. Um cen\u00e1rio que lembra mais um transporte clandestino do que um sistema p\u00fablico oficializado.<\/p>\n\n\n\n<p>E a fiscaliza\u00e7\u00e3o? Sumida. O que diz o munic\u00edpio? Sil\u00eancio. Enquanto isso, os operadores seguem nas ruas com ve\u00edculos que, pelo menos em alguns casos, nem poderiam estar em circula\u00e7\u00e3o cobrando passagem, de acordo com o artigo 231 do CTB. Placa cinza em transporte remunerado? Isso \u00e9 infra\u00e7\u00e3o grav\u00edssima, com multa, remo\u00e7\u00e3o do ve\u00edculo e pontos na carteira do condutor.<\/p>\n\n\n\n<p>O cidad\u00e3o, mais uma vez, paga a conta com suor, cansa\u00e7o e inseguran\u00e7a. Quem deveria zelar pelo transporte coletivo de qualidade parece ter escolhido fechar os olhos para tudo o que acontece em Parnamirim.<\/p>\n","protected":false},"excerpt":{"rendered":"<p>A m\u00e1 gest\u00e3o do transporte p\u00fablico em Parnamirim consegue se superar. O Blog do Bispo vem mostrando o p\u00e9ssimo servi\u00e7o de transporte da cidade e agora recebeu a den\u00fancia de uma van fabricada em 2001 &#8211; sim, h\u00e1 24 anos &#8211; que circula pelas ruas da cidade transportando passageiros com placa cinza, ou seja, de [&hellip;]<\/p>\n","protected":false},"author":1,"featured_media":0,"comment_status":"open","ping_status":"open","sticky":false,"template":"","format":"standard","meta":{"cybocfi_hide_featured_image":"","_jetpack_memberships_contains_paid_content":false,"footnotes":""},"categories":[1],"tags":[],"class_list":["post-5096","post","type-post","status-publish","format-standard","hentry","category-diversos"],"yoast_head":"<!-- This site is optimized with the Yoast SEO plugin v25.6 - https:\/\/yoast.com\/wordpress\/plugins\/seo\/ -->\n<title>Parnamirim e seu descaso: van de 2001 e com placa cinza faz transporte p\u00fablico na cidade - Blog do Bispo<\/title>\n<meta name=\"robots\" content=\"index, follow, max-snippet:-1, max-image-preview:large, max-video-preview:-1\" \/>\n<link rel=\"canonical\" href=\"https:\/\/blogdobispo.com.br\/?p=5096\" \/>\n<meta property=\"og:locale\" content=\"pt_BR\" \/>\n<meta property=\"og:type\" content=\"article\" \/>\n<meta property=\"og:title\" content=\"Parnamirim e seu descaso: van de 2001 e com placa cinza faz transporte p\u00fablico na cidade - Blog do Bispo\" \/>\n<meta property=\"og:description\" content=\"A m\u00e1 gest\u00e3o do transporte p\u00fablico em Parnamirim consegue se superar. O Blog do Bispo vem mostrando o p\u00e9ssimo servi\u00e7o de transporte da cidade e agora recebeu a den\u00fancia de uma van fabricada em 2001 &#8211; sim, h\u00e1 24 anos &#8211; que circula pelas ruas da cidade transportando passageiros com placa cinza, ou seja, de [&hellip;]\" \/>\n<meta property=\"og:url\" content=\"https:\/\/blogdobispo.com.br\/?p=5096\" \/>\n<meta property=\"og:site_name\" content=\"Blog do Bispo\" \/>\n<meta property=\"article:published_time\" content=\"2025-04-23T15:00:29+00:00\" \/>\n<meta property=\"og:image\" content=\"https:\/\/blogdobispo.com.br\/wp-content\/uploads\/2025\/04\/img_3929-1-1024x768.jpg\" \/>\n<meta name=\"author\" content=\"Jefferson Sterfeno\" \/>\n<meta name=\"twitter:card\" content=\"summary_large_image\" \/>\n<meta name=\"twitter:label1\" content=\"Escrito por\" \/>\n\t<meta name=\"twitter:data1\" content=\"Jefferson Sterfeno\" \/>\n\t<meta name=\"twitter:label2\" content=\"Est. tempo de leitura\" \/>\n\t<meta name=\"twitter:data2\" content=\"2 minutos\" \/>\n<script type=\"application\/ld+json\" class=\"yoast-schema-graph\">{\"@context\":\"https:\/\/schema.org\",\"@graph\":[{\"@type\":\"Article\",\"@id\":\"https:\/\/blogdobispo.com.br\/?p=5096#article\",\"isPartOf\":{\"@id\":\"https:\/\/blogdobispo.com.br\/?p=5096\"},\"author\":{\"name\":\"Jefferson Sterfeno\",\"@id\":\"https:\/\/blogdobispo.com.br\/#\/schema\/person\/e2209cc0e6cea5c5233d033e997b373f\"},\"headline\":\"Parnamirim e seu descaso: van de 2001 e com placa cinza faz transporte p\u00fablico na cidade\",\"datePublished\":\"2025-04-23T15:00:29+00:00\",\"mainEntityOfPage\":{\"@id\":\"https:\/\/blogdobispo.com.br\/?p=5096\"},\"wordCount\":396,\"commentCount\":0,\"publisher\":{\"@id\":\"https:\/\/blogdobispo.com.br\/#organization\"},\"image\":{\"@id\":\"https:\/\/blogdobispo.com.br\/?p=5096#primaryimage\"},\"thumbnailUrl\":\"https:\/\/blogdobispo.com.br\/wp-content\/uploads\/2025\/04\/img_3929-1-1024x768.jpg\",\"articleSection\":[\"diversos\"],\"inLanguage\":\"pt-BR\",\"potentialAction\":[{\"@type\":\"CommentAction\",\"name\":\"Comment\",\"target\":[\"https:\/\/blogdobispo.com.br\/?p=5096#respond\"]}]},{\"@type\":\"WebPage\",\"@id\":\"https:\/\/blogdobispo.com.br\/?p=5096\",\"url\":\"https:\/\/blogdobispo.com.br\/?p=5096\",\"name\":\"Parnamirim e seu descaso: van de 2001 e com placa cinza faz transporte p\u00fablico na cidade - Blog do Bispo\",\"isPartOf\":{\"@id\":\"https:\/\/blogdobispo.com.br\/#website\"},\"primaryImageOfPage\":{\"@id\":\"https:\/\/blogdobispo.com.br\/?p=5096#primaryimage\"},\"image\":{\"@id\":\"https:\/\/blogdobispo.com.br\/?p=5096#primaryimage\"},\"thumbnailUrl\":\"https:\/\/blogdobispo.com.br\/wp-content\/uploads\/2025\/04\/img_3929-1-1024x768.jpg\",\"datePublished\":\"2025-04-23T15:00:29+00:00\",\"breadcrumb\":{\"@id\":\"https:\/\/blogdobispo.com.br\/?p=5096#breadcrumb\"},\"inLanguage\":\"pt-BR\",\"potentialAction\":[{\"@type\":\"ReadAction\",\"target\":[\"https:\/\/blogdobispo.com.br\/?p=5096\"]}]},{\"@type\":\"ImageObject\",\"inLanguage\":\"pt-BR\",\"@id\":\"https:\/\/blogdobispo.com.br\/?p=5096#primaryimage\",\"url\":\"https:\/\/blogdobispo.com.br\/wp-content\/uploads\/2025\/04\/img_3929-1-1024x768.jpg\",\"contentUrl\":\"https:\/\/blogdobispo.com.br\/wp-content\/uploads\/2025\/04\/img_3929-1-1024x768.jpg\"},{\"@type\":\"BreadcrumbList\",\"@id\":\"https:\/\/blogdobispo.com.br\/?p=5096#breadcrumb\",\"itemListElement\":[{\"@type\":\"ListItem\",\"position\":1,\"name\":\"In\u00edcio\",\"item\":\"https:\/\/blogdobispo.com.br\/\"},{\"@type\":\"ListItem\",\"position\":2,\"name\":\"Parnamirim e seu descaso: van de 2001 e com placa cinza faz transporte p\u00fablico na cidade\"}]},{\"@type\":\"WebSite\",\"@id\":\"https:\/\/blogdobispo.com.br\/#website\",\"url\":\"https:\/\/blogdobispo.com.br\/\",\"name\":\"Blog do Bispo\",\"description\":\"Comprometido apenas com o leitor\",\"publisher\":{\"@id\":\"https:\/\/blogdobispo.com.br\/#organization\"},\"potentialAction\":[{\"@type\":\"SearchAction\",\"target\":{\"@type\":\"EntryPoint\",\"urlTemplate\":\"https:\/\/blogdobispo.com.br\/?s={search_term_string}\"},\"query-input\":{\"@type\":\"PropertyValueSpecification\",\"valueRequired\":true,\"valueName\":\"search_term_string\"}}],\"inLanguage\":\"pt-BR\"},{\"@type\":\"Organization\",\"@id\":\"https:\/\/blogdobispo.com.br\/#organization\",\"name\":\"Blog do Bispo\",\"url\":\"https:\/\/blogdobispo.com.br\/\",\"logo\":{\"@type\":\"ImageObject\",\"inLanguage\":\"pt-BR\",\"@id\":\"https:\/\/blogdobispo.com.br\/#\/schema\/logo\/image\/\",\"url\":\"http:\/\/blogdobispo.com.br\/wp-content\/uploads\/2023\/05\/cropped-headear.png\",\"contentUrl\":\"http:\/\/blogdobispo.com.br\/wp-content\/uploads\/2023\/05\/cropped-headear.png\",\"width\":1500,\"height\":399,\"caption\":\"Blog do Bispo\"},\"image\":{\"@id\":\"https:\/\/blogdobispo.com.br\/#\/schema\/logo\/image\/\"}},{\"@type\":\"Person\",\"@id\":\"https:\/\/blogdobispo.com.br\/#\/schema\/person\/e2209cc0e6cea5c5233d033e997b373f\",\"name\":\"Jefferson Sterfeno\",\"image\":{\"@type\":\"ImageObject\",\"inLanguage\":\"pt-BR\",\"@id\":\"https:\/\/blogdobispo.com.br\/#\/schema\/person\/image\/\",\"url\":\"https:\/\/secure.gravatar.com\/avatar\/0534e84764641168a677026b6d57a3f51dc7ac4db0b4f6186d9cb330d4ee1160?s=96&d=mm&r=g\",\"contentUrl\":\"https:\/\/secure.gravatar.com\/avatar\/0534e84764641168a677026b6d57a3f51dc7ac4db0b4f6186d9cb330d4ee1160?s=96&d=mm&r=g\",\"caption\":\"Jefferson Sterfeno\"},\"sameAs\":[\"http:\/\/blogdobispo.com.br\"],\"url\":\"https:\/\/blogdobispo.com.br\/?author=1\"}]}<\/script>\n<!-- \/ Yoast SEO plugin. -->","yoast_head_json":{"title":"Parnamirim e seu descaso: van de 2001 e com placa cinza faz transporte p\u00fablico na cidade - Blog do Bispo","robots":{"index":"index","follow":"follow","max-snippet":"max-snippet:-1","max-image-preview":"max-image-preview:large","max-video-preview":"max-video-preview:-1"},"canonical":"https:\/\/blogdobispo.com.br\/?p=5096","og_locale":"pt_BR","og_type":"article","og_title":"Parnamirim e seu descaso: van de 2001 e com placa cinza faz transporte p\u00fablico na cidade - Blog do Bispo","og_description":"A m\u00e1 gest\u00e3o do transporte p\u00fablico em Parnamirim consegue se superar. O Blog do Bispo vem mostrando o p\u00e9ssimo servi\u00e7o de transporte da cidade e agora recebeu a den\u00fancia de uma van fabricada em 2001 &#8211; sim, h\u00e1 24 anos &#8211; que circula pelas ruas da cidade transportando passageiros com placa cinza, ou seja, de [&hellip;]","og_url":"https:\/\/blogdobispo.com.br\/?p=5096","og_site_name":"Blog do Bispo","article_published_time":"2025-04-23T15:00:29+00:00","og_image":[{"url":"https:\/\/blogdobispo.com.br\/wp-content\/uploads\/2025\/04\/img_3929-1-1024x768.jpg","type":"","width":"","height":""}],"author":"Jefferson Sterfeno","twitter_card":"summary_large_image","twitter_misc":{"Escrito por":"Jefferson Sterfeno","Est. tempo de leitura":"2 minutos"},"schema":{"@context":"https:\/\/schema.org","@graph":[{"@type":"Article","@id":"https:\/\/blogdobispo.com.br\/?p=5096#article","isPartOf":{"@id":"https:\/\/blogdobispo.com.br\/?p=5096"},"author":{"name":"Jefferson Sterfeno","@id":"https:\/\/blogdobispo.com.br\/#\/schema\/person\/e2209cc0e6cea5c5233d033e997b373f"},"headline":"Parnamirim e seu descaso: van de 2001 e com placa cinza faz transporte p\u00fablico na cidade","datePublished":"2025-04-23T15:00:29+00:00","mainEntityOfPage":{"@id":"https:\/\/blogdobispo.com.br\/?p=5096"},"wordCount":396,"commentCount":0,"publisher":{"@id":"https:\/\/blogdobispo.com.br\/#organization"},"image":{"@id":"https:\/\/blogdobispo.com.br\/?p=5096#primaryimage"},"thumbnailUrl":"https:\/\/blogdobispo.com.br\/wp-content\/uploads\/2025\/04\/img_3929-1-1024x768.jpg","articleSection":["diversos"],"inLanguage":"pt-BR","potentialAction":[{"@type":"CommentAction","name":"Comment","target":["https:\/\/blogdobispo.com.br\/?p=5096#respond"]}]},{"@type":"WebPage","@id":"https:\/\/blogdobispo.com.br\/?p=5096","url":"https:\/\/blogdobispo.com.br\/?p=5096","name":"Parnamirim e seu descaso: van de 2001 e com placa cinza faz transporte p\u00fablico na cidade - Blog do Bispo","isPartOf":{"@id":"https:\/\/blogdobispo.com.br\/#website"},"primaryImageOfPage":{"@id":"https:\/\/blogdobispo.com.br\/?p=5096#primaryimage"},"image":{"@id":"https:\/\/blogdobispo.com.br\/?p=5096#primaryimage"},"thumbnailUrl":"https:\/\/blogdobispo.com.br\/wp-content\/uploads\/2025\/04\/img_3929-1-1024x768.jpg","datePublished":"2025-04-23T15:00:29+00:00","breadcrumb":{"@id":"https:\/\/blogdobispo.com.br\/?p=5096#breadcrumb"},"inLanguage":"pt-BR","potentialAction":[{"@type":"ReadAction","target":["https:\/\/blogdobispo.com.br\/?p=5096"]}]},{"@type":"ImageObject","inLanguage":"pt-BR","@id":"https:\/\/blogdobispo.com.br\/?p=5096#primaryimage","url":"https:\/\/blogdobispo.com.br\/wp-content\/uploads\/2025\/04\/img_3929-1-1024x768.jpg","contentUrl":"https:\/\/blogdobispo.com.br\/wp-content\/uploads\/2025\/04\/img_3929-1-1024x768.jpg"},{"@type":"BreadcrumbList","@id":"https:\/\/blogdobispo.com.br\/?p=5096#breadcrumb","itemListElement":[{"@type":"ListItem","position":1,"name":"In\u00edcio","item":"https:\/\/blogdobispo.com.br\/"},{"@type":"ListItem","position":2,"name":"Parnamirim e seu descaso: van de 2001 e com placa cinza faz transporte p\u00fablico na cidade"}]},{"@type":"WebSite","@id":"https:\/\/blogdobispo.com.br\/#website","url":"https:\/\/blogdobispo.com.br\/","name":"Blog do Bispo","description":"Comprometido apenas com o leitor","publisher":{"@id":"https:\/\/blogdobispo.com.br\/#organization"},"potentialAction":[{"@type":"SearchAction","target":{"@type":"EntryPoint","urlTemplate":"https:\/\/blogdobispo.com.br\/?s={search_term_string}"},"query-input":{"@type":"PropertyValueSpecification","valueRequired":true,"valueName":"search_term_string"}}],"inLanguage":"pt-BR"},{"@type":"Organization","@id":"https:\/\/blogdobispo.com.br\/#organization","name":"Blog do Bispo","url":"https:\/\/blogdobispo.com.br\/","logo":{"@type":"ImageObject","inLanguage":"pt-BR","@id":"https:\/\/blogdobispo.com.br\/#\/schema\/logo\/image\/","url":"http:\/\/blogdobispo.com.br\/wp-content\/uploads\/2023\/05\/cropped-headear.png","contentUrl":"http:\/\/blogdobispo.com.br\/wp-content\/uploads\/2023\/05\/cropped-headear.png","width":1500,"height":399,"caption":"Blog do Bispo"},"image":{"@id":"https:\/\/blogdobispo.com.br\/#\/schema\/logo\/image\/"}},{"@type":"Person","@id":"https:\/\/blogdobispo.com.br\/#\/schema\/person\/e2209cc0e6cea5c5233d033e997b373f","name":"Jefferson Sterfeno","image":{"@type":"ImageObject","inLanguage":"pt-BR","@id":"https:\/\/blogdobispo.com.br\/#\/schema\/person\/image\/","url":"https:\/\/secure.gravatar.com\/avatar\/0534e84764641168a677026b6d57a3f51dc7ac4db0b4f6186d9cb330d4ee1160?s=96&d=mm&r=g","contentUrl":"https:\/\/secure.gravatar.com\/avatar\/0534e84764641168a677026b6d57a3f51dc7ac4db0b4f6186d9cb330d4ee1160?s=96&d=mm&r=g","caption":"Jefferson Sterfeno"},"sameAs":["http:\/\/blogdobispo.com.br"],"url":"https:\/\/blogdobispo.com.br\/?author=1"}]}},"featured_image_urls":{"full":"","thumbnail":"","medium":"","medium_large":"","large":"","1536x1536":"","2048x2048":""},"author_info":{"display_name":"Jefferson Sterfeno","author_link":"https:\/\/blogdobispo.com.br\/?author=1"},"category_info":"<a href=\"https:\/\/blogdobispo.com.br\/?cat=1\" rel=\"category\">diversos<\/a>","tag_info":"diversos","comment_count":"0","jetpack_featured_media_url":"","jetpack_sharing_enabled":true,"_links":{"self":[{"href":"https:\/\/blogdobispo.com.br\/index.php?rest_route=\/wp\/v2\/posts\/5096","targetHints":{"allow":["GET"]}}],"collection":[{"href":"https:\/\/blogdobispo.com.br\/index.php?rest_route=\/wp\/v2\/posts"}],"about":[{"href":"https:\/\/blogdobispo.com.br\/index.php?rest_route=\/wp\/v2\/types\/post"}],"author":[{"embeddable":true,"href":"https:\/\/blogdobispo.com.br\/index.php?rest_route=\/wp\/v2\/users\/1"}],"replies":[{"embeddable":true,"href":"https:\/\/blogdobispo.com.br\/index.php?rest_route=%2Fwp%2Fv2%2Fcomments&post=5096"}],"version-history":[{"count":0,"href":"https:\/\/blogdobispo.com.br\/index.php?rest_route=\/wp\/v2\/posts\/5096\/revisions"}],"wp:attachment":[{"href":"https:\/\/blogdobispo.com.br\/index.php?rest_route=%2Fwp%2Fv2%2Fmedia&parent=5096"}],"wp:term":[{"taxonomy":"category","embeddable":true,"href":"https:\/\/blogdobispo.com.br\/index.php?rest_route=%2Fwp%2Fv2%2Fcategories&post=5096"},{"taxonomy":"post_tag","embeddable":true,"href":"https:\/\/blogdobispo.com.br\/index.php?rest_route=%2Fwp%2Fv2%2Ftags&post=5096"}],"curies":[{"name":"wp","href":"https:\/\/api.w.org\/{rel}","templated":true}]}}