{"id":5094,"date":"2025-04-22T21:43:37","date_gmt":"2025-04-22T21:43:37","guid":{"rendered":"https:\/\/blogdobispo.com.br\/?p=5094"},"modified":"2025-04-22T21:43:37","modified_gmt":"2025-04-22T21:43:37","slug":"presidente-da-camara-eriko-jacome-e-vereadores-de-natal-se-reunem-em-brasilia-com-o-senador-rogerio-para-destinacao-de-recursos-a-capital","status":"publish","type":"post","link":"https:\/\/blogdobispo.com.br\/?p=5094","title":{"rendered":"Presidente da C\u00e2mara, Eriko J\u00e1come e vereadores de Natal se re\u00fanem em Brasilia com o senador Rog\u00e9rio para destina\u00e7\u00e3o de recursos \u00e0 capital"},"content":{"rendered":"\n<figure class=\"wp-block-image size-large\"><img data-recalc-dims=\"1\" fetchpriority=\"high\" decoding=\"async\" width=\"800\" height=\"558\" src=\"https:\/\/i0.wp.com\/blogdobispo.com.br\/wp-content\/uploads\/2025\/04\/348e15e2-8029-44bc-8720-9559a3580195-1-1024x714.jpg?resize=800%2C558&#038;ssl=1\" class=\"wp-image-5093\" srcset=\"https:\/\/i0.wp.com\/blogdobispo.com.br\/wp-content\/uploads\/2025\/04\/348e15e2-8029-44bc-8720-9559a3580195-1.jpg?resize=1024%2C714&amp;ssl=1 1024w, https:\/\/i0.wp.com\/blogdobispo.com.br\/wp-content\/uploads\/2025\/04\/348e15e2-8029-44bc-8720-9559a3580195-1.jpg?resize=300%2C209&amp;ssl=1 300w, https:\/\/i0.wp.com\/blogdobispo.com.br\/wp-content\/uploads\/2025\/04\/348e15e2-8029-44bc-8720-9559a3580195-1.jpg?resize=768%2C536&amp;ssl=1 768w, https:\/\/i0.wp.com\/blogdobispo.com.br\/wp-content\/uploads\/2025\/04\/348e15e2-8029-44bc-8720-9559a3580195-1.jpg?resize=1536%2C1071&amp;ssl=1 1536w, https:\/\/i0.wp.com\/blogdobispo.com.br\/wp-content\/uploads\/2025\/04\/348e15e2-8029-44bc-8720-9559a3580195-1.jpg?resize=825%2C575&amp;ssl=1 825w, https:\/\/i0.wp.com\/blogdobispo.com.br\/wp-content\/uploads\/2025\/04\/348e15e2-8029-44bc-8720-9559a3580195-1.jpg?resize=590%2C410&amp;ssl=1 590w, https:\/\/i0.wp.com\/blogdobispo.com.br\/wp-content\/uploads\/2025\/04\/348e15e2-8029-44bc-8720-9559a3580195-1.jpg?w=2000&amp;ssl=1 2000w, https:\/\/i0.wp.com\/blogdobispo.com.br\/wp-content\/uploads\/2025\/04\/348e15e2-8029-44bc-8720-9559a3580195-1.jpg?w=1600 1600w\" sizes=\"(max-width: 800px) 100vw, 800px\" \/><\/figure>\n\n\n\n<p><\/p>\n\n\n\n<p>Durante a Marcha dos Vereadores, que acontece em Bras\u00edlia at\u00e9 a pr\u00f3xima sexta-feira (25), o presidente da C\u00e2mara Municipal de Natal, Eriko J\u00e1come, participou de reuni\u00e3o com o senador Rog\u00e9rio Marinho. Acompanhado pelos vereadores Kleber Fernandes, Robson Carvalho, Matheus e L\u00e9o Souza, al\u00e9m de outros parlamentares da capital potiguar, o encontro teve como foco central a busca por emendas e recursos que possam impulsionar \u00e1reas essenciais como sa\u00fade, educa\u00e7\u00e3o e infraestrutura em Natal.<\/p>\n\n\n\n<p>A reuni\u00e3o foi considerada produtiva e extensa, com os parlamentares discutindo diretamente com o senador estrat\u00e9gias para garantir investimentos federais destinados \u00e0 capital do Rio Grande do Norte. De acordo com os vereadores, h\u00e1 boas perspectivas para que, nas pr\u00f3ximas semanas ou meses, comecem a ser liberadas emendas do Congresso Nacional voltadas para o munic\u00edpio.<\/p>\n\n\n\n<p>Durante o encontro, o senador Rog\u00e9rio Marinho elogiou a atua\u00e7\u00e3o da C\u00e2mara Municipal de Natal, destacando a postura propositiva dos vereadores e a articula\u00e7\u00e3o institucional em defesa dos interesses da cidade. O senador tamb\u00e9m reconheceu a gest\u00e3o do prefeito Paulinho Freire, ressaltando o compromisso com a responsabilidade fiscal e com a melhoria dos servi\u00e7os p\u00fablicos prestados \u00e0 popula\u00e7\u00e3o.<\/p>\n\n\n\n<p>Eriko J\u00e1come, que al\u00e9m de presidir a C\u00e2mara Municipal tamb\u00e9m ocupa a presid\u00eancia da Federa\u00e7\u00e3o das C\u00e2maras Municipais do Rio Grande do Norte (FECAM-RN), relatou a import\u00e2ncia do trabalho conjunto entre os legisladores. Para ele, a uni\u00e3o de representantes que compartilham o objetivo comum de desenvolver suas cidades \u00e9 fundamental para que os munic\u00edpios avancem com mais efici\u00eancia.<\/p>\n\n\n\n<p>\u201cEsse trabalho come\u00e7a agora, com paci\u00eancia, clareza e muito di\u00e1logo. \u00c9 por meio dessas parcerias, conv\u00eanios e da articula\u00e7\u00e3o com o Congresso Nacional, os minist\u00e9rios e a C\u00e2mara Federal que conseguiremos trazer o que h\u00e1 de melhor para os 167 munic\u00edpios do nosso estado\u201d, afirmou Eriko.<\/p>\n","protected":false},"excerpt":{"rendered":"<p>Durante a Marcha dos Vereadores, que acontece em Bras\u00edlia at\u00e9 a pr\u00f3xima sexta-feira (25), o presidente da C\u00e2mara Municipal de Natal, Eriko J\u00e1come, participou de reuni\u00e3o com o senador Rog\u00e9rio Marinho. Acompanhado pelos vereadores Kleber Fernandes, Robson Carvalho, Matheus e L\u00e9o Souza, al\u00e9m de outros parlamentares da capital potiguar, o encontro teve como foco central [&hellip;]<\/p>\n","protected":false},"author":1,"featured_media":0,"comment_status":"open","ping_status":"open","sticky":false,"template":"","format":"standard","meta":{"cybocfi_hide_featured_image":"","_jetpack_memberships_contains_paid_content":false,"footnotes":""},"categories":[1],"tags":[],"class_list":["post-5094","post","type-post","status-publish","format-standard","hentry","category-diversos"],"yoast_head":"<!-- This site is optimized with the Yoast SEO plugin v25.6 - https:\/\/yoast.com\/wordpress\/plugins\/seo\/ -->\n<title>Presidente da C\u00e2mara, Eriko J\u00e1come e vereadores de Natal se re\u00fanem em Brasilia com o senador Rog\u00e9rio para destina\u00e7\u00e3o de recursos \u00e0 capital - Blog do Bispo<\/title>\n<meta name=\"robots\" content=\"index, follow, max-snippet:-1, max-image-preview:large, max-video-preview:-1\" \/>\n<link rel=\"canonical\" href=\"https:\/\/blogdobispo.com.br\/?p=5094\" \/>\n<meta property=\"og:locale\" content=\"pt_BR\" \/>\n<meta property=\"og:type\" content=\"article\" \/>\n<meta property=\"og:title\" content=\"Presidente da C\u00e2mara, Eriko J\u00e1come e vereadores de Natal se re\u00fanem em Brasilia com o senador Rog\u00e9rio para destina\u00e7\u00e3o de recursos \u00e0 capital - Blog do Bispo\" \/>\n<meta property=\"og:description\" content=\"Durante a Marcha dos Vereadores, que acontece em Bras\u00edlia at\u00e9 a pr\u00f3xima sexta-feira (25), o presidente da C\u00e2mara Municipal de Natal, Eriko J\u00e1come, participou de reuni\u00e3o com o senador Rog\u00e9rio Marinho. Acompanhado pelos vereadores Kleber Fernandes, Robson Carvalho, Matheus e L\u00e9o Souza, al\u00e9m de outros parlamentares da capital potiguar, o encontro teve como foco central [&hellip;]\" \/>\n<meta property=\"og:url\" content=\"https:\/\/blogdobispo.com.br\/?p=5094\" \/>\n<meta property=\"og:site_name\" content=\"Blog do Bispo\" \/>\n<meta property=\"article:published_time\" content=\"2025-04-22T21:43:37+00:00\" \/>\n<meta property=\"og:image\" content=\"https:\/\/blogdobispo.com.br\/wp-content\/uploads\/2025\/04\/348e15e2-8029-44bc-8720-9559a3580195-1-1024x714.jpg\" \/>\n<meta name=\"author\" content=\"Jefferson Sterfeno\" \/>\n<meta name=\"twitter:card\" content=\"summary_large_image\" \/>\n<meta name=\"twitter:label1\" content=\"Escrito por\" \/>\n\t<meta name=\"twitter:data1\" content=\"Jefferson Sterfeno\" \/>\n\t<meta name=\"twitter:label2\" content=\"Est. tempo de leitura\" \/>\n\t<meta name=\"twitter:data2\" content=\"2 minutos\" \/>\n<script type=\"application\/ld+json\" class=\"yoast-schema-graph\">{\"@context\":\"https:\/\/schema.org\",\"@graph\":[{\"@type\":\"Article\",\"@id\":\"https:\/\/blogdobispo.com.br\/?p=5094#article\",\"isPartOf\":{\"@id\":\"https:\/\/blogdobispo.com.br\/?p=5094\"},\"author\":{\"name\":\"Jefferson Sterfeno\",\"@id\":\"https:\/\/blogdobispo.com.br\/#\/schema\/person\/e2209cc0e6cea5c5233d033e997b373f\"},\"headline\":\"Presidente da C\u00e2mara, Eriko J\u00e1come e vereadores de Natal se re\u00fanem em Brasilia com o senador Rog\u00e9rio para destina\u00e7\u00e3o de recursos \u00e0 capital\",\"datePublished\":\"2025-04-22T21:43:37+00:00\",\"mainEntityOfPage\":{\"@id\":\"https:\/\/blogdobispo.com.br\/?p=5094\"},\"wordCount\":353,\"commentCount\":0,\"publisher\":{\"@id\":\"https:\/\/blogdobispo.com.br\/#organization\"},\"image\":{\"@id\":\"https:\/\/blogdobispo.com.br\/?p=5094#primaryimage\"},\"thumbnailUrl\":\"https:\/\/blogdobispo.com.br\/wp-content\/uploads\/2025\/04\/348e15e2-8029-44bc-8720-9559a3580195-1-1024x714.jpg\",\"articleSection\":[\"diversos\"],\"inLanguage\":\"pt-BR\",\"potentialAction\":[{\"@type\":\"CommentAction\",\"name\":\"Comment\",\"target\":[\"https:\/\/blogdobispo.com.br\/?p=5094#respond\"]}]},{\"@type\":\"WebPage\",\"@id\":\"https:\/\/blogdobispo.com.br\/?p=5094\",\"url\":\"https:\/\/blogdobispo.com.br\/?p=5094\",\"name\":\"Presidente da C\u00e2mara, Eriko J\u00e1come e vereadores de Natal se re\u00fanem em Brasilia com o senador Rog\u00e9rio para destina\u00e7\u00e3o de recursos \u00e0 capital - Blog do Bispo\",\"isPartOf\":{\"@id\":\"https:\/\/blogdobispo.com.br\/#website\"},\"primaryImageOfPage\":{\"@id\":\"https:\/\/blogdobispo.com.br\/?p=5094#primaryimage\"},\"image\":{\"@id\":\"https:\/\/blogdobispo.com.br\/?p=5094#primaryimage\"},\"thumbnailUrl\":\"https:\/\/blogdobispo.com.br\/wp-content\/uploads\/2025\/04\/348e15e2-8029-44bc-8720-9559a3580195-1-1024x714.jpg\",\"datePublished\":\"2025-04-22T21:43:37+00:00\",\"breadcrumb\":{\"@id\":\"https:\/\/blogdobispo.com.br\/?p=5094#breadcrumb\"},\"inLanguage\":\"pt-BR\",\"potentialAction\":[{\"@type\":\"ReadAction\",\"target\":[\"https:\/\/blogdobispo.com.br\/?p=5094\"]}]},{\"@type\":\"ImageObject\",\"inLanguage\":\"pt-BR\",\"@id\":\"https:\/\/blogdobispo.com.br\/?p=5094#primaryimage\",\"url\":\"https:\/\/blogdobispo.com.br\/wp-content\/uploads\/2025\/04\/348e15e2-8029-44bc-8720-9559a3580195-1-1024x714.jpg\",\"contentUrl\":\"https:\/\/blogdobispo.com.br\/wp-content\/uploads\/2025\/04\/348e15e2-8029-44bc-8720-9559a3580195-1-1024x714.jpg\"},{\"@type\":\"BreadcrumbList\",\"@id\":\"https:\/\/blogdobispo.com.br\/?p=5094#breadcrumb\",\"itemListElement\":[{\"@type\":\"ListItem\",\"position\":1,\"name\":\"In\u00edcio\",\"item\":\"https:\/\/blogdobispo.com.br\/\"},{\"@type\":\"ListItem\",\"position\":2,\"name\":\"Presidente da C\u00e2mara, Eriko J\u00e1come e vereadores de Natal se re\u00fanem em Brasilia com o senador Rog\u00e9rio para destina\u00e7\u00e3o de recursos \u00e0 capital\"}]},{\"@type\":\"WebSite\",\"@id\":\"https:\/\/blogdobispo.com.br\/#website\",\"url\":\"https:\/\/blogdobispo.com.br\/\",\"name\":\"Blog do Bispo\",\"description\":\"Comprometido apenas com o leitor\",\"publisher\":{\"@id\":\"https:\/\/blogdobispo.com.br\/#organization\"},\"potentialAction\":[{\"@type\":\"SearchAction\",\"target\":{\"@type\":\"EntryPoint\",\"urlTemplate\":\"https:\/\/blogdobispo.com.br\/?s={search_term_string}\"},\"query-input\":{\"@type\":\"PropertyValueSpecification\",\"valueRequired\":true,\"valueName\":\"search_term_string\"}}],\"inLanguage\":\"pt-BR\"},{\"@type\":\"Organization\",\"@id\":\"https:\/\/blogdobispo.com.br\/#organization\",\"name\":\"Blog do Bispo\",\"url\":\"https:\/\/blogdobispo.com.br\/\",\"logo\":{\"@type\":\"ImageObject\",\"inLanguage\":\"pt-BR\",\"@id\":\"https:\/\/blogdobispo.com.br\/#\/schema\/logo\/image\/\",\"url\":\"http:\/\/blogdobispo.com.br\/wp-content\/uploads\/2023\/05\/cropped-headear.png\",\"contentUrl\":\"http:\/\/blogdobispo.com.br\/wp-content\/uploads\/2023\/05\/cropped-headear.png\",\"width\":1500,\"height\":399,\"caption\":\"Blog do Bispo\"},\"image\":{\"@id\":\"https:\/\/blogdobispo.com.br\/#\/schema\/logo\/image\/\"}},{\"@type\":\"Person\",\"@id\":\"https:\/\/blogdobispo.com.br\/#\/schema\/person\/e2209cc0e6cea5c5233d033e997b373f\",\"name\":\"Jefferson Sterfeno\",\"image\":{\"@type\":\"ImageObject\",\"inLanguage\":\"pt-BR\",\"@id\":\"https:\/\/blogdobispo.com.br\/#\/schema\/person\/image\/\",\"url\":\"https:\/\/secure.gravatar.com\/avatar\/0534e84764641168a677026b6d57a3f51dc7ac4db0b4f6186d9cb330d4ee1160?s=96&d=mm&r=g\",\"contentUrl\":\"https:\/\/secure.gravatar.com\/avatar\/0534e84764641168a677026b6d57a3f51dc7ac4db0b4f6186d9cb330d4ee1160?s=96&d=mm&r=g\",\"caption\":\"Jefferson Sterfeno\"},\"sameAs\":[\"http:\/\/blogdobispo.com.br\"],\"url\":\"https:\/\/blogdobispo.com.br\/?author=1\"}]}<\/script>\n<!-- \/ Yoast SEO plugin. -->","yoast_head_json":{"title":"Presidente da C\u00e2mara, Eriko J\u00e1come e vereadores de Natal se re\u00fanem em Brasilia com o senador Rog\u00e9rio para destina\u00e7\u00e3o de recursos \u00e0 capital - Blog do Bispo","robots":{"index":"index","follow":"follow","max-snippet":"max-snippet:-1","max-image-preview":"max-image-preview:large","max-video-preview":"max-video-preview:-1"},"canonical":"https:\/\/blogdobispo.com.br\/?p=5094","og_locale":"pt_BR","og_type":"article","og_title":"Presidente da C\u00e2mara, Eriko J\u00e1come e vereadores de Natal se re\u00fanem em Brasilia com o senador Rog\u00e9rio para destina\u00e7\u00e3o de recursos \u00e0 capital - Blog do Bispo","og_description":"Durante a Marcha dos Vereadores, que acontece em Bras\u00edlia at\u00e9 a pr\u00f3xima sexta-feira (25), o presidente da C\u00e2mara Municipal de Natal, Eriko J\u00e1come, participou de reuni\u00e3o com o senador Rog\u00e9rio Marinho. Acompanhado pelos vereadores Kleber Fernandes, Robson Carvalho, Matheus e L\u00e9o Souza, al\u00e9m de outros parlamentares da capital potiguar, o encontro teve como foco central [&hellip;]","og_url":"https:\/\/blogdobispo.com.br\/?p=5094","og_site_name":"Blog do Bispo","article_published_time":"2025-04-22T21:43:37+00:00","og_image":[{"url":"https:\/\/blogdobispo.com.br\/wp-content\/uploads\/2025\/04\/348e15e2-8029-44bc-8720-9559a3580195-1-1024x714.jpg","type":"","width":"","height":""}],"author":"Jefferson Sterfeno","twitter_card":"summary_large_image","twitter_misc":{"Escrito por":"Jefferson Sterfeno","Est. tempo de leitura":"2 minutos"},"schema":{"@context":"https:\/\/schema.org","@graph":[{"@type":"Article","@id":"https:\/\/blogdobispo.com.br\/?p=5094#article","isPartOf":{"@id":"https:\/\/blogdobispo.com.br\/?p=5094"},"author":{"name":"Jefferson Sterfeno","@id":"https:\/\/blogdobispo.com.br\/#\/schema\/person\/e2209cc0e6cea5c5233d033e997b373f"},"headline":"Presidente da C\u00e2mara, Eriko J\u00e1come e vereadores de Natal se re\u00fanem em Brasilia com o senador Rog\u00e9rio para destina\u00e7\u00e3o de recursos \u00e0 capital","datePublished":"2025-04-22T21:43:37+00:00","mainEntityOfPage":{"@id":"https:\/\/blogdobispo.com.br\/?p=5094"},"wordCount":353,"commentCount":0,"publisher":{"@id":"https:\/\/blogdobispo.com.br\/#organization"},"image":{"@id":"https:\/\/blogdobispo.com.br\/?p=5094#primaryimage"},"thumbnailUrl":"https:\/\/blogdobispo.com.br\/wp-content\/uploads\/2025\/04\/348e15e2-8029-44bc-8720-9559a3580195-1-1024x714.jpg","articleSection":["diversos"],"inLanguage":"pt-BR","potentialAction":[{"@type":"CommentAction","name":"Comment","target":["https:\/\/blogdobispo.com.br\/?p=5094#respond"]}]},{"@type":"WebPage","@id":"https:\/\/blogdobispo.com.br\/?p=5094","url":"https:\/\/blogdobispo.com.br\/?p=5094","name":"Presidente da C\u00e2mara, Eriko J\u00e1come e vereadores de Natal se re\u00fanem em Brasilia com o senador Rog\u00e9rio para destina\u00e7\u00e3o de recursos \u00e0 capital - Blog do Bispo","isPartOf":{"@id":"https:\/\/blogdobispo.com.br\/#website"},"primaryImageOfPage":{"@id":"https:\/\/blogdobispo.com.br\/?p=5094#primaryimage"},"image":{"@id":"https:\/\/blogdobispo.com.br\/?p=5094#primaryimage"},"thumbnailUrl":"https:\/\/blogdobispo.com.br\/wp-content\/uploads\/2025\/04\/348e15e2-8029-44bc-8720-9559a3580195-1-1024x714.jpg","datePublished":"2025-04-22T21:43:37+00:00","breadcrumb":{"@id":"https:\/\/blogdobispo.com.br\/?p=5094#breadcrumb"},"inLanguage":"pt-BR","potentialAction":[{"@type":"ReadAction","target":["https:\/\/blogdobispo.com.br\/?p=5094"]}]},{"@type":"ImageObject","inLanguage":"pt-BR","@id":"https:\/\/blogdobispo.com.br\/?p=5094#primaryimage","url":"https:\/\/blogdobispo.com.br\/wp-content\/uploads\/2025\/04\/348e15e2-8029-44bc-8720-9559a3580195-1-1024x714.jpg","contentUrl":"https:\/\/blogdobispo.com.br\/wp-content\/uploads\/2025\/04\/348e15e2-8029-44bc-8720-9559a3580195-1-1024x714.jpg"},{"@type":"BreadcrumbList","@id":"https:\/\/blogdobispo.com.br\/?p=5094#breadcrumb","itemListElement":[{"@type":"ListItem","position":1,"name":"In\u00edcio","item":"https:\/\/blogdobispo.com.br\/"},{"@type":"ListItem","position":2,"name":"Presidente da C\u00e2mara, Eriko J\u00e1come e vereadores de Natal se re\u00fanem em Brasilia com o senador Rog\u00e9rio para destina\u00e7\u00e3o de recursos \u00e0 capital"}]},{"@type":"WebSite","@id":"https:\/\/blogdobispo.com.br\/#website","url":"https:\/\/blogdobispo.com.br\/","name":"Blog do Bispo","description":"Comprometido apenas com o leitor","publisher":{"@id":"https:\/\/blogdobispo.com.br\/#organization"},"potentialAction":[{"@type":"SearchAction","target":{"@type":"EntryPoint","urlTemplate":"https:\/\/blogdobispo.com.br\/?s={search_term_string}"},"query-input":{"@type":"PropertyValueSpecification","valueRequired":true,"valueName":"search_term_string"}}],"inLanguage":"pt-BR"},{"@type":"Organization","@id":"https:\/\/blogdobispo.com.br\/#organization","name":"Blog do Bispo","url":"https:\/\/blogdobispo.com.br\/","logo":{"@type":"ImageObject","inLanguage":"pt-BR","@id":"https:\/\/blogdobispo.com.br\/#\/schema\/logo\/image\/","url":"http:\/\/blogdobispo.com.br\/wp-content\/uploads\/2023\/05\/cropped-headear.png","contentUrl":"http:\/\/blogdobispo.com.br\/wp-content\/uploads\/2023\/05\/cropped-headear.png","width":1500,"height":399,"caption":"Blog do Bispo"},"image":{"@id":"https:\/\/blogdobispo.com.br\/#\/schema\/logo\/image\/"}},{"@type":"Person","@id":"https:\/\/blogdobispo.com.br\/#\/schema\/person\/e2209cc0e6cea5c5233d033e997b373f","name":"Jefferson Sterfeno","image":{"@type":"ImageObject","inLanguage":"pt-BR","@id":"https:\/\/blogdobispo.com.br\/#\/schema\/person\/image\/","url":"https:\/\/secure.gravatar.com\/avatar\/0534e84764641168a677026b6d57a3f51dc7ac4db0b4f6186d9cb330d4ee1160?s=96&d=mm&r=g","contentUrl":"https:\/\/secure.gravatar.com\/avatar\/0534e84764641168a677026b6d57a3f51dc7ac4db0b4f6186d9cb330d4ee1160?s=96&d=mm&r=g","caption":"Jefferson Sterfeno"},"sameAs":["http:\/\/blogdobispo.com.br"],"url":"https:\/\/blogdobispo.com.br\/?author=1"}]}},"featured_image_urls":{"full":"","thumbnail":"","medium":"","medium_large":"","large":"","1536x1536":"","2048x2048":""},"author_info":{"display_name":"Jefferson Sterfeno","author_link":"https:\/\/blogdobispo.com.br\/?author=1"},"category_info":"<a href=\"https:\/\/blogdobispo.com.br\/?cat=1\" rel=\"category\">diversos<\/a>","tag_info":"diversos","comment_count":"0","jetpack_featured_media_url":"","jetpack_sharing_enabled":true,"_links":{"self":[{"href":"https:\/\/blogdobispo.com.br\/index.php?rest_route=\/wp\/v2\/posts\/5094","targetHints":{"allow":["GET"]}}],"collection":[{"href":"https:\/\/blogdobispo.com.br\/index.php?rest_route=\/wp\/v2\/posts"}],"about":[{"href":"https:\/\/blogdobispo.com.br\/index.php?rest_route=\/wp\/v2\/types\/post"}],"author":[{"embeddable":true,"href":"https:\/\/blogdobispo.com.br\/index.php?rest_route=\/wp\/v2\/users\/1"}],"replies":[{"embeddable":true,"href":"https:\/\/blogdobispo.com.br\/index.php?rest_route=%2Fwp%2Fv2%2Fcomments&post=5094"}],"version-history":[{"count":0,"href":"https:\/\/blogdobispo.com.br\/index.php?rest_route=\/wp\/v2\/posts\/5094\/revisions"}],"wp:attachment":[{"href":"https:\/\/blogdobispo.com.br\/index.php?rest_route=%2Fwp%2Fv2%2Fmedia&parent=5094"}],"wp:term":[{"taxonomy":"category","embeddable":true,"href":"https:\/\/blogdobispo.com.br\/index.php?rest_route=%2Fwp%2Fv2%2Fcategories&post=5094"},{"taxonomy":"post_tag","embeddable":true,"href":"https:\/\/blogdobispo.com.br\/index.php?rest_route=%2Fwp%2Fv2%2Ftags&post=5094"}],"curies":[{"name":"wp","href":"https:\/\/api.w.org\/{rel}","templated":true}]}}