{"id":5092,"date":"2025-04-21T18:34:29","date_gmt":"2025-04-21T18:34:29","guid":{"rendered":"https:\/\/blogdobispo.com.br\/?p=5092"},"modified":"2025-04-21T18:34:29","modified_gmt":"2025-04-21T18:34:29","slug":"missionario-evangelico-em-roma-sou-grato-pelo-respeito-do-papa-francisco-aos-protestantes","status":"publish","type":"post","link":"https:\/\/blogdobispo.com.br\/?p=5092","title":{"rendered":"Mission\u00e1rio evang\u00e9lico em Roma: sou grato pelo respeito do Papa Francisco aos protestantes"},"content":{"rendered":"\n<figure class=\"wp-block-image size-large\"><img data-recalc-dims=\"1\" fetchpriority=\"high\" decoding=\"async\" width=\"420\" height=\"250\" src=\"https:\/\/i0.wp.com\/blogdobispo.com.br\/wp-content\/uploads\/2025\/04\/img_3909-1.png?resize=420%2C250&#038;ssl=1\" class=\"wp-image-5091\" srcset=\"https:\/\/i0.wp.com\/blogdobispo.com.br\/wp-content\/uploads\/2025\/04\/img_3909-1.png?w=420&amp;ssl=1 420w, https:\/\/i0.wp.com\/blogdobispo.com.br\/wp-content\/uploads\/2025\/04\/img_3909-1.png?resize=300%2C179&amp;ssl=1 300w\" sizes=\"(max-width: 420px) 100vw, 420px\" \/><\/figure>\n\n\n\n<p><\/p>\n\n\n\n<p>Em 2010, a minha esposa e eu nos mudamos do Brasil a It\u00e1lia para<strong><a href=\"https:\/\/guiame.com.br\/gospel\/mundo-cristao\/pastor-brasileiro-planta-igreja-em-roma-eles-se-apaixonam-quando-conhecem-jesus.html\">&nbsp;fundar<\/a><\/strong>uma igreja evang\u00e9lica em Roma e um movimento que&nbsp;<strong><a href=\"https:\/\/guiame.com.br\/gospel\/agenda-gospel\/milhares-de-jovens-se-reunirao-para-clamar-por-avivamento-na-europa-deus-esta-agindo.html\">busca um novo avivamento<\/a><\/strong>&nbsp;na Europa.<\/p>\n\n\n\n<p>Importantes diferen\u00e7as teol\u00f3gicas permanecem at\u00e9 hoje entre cat\u00f3licos e protestantes. Diferen\u00e7as que, em v\u00e1rios momentos da hist\u00f3ria, levaram a atitudes de desprezo m\u00fatuo.<\/p>\n\n\n\n<p>\u00c0 luz dessas tens\u00f5es hist\u00f3ricas, na ocasi\u00e3o na morte do Papa Francisco gostaria de honrar a atitude de respeito e estima que ele nutriu em rela\u00e7\u00e3o aos crist\u00e3os evang\u00e9licos. Enquanto o papa anterior ainda falava de \u201cseitas protestantes\u201d, o arcebispo Bergoglio cultivava amizades com v\u00e1rios pastores em Buenos Aires. Depois de ser eleito papa em 2013, ele visitou uma igreja pentecostal em Caserta, na regi\u00e3o de N\u00e1poles, para pedir perd\u00e3o pela persegui\u00e7\u00e3o sofrida pelos evang\u00e9licos na It\u00e1lia nas d\u00e9cadas anteriores.<\/p>\n\n\n\n<p>Entre seus v\u00e1rios esfor\u00e7os, organizou uma reuni\u00e3o com 11 pastores evang\u00e9licos em 2020 na qual eu participei. Naquela tarde, Francisco passou mais de duas horas conversando fraternalmente conosco. Foi uma oportunidade para lhe fazer algumas perguntas, como, por exemplo, como os crist\u00e3os evang\u00e9licos contribu\u00edram para sua vida e jornada de f\u00e9.<\/p>\n\n\n\n<p>Ele contou que cresceu em um contexto em que se dizia que todos os protestantes iriam para o inferno. Mas ele tamb\u00e9m contou a hist\u00f3ria de quando, aos quatro anos de idade, estava caminhando com a av\u00f3 e duas ministras do Ex\u00e9rcito da Salva\u00e7\u00e3o se aproximaram deles. A av\u00f3 lhe disse: elas s\u00e3o protestantes, mas s\u00e3o boas. Francisco disse que essa foi a primeira semente em seu cora\u00e7\u00e3o que lhe permitiu v\u00ea-los com outros olhos.<\/p>\n\n\n\n<p>Naquele dia, Francisco tamb\u00e9m disse que quando sabia que um fiel cat\u00f3lico havia come\u00e7ado a frequentar uma igreja protestante, ele n\u00e3o o impedia. Ele ligava para o pastor e lhe dizia: cuide dele. Agora \u00e9 sua ovelha. \u00c9 melhor que ele v\u00e1 para uma igreja evang\u00e9lica do que para lugar nenhum.<\/p>\n\n\n\n<p>Oro para que o exemplo do Francisco continue a ajudar os crist\u00e3os de diferentes tradi\u00e7\u00f5es a cultivarem humildade e respeito uns pelos outros. N\u00f3s, evang\u00e9licos, defendemos a verdade das Escrituras e, por isso mesmo, valorizamos o ensinamento do nosso Senhor Jesus:<\/p>\n\n\n\n<p><em>\u201cUm novo mandamento lhes dou: Amem-se uns aos outros. Como eu os amei, voc\u00eas devem amar-se uns aos outros.&nbsp;Com isso todos saber\u00e3o que voc\u00eas s\u00e3o meus disc\u00edpulos, se voc\u00eas se amarem uns aos outros\u201d.&nbsp;<\/em>Jo\u00e3o 13:34-35<\/p>\n\n\n\n<p><strong>Ren\u00e9 Breuel<\/strong>&nbsp;\u00e9 um pastor brasileiro que mora em Roma, na It\u00e1lia. Autor das obras O Paradoxo da Felicidade e N\u00e3o \u00c9 f\u00e1cil Ser Pai, possui mestrado em Escrita Criativa pela Universidade de Oxford, no Reino Unido, e em Teologia pelo Regent College, no Canad\u00e1. \u00c9 casado com Sarah e pai de dois meninos, Pietro e Matteo.<\/p>\n","protected":false},"excerpt":{"rendered":"<p>Em 2010, a minha esposa e eu nos mudamos do Brasil a It\u00e1lia para&nbsp;fundaruma igreja evang\u00e9lica em Roma e um movimento que&nbsp;busca um novo avivamento&nbsp;na Europa. Importantes diferen\u00e7as teol\u00f3gicas permanecem at\u00e9 hoje entre cat\u00f3licos e protestantes. Diferen\u00e7as que, em v\u00e1rios momentos da hist\u00f3ria, levaram a atitudes de desprezo m\u00fatuo. \u00c0 luz dessas tens\u00f5es hist\u00f3ricas, na [&hellip;]<\/p>\n","protected":false},"author":1,"featured_media":0,"comment_status":"open","ping_status":"open","sticky":false,"template":"","format":"standard","meta":{"cybocfi_hide_featured_image":"","_jetpack_memberships_contains_paid_content":false,"footnotes":""},"categories":[1],"tags":[],"class_list":["post-5092","post","type-post","status-publish","format-standard","hentry","category-diversos"],"yoast_head":"<!-- This site is optimized with the Yoast SEO plugin v25.6 - https:\/\/yoast.com\/wordpress\/plugins\/seo\/ -->\n<title>Mission\u00e1rio evang\u00e9lico em Roma: sou grato pelo respeito do Papa Francisco aos protestantes - Blog do Bispo<\/title>\n<meta name=\"robots\" content=\"index, follow, max-snippet:-1, max-image-preview:large, max-video-preview:-1\" \/>\n<link rel=\"canonical\" href=\"https:\/\/blogdobispo.com.br\/?p=5092\" \/>\n<meta property=\"og:locale\" content=\"pt_BR\" \/>\n<meta property=\"og:type\" content=\"article\" \/>\n<meta property=\"og:title\" content=\"Mission\u00e1rio evang\u00e9lico em Roma: sou grato pelo respeito do Papa Francisco aos protestantes - Blog do Bispo\" \/>\n<meta property=\"og:description\" content=\"Em 2010, a minha esposa e eu nos mudamos do Brasil a It\u00e1lia para&nbsp;fundaruma igreja evang\u00e9lica em Roma e um movimento que&nbsp;busca um novo avivamento&nbsp;na Europa. Importantes diferen\u00e7as teol\u00f3gicas permanecem at\u00e9 hoje entre cat\u00f3licos e protestantes. Diferen\u00e7as que, em v\u00e1rios momentos da hist\u00f3ria, levaram a atitudes de desprezo m\u00fatuo. \u00c0 luz dessas tens\u00f5es hist\u00f3ricas, na [&hellip;]\" \/>\n<meta property=\"og:url\" content=\"https:\/\/blogdobispo.com.br\/?p=5092\" \/>\n<meta property=\"og:site_name\" content=\"Blog do Bispo\" \/>\n<meta property=\"article:published_time\" content=\"2025-04-21T18:34:29+00:00\" \/>\n<meta property=\"og:image\" content=\"https:\/\/blogdobispo.com.br\/wp-content\/uploads\/2025\/04\/img_3909-1.png\" \/>\n<meta name=\"author\" content=\"Jefferson Sterfeno\" \/>\n<meta name=\"twitter:card\" content=\"summary_large_image\" \/>\n<meta name=\"twitter:label1\" content=\"Escrito por\" \/>\n\t<meta name=\"twitter:data1\" content=\"Jefferson Sterfeno\" \/>\n\t<meta name=\"twitter:label2\" content=\"Est. tempo de leitura\" \/>\n\t<meta name=\"twitter:data2\" content=\"2 minutos\" \/>\n<script type=\"application\/ld+json\" class=\"yoast-schema-graph\">{\"@context\":\"https:\/\/schema.org\",\"@graph\":[{\"@type\":\"Article\",\"@id\":\"https:\/\/blogdobispo.com.br\/?p=5092#article\",\"isPartOf\":{\"@id\":\"https:\/\/blogdobispo.com.br\/?p=5092\"},\"author\":{\"name\":\"Jefferson Sterfeno\",\"@id\":\"https:\/\/blogdobispo.com.br\/#\/schema\/person\/e2209cc0e6cea5c5233d033e997b373f\"},\"headline\":\"Mission\u00e1rio evang\u00e9lico em Roma: sou grato pelo respeito do Papa Francisco aos protestantes\",\"datePublished\":\"2025-04-21T18:34:29+00:00\",\"mainEntityOfPage\":{\"@id\":\"https:\/\/blogdobispo.com.br\/?p=5092\"},\"wordCount\":513,\"commentCount\":0,\"publisher\":{\"@id\":\"https:\/\/blogdobispo.com.br\/#organization\"},\"image\":{\"@id\":\"https:\/\/blogdobispo.com.br\/?p=5092#primaryimage\"},\"thumbnailUrl\":\"https:\/\/blogdobispo.com.br\/wp-content\/uploads\/2025\/04\/img_3909-1.png\",\"articleSection\":[\"diversos\"],\"inLanguage\":\"pt-BR\",\"potentialAction\":[{\"@type\":\"CommentAction\",\"name\":\"Comment\",\"target\":[\"https:\/\/blogdobispo.com.br\/?p=5092#respond\"]}]},{\"@type\":\"WebPage\",\"@id\":\"https:\/\/blogdobispo.com.br\/?p=5092\",\"url\":\"https:\/\/blogdobispo.com.br\/?p=5092\",\"name\":\"Mission\u00e1rio evang\u00e9lico em Roma: sou grato pelo respeito do Papa Francisco aos protestantes - Blog do Bispo\",\"isPartOf\":{\"@id\":\"https:\/\/blogdobispo.com.br\/#website\"},\"primaryImageOfPage\":{\"@id\":\"https:\/\/blogdobispo.com.br\/?p=5092#primaryimage\"},\"image\":{\"@id\":\"https:\/\/blogdobispo.com.br\/?p=5092#primaryimage\"},\"thumbnailUrl\":\"https:\/\/blogdobispo.com.br\/wp-content\/uploads\/2025\/04\/img_3909-1.png\",\"datePublished\":\"2025-04-21T18:34:29+00:00\",\"breadcrumb\":{\"@id\":\"https:\/\/blogdobispo.com.br\/?p=5092#breadcrumb\"},\"inLanguage\":\"pt-BR\",\"potentialAction\":[{\"@type\":\"ReadAction\",\"target\":[\"https:\/\/blogdobispo.com.br\/?p=5092\"]}]},{\"@type\":\"ImageObject\",\"inLanguage\":\"pt-BR\",\"@id\":\"https:\/\/blogdobispo.com.br\/?p=5092#primaryimage\",\"url\":\"https:\/\/blogdobispo.com.br\/wp-content\/uploads\/2025\/04\/img_3909-1.png\",\"contentUrl\":\"https:\/\/blogdobispo.com.br\/wp-content\/uploads\/2025\/04\/img_3909-1.png\"},{\"@type\":\"BreadcrumbList\",\"@id\":\"https:\/\/blogdobispo.com.br\/?p=5092#breadcrumb\",\"itemListElement\":[{\"@type\":\"ListItem\",\"position\":1,\"name\":\"In\u00edcio\",\"item\":\"https:\/\/blogdobispo.com.br\/\"},{\"@type\":\"ListItem\",\"position\":2,\"name\":\"Mission\u00e1rio evang\u00e9lico em Roma: sou grato pelo respeito do Papa Francisco aos protestantes\"}]},{\"@type\":\"WebSite\",\"@id\":\"https:\/\/blogdobispo.com.br\/#website\",\"url\":\"https:\/\/blogdobispo.com.br\/\",\"name\":\"Blog do Bispo\",\"description\":\"Comprometido apenas com o leitor\",\"publisher\":{\"@id\":\"https:\/\/blogdobispo.com.br\/#organization\"},\"potentialAction\":[{\"@type\":\"SearchAction\",\"target\":{\"@type\":\"EntryPoint\",\"urlTemplate\":\"https:\/\/blogdobispo.com.br\/?s={search_term_string}\"},\"query-input\":{\"@type\":\"PropertyValueSpecification\",\"valueRequired\":true,\"valueName\":\"search_term_string\"}}],\"inLanguage\":\"pt-BR\"},{\"@type\":\"Organization\",\"@id\":\"https:\/\/blogdobispo.com.br\/#organization\",\"name\":\"Blog do Bispo\",\"url\":\"https:\/\/blogdobispo.com.br\/\",\"logo\":{\"@type\":\"ImageObject\",\"inLanguage\":\"pt-BR\",\"@id\":\"https:\/\/blogdobispo.com.br\/#\/schema\/logo\/image\/\",\"url\":\"http:\/\/blogdobispo.com.br\/wp-content\/uploads\/2023\/05\/cropped-headear.png\",\"contentUrl\":\"http:\/\/blogdobispo.com.br\/wp-content\/uploads\/2023\/05\/cropped-headear.png\",\"width\":1500,\"height\":399,\"caption\":\"Blog do Bispo\"},\"image\":{\"@id\":\"https:\/\/blogdobispo.com.br\/#\/schema\/logo\/image\/\"}},{\"@type\":\"Person\",\"@id\":\"https:\/\/blogdobispo.com.br\/#\/schema\/person\/e2209cc0e6cea5c5233d033e997b373f\",\"name\":\"Jefferson Sterfeno\",\"image\":{\"@type\":\"ImageObject\",\"inLanguage\":\"pt-BR\",\"@id\":\"https:\/\/blogdobispo.com.br\/#\/schema\/person\/image\/\",\"url\":\"https:\/\/secure.gravatar.com\/avatar\/0534e84764641168a677026b6d57a3f51dc7ac4db0b4f6186d9cb330d4ee1160?s=96&d=mm&r=g\",\"contentUrl\":\"https:\/\/secure.gravatar.com\/avatar\/0534e84764641168a677026b6d57a3f51dc7ac4db0b4f6186d9cb330d4ee1160?s=96&d=mm&r=g\",\"caption\":\"Jefferson Sterfeno\"},\"sameAs\":[\"http:\/\/blogdobispo.com.br\"],\"url\":\"https:\/\/blogdobispo.com.br\/?author=1\"}]}<\/script>\n<!-- \/ Yoast SEO plugin. -->","yoast_head_json":{"title":"Mission\u00e1rio evang\u00e9lico em Roma: sou grato pelo respeito do Papa Francisco aos protestantes - Blog do Bispo","robots":{"index":"index","follow":"follow","max-snippet":"max-snippet:-1","max-image-preview":"max-image-preview:large","max-video-preview":"max-video-preview:-1"},"canonical":"https:\/\/blogdobispo.com.br\/?p=5092","og_locale":"pt_BR","og_type":"article","og_title":"Mission\u00e1rio evang\u00e9lico em Roma: sou grato pelo respeito do Papa Francisco aos protestantes - Blog do Bispo","og_description":"Em 2010, a minha esposa e eu nos mudamos do Brasil a It\u00e1lia para&nbsp;fundaruma igreja evang\u00e9lica em Roma e um movimento que&nbsp;busca um novo avivamento&nbsp;na Europa. Importantes diferen\u00e7as teol\u00f3gicas permanecem at\u00e9 hoje entre cat\u00f3licos e protestantes. Diferen\u00e7as que, em v\u00e1rios momentos da hist\u00f3ria, levaram a atitudes de desprezo m\u00fatuo. \u00c0 luz dessas tens\u00f5es hist\u00f3ricas, na [&hellip;]","og_url":"https:\/\/blogdobispo.com.br\/?p=5092","og_site_name":"Blog do Bispo","article_published_time":"2025-04-21T18:34:29+00:00","og_image":[{"url":"https:\/\/blogdobispo.com.br\/wp-content\/uploads\/2025\/04\/img_3909-1.png","type":"","width":"","height":""}],"author":"Jefferson Sterfeno","twitter_card":"summary_large_image","twitter_misc":{"Escrito por":"Jefferson Sterfeno","Est. tempo de leitura":"2 minutos"},"schema":{"@context":"https:\/\/schema.org","@graph":[{"@type":"Article","@id":"https:\/\/blogdobispo.com.br\/?p=5092#article","isPartOf":{"@id":"https:\/\/blogdobispo.com.br\/?p=5092"},"author":{"name":"Jefferson Sterfeno","@id":"https:\/\/blogdobispo.com.br\/#\/schema\/person\/e2209cc0e6cea5c5233d033e997b373f"},"headline":"Mission\u00e1rio evang\u00e9lico em Roma: sou grato pelo respeito do Papa Francisco aos protestantes","datePublished":"2025-04-21T18:34:29+00:00","mainEntityOfPage":{"@id":"https:\/\/blogdobispo.com.br\/?p=5092"},"wordCount":513,"commentCount":0,"publisher":{"@id":"https:\/\/blogdobispo.com.br\/#organization"},"image":{"@id":"https:\/\/blogdobispo.com.br\/?p=5092#primaryimage"},"thumbnailUrl":"https:\/\/blogdobispo.com.br\/wp-content\/uploads\/2025\/04\/img_3909-1.png","articleSection":["diversos"],"inLanguage":"pt-BR","potentialAction":[{"@type":"CommentAction","name":"Comment","target":["https:\/\/blogdobispo.com.br\/?p=5092#respond"]}]},{"@type":"WebPage","@id":"https:\/\/blogdobispo.com.br\/?p=5092","url":"https:\/\/blogdobispo.com.br\/?p=5092","name":"Mission\u00e1rio evang\u00e9lico em Roma: sou grato pelo respeito do Papa Francisco aos protestantes - Blog do Bispo","isPartOf":{"@id":"https:\/\/blogdobispo.com.br\/#website"},"primaryImageOfPage":{"@id":"https:\/\/blogdobispo.com.br\/?p=5092#primaryimage"},"image":{"@id":"https:\/\/blogdobispo.com.br\/?p=5092#primaryimage"},"thumbnailUrl":"https:\/\/blogdobispo.com.br\/wp-content\/uploads\/2025\/04\/img_3909-1.png","datePublished":"2025-04-21T18:34:29+00:00","breadcrumb":{"@id":"https:\/\/blogdobispo.com.br\/?p=5092#breadcrumb"},"inLanguage":"pt-BR","potentialAction":[{"@type":"ReadAction","target":["https:\/\/blogdobispo.com.br\/?p=5092"]}]},{"@type":"ImageObject","inLanguage":"pt-BR","@id":"https:\/\/blogdobispo.com.br\/?p=5092#primaryimage","url":"https:\/\/blogdobispo.com.br\/wp-content\/uploads\/2025\/04\/img_3909-1.png","contentUrl":"https:\/\/blogdobispo.com.br\/wp-content\/uploads\/2025\/04\/img_3909-1.png"},{"@type":"BreadcrumbList","@id":"https:\/\/blogdobispo.com.br\/?p=5092#breadcrumb","itemListElement":[{"@type":"ListItem","position":1,"name":"In\u00edcio","item":"https:\/\/blogdobispo.com.br\/"},{"@type":"ListItem","position":2,"name":"Mission\u00e1rio evang\u00e9lico em Roma: sou grato pelo respeito do Papa Francisco aos protestantes"}]},{"@type":"WebSite","@id":"https:\/\/blogdobispo.com.br\/#website","url":"https:\/\/blogdobispo.com.br\/","name":"Blog do Bispo","description":"Comprometido apenas com o leitor","publisher":{"@id":"https:\/\/blogdobispo.com.br\/#organization"},"potentialAction":[{"@type":"SearchAction","target":{"@type":"EntryPoint","urlTemplate":"https:\/\/blogdobispo.com.br\/?s={search_term_string}"},"query-input":{"@type":"PropertyValueSpecification","valueRequired":true,"valueName":"search_term_string"}}],"inLanguage":"pt-BR"},{"@type":"Organization","@id":"https:\/\/blogdobispo.com.br\/#organization","name":"Blog do Bispo","url":"https:\/\/blogdobispo.com.br\/","logo":{"@type":"ImageObject","inLanguage":"pt-BR","@id":"https:\/\/blogdobispo.com.br\/#\/schema\/logo\/image\/","url":"http:\/\/blogdobispo.com.br\/wp-content\/uploads\/2023\/05\/cropped-headear.png","contentUrl":"http:\/\/blogdobispo.com.br\/wp-content\/uploads\/2023\/05\/cropped-headear.png","width":1500,"height":399,"caption":"Blog do Bispo"},"image":{"@id":"https:\/\/blogdobispo.com.br\/#\/schema\/logo\/image\/"}},{"@type":"Person","@id":"https:\/\/blogdobispo.com.br\/#\/schema\/person\/e2209cc0e6cea5c5233d033e997b373f","name":"Jefferson Sterfeno","image":{"@type":"ImageObject","inLanguage":"pt-BR","@id":"https:\/\/blogdobispo.com.br\/#\/schema\/person\/image\/","url":"https:\/\/secure.gravatar.com\/avatar\/0534e84764641168a677026b6d57a3f51dc7ac4db0b4f6186d9cb330d4ee1160?s=96&d=mm&r=g","contentUrl":"https:\/\/secure.gravatar.com\/avatar\/0534e84764641168a677026b6d57a3f51dc7ac4db0b4f6186d9cb330d4ee1160?s=96&d=mm&r=g","caption":"Jefferson Sterfeno"},"sameAs":["http:\/\/blogdobispo.com.br"],"url":"https:\/\/blogdobispo.com.br\/?author=1"}]}},"featured_image_urls":{"full":"","thumbnail":"","medium":"","medium_large":"","large":"","1536x1536":"","2048x2048":""},"author_info":{"display_name":"Jefferson Sterfeno","author_link":"https:\/\/blogdobispo.com.br\/?author=1"},"category_info":"<a href=\"https:\/\/blogdobispo.com.br\/?cat=1\" rel=\"category\">diversos<\/a>","tag_info":"diversos","comment_count":"0","jetpack_featured_media_url":"","jetpack_sharing_enabled":true,"_links":{"self":[{"href":"https:\/\/blogdobispo.com.br\/index.php?rest_route=\/wp\/v2\/posts\/5092","targetHints":{"allow":["GET"]}}],"collection":[{"href":"https:\/\/blogdobispo.com.br\/index.php?rest_route=\/wp\/v2\/posts"}],"about":[{"href":"https:\/\/blogdobispo.com.br\/index.php?rest_route=\/wp\/v2\/types\/post"}],"author":[{"embeddable":true,"href":"https:\/\/blogdobispo.com.br\/index.php?rest_route=\/wp\/v2\/users\/1"}],"replies":[{"embeddable":true,"href":"https:\/\/blogdobispo.com.br\/index.php?rest_route=%2Fwp%2Fv2%2Fcomments&post=5092"}],"version-history":[{"count":0,"href":"https:\/\/blogdobispo.com.br\/index.php?rest_route=\/wp\/v2\/posts\/5092\/revisions"}],"wp:attachment":[{"href":"https:\/\/blogdobispo.com.br\/index.php?rest_route=%2Fwp%2Fv2%2Fmedia&parent=5092"}],"wp:term":[{"taxonomy":"category","embeddable":true,"href":"https:\/\/blogdobispo.com.br\/index.php?rest_route=%2Fwp%2Fv2%2Fcategories&post=5092"},{"taxonomy":"post_tag","embeddable":true,"href":"https:\/\/blogdobispo.com.br\/index.php?rest_route=%2Fwp%2Fv2%2Ftags&post=5092"}],"curies":[{"name":"wp","href":"https:\/\/api.w.org\/{rel}","templated":true}]}}