{"id":5090,"date":"2025-04-21T13:42:40","date_gmt":"2025-04-21T13:42:40","guid":{"rendered":"https:\/\/blogdobispo.com.br\/?p=5090"},"modified":"2025-04-21T13:42:40","modified_gmt":"2025-04-21T13:42:40","slug":"pedro-filho-desponta-como-pre-candidato-a-deputado-federal-pelo-rn","status":"publish","type":"post","link":"https:\/\/blogdobispo.com.br\/?p=5090","title":{"rendered":"Pedro Filho desponta como pr\u00e9-candidato a deputado federal pelo RN"},"content":{"rendered":"\n<figure class=\"wp-block-image size-large\"><img data-recalc-dims=\"1\" fetchpriority=\"high\" decoding=\"async\" width=\"800\" height=\"676\" src=\"https:\/\/i0.wp.com\/blogdobispo.com.br\/wp-content\/uploads\/2025\/04\/aa104a60-fe2c-4277-b8ab-91e52c8725ab-1-1024x865.jpg?resize=800%2C676&#038;ssl=1\" class=\"wp-image-5089\" srcset=\"https:\/\/i0.wp.com\/blogdobispo.com.br\/wp-content\/uploads\/2025\/04\/aa104a60-fe2c-4277-b8ab-91e52c8725ab-1.jpg?resize=1024%2C865&amp;ssl=1 1024w, https:\/\/i0.wp.com\/blogdobispo.com.br\/wp-content\/uploads\/2025\/04\/aa104a60-fe2c-4277-b8ab-91e52c8725ab-1.jpg?resize=300%2C253&amp;ssl=1 300w, https:\/\/i0.wp.com\/blogdobispo.com.br\/wp-content\/uploads\/2025\/04\/aa104a60-fe2c-4277-b8ab-91e52c8725ab-1.jpg?resize=768%2C649&amp;ssl=1 768w, https:\/\/i0.wp.com\/blogdobispo.com.br\/wp-content\/uploads\/2025\/04\/aa104a60-fe2c-4277-b8ab-91e52c8725ab-1.jpg?w=1280&amp;ssl=1 1280w\" sizes=\"(max-width: 800px) 100vw, 800px\" \/><\/figure>\n\n\n\n<p><br>Por Godeiro Linhares<\/p>\n\n\n\n<p>O cen\u00e1rio pol\u00edtico do Rio Grande do Norte j\u00e1 est\u00e1 em plena movimenta\u00e7\u00e3o, especialmente dentro do segmento evang\u00e9lico, onde novos nomes est\u00e3o surgindo a cada dia com forte representatividade. Entre os destaques da semana est\u00e1 Pedro Filho, atual vereador mais votado da cidade de Ass\u00fa, que vem se consolidando como uma das promessas mais fortes para disputar uma vaga na C\u00e2mara Federal em 2026.<\/p>\n\n\n\n<p>Filho do respeitado Pedro Cavalcante, Pedro Filho \u00e9 empres\u00e1rio, pregador do Evangelho e vereador, com forte atua\u00e7\u00e3o nos campos da f\u00e9 e da pol\u00edtica. Sua trajet\u00f3ria o transformou em uma lideran\u00e7a de grande prest\u00edgio no Vale do A\u00e7u, onde conta com amplo apoio popular, especialmente das igrejas evang\u00e9licas e lideran\u00e7as crist\u00e3s da regi\u00e3o.<\/p>\n\n\n\n<p>Nos \u00faltimos meses, Pedro Filho tem ampliado sua presen\u00e7a pol\u00edtica, penetrando em diversos segmentos da sociedade, com destaque para o meio evang\u00e9lico, onde sua mensagem tem encontrado forte resson\u00e2ncia. Um dos grandes marcos de sua pr\u00e9-campanha foi a uni\u00e3o com o ex-vereador de Natal e ex-campe\u00e3o mundial de boxe, Aden\u00fabio Melo \u2014 refer\u00eancia hist\u00f3rica entre os evang\u00e9licos do RN e idealizador do projeto A\u00e7\u00e3o e F\u00e9 Evangeliza\u00e7\u00e3o, que h\u00e1 d\u00e9cadas mobiliza milhares de pessoas em eventos de f\u00e9 por todo o estado. Em 2010, Aden\u00fabio foi candidato a deputado federal e obteve mais de 70 mil votos.<\/p>\n\n\n\n<p>Al\u00e9m disso, Pedro Filho tem mantido di\u00e1logo com importantes figuras da pol\u00edtica estadual, como o deputado Coronel Azevedo, fortalecendo sua articula\u00e7\u00e3o no campo conservador e crist\u00e3o.<\/p>\n\n\n\n<p>Com f\u00e9, carisma, base eleitoral consolidada e alian\u00e7as estrat\u00e9gicas, Pedro Filho desponta como um dos novos nomes mais promissores do PL (Partido Liberal) no Rio Grande do Norte \u2014 e pode surpreender como um dos candidatos mais fortes da legenda nas elei\u00e7\u00f5es de 2026.<\/p>\n\n\n\n<p>Acompanhe Godeiro Linhares no Instagram: @godeirolinhares<\/p>\n","protected":false},"excerpt":{"rendered":"<p>Por Godeiro Linhares O cen\u00e1rio pol\u00edtico do Rio Grande do Norte j\u00e1 est\u00e1 em plena movimenta\u00e7\u00e3o, especialmente dentro do segmento evang\u00e9lico, onde novos nomes est\u00e3o surgindo a cada dia com forte representatividade. Entre os destaques da semana est\u00e1 Pedro Filho, atual vereador mais votado da cidade de Ass\u00fa, que vem se consolidando como uma das [&hellip;]<\/p>\n","protected":false},"author":1,"featured_media":0,"comment_status":"open","ping_status":"open","sticky":false,"template":"","format":"standard","meta":{"cybocfi_hide_featured_image":"","_jetpack_memberships_contains_paid_content":false,"footnotes":""},"categories":[1],"tags":[],"class_list":["post-5090","post","type-post","status-publish","format-standard","hentry","category-diversos"],"yoast_head":"<!-- This site is optimized with the Yoast SEO plugin v25.6 - https:\/\/yoast.com\/wordpress\/plugins\/seo\/ -->\n<title>Pedro Filho desponta como pr\u00e9-candidato a deputado federal pelo RN - Blog do Bispo<\/title>\n<meta name=\"robots\" content=\"index, follow, max-snippet:-1, max-image-preview:large, max-video-preview:-1\" \/>\n<link rel=\"canonical\" href=\"https:\/\/blogdobispo.com.br\/?p=5090\" \/>\n<meta property=\"og:locale\" content=\"pt_BR\" \/>\n<meta property=\"og:type\" content=\"article\" \/>\n<meta property=\"og:title\" content=\"Pedro Filho desponta como pr\u00e9-candidato a deputado federal pelo RN - Blog do Bispo\" \/>\n<meta property=\"og:description\" content=\"Por Godeiro Linhares O cen\u00e1rio pol\u00edtico do Rio Grande do Norte j\u00e1 est\u00e1 em plena movimenta\u00e7\u00e3o, especialmente dentro do segmento evang\u00e9lico, onde novos nomes est\u00e3o surgindo a cada dia com forte representatividade. Entre os destaques da semana est\u00e1 Pedro Filho, atual vereador mais votado da cidade de Ass\u00fa, que vem se consolidando como uma das [&hellip;]\" \/>\n<meta property=\"og:url\" content=\"https:\/\/blogdobispo.com.br\/?p=5090\" \/>\n<meta property=\"og:site_name\" content=\"Blog do Bispo\" \/>\n<meta property=\"article:published_time\" content=\"2025-04-21T13:42:40+00:00\" \/>\n<meta property=\"og:image\" content=\"https:\/\/blogdobispo.com.br\/wp-content\/uploads\/2025\/04\/aa104a60-fe2c-4277-b8ab-91e52c8725ab-1-1024x865.jpg\" \/>\n<meta name=\"author\" content=\"Jefferson Sterfeno\" \/>\n<meta name=\"twitter:card\" content=\"summary_large_image\" \/>\n<meta name=\"twitter:label1\" content=\"Escrito por\" \/>\n\t<meta name=\"twitter:data1\" content=\"Jefferson Sterfeno\" \/>\n\t<meta name=\"twitter:label2\" content=\"Est. tempo de leitura\" \/>\n\t<meta name=\"twitter:data2\" content=\"2 minutos\" \/>\n<script type=\"application\/ld+json\" class=\"yoast-schema-graph\">{\"@context\":\"https:\/\/schema.org\",\"@graph\":[{\"@type\":\"Article\",\"@id\":\"https:\/\/blogdobispo.com.br\/?p=5090#article\",\"isPartOf\":{\"@id\":\"https:\/\/blogdobispo.com.br\/?p=5090\"},\"author\":{\"name\":\"Jefferson Sterfeno\",\"@id\":\"https:\/\/blogdobispo.com.br\/#\/schema\/person\/e2209cc0e6cea5c5233d033e997b373f\"},\"headline\":\"Pedro Filho desponta como pr\u00e9-candidato a deputado federal pelo RN\",\"datePublished\":\"2025-04-21T13:42:40+00:00\",\"mainEntityOfPage\":{\"@id\":\"https:\/\/blogdobispo.com.br\/?p=5090\"},\"wordCount\":337,\"commentCount\":0,\"publisher\":{\"@id\":\"https:\/\/blogdobispo.com.br\/#organization\"},\"image\":{\"@id\":\"https:\/\/blogdobispo.com.br\/?p=5090#primaryimage\"},\"thumbnailUrl\":\"https:\/\/blogdobispo.com.br\/wp-content\/uploads\/2025\/04\/aa104a60-fe2c-4277-b8ab-91e52c8725ab-1-1024x865.jpg\",\"articleSection\":[\"diversos\"],\"inLanguage\":\"pt-BR\",\"potentialAction\":[{\"@type\":\"CommentAction\",\"name\":\"Comment\",\"target\":[\"https:\/\/blogdobispo.com.br\/?p=5090#respond\"]}]},{\"@type\":\"WebPage\",\"@id\":\"https:\/\/blogdobispo.com.br\/?p=5090\",\"url\":\"https:\/\/blogdobispo.com.br\/?p=5090\",\"name\":\"Pedro Filho desponta como pr\u00e9-candidato a deputado federal pelo RN - Blog do Bispo\",\"isPartOf\":{\"@id\":\"https:\/\/blogdobispo.com.br\/#website\"},\"primaryImageOfPage\":{\"@id\":\"https:\/\/blogdobispo.com.br\/?p=5090#primaryimage\"},\"image\":{\"@id\":\"https:\/\/blogdobispo.com.br\/?p=5090#primaryimage\"},\"thumbnailUrl\":\"https:\/\/blogdobispo.com.br\/wp-content\/uploads\/2025\/04\/aa104a60-fe2c-4277-b8ab-91e52c8725ab-1-1024x865.jpg\",\"datePublished\":\"2025-04-21T13:42:40+00:00\",\"breadcrumb\":{\"@id\":\"https:\/\/blogdobispo.com.br\/?p=5090#breadcrumb\"},\"inLanguage\":\"pt-BR\",\"potentialAction\":[{\"@type\":\"ReadAction\",\"target\":[\"https:\/\/blogdobispo.com.br\/?p=5090\"]}]},{\"@type\":\"ImageObject\",\"inLanguage\":\"pt-BR\",\"@id\":\"https:\/\/blogdobispo.com.br\/?p=5090#primaryimage\",\"url\":\"https:\/\/blogdobispo.com.br\/wp-content\/uploads\/2025\/04\/aa104a60-fe2c-4277-b8ab-91e52c8725ab-1-1024x865.jpg\",\"contentUrl\":\"https:\/\/blogdobispo.com.br\/wp-content\/uploads\/2025\/04\/aa104a60-fe2c-4277-b8ab-91e52c8725ab-1-1024x865.jpg\"},{\"@type\":\"BreadcrumbList\",\"@id\":\"https:\/\/blogdobispo.com.br\/?p=5090#breadcrumb\",\"itemListElement\":[{\"@type\":\"ListItem\",\"position\":1,\"name\":\"In\u00edcio\",\"item\":\"https:\/\/blogdobispo.com.br\/\"},{\"@type\":\"ListItem\",\"position\":2,\"name\":\"Pedro Filho desponta como pr\u00e9-candidato a deputado federal pelo RN\"}]},{\"@type\":\"WebSite\",\"@id\":\"https:\/\/blogdobispo.com.br\/#website\",\"url\":\"https:\/\/blogdobispo.com.br\/\",\"name\":\"Blog do Bispo\",\"description\":\"Comprometido apenas com o leitor\",\"publisher\":{\"@id\":\"https:\/\/blogdobispo.com.br\/#organization\"},\"potentialAction\":[{\"@type\":\"SearchAction\",\"target\":{\"@type\":\"EntryPoint\",\"urlTemplate\":\"https:\/\/blogdobispo.com.br\/?s={search_term_string}\"},\"query-input\":{\"@type\":\"PropertyValueSpecification\",\"valueRequired\":true,\"valueName\":\"search_term_string\"}}],\"inLanguage\":\"pt-BR\"},{\"@type\":\"Organization\",\"@id\":\"https:\/\/blogdobispo.com.br\/#organization\",\"name\":\"Blog do Bispo\",\"url\":\"https:\/\/blogdobispo.com.br\/\",\"logo\":{\"@type\":\"ImageObject\",\"inLanguage\":\"pt-BR\",\"@id\":\"https:\/\/blogdobispo.com.br\/#\/schema\/logo\/image\/\",\"url\":\"http:\/\/blogdobispo.com.br\/wp-content\/uploads\/2023\/05\/cropped-headear.png\",\"contentUrl\":\"http:\/\/blogdobispo.com.br\/wp-content\/uploads\/2023\/05\/cropped-headear.png\",\"width\":1500,\"height\":399,\"caption\":\"Blog do Bispo\"},\"image\":{\"@id\":\"https:\/\/blogdobispo.com.br\/#\/schema\/logo\/image\/\"}},{\"@type\":\"Person\",\"@id\":\"https:\/\/blogdobispo.com.br\/#\/schema\/person\/e2209cc0e6cea5c5233d033e997b373f\",\"name\":\"Jefferson Sterfeno\",\"image\":{\"@type\":\"ImageObject\",\"inLanguage\":\"pt-BR\",\"@id\":\"https:\/\/blogdobispo.com.br\/#\/schema\/person\/image\/\",\"url\":\"https:\/\/secure.gravatar.com\/avatar\/0534e84764641168a677026b6d57a3f51dc7ac4db0b4f6186d9cb330d4ee1160?s=96&d=mm&r=g\",\"contentUrl\":\"https:\/\/secure.gravatar.com\/avatar\/0534e84764641168a677026b6d57a3f51dc7ac4db0b4f6186d9cb330d4ee1160?s=96&d=mm&r=g\",\"caption\":\"Jefferson Sterfeno\"},\"sameAs\":[\"http:\/\/blogdobispo.com.br\"],\"url\":\"https:\/\/blogdobispo.com.br\/?author=1\"}]}<\/script>\n<!-- \/ Yoast SEO plugin. -->","yoast_head_json":{"title":"Pedro Filho desponta como pr\u00e9-candidato a deputado federal pelo RN - Blog do Bispo","robots":{"index":"index","follow":"follow","max-snippet":"max-snippet:-1","max-image-preview":"max-image-preview:large","max-video-preview":"max-video-preview:-1"},"canonical":"https:\/\/blogdobispo.com.br\/?p=5090","og_locale":"pt_BR","og_type":"article","og_title":"Pedro Filho desponta como pr\u00e9-candidato a deputado federal pelo RN - Blog do Bispo","og_description":"Por Godeiro Linhares O cen\u00e1rio pol\u00edtico do Rio Grande do Norte j\u00e1 est\u00e1 em plena movimenta\u00e7\u00e3o, especialmente dentro do segmento evang\u00e9lico, onde novos nomes est\u00e3o surgindo a cada dia com forte representatividade. Entre os destaques da semana est\u00e1 Pedro Filho, atual vereador mais votado da cidade de Ass\u00fa, que vem se consolidando como uma das [&hellip;]","og_url":"https:\/\/blogdobispo.com.br\/?p=5090","og_site_name":"Blog do Bispo","article_published_time":"2025-04-21T13:42:40+00:00","og_image":[{"url":"https:\/\/blogdobispo.com.br\/wp-content\/uploads\/2025\/04\/aa104a60-fe2c-4277-b8ab-91e52c8725ab-1-1024x865.jpg","type":"","width":"","height":""}],"author":"Jefferson Sterfeno","twitter_card":"summary_large_image","twitter_misc":{"Escrito por":"Jefferson Sterfeno","Est. tempo de leitura":"2 minutos"},"schema":{"@context":"https:\/\/schema.org","@graph":[{"@type":"Article","@id":"https:\/\/blogdobispo.com.br\/?p=5090#article","isPartOf":{"@id":"https:\/\/blogdobispo.com.br\/?p=5090"},"author":{"name":"Jefferson Sterfeno","@id":"https:\/\/blogdobispo.com.br\/#\/schema\/person\/e2209cc0e6cea5c5233d033e997b373f"},"headline":"Pedro Filho desponta como pr\u00e9-candidato a deputado federal pelo RN","datePublished":"2025-04-21T13:42:40+00:00","mainEntityOfPage":{"@id":"https:\/\/blogdobispo.com.br\/?p=5090"},"wordCount":337,"commentCount":0,"publisher":{"@id":"https:\/\/blogdobispo.com.br\/#organization"},"image":{"@id":"https:\/\/blogdobispo.com.br\/?p=5090#primaryimage"},"thumbnailUrl":"https:\/\/blogdobispo.com.br\/wp-content\/uploads\/2025\/04\/aa104a60-fe2c-4277-b8ab-91e52c8725ab-1-1024x865.jpg","articleSection":["diversos"],"inLanguage":"pt-BR","potentialAction":[{"@type":"CommentAction","name":"Comment","target":["https:\/\/blogdobispo.com.br\/?p=5090#respond"]}]},{"@type":"WebPage","@id":"https:\/\/blogdobispo.com.br\/?p=5090","url":"https:\/\/blogdobispo.com.br\/?p=5090","name":"Pedro Filho desponta como pr\u00e9-candidato a deputado federal pelo RN - Blog do Bispo","isPartOf":{"@id":"https:\/\/blogdobispo.com.br\/#website"},"primaryImageOfPage":{"@id":"https:\/\/blogdobispo.com.br\/?p=5090#primaryimage"},"image":{"@id":"https:\/\/blogdobispo.com.br\/?p=5090#primaryimage"},"thumbnailUrl":"https:\/\/blogdobispo.com.br\/wp-content\/uploads\/2025\/04\/aa104a60-fe2c-4277-b8ab-91e52c8725ab-1-1024x865.jpg","datePublished":"2025-04-21T13:42:40+00:00","breadcrumb":{"@id":"https:\/\/blogdobispo.com.br\/?p=5090#breadcrumb"},"inLanguage":"pt-BR","potentialAction":[{"@type":"ReadAction","target":["https:\/\/blogdobispo.com.br\/?p=5090"]}]},{"@type":"ImageObject","inLanguage":"pt-BR","@id":"https:\/\/blogdobispo.com.br\/?p=5090#primaryimage","url":"https:\/\/blogdobispo.com.br\/wp-content\/uploads\/2025\/04\/aa104a60-fe2c-4277-b8ab-91e52c8725ab-1-1024x865.jpg","contentUrl":"https:\/\/blogdobispo.com.br\/wp-content\/uploads\/2025\/04\/aa104a60-fe2c-4277-b8ab-91e52c8725ab-1-1024x865.jpg"},{"@type":"BreadcrumbList","@id":"https:\/\/blogdobispo.com.br\/?p=5090#breadcrumb","itemListElement":[{"@type":"ListItem","position":1,"name":"In\u00edcio","item":"https:\/\/blogdobispo.com.br\/"},{"@type":"ListItem","position":2,"name":"Pedro Filho desponta como pr\u00e9-candidato a deputado federal pelo RN"}]},{"@type":"WebSite","@id":"https:\/\/blogdobispo.com.br\/#website","url":"https:\/\/blogdobispo.com.br\/","name":"Blog do Bispo","description":"Comprometido apenas com o leitor","publisher":{"@id":"https:\/\/blogdobispo.com.br\/#organization"},"potentialAction":[{"@type":"SearchAction","target":{"@type":"EntryPoint","urlTemplate":"https:\/\/blogdobispo.com.br\/?s={search_term_string}"},"query-input":{"@type":"PropertyValueSpecification","valueRequired":true,"valueName":"search_term_string"}}],"inLanguage":"pt-BR"},{"@type":"Organization","@id":"https:\/\/blogdobispo.com.br\/#organization","name":"Blog do Bispo","url":"https:\/\/blogdobispo.com.br\/","logo":{"@type":"ImageObject","inLanguage":"pt-BR","@id":"https:\/\/blogdobispo.com.br\/#\/schema\/logo\/image\/","url":"http:\/\/blogdobispo.com.br\/wp-content\/uploads\/2023\/05\/cropped-headear.png","contentUrl":"http:\/\/blogdobispo.com.br\/wp-content\/uploads\/2023\/05\/cropped-headear.png","width":1500,"height":399,"caption":"Blog do Bispo"},"image":{"@id":"https:\/\/blogdobispo.com.br\/#\/schema\/logo\/image\/"}},{"@type":"Person","@id":"https:\/\/blogdobispo.com.br\/#\/schema\/person\/e2209cc0e6cea5c5233d033e997b373f","name":"Jefferson Sterfeno","image":{"@type":"ImageObject","inLanguage":"pt-BR","@id":"https:\/\/blogdobispo.com.br\/#\/schema\/person\/image\/","url":"https:\/\/secure.gravatar.com\/avatar\/0534e84764641168a677026b6d57a3f51dc7ac4db0b4f6186d9cb330d4ee1160?s=96&d=mm&r=g","contentUrl":"https:\/\/secure.gravatar.com\/avatar\/0534e84764641168a677026b6d57a3f51dc7ac4db0b4f6186d9cb330d4ee1160?s=96&d=mm&r=g","caption":"Jefferson Sterfeno"},"sameAs":["http:\/\/blogdobispo.com.br"],"url":"https:\/\/blogdobispo.com.br\/?author=1"}]}},"featured_image_urls":{"full":"","thumbnail":"","medium":"","medium_large":"","large":"","1536x1536":"","2048x2048":""},"author_info":{"display_name":"Jefferson Sterfeno","author_link":"https:\/\/blogdobispo.com.br\/?author=1"},"category_info":"<a href=\"https:\/\/blogdobispo.com.br\/?cat=1\" rel=\"category\">diversos<\/a>","tag_info":"diversos","comment_count":"0","jetpack_featured_media_url":"","jetpack_sharing_enabled":true,"_links":{"self":[{"href":"https:\/\/blogdobispo.com.br\/index.php?rest_route=\/wp\/v2\/posts\/5090","targetHints":{"allow":["GET"]}}],"collection":[{"href":"https:\/\/blogdobispo.com.br\/index.php?rest_route=\/wp\/v2\/posts"}],"about":[{"href":"https:\/\/blogdobispo.com.br\/index.php?rest_route=\/wp\/v2\/types\/post"}],"author":[{"embeddable":true,"href":"https:\/\/blogdobispo.com.br\/index.php?rest_route=\/wp\/v2\/users\/1"}],"replies":[{"embeddable":true,"href":"https:\/\/blogdobispo.com.br\/index.php?rest_route=%2Fwp%2Fv2%2Fcomments&post=5090"}],"version-history":[{"count":0,"href":"https:\/\/blogdobispo.com.br\/index.php?rest_route=\/wp\/v2\/posts\/5090\/revisions"}],"wp:attachment":[{"href":"https:\/\/blogdobispo.com.br\/index.php?rest_route=%2Fwp%2Fv2%2Fmedia&parent=5090"}],"wp:term":[{"taxonomy":"category","embeddable":true,"href":"https:\/\/blogdobispo.com.br\/index.php?rest_route=%2Fwp%2Fv2%2Fcategories&post=5090"},{"taxonomy":"post_tag","embeddable":true,"href":"https:\/\/blogdobispo.com.br\/index.php?rest_route=%2Fwp%2Fv2%2Ftags&post=5090"}],"curies":[{"name":"wp","href":"https:\/\/api.w.org\/{rel}","templated":true}]}}