{"id":5086,"date":"2025-04-20T17:47:01","date_gmt":"2025-04-20T17:47:01","guid":{"rendered":"https:\/\/blogdobispo.com.br\/?p=5086"},"modified":"2025-04-20T17:47:01","modified_gmt":"2025-04-20T17:47:01","slug":"domingo-de-pascoa-o-silencio-que-ecoa-esperanca","status":"publish","type":"post","link":"https:\/\/blogdobispo.com.br\/?p=5086","title":{"rendered":"Domingo de P\u00e1scoa: o sil\u00eancio que ecoa esperan\u00e7a"},"content":{"rendered":"\n<figure class=\"wp-block-image size-large\"><img data-recalc-dims=\"1\" fetchpriority=\"high\" decoding=\"async\" width=\"800\" height=\"534\" src=\"https:\/\/i0.wp.com\/blogdobispo.com.br\/wp-content\/uploads\/2025\/04\/img_3866-1-1024x683.jpg?resize=800%2C534&#038;ssl=1\" class=\"wp-image-5085\" srcset=\"https:\/\/i0.wp.com\/blogdobispo.com.br\/wp-content\/uploads\/2025\/04\/img_3866-1.jpg?resize=1024%2C683&amp;ssl=1 1024w, https:\/\/i0.wp.com\/blogdobispo.com.br\/wp-content\/uploads\/2025\/04\/img_3866-1.jpg?resize=300%2C200&amp;ssl=1 300w, https:\/\/i0.wp.com\/blogdobispo.com.br\/wp-content\/uploads\/2025\/04\/img_3866-1.jpg?resize=768%2C512&amp;ssl=1 768w, https:\/\/i0.wp.com\/blogdobispo.com.br\/wp-content\/uploads\/2025\/04\/img_3866-1.jpg?w=1300&amp;ssl=1 1300w\" sizes=\"(max-width: 800px) 100vw, 800px\" \/><\/figure>\n\n\n\n<p class=\"p1\"><\/p>\n\n\n\n<p class=\"p1\">O sol nasceu mais devagar naquele domingo. Era como se o c\u00e9u inteiro segurasse o f\u00f4lego, \u00e0 espera do que viria. As ruas estavam vazias, as janelas entreabertas e as m\u00e3os postas em ora\u00e7\u00e3o. Domingo de P\u00e1scoa. Para muitos, uma data de tradi\u00e7\u00f5es: ovos de chocolate, refei\u00e7\u00f5es em fam\u00edlia, abra\u00e7os que tentam dizer o que as palavras n\u00e3o alcan\u00e7am. Mas h\u00e1 um sil\u00eancio que paira sobre esse dia, um sil\u00eancio sagrado, nascido da cruz.<\/p>\n\n\n\n<p class=\"p1\">H\u00e1 mais de dois mil anos, outro domingo amanheceu assim, com o peso da dor e a semente da promessa. Tr\u00eas dias antes, um homem \u2014 de carne, osso e amor incondicional \u2014 havia sido pendurado em uma cruz. N\u00e3o por merecer, mas por escolher. Escolheu sofrer para que n\u00f3s f\u00f4ssemos livres, escolheu o caminho da dor para que tiv\u00e9ssemos vida. Jesus, o sacrif\u00edcio vivo, a encarna\u00e7\u00e3o da esperan\u00e7a.<\/p>\n\n\n\n<p class=\"p1\">Naquele tempo, o mundo parecia ter perdido. A cruz era o fim, a morte era o ponto final. Mas eis o milagre: o que parecia fim era, na verdade, recome\u00e7o. O t\u00famulo se abriu, e com ele, o c\u00e9u tamb\u00e9m. A pedra foi removida, n\u00e3o apenas da entrada do sepulcro, mas dos cora\u00e7\u00f5es incr\u00e9dulos. O sil\u00eancio deu lugar ao aleluia.<\/p>\n\n\n\n<p class=\"p1\">O Domingo de P\u00e1scoa n\u00e3o \u00e9 s\u00f3 lembran\u00e7a de um milagre. \u00c9 um convite. Um convite \u00e0 f\u00e9 que renasce mesmo depois do pior dos dias. Um chamado \u00e0 vida abundante, \u00e0 luz que vence a escurid\u00e3o. O sacrif\u00edcio de Jesus na cruz n\u00e3o foi apenas um ato de dor, mas o maior gesto de amor j\u00e1 escrito na hist\u00f3ria da humanidade.<\/p>\n\n\n\n<p class=\"p1\">E ent\u00e3o, entre um caf\u00e9 da manh\u00e3 em fam\u00edlia e os risos das crian\u00e7as com seus ovos coloridos, vale a pena parar por um instante. Ouvir o eco daquele sil\u00eancio antigo. Sentir, ainda que por um segundo, a presen\u00e7a viva d\u2019Aquele que venceu a morte. Porque a verdadeira P\u00e1scoa acontece ali \u2014 no cora\u00e7\u00e3o que cr\u00ea, na vida que se deixa transformar.<\/p>\n","protected":false},"excerpt":{"rendered":"<p>O sol nasceu mais devagar naquele domingo. Era como se o c\u00e9u inteiro segurasse o f\u00f4lego, \u00e0 espera do que viria. As ruas estavam vazias, as janelas entreabertas e as m\u00e3os postas em ora\u00e7\u00e3o. Domingo de P\u00e1scoa. Para muitos, uma data de tradi\u00e7\u00f5es: ovos de chocolate, refei\u00e7\u00f5es em fam\u00edlia, abra\u00e7os que tentam dizer o que [&hellip;]<\/p>\n","protected":false},"author":1,"featured_media":0,"comment_status":"open","ping_status":"open","sticky":false,"template":"","format":"standard","meta":{"cybocfi_hide_featured_image":"","_jetpack_memberships_contains_paid_content":false,"footnotes":""},"categories":[1],"tags":[],"class_list":["post-5086","post","type-post","status-publish","format-standard","hentry","category-diversos"],"yoast_head":"<!-- This site is optimized with the Yoast SEO plugin v25.6 - https:\/\/yoast.com\/wordpress\/plugins\/seo\/ -->\n<title>Domingo de P\u00e1scoa: o sil\u00eancio que ecoa esperan\u00e7a - Blog do Bispo<\/title>\n<meta name=\"robots\" content=\"index, follow, max-snippet:-1, max-image-preview:large, max-video-preview:-1\" \/>\n<link rel=\"canonical\" href=\"https:\/\/blogdobispo.com.br\/?p=5086\" \/>\n<meta property=\"og:locale\" content=\"pt_BR\" \/>\n<meta property=\"og:type\" content=\"article\" \/>\n<meta property=\"og:title\" content=\"Domingo de P\u00e1scoa: o sil\u00eancio que ecoa esperan\u00e7a - Blog do Bispo\" \/>\n<meta property=\"og:description\" content=\"O sol nasceu mais devagar naquele domingo. Era como se o c\u00e9u inteiro segurasse o f\u00f4lego, \u00e0 espera do que viria. As ruas estavam vazias, as janelas entreabertas e as m\u00e3os postas em ora\u00e7\u00e3o. Domingo de P\u00e1scoa. Para muitos, uma data de tradi\u00e7\u00f5es: ovos de chocolate, refei\u00e7\u00f5es em fam\u00edlia, abra\u00e7os que tentam dizer o que [&hellip;]\" \/>\n<meta property=\"og:url\" content=\"https:\/\/blogdobispo.com.br\/?p=5086\" \/>\n<meta property=\"og:site_name\" content=\"Blog do Bispo\" \/>\n<meta property=\"article:published_time\" content=\"2025-04-20T17:47:01+00:00\" \/>\n<meta property=\"og:image\" content=\"https:\/\/blogdobispo.com.br\/wp-content\/uploads\/2025\/04\/img_3866-1-1024x683.jpg\" \/>\n<meta name=\"author\" content=\"Jefferson Sterfeno\" \/>\n<meta name=\"twitter:card\" content=\"summary_large_image\" \/>\n<meta name=\"twitter:label1\" content=\"Escrito por\" \/>\n\t<meta name=\"twitter:data1\" content=\"Jefferson Sterfeno\" \/>\n\t<meta name=\"twitter:label2\" content=\"Est. tempo de leitura\" \/>\n\t<meta name=\"twitter:data2\" content=\"2 minutos\" \/>\n<script type=\"application\/ld+json\" class=\"yoast-schema-graph\">{\"@context\":\"https:\/\/schema.org\",\"@graph\":[{\"@type\":\"Article\",\"@id\":\"https:\/\/blogdobispo.com.br\/?p=5086#article\",\"isPartOf\":{\"@id\":\"https:\/\/blogdobispo.com.br\/?p=5086\"},\"author\":{\"name\":\"Jefferson Sterfeno\",\"@id\":\"https:\/\/blogdobispo.com.br\/#\/schema\/person\/e2209cc0e6cea5c5233d033e997b373f\"},\"headline\":\"Domingo de P\u00e1scoa: o sil\u00eancio que ecoa esperan\u00e7a\",\"datePublished\":\"2025-04-20T17:47:01+00:00\",\"mainEntityOfPage\":{\"@id\":\"https:\/\/blogdobispo.com.br\/?p=5086\"},\"wordCount\":373,\"commentCount\":0,\"publisher\":{\"@id\":\"https:\/\/blogdobispo.com.br\/#organization\"},\"image\":{\"@id\":\"https:\/\/blogdobispo.com.br\/?p=5086#primaryimage\"},\"thumbnailUrl\":\"https:\/\/blogdobispo.com.br\/wp-content\/uploads\/2025\/04\/img_3866-1-1024x683.jpg\",\"articleSection\":[\"diversos\"],\"inLanguage\":\"pt-BR\",\"potentialAction\":[{\"@type\":\"CommentAction\",\"name\":\"Comment\",\"target\":[\"https:\/\/blogdobispo.com.br\/?p=5086#respond\"]}]},{\"@type\":\"WebPage\",\"@id\":\"https:\/\/blogdobispo.com.br\/?p=5086\",\"url\":\"https:\/\/blogdobispo.com.br\/?p=5086\",\"name\":\"Domingo de P\u00e1scoa: o sil\u00eancio que ecoa esperan\u00e7a - Blog do Bispo\",\"isPartOf\":{\"@id\":\"https:\/\/blogdobispo.com.br\/#website\"},\"primaryImageOfPage\":{\"@id\":\"https:\/\/blogdobispo.com.br\/?p=5086#primaryimage\"},\"image\":{\"@id\":\"https:\/\/blogdobispo.com.br\/?p=5086#primaryimage\"},\"thumbnailUrl\":\"https:\/\/blogdobispo.com.br\/wp-content\/uploads\/2025\/04\/img_3866-1-1024x683.jpg\",\"datePublished\":\"2025-04-20T17:47:01+00:00\",\"breadcrumb\":{\"@id\":\"https:\/\/blogdobispo.com.br\/?p=5086#breadcrumb\"},\"inLanguage\":\"pt-BR\",\"potentialAction\":[{\"@type\":\"ReadAction\",\"target\":[\"https:\/\/blogdobispo.com.br\/?p=5086\"]}]},{\"@type\":\"ImageObject\",\"inLanguage\":\"pt-BR\",\"@id\":\"https:\/\/blogdobispo.com.br\/?p=5086#primaryimage\",\"url\":\"https:\/\/blogdobispo.com.br\/wp-content\/uploads\/2025\/04\/img_3866-1-1024x683.jpg\",\"contentUrl\":\"https:\/\/blogdobispo.com.br\/wp-content\/uploads\/2025\/04\/img_3866-1-1024x683.jpg\"},{\"@type\":\"BreadcrumbList\",\"@id\":\"https:\/\/blogdobispo.com.br\/?p=5086#breadcrumb\",\"itemListElement\":[{\"@type\":\"ListItem\",\"position\":1,\"name\":\"In\u00edcio\",\"item\":\"https:\/\/blogdobispo.com.br\/\"},{\"@type\":\"ListItem\",\"position\":2,\"name\":\"Domingo de P\u00e1scoa: o sil\u00eancio que ecoa esperan\u00e7a\"}]},{\"@type\":\"WebSite\",\"@id\":\"https:\/\/blogdobispo.com.br\/#website\",\"url\":\"https:\/\/blogdobispo.com.br\/\",\"name\":\"Blog do Bispo\",\"description\":\"Comprometido apenas com o leitor\",\"publisher\":{\"@id\":\"https:\/\/blogdobispo.com.br\/#organization\"},\"potentialAction\":[{\"@type\":\"SearchAction\",\"target\":{\"@type\":\"EntryPoint\",\"urlTemplate\":\"https:\/\/blogdobispo.com.br\/?s={search_term_string}\"},\"query-input\":{\"@type\":\"PropertyValueSpecification\",\"valueRequired\":true,\"valueName\":\"search_term_string\"}}],\"inLanguage\":\"pt-BR\"},{\"@type\":\"Organization\",\"@id\":\"https:\/\/blogdobispo.com.br\/#organization\",\"name\":\"Blog do Bispo\",\"url\":\"https:\/\/blogdobispo.com.br\/\",\"logo\":{\"@type\":\"ImageObject\",\"inLanguage\":\"pt-BR\",\"@id\":\"https:\/\/blogdobispo.com.br\/#\/schema\/logo\/image\/\",\"url\":\"http:\/\/blogdobispo.com.br\/wp-content\/uploads\/2023\/05\/cropped-headear.png\",\"contentUrl\":\"http:\/\/blogdobispo.com.br\/wp-content\/uploads\/2023\/05\/cropped-headear.png\",\"width\":1500,\"height\":399,\"caption\":\"Blog do Bispo\"},\"image\":{\"@id\":\"https:\/\/blogdobispo.com.br\/#\/schema\/logo\/image\/\"}},{\"@type\":\"Person\",\"@id\":\"https:\/\/blogdobispo.com.br\/#\/schema\/person\/e2209cc0e6cea5c5233d033e997b373f\",\"name\":\"Jefferson Sterfeno\",\"image\":{\"@type\":\"ImageObject\",\"inLanguage\":\"pt-BR\",\"@id\":\"https:\/\/blogdobispo.com.br\/#\/schema\/person\/image\/\",\"url\":\"https:\/\/secure.gravatar.com\/avatar\/0534e84764641168a677026b6d57a3f51dc7ac4db0b4f6186d9cb330d4ee1160?s=96&d=mm&r=g\",\"contentUrl\":\"https:\/\/secure.gravatar.com\/avatar\/0534e84764641168a677026b6d57a3f51dc7ac4db0b4f6186d9cb330d4ee1160?s=96&d=mm&r=g\",\"caption\":\"Jefferson Sterfeno\"},\"sameAs\":[\"http:\/\/blogdobispo.com.br\"],\"url\":\"https:\/\/blogdobispo.com.br\/?author=1\"}]}<\/script>\n<!-- \/ Yoast SEO plugin. -->","yoast_head_json":{"title":"Domingo de P\u00e1scoa: o sil\u00eancio que ecoa esperan\u00e7a - Blog do Bispo","robots":{"index":"index","follow":"follow","max-snippet":"max-snippet:-1","max-image-preview":"max-image-preview:large","max-video-preview":"max-video-preview:-1"},"canonical":"https:\/\/blogdobispo.com.br\/?p=5086","og_locale":"pt_BR","og_type":"article","og_title":"Domingo de P\u00e1scoa: o sil\u00eancio que ecoa esperan\u00e7a - Blog do Bispo","og_description":"O sol nasceu mais devagar naquele domingo. Era como se o c\u00e9u inteiro segurasse o f\u00f4lego, \u00e0 espera do que viria. As ruas estavam vazias, as janelas entreabertas e as m\u00e3os postas em ora\u00e7\u00e3o. Domingo de P\u00e1scoa. Para muitos, uma data de tradi\u00e7\u00f5es: ovos de chocolate, refei\u00e7\u00f5es em fam\u00edlia, abra\u00e7os que tentam dizer o que [&hellip;]","og_url":"https:\/\/blogdobispo.com.br\/?p=5086","og_site_name":"Blog do Bispo","article_published_time":"2025-04-20T17:47:01+00:00","og_image":[{"url":"https:\/\/blogdobispo.com.br\/wp-content\/uploads\/2025\/04\/img_3866-1-1024x683.jpg","type":"","width":"","height":""}],"author":"Jefferson Sterfeno","twitter_card":"summary_large_image","twitter_misc":{"Escrito por":"Jefferson Sterfeno","Est. tempo de leitura":"2 minutos"},"schema":{"@context":"https:\/\/schema.org","@graph":[{"@type":"Article","@id":"https:\/\/blogdobispo.com.br\/?p=5086#article","isPartOf":{"@id":"https:\/\/blogdobispo.com.br\/?p=5086"},"author":{"name":"Jefferson Sterfeno","@id":"https:\/\/blogdobispo.com.br\/#\/schema\/person\/e2209cc0e6cea5c5233d033e997b373f"},"headline":"Domingo de P\u00e1scoa: o sil\u00eancio que ecoa esperan\u00e7a","datePublished":"2025-04-20T17:47:01+00:00","mainEntityOfPage":{"@id":"https:\/\/blogdobispo.com.br\/?p=5086"},"wordCount":373,"commentCount":0,"publisher":{"@id":"https:\/\/blogdobispo.com.br\/#organization"},"image":{"@id":"https:\/\/blogdobispo.com.br\/?p=5086#primaryimage"},"thumbnailUrl":"https:\/\/blogdobispo.com.br\/wp-content\/uploads\/2025\/04\/img_3866-1-1024x683.jpg","articleSection":["diversos"],"inLanguage":"pt-BR","potentialAction":[{"@type":"CommentAction","name":"Comment","target":["https:\/\/blogdobispo.com.br\/?p=5086#respond"]}]},{"@type":"WebPage","@id":"https:\/\/blogdobispo.com.br\/?p=5086","url":"https:\/\/blogdobispo.com.br\/?p=5086","name":"Domingo de P\u00e1scoa: o sil\u00eancio que ecoa esperan\u00e7a - Blog do Bispo","isPartOf":{"@id":"https:\/\/blogdobispo.com.br\/#website"},"primaryImageOfPage":{"@id":"https:\/\/blogdobispo.com.br\/?p=5086#primaryimage"},"image":{"@id":"https:\/\/blogdobispo.com.br\/?p=5086#primaryimage"},"thumbnailUrl":"https:\/\/blogdobispo.com.br\/wp-content\/uploads\/2025\/04\/img_3866-1-1024x683.jpg","datePublished":"2025-04-20T17:47:01+00:00","breadcrumb":{"@id":"https:\/\/blogdobispo.com.br\/?p=5086#breadcrumb"},"inLanguage":"pt-BR","potentialAction":[{"@type":"ReadAction","target":["https:\/\/blogdobispo.com.br\/?p=5086"]}]},{"@type":"ImageObject","inLanguage":"pt-BR","@id":"https:\/\/blogdobispo.com.br\/?p=5086#primaryimage","url":"https:\/\/blogdobispo.com.br\/wp-content\/uploads\/2025\/04\/img_3866-1-1024x683.jpg","contentUrl":"https:\/\/blogdobispo.com.br\/wp-content\/uploads\/2025\/04\/img_3866-1-1024x683.jpg"},{"@type":"BreadcrumbList","@id":"https:\/\/blogdobispo.com.br\/?p=5086#breadcrumb","itemListElement":[{"@type":"ListItem","position":1,"name":"In\u00edcio","item":"https:\/\/blogdobispo.com.br\/"},{"@type":"ListItem","position":2,"name":"Domingo de P\u00e1scoa: o sil\u00eancio que ecoa esperan\u00e7a"}]},{"@type":"WebSite","@id":"https:\/\/blogdobispo.com.br\/#website","url":"https:\/\/blogdobispo.com.br\/","name":"Blog do Bispo","description":"Comprometido apenas com o leitor","publisher":{"@id":"https:\/\/blogdobispo.com.br\/#organization"},"potentialAction":[{"@type":"SearchAction","target":{"@type":"EntryPoint","urlTemplate":"https:\/\/blogdobispo.com.br\/?s={search_term_string}"},"query-input":{"@type":"PropertyValueSpecification","valueRequired":true,"valueName":"search_term_string"}}],"inLanguage":"pt-BR"},{"@type":"Organization","@id":"https:\/\/blogdobispo.com.br\/#organization","name":"Blog do Bispo","url":"https:\/\/blogdobispo.com.br\/","logo":{"@type":"ImageObject","inLanguage":"pt-BR","@id":"https:\/\/blogdobispo.com.br\/#\/schema\/logo\/image\/","url":"http:\/\/blogdobispo.com.br\/wp-content\/uploads\/2023\/05\/cropped-headear.png","contentUrl":"http:\/\/blogdobispo.com.br\/wp-content\/uploads\/2023\/05\/cropped-headear.png","width":1500,"height":399,"caption":"Blog do Bispo"},"image":{"@id":"https:\/\/blogdobispo.com.br\/#\/schema\/logo\/image\/"}},{"@type":"Person","@id":"https:\/\/blogdobispo.com.br\/#\/schema\/person\/e2209cc0e6cea5c5233d033e997b373f","name":"Jefferson Sterfeno","image":{"@type":"ImageObject","inLanguage":"pt-BR","@id":"https:\/\/blogdobispo.com.br\/#\/schema\/person\/image\/","url":"https:\/\/secure.gravatar.com\/avatar\/0534e84764641168a677026b6d57a3f51dc7ac4db0b4f6186d9cb330d4ee1160?s=96&d=mm&r=g","contentUrl":"https:\/\/secure.gravatar.com\/avatar\/0534e84764641168a677026b6d57a3f51dc7ac4db0b4f6186d9cb330d4ee1160?s=96&d=mm&r=g","caption":"Jefferson Sterfeno"},"sameAs":["http:\/\/blogdobispo.com.br"],"url":"https:\/\/blogdobispo.com.br\/?author=1"}]}},"featured_image_urls":{"full":"","thumbnail":"","medium":"","medium_large":"","large":"","1536x1536":"","2048x2048":""},"author_info":{"display_name":"Jefferson Sterfeno","author_link":"https:\/\/blogdobispo.com.br\/?author=1"},"category_info":"<a href=\"https:\/\/blogdobispo.com.br\/?cat=1\" rel=\"category\">diversos<\/a>","tag_info":"diversos","comment_count":"0","jetpack_featured_media_url":"","jetpack_sharing_enabled":true,"_links":{"self":[{"href":"https:\/\/blogdobispo.com.br\/index.php?rest_route=\/wp\/v2\/posts\/5086","targetHints":{"allow":["GET"]}}],"collection":[{"href":"https:\/\/blogdobispo.com.br\/index.php?rest_route=\/wp\/v2\/posts"}],"about":[{"href":"https:\/\/blogdobispo.com.br\/index.php?rest_route=\/wp\/v2\/types\/post"}],"author":[{"embeddable":true,"href":"https:\/\/blogdobispo.com.br\/index.php?rest_route=\/wp\/v2\/users\/1"}],"replies":[{"embeddable":true,"href":"https:\/\/blogdobispo.com.br\/index.php?rest_route=%2Fwp%2Fv2%2Fcomments&post=5086"}],"version-history":[{"count":0,"href":"https:\/\/blogdobispo.com.br\/index.php?rest_route=\/wp\/v2\/posts\/5086\/revisions"}],"wp:attachment":[{"href":"https:\/\/blogdobispo.com.br\/index.php?rest_route=%2Fwp%2Fv2%2Fmedia&parent=5086"}],"wp:term":[{"taxonomy":"category","embeddable":true,"href":"https:\/\/blogdobispo.com.br\/index.php?rest_route=%2Fwp%2Fv2%2Fcategories&post=5086"},{"taxonomy":"post_tag","embeddable":true,"href":"https:\/\/blogdobispo.com.br\/index.php?rest_route=%2Fwp%2Fv2%2Ftags&post=5086"}],"curies":[{"name":"wp","href":"https:\/\/api.w.org\/{rel}","templated":true}]}}