{"id":5076,"date":"2025-04-17T14:15:03","date_gmt":"2025-04-17T14:15:03","guid":{"rendered":"https:\/\/blogdobispo.com.br\/?p=5076"},"modified":"2025-04-17T14:15:22","modified_gmt":"2025-04-17T14:15:22","slug":"crianca-morre-e-mulher-fica-ferida-em-colisao-envolvendo-carro-da-prefeita-de-parnamirim-na-br-304","status":"publish","type":"post","link":"https:\/\/blogdobispo.com.br\/?p=5076","title":{"rendered":"Crian\u00e7a morre e mulher fica ferida em colis\u00e3o envolvendo carro da prefeita de Parnamirim na BR-304"},"content":{"rendered":"\n<p>Uma crian\u00e7a de quatro meses morreu em um grave acidente ocorrido na BR-304, na noite desta quarta-feira (16), envolvendo o carro da prefeita de Parnamirim, Nilda Cruz. A colis\u00e3o aconteceu enquanto ela retornava de Mossor\u00f3 ap\u00f3s cumprir agenda de compromissos, acompanhada do esposo, quando o motorista que dirigia o ve\u00edculo acabou atingindo uma mulher e a crian\u00e7a.<\/p>\n\n\n\n<p>Segundo a nota divulgada pela prefeita nas redes sociais, o acidente foi uma fatalidade, e o condutor prestou socorro \u00e0s v\u00edtimas no local, acionando imediatamente a Pol\u00edcia Rodovi\u00e1ria Federal (PRF). A assessoria informou que o motorista se submeteu voluntariamente ao teste do baf\u00f4metro, que n\u00e3o apontou consumo de \u00e1lcool. Ele tamb\u00e9m prestou aux\u00edlio \u00e0s v\u00edtimas at\u00e9 a chegada da PRF, que s\u00f3 deixou o local ap\u00f3s realizar todos os procedimentos legais.<\/p>\n\n\n\n<p>Procurada, a PRF ainda n\u00e3o esclareceu as circunst\u00e2ncias do acidente. O espa\u00e7o segue aberto.<\/p>\n\n\n\n<p><strong>Uma das v\u00edtimas recebeu alta, mas crian\u00e7a n\u00e3o resistiu<br \/><\/strong>Entre as v\u00edtimas do acidente, uma pessoa foi encaminhada ao Hospital Walfredo Gurgel, em Natal, onde recebeu alta m\u00e9dica. No entanto, a crian\u00e7a de quatro meses envolvida no acidente n\u00e3o resistiu aos ferimentos e faleceu no hospital, causando como\u00e7\u00e3o entre os moradores e autoridades locais.<\/p>\n\n\n\n<p><strong>Nota oficial da prefeita Nilda na \u00edntegra<br \/>NOTA OFICIAL<\/strong><\/p>\n\n\n\n<p><em>A prefeita de Parnamirim vem a p\u00fablico informar, com profunda tristeza e pesar, a ocorr\u00eancia de um tr\u00e1gico acidente na BR-304, por volta das 19h30 desta quarta-feira (16), quando retornava de um compromisso institucional.&nbsp;<\/em><\/p>\n\n\n\n<p><em>Importante ressaltar que o condutor do ve\u00edculo espontaneamente se submeteu ao teste do baf\u00f4metro, o qual deu negativo, prestou socorro imediato \u00e0s v\u00edtimas e acionou a Pol\u00edcia Rodovi\u00e1ria Federal \u2013 que dirigiu-se imediatamente ao local, s\u00f3 saindo ap\u00f3s libera\u00e7\u00e3o da PRF.<\/em><\/p>\n\n\n\n<p><em>Uma das v\u00edtimas foi socorrida para o Hospital Walfredo Gurgel em Natal e j\u00e1 recebeu alta. Uma crian\u00e7a, infelizmente, faleceu no hospital.<\/em><\/p>\n\n\n\n<p><em>Neste momento de tamanha dor, toda a assist\u00eancia necess\u00e1ria est\u00e1 sendo fornecida \u00e0 fam\u00edlia e nos unimos em ora\u00e7\u00f5es e pedimos preces pela mem\u00f3ria da crian\u00e7a.<\/em><\/p>\n\n\n\n<p><em>Raimunda Nilda da Silva Cruz<br \/>Prefeita de Parnamirim<\/em><\/p>\n\n\n\n<figure class=\"wp-block-image size-large\"><img data-recalc-dims=\"1\" fetchpriority=\"high\" decoding=\"async\" width=\"350\" height=\"233\" src=\"https:\/\/i0.wp.com\/blogdobispo.com.br\/wp-content\/uploads\/2025\/04\/img_3837-1.png?resize=350%2C233&#038;ssl=1\" alt=\"\" class=\"wp-image-5075\" srcset=\"https:\/\/i0.wp.com\/blogdobispo.com.br\/wp-content\/uploads\/2025\/04\/img_3837-1.png?w=350&amp;ssl=1 350w, https:\/\/i0.wp.com\/blogdobispo.com.br\/wp-content\/uploads\/2025\/04\/img_3837-1.png?resize=300%2C200&amp;ssl=1 300w\" sizes=\"(max-width: 350px) 100vw, 350px\" \/><\/figure>\n\n\n\n<p>Tribuna do Norte <\/p>\n","protected":false},"excerpt":{"rendered":"<p>Uma crian\u00e7a de quatro meses morreu em um grave acidente ocorrido na BR-304, na noite desta quarta-feira (16), envolvendo o carro da prefeita de Parnamirim, Nilda Cruz. A colis\u00e3o aconteceu enquanto ela retornava de Mossor\u00f3 ap\u00f3s cumprir agenda de compromissos, acompanhada do esposo, quando o motorista que dirigia o ve\u00edculo acabou atingindo uma mulher e [&hellip;]<\/p>\n","protected":false},"author":1,"featured_media":0,"comment_status":"open","ping_status":"open","sticky":false,"template":"","format":"standard","meta":{"cybocfi_hide_featured_image":"","_jetpack_memberships_contains_paid_content":false,"footnotes":""},"categories":[1],"tags":[],"class_list":["post-5076","post","type-post","status-publish","format-standard","hentry","category-diversos"],"yoast_head":"<!-- This site is optimized with the Yoast SEO plugin v25.6 - https:\/\/yoast.com\/wordpress\/plugins\/seo\/ -->\n<title>Crian\u00e7a morre e mulher fica ferida em colis\u00e3o envolvendo carro da prefeita de Parnamirim na BR-304 - Blog do Bispo<\/title>\n<meta name=\"robots\" content=\"index, follow, max-snippet:-1, max-image-preview:large, max-video-preview:-1\" \/>\n<link rel=\"canonical\" href=\"https:\/\/blogdobispo.com.br\/?p=5076\" \/>\n<meta property=\"og:locale\" content=\"pt_BR\" \/>\n<meta property=\"og:type\" content=\"article\" \/>\n<meta property=\"og:title\" content=\"Crian\u00e7a morre e mulher fica ferida em colis\u00e3o envolvendo carro da prefeita de Parnamirim na BR-304 - Blog do Bispo\" \/>\n<meta property=\"og:description\" content=\"Uma crian\u00e7a de quatro meses morreu em um grave acidente ocorrido na BR-304, na noite desta quarta-feira (16), envolvendo o carro da prefeita de Parnamirim, Nilda Cruz. A colis\u00e3o aconteceu enquanto ela retornava de Mossor\u00f3 ap\u00f3s cumprir agenda de compromissos, acompanhada do esposo, quando o motorista que dirigia o ve\u00edculo acabou atingindo uma mulher e [&hellip;]\" \/>\n<meta property=\"og:url\" content=\"https:\/\/blogdobispo.com.br\/?p=5076\" \/>\n<meta property=\"og:site_name\" content=\"Blog do Bispo\" \/>\n<meta property=\"article:published_time\" content=\"2025-04-17T14:15:03+00:00\" \/>\n<meta property=\"article:modified_time\" content=\"2025-04-17T14:15:22+00:00\" \/>\n<meta property=\"og:image\" content=\"https:\/\/blogdobispo.com.br\/wp-content\/uploads\/2025\/04\/img_3837-1.png\" \/>\n<meta name=\"author\" content=\"Jefferson Sterfeno\" \/>\n<meta name=\"twitter:card\" content=\"summary_large_image\" \/>\n<meta name=\"twitter:label1\" content=\"Escrito por\" \/>\n\t<meta name=\"twitter:data1\" content=\"Jefferson Sterfeno\" \/>\n\t<meta name=\"twitter:label2\" content=\"Est. tempo de leitura\" \/>\n\t<meta name=\"twitter:data2\" content=\"2 minutos\" \/>\n<script type=\"application\/ld+json\" class=\"yoast-schema-graph\">{\"@context\":\"https:\/\/schema.org\",\"@graph\":[{\"@type\":\"Article\",\"@id\":\"https:\/\/blogdobispo.com.br\/?p=5076#article\",\"isPartOf\":{\"@id\":\"https:\/\/blogdobispo.com.br\/?p=5076\"},\"author\":{\"name\":\"Jefferson Sterfeno\",\"@id\":\"https:\/\/blogdobispo.com.br\/#\/schema\/person\/e2209cc0e6cea5c5233d033e997b373f\"},\"headline\":\"Crian\u00e7a morre e mulher fica ferida em colis\u00e3o envolvendo carro da prefeita de Parnamirim na BR-304\",\"datePublished\":\"2025-04-17T14:15:03+00:00\",\"dateModified\":\"2025-04-17T14:15:22+00:00\",\"mainEntityOfPage\":{\"@id\":\"https:\/\/blogdobispo.com.br\/?p=5076\"},\"wordCount\":395,\"commentCount\":0,\"publisher\":{\"@id\":\"https:\/\/blogdobispo.com.br\/#organization\"},\"image\":{\"@id\":\"https:\/\/blogdobispo.com.br\/?p=5076#primaryimage\"},\"thumbnailUrl\":\"https:\/\/blogdobispo.com.br\/wp-content\/uploads\/2025\/04\/img_3837-1.png\",\"articleSection\":[\"diversos\"],\"inLanguage\":\"pt-BR\",\"potentialAction\":[{\"@type\":\"CommentAction\",\"name\":\"Comment\",\"target\":[\"https:\/\/blogdobispo.com.br\/?p=5076#respond\"]}]},{\"@type\":\"WebPage\",\"@id\":\"https:\/\/blogdobispo.com.br\/?p=5076\",\"url\":\"https:\/\/blogdobispo.com.br\/?p=5076\",\"name\":\"Crian\u00e7a morre e mulher fica ferida em colis\u00e3o envolvendo carro da prefeita de Parnamirim na BR-304 - Blog do Bispo\",\"isPartOf\":{\"@id\":\"https:\/\/blogdobispo.com.br\/#website\"},\"primaryImageOfPage\":{\"@id\":\"https:\/\/blogdobispo.com.br\/?p=5076#primaryimage\"},\"image\":{\"@id\":\"https:\/\/blogdobispo.com.br\/?p=5076#primaryimage\"},\"thumbnailUrl\":\"https:\/\/blogdobispo.com.br\/wp-content\/uploads\/2025\/04\/img_3837-1.png\",\"datePublished\":\"2025-04-17T14:15:03+00:00\",\"dateModified\":\"2025-04-17T14:15:22+00:00\",\"breadcrumb\":{\"@id\":\"https:\/\/blogdobispo.com.br\/?p=5076#breadcrumb\"},\"inLanguage\":\"pt-BR\",\"potentialAction\":[{\"@type\":\"ReadAction\",\"target\":[\"https:\/\/blogdobispo.com.br\/?p=5076\"]}]},{\"@type\":\"ImageObject\",\"inLanguage\":\"pt-BR\",\"@id\":\"https:\/\/blogdobispo.com.br\/?p=5076#primaryimage\",\"url\":\"https:\/\/blogdobispo.com.br\/wp-content\/uploads\/2025\/04\/img_3837-1.png\",\"contentUrl\":\"https:\/\/blogdobispo.com.br\/wp-content\/uploads\/2025\/04\/img_3837-1.png\"},{\"@type\":\"BreadcrumbList\",\"@id\":\"https:\/\/blogdobispo.com.br\/?p=5076#breadcrumb\",\"itemListElement\":[{\"@type\":\"ListItem\",\"position\":1,\"name\":\"In\u00edcio\",\"item\":\"https:\/\/blogdobispo.com.br\/\"},{\"@type\":\"ListItem\",\"position\":2,\"name\":\"Crian\u00e7a morre e mulher fica ferida em colis\u00e3o envolvendo carro da prefeita de Parnamirim na BR-304\"}]},{\"@type\":\"WebSite\",\"@id\":\"https:\/\/blogdobispo.com.br\/#website\",\"url\":\"https:\/\/blogdobispo.com.br\/\",\"name\":\"Blog do Bispo\",\"description\":\"Comprometido apenas com o leitor\",\"publisher\":{\"@id\":\"https:\/\/blogdobispo.com.br\/#organization\"},\"potentialAction\":[{\"@type\":\"SearchAction\",\"target\":{\"@type\":\"EntryPoint\",\"urlTemplate\":\"https:\/\/blogdobispo.com.br\/?s={search_term_string}\"},\"query-input\":{\"@type\":\"PropertyValueSpecification\",\"valueRequired\":true,\"valueName\":\"search_term_string\"}}],\"inLanguage\":\"pt-BR\"},{\"@type\":\"Organization\",\"@id\":\"https:\/\/blogdobispo.com.br\/#organization\",\"name\":\"Blog do Bispo\",\"url\":\"https:\/\/blogdobispo.com.br\/\",\"logo\":{\"@type\":\"ImageObject\",\"inLanguage\":\"pt-BR\",\"@id\":\"https:\/\/blogdobispo.com.br\/#\/schema\/logo\/image\/\",\"url\":\"http:\/\/blogdobispo.com.br\/wp-content\/uploads\/2023\/05\/cropped-headear.png\",\"contentUrl\":\"http:\/\/blogdobispo.com.br\/wp-content\/uploads\/2023\/05\/cropped-headear.png\",\"width\":1500,\"height\":399,\"caption\":\"Blog do Bispo\"},\"image\":{\"@id\":\"https:\/\/blogdobispo.com.br\/#\/schema\/logo\/image\/\"}},{\"@type\":\"Person\",\"@id\":\"https:\/\/blogdobispo.com.br\/#\/schema\/person\/e2209cc0e6cea5c5233d033e997b373f\",\"name\":\"Jefferson Sterfeno\",\"image\":{\"@type\":\"ImageObject\",\"inLanguage\":\"pt-BR\",\"@id\":\"https:\/\/blogdobispo.com.br\/#\/schema\/person\/image\/\",\"url\":\"https:\/\/secure.gravatar.com\/avatar\/0534e84764641168a677026b6d57a3f51dc7ac4db0b4f6186d9cb330d4ee1160?s=96&d=mm&r=g\",\"contentUrl\":\"https:\/\/secure.gravatar.com\/avatar\/0534e84764641168a677026b6d57a3f51dc7ac4db0b4f6186d9cb330d4ee1160?s=96&d=mm&r=g\",\"caption\":\"Jefferson Sterfeno\"},\"sameAs\":[\"http:\/\/blogdobispo.com.br\"],\"url\":\"https:\/\/blogdobispo.com.br\/?author=1\"}]}<\/script>\n<!-- \/ Yoast SEO plugin. -->","yoast_head_json":{"title":"Crian\u00e7a morre e mulher fica ferida em colis\u00e3o envolvendo carro da prefeita de Parnamirim na BR-304 - Blog do Bispo","robots":{"index":"index","follow":"follow","max-snippet":"max-snippet:-1","max-image-preview":"max-image-preview:large","max-video-preview":"max-video-preview:-1"},"canonical":"https:\/\/blogdobispo.com.br\/?p=5076","og_locale":"pt_BR","og_type":"article","og_title":"Crian\u00e7a morre e mulher fica ferida em colis\u00e3o envolvendo carro da prefeita de Parnamirim na BR-304 - Blog do Bispo","og_description":"Uma crian\u00e7a de quatro meses morreu em um grave acidente ocorrido na BR-304, na noite desta quarta-feira (16), envolvendo o carro da prefeita de Parnamirim, Nilda Cruz. A colis\u00e3o aconteceu enquanto ela retornava de Mossor\u00f3 ap\u00f3s cumprir agenda de compromissos, acompanhada do esposo, quando o motorista que dirigia o ve\u00edculo acabou atingindo uma mulher e [&hellip;]","og_url":"https:\/\/blogdobispo.com.br\/?p=5076","og_site_name":"Blog do Bispo","article_published_time":"2025-04-17T14:15:03+00:00","article_modified_time":"2025-04-17T14:15:22+00:00","og_image":[{"url":"https:\/\/blogdobispo.com.br\/wp-content\/uploads\/2025\/04\/img_3837-1.png","type":"","width":"","height":""}],"author":"Jefferson Sterfeno","twitter_card":"summary_large_image","twitter_misc":{"Escrito por":"Jefferson Sterfeno","Est. tempo de leitura":"2 minutos"},"schema":{"@context":"https:\/\/schema.org","@graph":[{"@type":"Article","@id":"https:\/\/blogdobispo.com.br\/?p=5076#article","isPartOf":{"@id":"https:\/\/blogdobispo.com.br\/?p=5076"},"author":{"name":"Jefferson Sterfeno","@id":"https:\/\/blogdobispo.com.br\/#\/schema\/person\/e2209cc0e6cea5c5233d033e997b373f"},"headline":"Crian\u00e7a morre e mulher fica ferida em colis\u00e3o envolvendo carro da prefeita de Parnamirim na BR-304","datePublished":"2025-04-17T14:15:03+00:00","dateModified":"2025-04-17T14:15:22+00:00","mainEntityOfPage":{"@id":"https:\/\/blogdobispo.com.br\/?p=5076"},"wordCount":395,"commentCount":0,"publisher":{"@id":"https:\/\/blogdobispo.com.br\/#organization"},"image":{"@id":"https:\/\/blogdobispo.com.br\/?p=5076#primaryimage"},"thumbnailUrl":"https:\/\/blogdobispo.com.br\/wp-content\/uploads\/2025\/04\/img_3837-1.png","articleSection":["diversos"],"inLanguage":"pt-BR","potentialAction":[{"@type":"CommentAction","name":"Comment","target":["https:\/\/blogdobispo.com.br\/?p=5076#respond"]}]},{"@type":"WebPage","@id":"https:\/\/blogdobispo.com.br\/?p=5076","url":"https:\/\/blogdobispo.com.br\/?p=5076","name":"Crian\u00e7a morre e mulher fica ferida em colis\u00e3o envolvendo carro da prefeita de Parnamirim na BR-304 - Blog do Bispo","isPartOf":{"@id":"https:\/\/blogdobispo.com.br\/#website"},"primaryImageOfPage":{"@id":"https:\/\/blogdobispo.com.br\/?p=5076#primaryimage"},"image":{"@id":"https:\/\/blogdobispo.com.br\/?p=5076#primaryimage"},"thumbnailUrl":"https:\/\/blogdobispo.com.br\/wp-content\/uploads\/2025\/04\/img_3837-1.png","datePublished":"2025-04-17T14:15:03+00:00","dateModified":"2025-04-17T14:15:22+00:00","breadcrumb":{"@id":"https:\/\/blogdobispo.com.br\/?p=5076#breadcrumb"},"inLanguage":"pt-BR","potentialAction":[{"@type":"ReadAction","target":["https:\/\/blogdobispo.com.br\/?p=5076"]}]},{"@type":"ImageObject","inLanguage":"pt-BR","@id":"https:\/\/blogdobispo.com.br\/?p=5076#primaryimage","url":"https:\/\/blogdobispo.com.br\/wp-content\/uploads\/2025\/04\/img_3837-1.png","contentUrl":"https:\/\/blogdobispo.com.br\/wp-content\/uploads\/2025\/04\/img_3837-1.png"},{"@type":"BreadcrumbList","@id":"https:\/\/blogdobispo.com.br\/?p=5076#breadcrumb","itemListElement":[{"@type":"ListItem","position":1,"name":"In\u00edcio","item":"https:\/\/blogdobispo.com.br\/"},{"@type":"ListItem","position":2,"name":"Crian\u00e7a morre e mulher fica ferida em colis\u00e3o envolvendo carro da prefeita de Parnamirim na BR-304"}]},{"@type":"WebSite","@id":"https:\/\/blogdobispo.com.br\/#website","url":"https:\/\/blogdobispo.com.br\/","name":"Blog do Bispo","description":"Comprometido apenas com o leitor","publisher":{"@id":"https:\/\/blogdobispo.com.br\/#organization"},"potentialAction":[{"@type":"SearchAction","target":{"@type":"EntryPoint","urlTemplate":"https:\/\/blogdobispo.com.br\/?s={search_term_string}"},"query-input":{"@type":"PropertyValueSpecification","valueRequired":true,"valueName":"search_term_string"}}],"inLanguage":"pt-BR"},{"@type":"Organization","@id":"https:\/\/blogdobispo.com.br\/#organization","name":"Blog do Bispo","url":"https:\/\/blogdobispo.com.br\/","logo":{"@type":"ImageObject","inLanguage":"pt-BR","@id":"https:\/\/blogdobispo.com.br\/#\/schema\/logo\/image\/","url":"http:\/\/blogdobispo.com.br\/wp-content\/uploads\/2023\/05\/cropped-headear.png","contentUrl":"http:\/\/blogdobispo.com.br\/wp-content\/uploads\/2023\/05\/cropped-headear.png","width":1500,"height":399,"caption":"Blog do Bispo"},"image":{"@id":"https:\/\/blogdobispo.com.br\/#\/schema\/logo\/image\/"}},{"@type":"Person","@id":"https:\/\/blogdobispo.com.br\/#\/schema\/person\/e2209cc0e6cea5c5233d033e997b373f","name":"Jefferson Sterfeno","image":{"@type":"ImageObject","inLanguage":"pt-BR","@id":"https:\/\/blogdobispo.com.br\/#\/schema\/person\/image\/","url":"https:\/\/secure.gravatar.com\/avatar\/0534e84764641168a677026b6d57a3f51dc7ac4db0b4f6186d9cb330d4ee1160?s=96&d=mm&r=g","contentUrl":"https:\/\/secure.gravatar.com\/avatar\/0534e84764641168a677026b6d57a3f51dc7ac4db0b4f6186d9cb330d4ee1160?s=96&d=mm&r=g","caption":"Jefferson Sterfeno"},"sameAs":["http:\/\/blogdobispo.com.br"],"url":"https:\/\/blogdobispo.com.br\/?author=1"}]}},"featured_image_urls":{"full":"","thumbnail":"","medium":"","medium_large":"","large":"","1536x1536":"","2048x2048":""},"author_info":{"display_name":"Jefferson Sterfeno","author_link":"https:\/\/blogdobispo.com.br\/?author=1"},"category_info":"<a href=\"https:\/\/blogdobispo.com.br\/?cat=1\" rel=\"category\">diversos<\/a>","tag_info":"diversos","comment_count":"0","jetpack_featured_media_url":"","jetpack_sharing_enabled":true,"_links":{"self":[{"href":"https:\/\/blogdobispo.com.br\/index.php?rest_route=\/wp\/v2\/posts\/5076","targetHints":{"allow":["GET"]}}],"collection":[{"href":"https:\/\/blogdobispo.com.br\/index.php?rest_route=\/wp\/v2\/posts"}],"about":[{"href":"https:\/\/blogdobispo.com.br\/index.php?rest_route=\/wp\/v2\/types\/post"}],"author":[{"embeddable":true,"href":"https:\/\/blogdobispo.com.br\/index.php?rest_route=\/wp\/v2\/users\/1"}],"replies":[{"embeddable":true,"href":"https:\/\/blogdobispo.com.br\/index.php?rest_route=%2Fwp%2Fv2%2Fcomments&post=5076"}],"version-history":[{"count":1,"href":"https:\/\/blogdobispo.com.br\/index.php?rest_route=\/wp\/v2\/posts\/5076\/revisions"}],"predecessor-version":[{"id":5077,"href":"https:\/\/blogdobispo.com.br\/index.php?rest_route=\/wp\/v2\/posts\/5076\/revisions\/5077"}],"wp:attachment":[{"href":"https:\/\/blogdobispo.com.br\/index.php?rest_route=%2Fwp%2Fv2%2Fmedia&parent=5076"}],"wp:term":[{"taxonomy":"category","embeddable":true,"href":"https:\/\/blogdobispo.com.br\/index.php?rest_route=%2Fwp%2Fv2%2Fcategories&post=5076"},{"taxonomy":"post_tag","embeddable":true,"href":"https:\/\/blogdobispo.com.br\/index.php?rest_route=%2Fwp%2Fv2%2Ftags&post=5076"}],"curies":[{"name":"wp","href":"https:\/\/api.w.org\/{rel}","templated":true}]}}