{"id":5059,"date":"2025-04-15T13:41:45","date_gmt":"2025-04-15T13:41:45","guid":{"rendered":"https:\/\/blogdobispo.com.br\/?p=5059"},"modified":"2025-04-15T13:41:45","modified_gmt":"2025-04-15T13:41:45","slug":"zenaide-nao-descarta-alianca-com-fatima-e-afirma-que-divergencias-foram-pontuais","status":"publish","type":"post","link":"https:\/\/blogdobispo.com.br\/?p=5059","title":{"rendered":"Zenaide n\u00e3o descarta alian\u00e7a com F\u00e1tima e afirma que diverg\u00eancias foram pontuais"},"content":{"rendered":"\n<figure class=\"wp-block-image size-large\"><img data-recalc-dims=\"1\" fetchpriority=\"high\" decoding=\"async\" width=\"390\" height=\"219\" src=\"https:\/\/i0.wp.com\/blogdobispo.com.br\/wp-content\/uploads\/2025\/04\/img_3819-1.png?resize=390%2C219&#038;ssl=1\" class=\"wp-image-5058\" srcset=\"https:\/\/i0.wp.com\/blogdobispo.com.br\/wp-content\/uploads\/2025\/04\/img_3819-1.png?w=390&amp;ssl=1 390w, https:\/\/i0.wp.com\/blogdobispo.com.br\/wp-content\/uploads\/2025\/04\/img_3819-1.png?resize=300%2C168&amp;ssl=1 300w\" sizes=\"(max-width: 390px) 100vw, 390px\" \/><\/figure>\n\n\n\n<p>A&nbsp;<a href=\"https:\/\/agorarn.com.br\/coluna\/zenaide-maia-faz-jantar-e-chama-allyson-de-governador\/\">senadora Zenaide Maia (PSD)<\/a>admitiu a possibilidade de uma nova alian\u00e7a com a governadora F\u00e1tima Bezerra (PT) nas elei\u00e7\u00f5es de 2026, apesar de diverg\u00eancias recentes entre os partidos. Ela minimizou os desentendimentos recentes, como na disputa em S\u00e3o Gon\u00e7alo do Amarante, classificando-os como epis\u00f3dios isolados, e refor\u00e7ou o respeito e a parceria institucional com a petista: \u201cF\u00e1tima tem uma dedica\u00e7\u00e3o ao RN. Aquilo foi uma coisa pontual. N\u00f3s n\u00e3o nos afastamos\u201d.<\/p>\n\n\n\n<p>Pr\u00e9-candidata \u00e0 reelei\u00e7\u00e3o ao Senado, Zenaide disse que est\u00e1 ouvindo lideran\u00e7as de todos os partidos antes de definir alian\u00e7as e reiterou que n\u00e3o \u00e9 filiada ao PT, embora reconhe\u00e7a a afinidade com pautas progressistas. \u201cNunca fui do PT, mas, se defender sa\u00fade p\u00fablica de qualidade, educa\u00e7\u00e3o para o povo e seguran\u00e7a p\u00fablica \u00e9 ser de esquerda, ent\u00e3o eu sou esquerda\u201d, afirmou.<\/p>\n\n\n\n<p>Zenaide destacou sua atua\u00e7\u00e3o no Estado, com emendas parlamentares destinadas a todos os 167 munic\u00edpios potiguares e interlocu\u00e7\u00e3o com prefeitos de diferentes legendas. \u201cEu coloco emenda independentemente da cor partid\u00e1ria. Quando n\u00e3o h\u00e1 proximidade com o gestor, coloco em institutos federais ou associa\u00e7\u00f5es locais\u201d, disse.<\/p>\n\n\n\n<p>A senadora frisou que mant\u00e9m base consolidada na Grande Natal, com prefeitos aliados em S\u00e3o Gon\u00e7alo, Cear\u00e1-Mirim, Maxaranguape, S\u00e3o Jos\u00e9 de Mipibu, Touros e Rio do Fogo. Tamb\u00e9m citou apoio e parceria com lideran\u00e7as como os prefeitos Em\u00eddio J\u00fanior (PP-Maca\u00edba), Nira Galv\u00e3o (PP-Goianinha) e Valden\u00edcio Costa (PL-Tibau do Sul).<\/p>\n\n\n\n<p>Apesar de ter convidado o prefeito de Mossor\u00f3, Allyson Bezerra (Uni\u00e3o), para ingressar no PSD, ela afirmou que respeitou sua decis\u00e3o de permanecer no partido e segue acompanhando sua gest\u00e3o.<\/p>\n\n\n\n<p>\u201cConvidei, mas ele ficou no Uni\u00e3o Brasil. Ainda assim, tenho compromisso com Mossor\u00f3, onde destinei recursos para 10 unidades b\u00e1sicas de sa\u00fade na zona rural, quatro na zona urbana e quatro centros de assist\u00eancia psicossocial\u201d.<\/p>\n\n\n\n<h2 class=\"wp-block-heading\">Alian\u00e7a<\/h2>\n\n\n\n<p>A senadora Zenaide Maia reafirmou sua posi\u00e7\u00e3o de independ\u00eancia pol\u00edtica, mas reconheceu contribui\u00e7\u00f5es conjuntas com o governo de F\u00e1tima Bezerra. \u201c<\/p>\n\n\n\n<p>Quando decidimos ajudar o Estado, n\u00e3o existe um Estado do PT ou do PL. Existe o Estado do povo\u201d, afirmou. Ela citou avan\u00e7os na gest\u00e3o petista, particularmente na regulariza\u00e7\u00e3o do pagamento de servidores: \u201cF\u00e1tima pegou quatro folhas atrasadas. Colocar o sal\u00e1rio em dia n\u00e3o foi f\u00e1cil\u201d.<\/p>\n\n\n\n<p>Questionada sobre uma poss\u00edvel candidatura da governadora ao Senado em 2026, Zenaide&nbsp;foi direta: \u201cSe for o caso, vamos conversar. Estamos construindo essa alian\u00e7a\u201d. A senadora negou qualquer ruptura com a petista e enfatizou que as articula\u00e7\u00f5es eleitorais permanecem em aberto. \u201cTodo dia aparece uma chapa nova. O importante \u00e9 respeitar o eleitor\u201d, completou.<\/p>\n\n\n\n<p>Pr\u00e9-candidata \u00e0 reelei\u00e7\u00e3o, Zenaide n\u00e3o descartou alian\u00e7as com a esquerda ou centro, mas ressaltou seu compromisso com pautas sociais. \u201cMeu foco \u00e9 sa\u00fade, educa\u00e7\u00e3o, seguran\u00e7a e direitos da popula\u00e7\u00e3o. Para isso, \u00e9 preciso responsabilidade e coer\u00eancia\u201d, disse.<\/p>\n","protected":false},"excerpt":{"rendered":"<p>A&nbsp;senadora Zenaide Maia (PSD)admitiu a possibilidade de uma nova alian\u00e7a com a governadora F\u00e1tima Bezerra (PT) nas elei\u00e7\u00f5es de 2026, apesar de diverg\u00eancias recentes entre os partidos. Ela minimizou os desentendimentos recentes, como na disputa em S\u00e3o Gon\u00e7alo do Amarante, classificando-os como epis\u00f3dios isolados, e refor\u00e7ou o respeito e a parceria institucional com a petista: [&hellip;]<\/p>\n","protected":false},"author":1,"featured_media":0,"comment_status":"open","ping_status":"open","sticky":false,"template":"","format":"standard","meta":{"cybocfi_hide_featured_image":"","_jetpack_memberships_contains_paid_content":false,"footnotes":""},"categories":[1],"tags":[],"class_list":["post-5059","post","type-post","status-publish","format-standard","hentry","category-diversos"],"yoast_head":"<!-- This site is optimized with the Yoast SEO plugin v25.6 - https:\/\/yoast.com\/wordpress\/plugins\/seo\/ -->\n<title>Zenaide n\u00e3o descarta alian\u00e7a com F\u00e1tima e afirma que diverg\u00eancias foram pontuais - Blog do Bispo<\/title>\n<meta name=\"robots\" content=\"index, follow, max-snippet:-1, max-image-preview:large, max-video-preview:-1\" \/>\n<link rel=\"canonical\" href=\"https:\/\/blogdobispo.com.br\/?p=5059\" \/>\n<meta property=\"og:locale\" content=\"pt_BR\" \/>\n<meta property=\"og:type\" content=\"article\" \/>\n<meta property=\"og:title\" content=\"Zenaide n\u00e3o descarta alian\u00e7a com F\u00e1tima e afirma que diverg\u00eancias foram pontuais - Blog do Bispo\" \/>\n<meta property=\"og:description\" content=\"A&nbsp;senadora Zenaide Maia (PSD)admitiu a possibilidade de uma nova alian\u00e7a com a governadora F\u00e1tima Bezerra (PT) nas elei\u00e7\u00f5es de 2026, apesar de diverg\u00eancias recentes entre os partidos. Ela minimizou os desentendimentos recentes, como na disputa em S\u00e3o Gon\u00e7alo do Amarante, classificando-os como epis\u00f3dios isolados, e refor\u00e7ou o respeito e a parceria institucional com a petista: [&hellip;]\" \/>\n<meta property=\"og:url\" content=\"https:\/\/blogdobispo.com.br\/?p=5059\" \/>\n<meta property=\"og:site_name\" content=\"Blog do Bispo\" \/>\n<meta property=\"article:published_time\" content=\"2025-04-15T13:41:45+00:00\" \/>\n<meta property=\"og:image\" content=\"https:\/\/blogdobispo.com.br\/wp-content\/uploads\/2025\/04\/img_3819-1.png\" \/>\n<meta name=\"author\" content=\"Jefferson Sterfeno\" \/>\n<meta name=\"twitter:card\" content=\"summary_large_image\" \/>\n<meta name=\"twitter:label1\" content=\"Escrito por\" \/>\n\t<meta name=\"twitter:data1\" content=\"Jefferson Sterfeno\" \/>\n\t<meta name=\"twitter:label2\" content=\"Est. tempo de leitura\" \/>\n\t<meta name=\"twitter:data2\" content=\"3 minutos\" \/>\n<script type=\"application\/ld+json\" class=\"yoast-schema-graph\">{\"@context\":\"https:\/\/schema.org\",\"@graph\":[{\"@type\":\"Article\",\"@id\":\"https:\/\/blogdobispo.com.br\/?p=5059#article\",\"isPartOf\":{\"@id\":\"https:\/\/blogdobispo.com.br\/?p=5059\"},\"author\":{\"name\":\"Jefferson Sterfeno\",\"@id\":\"https:\/\/blogdobispo.com.br\/#\/schema\/person\/e2209cc0e6cea5c5233d033e997b373f\"},\"headline\":\"Zenaide n\u00e3o descarta alian\u00e7a com F\u00e1tima e afirma que diverg\u00eancias foram pontuais\",\"datePublished\":\"2025-04-15T13:41:45+00:00\",\"mainEntityOfPage\":{\"@id\":\"https:\/\/blogdobispo.com.br\/?p=5059\"},\"wordCount\":532,\"commentCount\":0,\"publisher\":{\"@id\":\"https:\/\/blogdobispo.com.br\/#organization\"},\"image\":{\"@id\":\"https:\/\/blogdobispo.com.br\/?p=5059#primaryimage\"},\"thumbnailUrl\":\"https:\/\/blogdobispo.com.br\/wp-content\/uploads\/2025\/04\/img_3819-1.png\",\"articleSection\":[\"diversos\"],\"inLanguage\":\"pt-BR\",\"potentialAction\":[{\"@type\":\"CommentAction\",\"name\":\"Comment\",\"target\":[\"https:\/\/blogdobispo.com.br\/?p=5059#respond\"]}]},{\"@type\":\"WebPage\",\"@id\":\"https:\/\/blogdobispo.com.br\/?p=5059\",\"url\":\"https:\/\/blogdobispo.com.br\/?p=5059\",\"name\":\"Zenaide n\u00e3o descarta alian\u00e7a com F\u00e1tima e afirma que diverg\u00eancias foram pontuais - Blog do Bispo\",\"isPartOf\":{\"@id\":\"https:\/\/blogdobispo.com.br\/#website\"},\"primaryImageOfPage\":{\"@id\":\"https:\/\/blogdobispo.com.br\/?p=5059#primaryimage\"},\"image\":{\"@id\":\"https:\/\/blogdobispo.com.br\/?p=5059#primaryimage\"},\"thumbnailUrl\":\"https:\/\/blogdobispo.com.br\/wp-content\/uploads\/2025\/04\/img_3819-1.png\",\"datePublished\":\"2025-04-15T13:41:45+00:00\",\"breadcrumb\":{\"@id\":\"https:\/\/blogdobispo.com.br\/?p=5059#breadcrumb\"},\"inLanguage\":\"pt-BR\",\"potentialAction\":[{\"@type\":\"ReadAction\",\"target\":[\"https:\/\/blogdobispo.com.br\/?p=5059\"]}]},{\"@type\":\"ImageObject\",\"inLanguage\":\"pt-BR\",\"@id\":\"https:\/\/blogdobispo.com.br\/?p=5059#primaryimage\",\"url\":\"https:\/\/blogdobispo.com.br\/wp-content\/uploads\/2025\/04\/img_3819-1.png\",\"contentUrl\":\"https:\/\/blogdobispo.com.br\/wp-content\/uploads\/2025\/04\/img_3819-1.png\"},{\"@type\":\"BreadcrumbList\",\"@id\":\"https:\/\/blogdobispo.com.br\/?p=5059#breadcrumb\",\"itemListElement\":[{\"@type\":\"ListItem\",\"position\":1,\"name\":\"In\u00edcio\",\"item\":\"https:\/\/blogdobispo.com.br\/\"},{\"@type\":\"ListItem\",\"position\":2,\"name\":\"Zenaide n\u00e3o descarta alian\u00e7a com F\u00e1tima e afirma que diverg\u00eancias foram pontuais\"}]},{\"@type\":\"WebSite\",\"@id\":\"https:\/\/blogdobispo.com.br\/#website\",\"url\":\"https:\/\/blogdobispo.com.br\/\",\"name\":\"Blog do Bispo\",\"description\":\"Comprometido apenas com o leitor\",\"publisher\":{\"@id\":\"https:\/\/blogdobispo.com.br\/#organization\"},\"potentialAction\":[{\"@type\":\"SearchAction\",\"target\":{\"@type\":\"EntryPoint\",\"urlTemplate\":\"https:\/\/blogdobispo.com.br\/?s={search_term_string}\"},\"query-input\":{\"@type\":\"PropertyValueSpecification\",\"valueRequired\":true,\"valueName\":\"search_term_string\"}}],\"inLanguage\":\"pt-BR\"},{\"@type\":\"Organization\",\"@id\":\"https:\/\/blogdobispo.com.br\/#organization\",\"name\":\"Blog do Bispo\",\"url\":\"https:\/\/blogdobispo.com.br\/\",\"logo\":{\"@type\":\"ImageObject\",\"inLanguage\":\"pt-BR\",\"@id\":\"https:\/\/blogdobispo.com.br\/#\/schema\/logo\/image\/\",\"url\":\"http:\/\/blogdobispo.com.br\/wp-content\/uploads\/2023\/05\/cropped-headear.png\",\"contentUrl\":\"http:\/\/blogdobispo.com.br\/wp-content\/uploads\/2023\/05\/cropped-headear.png\",\"width\":1500,\"height\":399,\"caption\":\"Blog do Bispo\"},\"image\":{\"@id\":\"https:\/\/blogdobispo.com.br\/#\/schema\/logo\/image\/\"}},{\"@type\":\"Person\",\"@id\":\"https:\/\/blogdobispo.com.br\/#\/schema\/person\/e2209cc0e6cea5c5233d033e997b373f\",\"name\":\"Jefferson Sterfeno\",\"image\":{\"@type\":\"ImageObject\",\"inLanguage\":\"pt-BR\",\"@id\":\"https:\/\/blogdobispo.com.br\/#\/schema\/person\/image\/\",\"url\":\"https:\/\/secure.gravatar.com\/avatar\/0534e84764641168a677026b6d57a3f51dc7ac4db0b4f6186d9cb330d4ee1160?s=96&d=mm&r=g\",\"contentUrl\":\"https:\/\/secure.gravatar.com\/avatar\/0534e84764641168a677026b6d57a3f51dc7ac4db0b4f6186d9cb330d4ee1160?s=96&d=mm&r=g\",\"caption\":\"Jefferson Sterfeno\"},\"sameAs\":[\"http:\/\/blogdobispo.com.br\"],\"url\":\"https:\/\/blogdobispo.com.br\/?author=1\"}]}<\/script>\n<!-- \/ Yoast SEO plugin. -->","yoast_head_json":{"title":"Zenaide n\u00e3o descarta alian\u00e7a com F\u00e1tima e afirma que diverg\u00eancias foram pontuais - Blog do Bispo","robots":{"index":"index","follow":"follow","max-snippet":"max-snippet:-1","max-image-preview":"max-image-preview:large","max-video-preview":"max-video-preview:-1"},"canonical":"https:\/\/blogdobispo.com.br\/?p=5059","og_locale":"pt_BR","og_type":"article","og_title":"Zenaide n\u00e3o descarta alian\u00e7a com F\u00e1tima e afirma que diverg\u00eancias foram pontuais - Blog do Bispo","og_description":"A&nbsp;senadora Zenaide Maia (PSD)admitiu a possibilidade de uma nova alian\u00e7a com a governadora F\u00e1tima Bezerra (PT) nas elei\u00e7\u00f5es de 2026, apesar de diverg\u00eancias recentes entre os partidos. Ela minimizou os desentendimentos recentes, como na disputa em S\u00e3o Gon\u00e7alo do Amarante, classificando-os como epis\u00f3dios isolados, e refor\u00e7ou o respeito e a parceria institucional com a petista: [&hellip;]","og_url":"https:\/\/blogdobispo.com.br\/?p=5059","og_site_name":"Blog do Bispo","article_published_time":"2025-04-15T13:41:45+00:00","og_image":[{"url":"https:\/\/blogdobispo.com.br\/wp-content\/uploads\/2025\/04\/img_3819-1.png","type":"","width":"","height":""}],"author":"Jefferson Sterfeno","twitter_card":"summary_large_image","twitter_misc":{"Escrito por":"Jefferson Sterfeno","Est. tempo de leitura":"3 minutos"},"schema":{"@context":"https:\/\/schema.org","@graph":[{"@type":"Article","@id":"https:\/\/blogdobispo.com.br\/?p=5059#article","isPartOf":{"@id":"https:\/\/blogdobispo.com.br\/?p=5059"},"author":{"name":"Jefferson Sterfeno","@id":"https:\/\/blogdobispo.com.br\/#\/schema\/person\/e2209cc0e6cea5c5233d033e997b373f"},"headline":"Zenaide n\u00e3o descarta alian\u00e7a com F\u00e1tima e afirma que diverg\u00eancias foram pontuais","datePublished":"2025-04-15T13:41:45+00:00","mainEntityOfPage":{"@id":"https:\/\/blogdobispo.com.br\/?p=5059"},"wordCount":532,"commentCount":0,"publisher":{"@id":"https:\/\/blogdobispo.com.br\/#organization"},"image":{"@id":"https:\/\/blogdobispo.com.br\/?p=5059#primaryimage"},"thumbnailUrl":"https:\/\/blogdobispo.com.br\/wp-content\/uploads\/2025\/04\/img_3819-1.png","articleSection":["diversos"],"inLanguage":"pt-BR","potentialAction":[{"@type":"CommentAction","name":"Comment","target":["https:\/\/blogdobispo.com.br\/?p=5059#respond"]}]},{"@type":"WebPage","@id":"https:\/\/blogdobispo.com.br\/?p=5059","url":"https:\/\/blogdobispo.com.br\/?p=5059","name":"Zenaide n\u00e3o descarta alian\u00e7a com F\u00e1tima e afirma que diverg\u00eancias foram pontuais - Blog do Bispo","isPartOf":{"@id":"https:\/\/blogdobispo.com.br\/#website"},"primaryImageOfPage":{"@id":"https:\/\/blogdobispo.com.br\/?p=5059#primaryimage"},"image":{"@id":"https:\/\/blogdobispo.com.br\/?p=5059#primaryimage"},"thumbnailUrl":"https:\/\/blogdobispo.com.br\/wp-content\/uploads\/2025\/04\/img_3819-1.png","datePublished":"2025-04-15T13:41:45+00:00","breadcrumb":{"@id":"https:\/\/blogdobispo.com.br\/?p=5059#breadcrumb"},"inLanguage":"pt-BR","potentialAction":[{"@type":"ReadAction","target":["https:\/\/blogdobispo.com.br\/?p=5059"]}]},{"@type":"ImageObject","inLanguage":"pt-BR","@id":"https:\/\/blogdobispo.com.br\/?p=5059#primaryimage","url":"https:\/\/blogdobispo.com.br\/wp-content\/uploads\/2025\/04\/img_3819-1.png","contentUrl":"https:\/\/blogdobispo.com.br\/wp-content\/uploads\/2025\/04\/img_3819-1.png"},{"@type":"BreadcrumbList","@id":"https:\/\/blogdobispo.com.br\/?p=5059#breadcrumb","itemListElement":[{"@type":"ListItem","position":1,"name":"In\u00edcio","item":"https:\/\/blogdobispo.com.br\/"},{"@type":"ListItem","position":2,"name":"Zenaide n\u00e3o descarta alian\u00e7a com F\u00e1tima e afirma que diverg\u00eancias foram pontuais"}]},{"@type":"WebSite","@id":"https:\/\/blogdobispo.com.br\/#website","url":"https:\/\/blogdobispo.com.br\/","name":"Blog do Bispo","description":"Comprometido apenas com o leitor","publisher":{"@id":"https:\/\/blogdobispo.com.br\/#organization"},"potentialAction":[{"@type":"SearchAction","target":{"@type":"EntryPoint","urlTemplate":"https:\/\/blogdobispo.com.br\/?s={search_term_string}"},"query-input":{"@type":"PropertyValueSpecification","valueRequired":true,"valueName":"search_term_string"}}],"inLanguage":"pt-BR"},{"@type":"Organization","@id":"https:\/\/blogdobispo.com.br\/#organization","name":"Blog do Bispo","url":"https:\/\/blogdobispo.com.br\/","logo":{"@type":"ImageObject","inLanguage":"pt-BR","@id":"https:\/\/blogdobispo.com.br\/#\/schema\/logo\/image\/","url":"http:\/\/blogdobispo.com.br\/wp-content\/uploads\/2023\/05\/cropped-headear.png","contentUrl":"http:\/\/blogdobispo.com.br\/wp-content\/uploads\/2023\/05\/cropped-headear.png","width":1500,"height":399,"caption":"Blog do Bispo"},"image":{"@id":"https:\/\/blogdobispo.com.br\/#\/schema\/logo\/image\/"}},{"@type":"Person","@id":"https:\/\/blogdobispo.com.br\/#\/schema\/person\/e2209cc0e6cea5c5233d033e997b373f","name":"Jefferson Sterfeno","image":{"@type":"ImageObject","inLanguage":"pt-BR","@id":"https:\/\/blogdobispo.com.br\/#\/schema\/person\/image\/","url":"https:\/\/secure.gravatar.com\/avatar\/0534e84764641168a677026b6d57a3f51dc7ac4db0b4f6186d9cb330d4ee1160?s=96&d=mm&r=g","contentUrl":"https:\/\/secure.gravatar.com\/avatar\/0534e84764641168a677026b6d57a3f51dc7ac4db0b4f6186d9cb330d4ee1160?s=96&d=mm&r=g","caption":"Jefferson Sterfeno"},"sameAs":["http:\/\/blogdobispo.com.br"],"url":"https:\/\/blogdobispo.com.br\/?author=1"}]}},"featured_image_urls":{"full":"","thumbnail":"","medium":"","medium_large":"","large":"","1536x1536":"","2048x2048":""},"author_info":{"display_name":"Jefferson Sterfeno","author_link":"https:\/\/blogdobispo.com.br\/?author=1"},"category_info":"<a href=\"https:\/\/blogdobispo.com.br\/?cat=1\" rel=\"category\">diversos<\/a>","tag_info":"diversos","comment_count":"0","jetpack_featured_media_url":"","jetpack_sharing_enabled":true,"_links":{"self":[{"href":"https:\/\/blogdobispo.com.br\/index.php?rest_route=\/wp\/v2\/posts\/5059","targetHints":{"allow":["GET"]}}],"collection":[{"href":"https:\/\/blogdobispo.com.br\/index.php?rest_route=\/wp\/v2\/posts"}],"about":[{"href":"https:\/\/blogdobispo.com.br\/index.php?rest_route=\/wp\/v2\/types\/post"}],"author":[{"embeddable":true,"href":"https:\/\/blogdobispo.com.br\/index.php?rest_route=\/wp\/v2\/users\/1"}],"replies":[{"embeddable":true,"href":"https:\/\/blogdobispo.com.br\/index.php?rest_route=%2Fwp%2Fv2%2Fcomments&post=5059"}],"version-history":[{"count":0,"href":"https:\/\/blogdobispo.com.br\/index.php?rest_route=\/wp\/v2\/posts\/5059\/revisions"}],"wp:attachment":[{"href":"https:\/\/blogdobispo.com.br\/index.php?rest_route=%2Fwp%2Fv2%2Fmedia&parent=5059"}],"wp:term":[{"taxonomy":"category","embeddable":true,"href":"https:\/\/blogdobispo.com.br\/index.php?rest_route=%2Fwp%2Fv2%2Fcategories&post=5059"},{"taxonomy":"post_tag","embeddable":true,"href":"https:\/\/blogdobispo.com.br\/index.php?rest_route=%2Fwp%2Fv2%2Ftags&post=5059"}],"curies":[{"name":"wp","href":"https:\/\/api.w.org\/{rel}","templated":true}]}}