{"id":5046,"date":"2025-04-14T19:19:15","date_gmt":"2025-04-14T19:19:15","guid":{"rendered":"https:\/\/blogdobispo.com.br\/?p=5046"},"modified":"2025-04-14T19:19:15","modified_gmt":"2025-04-14T19:19:15","slug":"cronica-sobre-assedio-sexual-na-politica-publicada-pelo-blog-do-bispo-provoca-onda-de-denuncias-e-desabafos","status":"publish","type":"post","link":"https:\/\/blogdobispo.com.br\/?p=5046","title":{"rendered":"Cr\u00f4nica sobre ass\u00e9dio sexual na pol\u00edtica publicada pelo Blog do Bispo provoca onda de den\u00fancias e desabafos"},"content":{"rendered":"\n<figure class=\"wp-block-image size-large\"><img data-recalc-dims=\"1\" fetchpriority=\"high\" decoding=\"async\" width=\"678\" height=\"452\" src=\"https:\/\/i0.wp.com\/blogdobispo.com.br\/wp-content\/uploads\/2025\/04\/img_3808-1.jpg?resize=678%2C452&#038;ssl=1\" class=\"wp-image-5045\" srcset=\"https:\/\/i0.wp.com\/blogdobispo.com.br\/wp-content\/uploads\/2025\/04\/img_3808-1.jpg?w=678&amp;ssl=1 678w, https:\/\/i0.wp.com\/blogdobispo.com.br\/wp-content\/uploads\/2025\/04\/img_3808-1.jpg?resize=300%2C200&amp;ssl=1 300w\" sizes=\"(max-width: 678px) 100vw, 678px\" \/><\/figure>\n\n\n\n<p class=\"p1\"><\/p>\n\n\n\n<p class=\"p1\">A recente cr\u00f4nica publicada pelo Blog do Bispo, abordando o ass\u00e9dio sexual nos bastidores da pol\u00edtica, teve uma repercuss\u00e3o que surpreendeu at\u00e9 os mais experientes membros da reda\u00e7\u00e3o. O texto, que denunciava a normaliza\u00e7\u00e3o do ass\u00e9dio em ambientes de poder e questionava o sil\u00eancio conivente de institui\u00e7\u00f5es e figuras p\u00fablicas, gerou uma verdadeira avalanche de relatos enviados por leitoras e leitores \u2014 muitos deles in\u00e9ditos e extremamente graves.<\/p>\n\n\n\n<p class=\"p1\">Foram dezenas de mensagens que chegaram ao blog nas horas e dias seguintes \u00e0 publica\u00e7\u00e3o. Relatos de mulheres que atuam ou atuaram em gabinetes parlamentares, em c\u00e2maras municipais, assembleias legislativas e outros espa\u00e7os pol\u00edticos, contando experi\u00eancias de ass\u00e9dio, coer\u00e7\u00e3o e silenciamento. Muitas desabafaram pela primeira vez, movidas pela coragem que o texto ajudou a despertar.<\/p>\n\n\n\n<p class=\"p1\">\u201cA cr\u00f4nica nasceu da indigna\u00e7\u00e3o com o que se v\u00ea e o que n\u00e3o se v\u00ea na pol\u00edtica: uma cultura de impunidade, protegida por estruturas de poder que preferem esconder do que enfrentar. O que n\u00e3o esper\u00e1vamos era a quantidade de hist\u00f3rias que estavam represadas e encontraram ali uma fresta para se manifestar\u201d, comentou o autor da cr\u00f4nica, editor do Blog do Bispo.<\/p>\n\n\n\n<p class=\"p1\">Entre os relatos, est\u00e3o casos que v\u00e3o desde abordagens invasivas at\u00e9 situa\u00e7\u00f5es de viol\u00eancia mais grave, sempre permeadas pelo medo de retalia\u00e7\u00e3o e pela cumplicidade do sistema. Muitas das v\u00edtimas afirmaram que n\u00e3o denunciaram antes por temerem perder seus empregos, suas reputa\u00e7\u00f5es ou suas vidas pol\u00edticas.<\/p>\n\n\n\n<p class=\"p1\">A repercuss\u00e3o tamb\u00e9m ultrapassou os leitores habituais do blog, sendo compartilhada por ativistas, jornalistas e at\u00e9 mesmo parlamentares, alguns dos quais se comprometeram publicamente a tratar o tema com a seriedade que ele exige.<\/p>\n\n\n\n<p class=\"p1\">Diante da gravidade das den\u00fancias e da urg\u00eancia do debate, o Blog do Bispo informa que ir\u00e1 manter uma editoria fixa dedicada a acompanhar e aprofundar a discuss\u00e3o sobre ass\u00e9dio sexual na pol\u00edtica, al\u00e9m de buscar parcerias com organiza\u00e7\u00f5es de apoio \u00e0s v\u00edtimas e canais seguros de den\u00fancia.<\/p>\n\n\n\n<p class=\"p1\">\u201cA pol\u00edtica \u00e9 feita por pessoas \u2014 e pessoas devem ser protegidas, n\u00e3o violentadas. Se o poder serve para calar, ent\u00e3o \u00e9 nosso dever usar a palavra para romper esse sil\u00eancio.\u201d<\/p>\n","protected":false},"excerpt":{"rendered":"<p>A recente cr\u00f4nica publicada pelo Blog do Bispo, abordando o ass\u00e9dio sexual nos bastidores da pol\u00edtica, teve uma repercuss\u00e3o que surpreendeu at\u00e9 os mais experientes membros da reda\u00e7\u00e3o. O texto, que denunciava a normaliza\u00e7\u00e3o do ass\u00e9dio em ambientes de poder e questionava o sil\u00eancio conivente de institui\u00e7\u00f5es e figuras p\u00fablicas, gerou uma verdadeira avalanche de [&hellip;]<\/p>\n","protected":false},"author":1,"featured_media":0,"comment_status":"open","ping_status":"open","sticky":false,"template":"","format":"standard","meta":{"cybocfi_hide_featured_image":"","_jetpack_memberships_contains_paid_content":false,"footnotes":""},"categories":[1],"tags":[],"class_list":["post-5046","post","type-post","status-publish","format-standard","hentry","category-diversos"],"yoast_head":"<!-- This site is optimized with the Yoast SEO plugin v25.6 - https:\/\/yoast.com\/wordpress\/plugins\/seo\/ -->\n<title>Cr\u00f4nica sobre ass\u00e9dio sexual na pol\u00edtica publicada pelo Blog do Bispo provoca onda de den\u00fancias e desabafos - Blog do Bispo<\/title>\n<meta name=\"robots\" content=\"index, follow, max-snippet:-1, max-image-preview:large, max-video-preview:-1\" \/>\n<link rel=\"canonical\" href=\"https:\/\/blogdobispo.com.br\/?p=5046\" \/>\n<meta property=\"og:locale\" content=\"pt_BR\" \/>\n<meta property=\"og:type\" content=\"article\" \/>\n<meta property=\"og:title\" content=\"Cr\u00f4nica sobre ass\u00e9dio sexual na pol\u00edtica publicada pelo Blog do Bispo provoca onda de den\u00fancias e desabafos - Blog do Bispo\" \/>\n<meta property=\"og:description\" content=\"A recente cr\u00f4nica publicada pelo Blog do Bispo, abordando o ass\u00e9dio sexual nos bastidores da pol\u00edtica, teve uma repercuss\u00e3o que surpreendeu at\u00e9 os mais experientes membros da reda\u00e7\u00e3o. O texto, que denunciava a normaliza\u00e7\u00e3o do ass\u00e9dio em ambientes de poder e questionava o sil\u00eancio conivente de institui\u00e7\u00f5es e figuras p\u00fablicas, gerou uma verdadeira avalanche de [&hellip;]\" \/>\n<meta property=\"og:url\" content=\"https:\/\/blogdobispo.com.br\/?p=5046\" \/>\n<meta property=\"og:site_name\" content=\"Blog do Bispo\" \/>\n<meta property=\"article:published_time\" content=\"2025-04-14T19:19:15+00:00\" \/>\n<meta property=\"og:image\" content=\"https:\/\/blogdobispo.com.br\/wp-content\/uploads\/2025\/04\/img_3808-1.jpg\" \/>\n<meta name=\"author\" content=\"Jefferson Sterfeno\" \/>\n<meta name=\"twitter:card\" content=\"summary_large_image\" \/>\n<meta name=\"twitter:label1\" content=\"Escrito por\" \/>\n\t<meta name=\"twitter:data1\" content=\"Jefferson Sterfeno\" \/>\n\t<meta name=\"twitter:label2\" content=\"Est. tempo de leitura\" \/>\n\t<meta name=\"twitter:data2\" content=\"2 minutos\" \/>\n<script type=\"application\/ld+json\" class=\"yoast-schema-graph\">{\"@context\":\"https:\/\/schema.org\",\"@graph\":[{\"@type\":\"Article\",\"@id\":\"https:\/\/blogdobispo.com.br\/?p=5046#article\",\"isPartOf\":{\"@id\":\"https:\/\/blogdobispo.com.br\/?p=5046\"},\"author\":{\"name\":\"Jefferson Sterfeno\",\"@id\":\"https:\/\/blogdobispo.com.br\/#\/schema\/person\/e2209cc0e6cea5c5233d033e997b373f\"},\"headline\":\"Cr\u00f4nica sobre ass\u00e9dio sexual na pol\u00edtica publicada pelo Blog do Bispo provoca onda de den\u00fancias e desabafos\",\"datePublished\":\"2025-04-14T19:19:15+00:00\",\"mainEntityOfPage\":{\"@id\":\"https:\/\/blogdobispo.com.br\/?p=5046\"},\"wordCount\":411,\"commentCount\":0,\"publisher\":{\"@id\":\"https:\/\/blogdobispo.com.br\/#organization\"},\"image\":{\"@id\":\"https:\/\/blogdobispo.com.br\/?p=5046#primaryimage\"},\"thumbnailUrl\":\"https:\/\/blogdobispo.com.br\/wp-content\/uploads\/2025\/04\/img_3808-1.jpg\",\"articleSection\":[\"diversos\"],\"inLanguage\":\"pt-BR\",\"potentialAction\":[{\"@type\":\"CommentAction\",\"name\":\"Comment\",\"target\":[\"https:\/\/blogdobispo.com.br\/?p=5046#respond\"]}]},{\"@type\":\"WebPage\",\"@id\":\"https:\/\/blogdobispo.com.br\/?p=5046\",\"url\":\"https:\/\/blogdobispo.com.br\/?p=5046\",\"name\":\"Cr\u00f4nica sobre ass\u00e9dio sexual na pol\u00edtica publicada pelo Blog do Bispo provoca onda de den\u00fancias e desabafos - Blog do Bispo\",\"isPartOf\":{\"@id\":\"https:\/\/blogdobispo.com.br\/#website\"},\"primaryImageOfPage\":{\"@id\":\"https:\/\/blogdobispo.com.br\/?p=5046#primaryimage\"},\"image\":{\"@id\":\"https:\/\/blogdobispo.com.br\/?p=5046#primaryimage\"},\"thumbnailUrl\":\"https:\/\/blogdobispo.com.br\/wp-content\/uploads\/2025\/04\/img_3808-1.jpg\",\"datePublished\":\"2025-04-14T19:19:15+00:00\",\"breadcrumb\":{\"@id\":\"https:\/\/blogdobispo.com.br\/?p=5046#breadcrumb\"},\"inLanguage\":\"pt-BR\",\"potentialAction\":[{\"@type\":\"ReadAction\",\"target\":[\"https:\/\/blogdobispo.com.br\/?p=5046\"]}]},{\"@type\":\"ImageObject\",\"inLanguage\":\"pt-BR\",\"@id\":\"https:\/\/blogdobispo.com.br\/?p=5046#primaryimage\",\"url\":\"https:\/\/blogdobispo.com.br\/wp-content\/uploads\/2025\/04\/img_3808-1.jpg\",\"contentUrl\":\"https:\/\/blogdobispo.com.br\/wp-content\/uploads\/2025\/04\/img_3808-1.jpg\"},{\"@type\":\"BreadcrumbList\",\"@id\":\"https:\/\/blogdobispo.com.br\/?p=5046#breadcrumb\",\"itemListElement\":[{\"@type\":\"ListItem\",\"position\":1,\"name\":\"In\u00edcio\",\"item\":\"https:\/\/blogdobispo.com.br\/\"},{\"@type\":\"ListItem\",\"position\":2,\"name\":\"Cr\u00f4nica sobre ass\u00e9dio sexual na pol\u00edtica publicada pelo Blog do Bispo provoca onda de den\u00fancias e desabafos\"}]},{\"@type\":\"WebSite\",\"@id\":\"https:\/\/blogdobispo.com.br\/#website\",\"url\":\"https:\/\/blogdobispo.com.br\/\",\"name\":\"Blog do Bispo\",\"description\":\"Comprometido apenas com o leitor\",\"publisher\":{\"@id\":\"https:\/\/blogdobispo.com.br\/#organization\"},\"potentialAction\":[{\"@type\":\"SearchAction\",\"target\":{\"@type\":\"EntryPoint\",\"urlTemplate\":\"https:\/\/blogdobispo.com.br\/?s={search_term_string}\"},\"query-input\":{\"@type\":\"PropertyValueSpecification\",\"valueRequired\":true,\"valueName\":\"search_term_string\"}}],\"inLanguage\":\"pt-BR\"},{\"@type\":\"Organization\",\"@id\":\"https:\/\/blogdobispo.com.br\/#organization\",\"name\":\"Blog do Bispo\",\"url\":\"https:\/\/blogdobispo.com.br\/\",\"logo\":{\"@type\":\"ImageObject\",\"inLanguage\":\"pt-BR\",\"@id\":\"https:\/\/blogdobispo.com.br\/#\/schema\/logo\/image\/\",\"url\":\"http:\/\/blogdobispo.com.br\/wp-content\/uploads\/2023\/05\/cropped-headear.png\",\"contentUrl\":\"http:\/\/blogdobispo.com.br\/wp-content\/uploads\/2023\/05\/cropped-headear.png\",\"width\":1500,\"height\":399,\"caption\":\"Blog do Bispo\"},\"image\":{\"@id\":\"https:\/\/blogdobispo.com.br\/#\/schema\/logo\/image\/\"}},{\"@type\":\"Person\",\"@id\":\"https:\/\/blogdobispo.com.br\/#\/schema\/person\/e2209cc0e6cea5c5233d033e997b373f\",\"name\":\"Jefferson Sterfeno\",\"image\":{\"@type\":\"ImageObject\",\"inLanguage\":\"pt-BR\",\"@id\":\"https:\/\/blogdobispo.com.br\/#\/schema\/person\/image\/\",\"url\":\"https:\/\/secure.gravatar.com\/avatar\/0534e84764641168a677026b6d57a3f51dc7ac4db0b4f6186d9cb330d4ee1160?s=96&d=mm&r=g\",\"contentUrl\":\"https:\/\/secure.gravatar.com\/avatar\/0534e84764641168a677026b6d57a3f51dc7ac4db0b4f6186d9cb330d4ee1160?s=96&d=mm&r=g\",\"caption\":\"Jefferson Sterfeno\"},\"sameAs\":[\"http:\/\/blogdobispo.com.br\"],\"url\":\"https:\/\/blogdobispo.com.br\/?author=1\"}]}<\/script>\n<!-- \/ Yoast SEO plugin. -->","yoast_head_json":{"title":"Cr\u00f4nica sobre ass\u00e9dio sexual na pol\u00edtica publicada pelo Blog do Bispo provoca onda de den\u00fancias e desabafos - Blog do Bispo","robots":{"index":"index","follow":"follow","max-snippet":"max-snippet:-1","max-image-preview":"max-image-preview:large","max-video-preview":"max-video-preview:-1"},"canonical":"https:\/\/blogdobispo.com.br\/?p=5046","og_locale":"pt_BR","og_type":"article","og_title":"Cr\u00f4nica sobre ass\u00e9dio sexual na pol\u00edtica publicada pelo Blog do Bispo provoca onda de den\u00fancias e desabafos - Blog do Bispo","og_description":"A recente cr\u00f4nica publicada pelo Blog do Bispo, abordando o ass\u00e9dio sexual nos bastidores da pol\u00edtica, teve uma repercuss\u00e3o que surpreendeu at\u00e9 os mais experientes membros da reda\u00e7\u00e3o. O texto, que denunciava a normaliza\u00e7\u00e3o do ass\u00e9dio em ambientes de poder e questionava o sil\u00eancio conivente de institui\u00e7\u00f5es e figuras p\u00fablicas, gerou uma verdadeira avalanche de [&hellip;]","og_url":"https:\/\/blogdobispo.com.br\/?p=5046","og_site_name":"Blog do Bispo","article_published_time":"2025-04-14T19:19:15+00:00","og_image":[{"url":"https:\/\/blogdobispo.com.br\/wp-content\/uploads\/2025\/04\/img_3808-1.jpg","type":"","width":"","height":""}],"author":"Jefferson Sterfeno","twitter_card":"summary_large_image","twitter_misc":{"Escrito por":"Jefferson Sterfeno","Est. tempo de leitura":"2 minutos"},"schema":{"@context":"https:\/\/schema.org","@graph":[{"@type":"Article","@id":"https:\/\/blogdobispo.com.br\/?p=5046#article","isPartOf":{"@id":"https:\/\/blogdobispo.com.br\/?p=5046"},"author":{"name":"Jefferson Sterfeno","@id":"https:\/\/blogdobispo.com.br\/#\/schema\/person\/e2209cc0e6cea5c5233d033e997b373f"},"headline":"Cr\u00f4nica sobre ass\u00e9dio sexual na pol\u00edtica publicada pelo Blog do Bispo provoca onda de den\u00fancias e desabafos","datePublished":"2025-04-14T19:19:15+00:00","mainEntityOfPage":{"@id":"https:\/\/blogdobispo.com.br\/?p=5046"},"wordCount":411,"commentCount":0,"publisher":{"@id":"https:\/\/blogdobispo.com.br\/#organization"},"image":{"@id":"https:\/\/blogdobispo.com.br\/?p=5046#primaryimage"},"thumbnailUrl":"https:\/\/blogdobispo.com.br\/wp-content\/uploads\/2025\/04\/img_3808-1.jpg","articleSection":["diversos"],"inLanguage":"pt-BR","potentialAction":[{"@type":"CommentAction","name":"Comment","target":["https:\/\/blogdobispo.com.br\/?p=5046#respond"]}]},{"@type":"WebPage","@id":"https:\/\/blogdobispo.com.br\/?p=5046","url":"https:\/\/blogdobispo.com.br\/?p=5046","name":"Cr\u00f4nica sobre ass\u00e9dio sexual na pol\u00edtica publicada pelo Blog do Bispo provoca onda de den\u00fancias e desabafos - Blog do Bispo","isPartOf":{"@id":"https:\/\/blogdobispo.com.br\/#website"},"primaryImageOfPage":{"@id":"https:\/\/blogdobispo.com.br\/?p=5046#primaryimage"},"image":{"@id":"https:\/\/blogdobispo.com.br\/?p=5046#primaryimage"},"thumbnailUrl":"https:\/\/blogdobispo.com.br\/wp-content\/uploads\/2025\/04\/img_3808-1.jpg","datePublished":"2025-04-14T19:19:15+00:00","breadcrumb":{"@id":"https:\/\/blogdobispo.com.br\/?p=5046#breadcrumb"},"inLanguage":"pt-BR","potentialAction":[{"@type":"ReadAction","target":["https:\/\/blogdobispo.com.br\/?p=5046"]}]},{"@type":"ImageObject","inLanguage":"pt-BR","@id":"https:\/\/blogdobispo.com.br\/?p=5046#primaryimage","url":"https:\/\/blogdobispo.com.br\/wp-content\/uploads\/2025\/04\/img_3808-1.jpg","contentUrl":"https:\/\/blogdobispo.com.br\/wp-content\/uploads\/2025\/04\/img_3808-1.jpg"},{"@type":"BreadcrumbList","@id":"https:\/\/blogdobispo.com.br\/?p=5046#breadcrumb","itemListElement":[{"@type":"ListItem","position":1,"name":"In\u00edcio","item":"https:\/\/blogdobispo.com.br\/"},{"@type":"ListItem","position":2,"name":"Cr\u00f4nica sobre ass\u00e9dio sexual na pol\u00edtica publicada pelo Blog do Bispo provoca onda de den\u00fancias e desabafos"}]},{"@type":"WebSite","@id":"https:\/\/blogdobispo.com.br\/#website","url":"https:\/\/blogdobispo.com.br\/","name":"Blog do Bispo","description":"Comprometido apenas com o leitor","publisher":{"@id":"https:\/\/blogdobispo.com.br\/#organization"},"potentialAction":[{"@type":"SearchAction","target":{"@type":"EntryPoint","urlTemplate":"https:\/\/blogdobispo.com.br\/?s={search_term_string}"},"query-input":{"@type":"PropertyValueSpecification","valueRequired":true,"valueName":"search_term_string"}}],"inLanguage":"pt-BR"},{"@type":"Organization","@id":"https:\/\/blogdobispo.com.br\/#organization","name":"Blog do Bispo","url":"https:\/\/blogdobispo.com.br\/","logo":{"@type":"ImageObject","inLanguage":"pt-BR","@id":"https:\/\/blogdobispo.com.br\/#\/schema\/logo\/image\/","url":"http:\/\/blogdobispo.com.br\/wp-content\/uploads\/2023\/05\/cropped-headear.png","contentUrl":"http:\/\/blogdobispo.com.br\/wp-content\/uploads\/2023\/05\/cropped-headear.png","width":1500,"height":399,"caption":"Blog do Bispo"},"image":{"@id":"https:\/\/blogdobispo.com.br\/#\/schema\/logo\/image\/"}},{"@type":"Person","@id":"https:\/\/blogdobispo.com.br\/#\/schema\/person\/e2209cc0e6cea5c5233d033e997b373f","name":"Jefferson Sterfeno","image":{"@type":"ImageObject","inLanguage":"pt-BR","@id":"https:\/\/blogdobispo.com.br\/#\/schema\/person\/image\/","url":"https:\/\/secure.gravatar.com\/avatar\/0534e84764641168a677026b6d57a3f51dc7ac4db0b4f6186d9cb330d4ee1160?s=96&d=mm&r=g","contentUrl":"https:\/\/secure.gravatar.com\/avatar\/0534e84764641168a677026b6d57a3f51dc7ac4db0b4f6186d9cb330d4ee1160?s=96&d=mm&r=g","caption":"Jefferson Sterfeno"},"sameAs":["http:\/\/blogdobispo.com.br"],"url":"https:\/\/blogdobispo.com.br\/?author=1"}]}},"featured_image_urls":{"full":"","thumbnail":"","medium":"","medium_large":"","large":"","1536x1536":"","2048x2048":""},"author_info":{"display_name":"Jefferson Sterfeno","author_link":"https:\/\/blogdobispo.com.br\/?author=1"},"category_info":"<a href=\"https:\/\/blogdobispo.com.br\/?cat=1\" rel=\"category\">diversos<\/a>","tag_info":"diversos","comment_count":"0","jetpack_featured_media_url":"","jetpack_sharing_enabled":true,"_links":{"self":[{"href":"https:\/\/blogdobispo.com.br\/index.php?rest_route=\/wp\/v2\/posts\/5046","targetHints":{"allow":["GET"]}}],"collection":[{"href":"https:\/\/blogdobispo.com.br\/index.php?rest_route=\/wp\/v2\/posts"}],"about":[{"href":"https:\/\/blogdobispo.com.br\/index.php?rest_route=\/wp\/v2\/types\/post"}],"author":[{"embeddable":true,"href":"https:\/\/blogdobispo.com.br\/index.php?rest_route=\/wp\/v2\/users\/1"}],"replies":[{"embeddable":true,"href":"https:\/\/blogdobispo.com.br\/index.php?rest_route=%2Fwp%2Fv2%2Fcomments&post=5046"}],"version-history":[{"count":0,"href":"https:\/\/blogdobispo.com.br\/index.php?rest_route=\/wp\/v2\/posts\/5046\/revisions"}],"wp:attachment":[{"href":"https:\/\/blogdobispo.com.br\/index.php?rest_route=%2Fwp%2Fv2%2Fmedia&parent=5046"}],"wp:term":[{"taxonomy":"category","embeddable":true,"href":"https:\/\/blogdobispo.com.br\/index.php?rest_route=%2Fwp%2Fv2%2Fcategories&post=5046"},{"taxonomy":"post_tag","embeddable":true,"href":"https:\/\/blogdobispo.com.br\/index.php?rest_route=%2Fwp%2Fv2%2Ftags&post=5046"}],"curies":[{"name":"wp","href":"https:\/\/api.w.org\/{rel}","templated":true}]}}