{"id":5039,"date":"2025-04-14T00:06:22","date_gmt":"2025-04-14T00:06:22","guid":{"rendered":"https:\/\/blogdobispo.com.br\/?p=5039"},"modified":"2025-04-14T00:06:22","modified_gmt":"2025-04-14T00:06:22","slug":"em-solenidade-cmn-homenageia-artesaos-da-feira-de-artesanato-potiguar","status":"publish","type":"post","link":"https:\/\/blogdobispo.com.br\/?p=5039","title":{"rendered":"Em solenidade, CMN homenageia artes\u00e3os da Feira de Artesanato Potiguar"},"content":{"rendered":"\n<figure class=\"wp-block-image size-large\"><img data-recalc-dims=\"1\" fetchpriority=\"high\" decoding=\"async\" width=\"800\" height=\"577\" src=\"https:\/\/i0.wp.com\/blogdobispo.com.br\/wp-content\/uploads\/2025\/04\/img_3794-1-1024x738.jpg?resize=800%2C577&#038;ssl=1\" class=\"wp-image-5038\" srcset=\"https:\/\/i0.wp.com\/blogdobispo.com.br\/wp-content\/uploads\/2025\/04\/img_3794-1.jpg?resize=1024%2C738&amp;ssl=1 1024w, https:\/\/i0.wp.com\/blogdobispo.com.br\/wp-content\/uploads\/2025\/04\/img_3794-1.jpg?resize=300%2C216&amp;ssl=1 300w, https:\/\/i0.wp.com\/blogdobispo.com.br\/wp-content\/uploads\/2025\/04\/img_3794-1.jpg?resize=768%2C553&amp;ssl=1 768w, https:\/\/i0.wp.com\/blogdobispo.com.br\/wp-content\/uploads\/2025\/04\/img_3794-1.jpg?resize=1536%2C1107&amp;ssl=1 1536w, https:\/\/i0.wp.com\/blogdobispo.com.br\/wp-content\/uploads\/2025\/04\/img_3794-1.jpg?w=1600&amp;ssl=1 1600w\" sizes=\"(max-width: 800px) 100vw, 800px\" \/><\/figure>\n\n\n\n<figure class=\"wp-block-image foto-noticia\"><img data-recalc-dims=\"1\" decoding=\"async\" src=\"https:\/\/i0.wp.com\/www.cmnat.rn.gov.br\/_ups\/noticias\/2025\/04\/11\/0728eb7fbe8c9bae1cb66b8980ab21cf.jpeg?w=800&#038;ssl=1\" alt=\"\"\/><\/figure>\n\n\n\n<p>Para homenagear os artes\u00e3os da Feira de Artesanato Potiguar, a C\u00e2mara Municipal de Natal realizou, nesta quinta-feira (10), uma sess\u00e3o solene que enalteceu 24 personalidades de destaque do artesanato local e lembrou a import\u00e2ncia da categoria para o desenvolvimento econ\u00f4mico, social e cultural da capital potiguar. A proposi\u00e7\u00e3o da solenidade foi do presidente da Casa, vereador Eriko J\u00e1come (PP), autor do Projeto de Lei n\u00ba 7.689\/2024 que oficializou a Feira de Artesanato Potiguar, que j\u00e1 conta com a ades\u00e3o de mais de 100 artes\u00e3os.&nbsp;<\/p>\n\n\n\n<p>A Feira de Artesanato Potiguar ocorrer\u00e1 por um per\u00edodo de tr\u00eas dias, sempre na \u00faltima semana de cada m\u00eas, no P\u00e1tio da C\u00e2mara Municipal de Natal. No evento, ser\u00e3o comercializados exclusivamente produtos artesanais produzidos por artes\u00e3os natalenses. As feiras contar\u00e3o com a participa\u00e7\u00e3o m\u00e1xima de 30 artes\u00e3os por m\u00eas, podendo a Diretoria Administrativa realizar rod\u00edzios entre os participantes conforme a necessidade.<\/p>\n\n\n\n<p>&#8220;O Legislativo natalense tem a honra de receber nesta noite artistas e empreendedores, que geram emprego e renda para a nossa cidade e todo Rio Grande do Norte. Precisamos ampliar o setor e valorizar a nossa cultura. Neste sentido, as feiras s\u00e3o vitrines para o p\u00fablico e espa\u00e7os de interc\u00e2mbio entre os fazedores dessa arte. Em cada pe\u00e7a criada temos a manifesta\u00e7\u00e3o do talento e da resili\u00eancia desses artes\u00e3os. Espero que este reconhecimento os inspire a continuar avan\u00e7ando e levando Natal para o mundo todo atrav\u00e9s do artesanato&#8221;, declarou o presidente Eriko J\u00e1come.<\/p>\n\n\n\n<p>De acordo com o diretor de Artesanato do Munic\u00edpio, Rodrigo Loureiro, cerca de 700 artes\u00e3os est\u00e3o cadastrados no banco de dados da Prefeitura do Natal. &#8220;A cidade possui um leque de artes\u00e3os muito bacana que transformam o que tem nas m\u00e3os em verdadeiras obras de artes e essa produ\u00e7\u00e3o precisa ser escoada em feiras e eventos. A C\u00e2mara Municipal oferece um belo exemplo ao promover uma feira de artesanato nos seus jardins, gerando oportunidades para o segmento&#8221;.<\/p>\n\n\n\n<p>Tamb\u00e9m presente na solenidade, Gra\u00e7a Leal, coordenadora do Programa do Artesanato do Rio Grande do Norte (PROART), falou que as feiras revelam o que o povo potiguar tem de melhor. &#8220;Quando voc\u00ea faz uma feira, n\u00e3o \u00e9 s\u00f3 o feirante que est\u00e1 presente. Ali est\u00e1 a mem\u00f3ria e a hist\u00f3ria do Rio Grande do Norte. A gente precisa come\u00e7ar a ter um outro olhar, um olhar diferente, porque o que \u00e9 nosso \u00e9 belo. O que \u00e9 potiguar \u00e9 fascinante, e o que \u00e9 daqui reverbera no Brasil e no mundo inteiro. A import\u00e2ncia de uma feira \u00e9 manter viva a mem\u00f3ria e a hist\u00f3ria de um povo. Um lugar sem feira \u00e9 um lugar sem hist\u00f3ria&#8221;.<\/p>\n\n\n\n<p>Entre as personalidades homenageadas estavam Ivonete de Ara\u00fajo (croch\u00ea) e Vera L\u00facia Moreira (bordado). &#8220;Receber esse carinho me enche de alegria e orgulho porque mostra que a sociedade reconhece o que a gente produz&#8221;, disse Ivonete. &#8220;A palavra que tenho pra dizer diante de um gesto t\u00e3o bonito \u00e9 gratid\u00e3o. Isso nos motiva a fazer a nossa arte ainda melhor &#8220;, concluiu Vera L\u00facia.&nbsp;<\/p>\n","protected":false},"excerpt":{"rendered":"<p>Para homenagear os artes\u00e3os da Feira de Artesanato Potiguar, a C\u00e2mara Municipal de Natal realizou, nesta quinta-feira (10), uma sess\u00e3o solene que enalteceu 24 personalidades de destaque do artesanato local e lembrou a import\u00e2ncia da categoria para o desenvolvimento econ\u00f4mico, social e cultural da capital potiguar. A proposi\u00e7\u00e3o da solenidade foi do presidente da Casa, [&hellip;]<\/p>\n","protected":false},"author":1,"featured_media":0,"comment_status":"open","ping_status":"open","sticky":false,"template":"","format":"standard","meta":{"cybocfi_hide_featured_image":"","_jetpack_memberships_contains_paid_content":false,"footnotes":""},"categories":[1],"tags":[],"class_list":["post-5039","post","type-post","status-publish","format-standard","hentry","category-diversos"],"yoast_head":"<!-- This site is optimized with the Yoast SEO plugin v25.6 - https:\/\/yoast.com\/wordpress\/plugins\/seo\/ -->\n<title>Em solenidade, CMN homenageia artes\u00e3os da Feira de Artesanato Potiguar - Blog do Bispo<\/title>\n<meta name=\"robots\" content=\"index, follow, max-snippet:-1, max-image-preview:large, max-video-preview:-1\" \/>\n<link rel=\"canonical\" href=\"https:\/\/blogdobispo.com.br\/?p=5039\" \/>\n<meta property=\"og:locale\" content=\"pt_BR\" \/>\n<meta property=\"og:type\" content=\"article\" \/>\n<meta property=\"og:title\" content=\"Em solenidade, CMN homenageia artes\u00e3os da Feira de Artesanato Potiguar - Blog do Bispo\" \/>\n<meta property=\"og:description\" content=\"Para homenagear os artes\u00e3os da Feira de Artesanato Potiguar, a C\u00e2mara Municipal de Natal realizou, nesta quinta-feira (10), uma sess\u00e3o solene que enalteceu 24 personalidades de destaque do artesanato local e lembrou a import\u00e2ncia da categoria para o desenvolvimento econ\u00f4mico, social e cultural da capital potiguar. A proposi\u00e7\u00e3o da solenidade foi do presidente da Casa, [&hellip;]\" \/>\n<meta property=\"og:url\" content=\"https:\/\/blogdobispo.com.br\/?p=5039\" \/>\n<meta property=\"og:site_name\" content=\"Blog do Bispo\" \/>\n<meta property=\"article:published_time\" content=\"2025-04-14T00:06:22+00:00\" \/>\n<meta property=\"og:image\" content=\"https:\/\/blogdobispo.com.br\/wp-content\/uploads\/2025\/04\/img_3794-1-1024x738.jpg\" \/>\n<meta name=\"author\" content=\"Jefferson Sterfeno\" \/>\n<meta name=\"twitter:card\" content=\"summary_large_image\" \/>\n<meta name=\"twitter:label1\" content=\"Escrito por\" \/>\n\t<meta name=\"twitter:data1\" content=\"Jefferson Sterfeno\" \/>\n\t<meta name=\"twitter:label2\" content=\"Est. tempo de leitura\" \/>\n\t<meta name=\"twitter:data2\" content=\"3 minutos\" \/>\n<script type=\"application\/ld+json\" class=\"yoast-schema-graph\">{\"@context\":\"https:\/\/schema.org\",\"@graph\":[{\"@type\":\"Article\",\"@id\":\"https:\/\/blogdobispo.com.br\/?p=5039#article\",\"isPartOf\":{\"@id\":\"https:\/\/blogdobispo.com.br\/?p=5039\"},\"author\":{\"name\":\"Jefferson Sterfeno\",\"@id\":\"https:\/\/blogdobispo.com.br\/#\/schema\/person\/e2209cc0e6cea5c5233d033e997b373f\"},\"headline\":\"Em solenidade, CMN homenageia artes\u00e3os da Feira de Artesanato Potiguar\",\"datePublished\":\"2025-04-14T00:06:22+00:00\",\"mainEntityOfPage\":{\"@id\":\"https:\/\/blogdobispo.com.br\/?p=5039\"},\"wordCount\":548,\"commentCount\":0,\"publisher\":{\"@id\":\"https:\/\/blogdobispo.com.br\/#organization\"},\"image\":{\"@id\":\"https:\/\/blogdobispo.com.br\/?p=5039#primaryimage\"},\"thumbnailUrl\":\"https:\/\/blogdobispo.com.br\/wp-content\/uploads\/2025\/04\/img_3794-1-1024x738.jpg\",\"articleSection\":[\"diversos\"],\"inLanguage\":\"pt-BR\",\"potentialAction\":[{\"@type\":\"CommentAction\",\"name\":\"Comment\",\"target\":[\"https:\/\/blogdobispo.com.br\/?p=5039#respond\"]}]},{\"@type\":\"WebPage\",\"@id\":\"https:\/\/blogdobispo.com.br\/?p=5039\",\"url\":\"https:\/\/blogdobispo.com.br\/?p=5039\",\"name\":\"Em solenidade, CMN homenageia artes\u00e3os da Feira de Artesanato Potiguar - Blog do Bispo\",\"isPartOf\":{\"@id\":\"https:\/\/blogdobispo.com.br\/#website\"},\"primaryImageOfPage\":{\"@id\":\"https:\/\/blogdobispo.com.br\/?p=5039#primaryimage\"},\"image\":{\"@id\":\"https:\/\/blogdobispo.com.br\/?p=5039#primaryimage\"},\"thumbnailUrl\":\"https:\/\/blogdobispo.com.br\/wp-content\/uploads\/2025\/04\/img_3794-1-1024x738.jpg\",\"datePublished\":\"2025-04-14T00:06:22+00:00\",\"breadcrumb\":{\"@id\":\"https:\/\/blogdobispo.com.br\/?p=5039#breadcrumb\"},\"inLanguage\":\"pt-BR\",\"potentialAction\":[{\"@type\":\"ReadAction\",\"target\":[\"https:\/\/blogdobispo.com.br\/?p=5039\"]}]},{\"@type\":\"ImageObject\",\"inLanguage\":\"pt-BR\",\"@id\":\"https:\/\/blogdobispo.com.br\/?p=5039#primaryimage\",\"url\":\"https:\/\/blogdobispo.com.br\/wp-content\/uploads\/2025\/04\/img_3794-1-1024x738.jpg\",\"contentUrl\":\"https:\/\/blogdobispo.com.br\/wp-content\/uploads\/2025\/04\/img_3794-1-1024x738.jpg\"},{\"@type\":\"BreadcrumbList\",\"@id\":\"https:\/\/blogdobispo.com.br\/?p=5039#breadcrumb\",\"itemListElement\":[{\"@type\":\"ListItem\",\"position\":1,\"name\":\"In\u00edcio\",\"item\":\"https:\/\/blogdobispo.com.br\/\"},{\"@type\":\"ListItem\",\"position\":2,\"name\":\"Em solenidade, CMN homenageia artes\u00e3os da Feira de Artesanato Potiguar\"}]},{\"@type\":\"WebSite\",\"@id\":\"https:\/\/blogdobispo.com.br\/#website\",\"url\":\"https:\/\/blogdobispo.com.br\/\",\"name\":\"Blog do Bispo\",\"description\":\"Comprometido apenas com o leitor\",\"publisher\":{\"@id\":\"https:\/\/blogdobispo.com.br\/#organization\"},\"potentialAction\":[{\"@type\":\"SearchAction\",\"target\":{\"@type\":\"EntryPoint\",\"urlTemplate\":\"https:\/\/blogdobispo.com.br\/?s={search_term_string}\"},\"query-input\":{\"@type\":\"PropertyValueSpecification\",\"valueRequired\":true,\"valueName\":\"search_term_string\"}}],\"inLanguage\":\"pt-BR\"},{\"@type\":\"Organization\",\"@id\":\"https:\/\/blogdobispo.com.br\/#organization\",\"name\":\"Blog do Bispo\",\"url\":\"https:\/\/blogdobispo.com.br\/\",\"logo\":{\"@type\":\"ImageObject\",\"inLanguage\":\"pt-BR\",\"@id\":\"https:\/\/blogdobispo.com.br\/#\/schema\/logo\/image\/\",\"url\":\"http:\/\/blogdobispo.com.br\/wp-content\/uploads\/2023\/05\/cropped-headear.png\",\"contentUrl\":\"http:\/\/blogdobispo.com.br\/wp-content\/uploads\/2023\/05\/cropped-headear.png\",\"width\":1500,\"height\":399,\"caption\":\"Blog do Bispo\"},\"image\":{\"@id\":\"https:\/\/blogdobispo.com.br\/#\/schema\/logo\/image\/\"}},{\"@type\":\"Person\",\"@id\":\"https:\/\/blogdobispo.com.br\/#\/schema\/person\/e2209cc0e6cea5c5233d033e997b373f\",\"name\":\"Jefferson Sterfeno\",\"image\":{\"@type\":\"ImageObject\",\"inLanguage\":\"pt-BR\",\"@id\":\"https:\/\/blogdobispo.com.br\/#\/schema\/person\/image\/\",\"url\":\"https:\/\/secure.gravatar.com\/avatar\/0534e84764641168a677026b6d57a3f51dc7ac4db0b4f6186d9cb330d4ee1160?s=96&d=mm&r=g\",\"contentUrl\":\"https:\/\/secure.gravatar.com\/avatar\/0534e84764641168a677026b6d57a3f51dc7ac4db0b4f6186d9cb330d4ee1160?s=96&d=mm&r=g\",\"caption\":\"Jefferson Sterfeno\"},\"sameAs\":[\"http:\/\/blogdobispo.com.br\"],\"url\":\"https:\/\/blogdobispo.com.br\/?author=1\"}]}<\/script>\n<!-- \/ Yoast SEO plugin. -->","yoast_head_json":{"title":"Em solenidade, CMN homenageia artes\u00e3os da Feira de Artesanato Potiguar - Blog do Bispo","robots":{"index":"index","follow":"follow","max-snippet":"max-snippet:-1","max-image-preview":"max-image-preview:large","max-video-preview":"max-video-preview:-1"},"canonical":"https:\/\/blogdobispo.com.br\/?p=5039","og_locale":"pt_BR","og_type":"article","og_title":"Em solenidade, CMN homenageia artes\u00e3os da Feira de Artesanato Potiguar - Blog do Bispo","og_description":"Para homenagear os artes\u00e3os da Feira de Artesanato Potiguar, a C\u00e2mara Municipal de Natal realizou, nesta quinta-feira (10), uma sess\u00e3o solene que enalteceu 24 personalidades de destaque do artesanato local e lembrou a import\u00e2ncia da categoria para o desenvolvimento econ\u00f4mico, social e cultural da capital potiguar. A proposi\u00e7\u00e3o da solenidade foi do presidente da Casa, [&hellip;]","og_url":"https:\/\/blogdobispo.com.br\/?p=5039","og_site_name":"Blog do Bispo","article_published_time":"2025-04-14T00:06:22+00:00","og_image":[{"url":"https:\/\/blogdobispo.com.br\/wp-content\/uploads\/2025\/04\/img_3794-1-1024x738.jpg","type":"","width":"","height":""}],"author":"Jefferson Sterfeno","twitter_card":"summary_large_image","twitter_misc":{"Escrito por":"Jefferson Sterfeno","Est. tempo de leitura":"3 minutos"},"schema":{"@context":"https:\/\/schema.org","@graph":[{"@type":"Article","@id":"https:\/\/blogdobispo.com.br\/?p=5039#article","isPartOf":{"@id":"https:\/\/blogdobispo.com.br\/?p=5039"},"author":{"name":"Jefferson Sterfeno","@id":"https:\/\/blogdobispo.com.br\/#\/schema\/person\/e2209cc0e6cea5c5233d033e997b373f"},"headline":"Em solenidade, CMN homenageia artes\u00e3os da Feira de Artesanato Potiguar","datePublished":"2025-04-14T00:06:22+00:00","mainEntityOfPage":{"@id":"https:\/\/blogdobispo.com.br\/?p=5039"},"wordCount":548,"commentCount":0,"publisher":{"@id":"https:\/\/blogdobispo.com.br\/#organization"},"image":{"@id":"https:\/\/blogdobispo.com.br\/?p=5039#primaryimage"},"thumbnailUrl":"https:\/\/blogdobispo.com.br\/wp-content\/uploads\/2025\/04\/img_3794-1-1024x738.jpg","articleSection":["diversos"],"inLanguage":"pt-BR","potentialAction":[{"@type":"CommentAction","name":"Comment","target":["https:\/\/blogdobispo.com.br\/?p=5039#respond"]}]},{"@type":"WebPage","@id":"https:\/\/blogdobispo.com.br\/?p=5039","url":"https:\/\/blogdobispo.com.br\/?p=5039","name":"Em solenidade, CMN homenageia artes\u00e3os da Feira de Artesanato Potiguar - Blog do Bispo","isPartOf":{"@id":"https:\/\/blogdobispo.com.br\/#website"},"primaryImageOfPage":{"@id":"https:\/\/blogdobispo.com.br\/?p=5039#primaryimage"},"image":{"@id":"https:\/\/blogdobispo.com.br\/?p=5039#primaryimage"},"thumbnailUrl":"https:\/\/blogdobispo.com.br\/wp-content\/uploads\/2025\/04\/img_3794-1-1024x738.jpg","datePublished":"2025-04-14T00:06:22+00:00","breadcrumb":{"@id":"https:\/\/blogdobispo.com.br\/?p=5039#breadcrumb"},"inLanguage":"pt-BR","potentialAction":[{"@type":"ReadAction","target":["https:\/\/blogdobispo.com.br\/?p=5039"]}]},{"@type":"ImageObject","inLanguage":"pt-BR","@id":"https:\/\/blogdobispo.com.br\/?p=5039#primaryimage","url":"https:\/\/blogdobispo.com.br\/wp-content\/uploads\/2025\/04\/img_3794-1-1024x738.jpg","contentUrl":"https:\/\/blogdobispo.com.br\/wp-content\/uploads\/2025\/04\/img_3794-1-1024x738.jpg"},{"@type":"BreadcrumbList","@id":"https:\/\/blogdobispo.com.br\/?p=5039#breadcrumb","itemListElement":[{"@type":"ListItem","position":1,"name":"In\u00edcio","item":"https:\/\/blogdobispo.com.br\/"},{"@type":"ListItem","position":2,"name":"Em solenidade, CMN homenageia artes\u00e3os da Feira de Artesanato Potiguar"}]},{"@type":"WebSite","@id":"https:\/\/blogdobispo.com.br\/#website","url":"https:\/\/blogdobispo.com.br\/","name":"Blog do Bispo","description":"Comprometido apenas com o leitor","publisher":{"@id":"https:\/\/blogdobispo.com.br\/#organization"},"potentialAction":[{"@type":"SearchAction","target":{"@type":"EntryPoint","urlTemplate":"https:\/\/blogdobispo.com.br\/?s={search_term_string}"},"query-input":{"@type":"PropertyValueSpecification","valueRequired":true,"valueName":"search_term_string"}}],"inLanguage":"pt-BR"},{"@type":"Organization","@id":"https:\/\/blogdobispo.com.br\/#organization","name":"Blog do Bispo","url":"https:\/\/blogdobispo.com.br\/","logo":{"@type":"ImageObject","inLanguage":"pt-BR","@id":"https:\/\/blogdobispo.com.br\/#\/schema\/logo\/image\/","url":"http:\/\/blogdobispo.com.br\/wp-content\/uploads\/2023\/05\/cropped-headear.png","contentUrl":"http:\/\/blogdobispo.com.br\/wp-content\/uploads\/2023\/05\/cropped-headear.png","width":1500,"height":399,"caption":"Blog do Bispo"},"image":{"@id":"https:\/\/blogdobispo.com.br\/#\/schema\/logo\/image\/"}},{"@type":"Person","@id":"https:\/\/blogdobispo.com.br\/#\/schema\/person\/e2209cc0e6cea5c5233d033e997b373f","name":"Jefferson Sterfeno","image":{"@type":"ImageObject","inLanguage":"pt-BR","@id":"https:\/\/blogdobispo.com.br\/#\/schema\/person\/image\/","url":"https:\/\/secure.gravatar.com\/avatar\/0534e84764641168a677026b6d57a3f51dc7ac4db0b4f6186d9cb330d4ee1160?s=96&d=mm&r=g","contentUrl":"https:\/\/secure.gravatar.com\/avatar\/0534e84764641168a677026b6d57a3f51dc7ac4db0b4f6186d9cb330d4ee1160?s=96&d=mm&r=g","caption":"Jefferson Sterfeno"},"sameAs":["http:\/\/blogdobispo.com.br"],"url":"https:\/\/blogdobispo.com.br\/?author=1"}]}},"featured_image_urls":{"full":"","thumbnail":"","medium":"","medium_large":"","large":"","1536x1536":"","2048x2048":""},"author_info":{"display_name":"Jefferson Sterfeno","author_link":"https:\/\/blogdobispo.com.br\/?author=1"},"category_info":"<a href=\"https:\/\/blogdobispo.com.br\/?cat=1\" rel=\"category\">diversos<\/a>","tag_info":"diversos","comment_count":"0","jetpack_featured_media_url":"","jetpack_sharing_enabled":true,"_links":{"self":[{"href":"https:\/\/blogdobispo.com.br\/index.php?rest_route=\/wp\/v2\/posts\/5039","targetHints":{"allow":["GET"]}}],"collection":[{"href":"https:\/\/blogdobispo.com.br\/index.php?rest_route=\/wp\/v2\/posts"}],"about":[{"href":"https:\/\/blogdobispo.com.br\/index.php?rest_route=\/wp\/v2\/types\/post"}],"author":[{"embeddable":true,"href":"https:\/\/blogdobispo.com.br\/index.php?rest_route=\/wp\/v2\/users\/1"}],"replies":[{"embeddable":true,"href":"https:\/\/blogdobispo.com.br\/index.php?rest_route=%2Fwp%2Fv2%2Fcomments&post=5039"}],"version-history":[{"count":0,"href":"https:\/\/blogdobispo.com.br\/index.php?rest_route=\/wp\/v2\/posts\/5039\/revisions"}],"wp:attachment":[{"href":"https:\/\/blogdobispo.com.br\/index.php?rest_route=%2Fwp%2Fv2%2Fmedia&parent=5039"}],"wp:term":[{"taxonomy":"category","embeddable":true,"href":"https:\/\/blogdobispo.com.br\/index.php?rest_route=%2Fwp%2Fv2%2Fcategories&post=5039"},{"taxonomy":"post_tag","embeddable":true,"href":"https:\/\/blogdobispo.com.br\/index.php?rest_route=%2Fwp%2Fv2%2Ftags&post=5039"}],"curies":[{"name":"wp","href":"https:\/\/api.w.org\/{rel}","templated":true}]}}