{"id":5035,"date":"2025-04-12T22:03:54","date_gmt":"2025-04-12T22:03:54","guid":{"rendered":"https:\/\/blogdobispo.com.br\/?p=5035"},"modified":"2025-04-12T22:03:54","modified_gmt":"2025-04-12T22:03:54","slug":"o-silencio-ensurdecedor-da-esquerda-com-a-liberdade-do-assassino-de-marielle-franco","status":"publish","type":"post","link":"https:\/\/blogdobispo.com.br\/?p=5035","title":{"rendered":"O sil\u00eancio ensurdecedor da esquerda com a liberdade do assassino de Marielle Franco"},"content":{"rendered":"\n<figure class=\"wp-block-image size-large\"><img data-recalc-dims=\"1\" fetchpriority=\"high\" decoding=\"async\" width=\"800\" height=\"987\" src=\"https:\/\/i0.wp.com\/blogdobispo.com.br\/wp-content\/uploads\/2025\/04\/img_3783-1-830x1024.jpg?resize=800%2C987&#038;ssl=1\" class=\"wp-image-5034\" srcset=\"https:\/\/i0.wp.com\/blogdobispo.com.br\/wp-content\/uploads\/2025\/04\/img_3783-1.jpg?resize=830%2C1024&amp;ssl=1 830w, https:\/\/i0.wp.com\/blogdobispo.com.br\/wp-content\/uploads\/2025\/04\/img_3783-1.jpg?resize=243%2C300&amp;ssl=1 243w, https:\/\/i0.wp.com\/blogdobispo.com.br\/wp-content\/uploads\/2025\/04\/img_3783-1.jpg?resize=768%2C947&amp;ssl=1 768w, https:\/\/i0.wp.com\/blogdobispo.com.br\/wp-content\/uploads\/2025\/04\/img_3783-1.jpg?resize=1246%2C1536&amp;ssl=1 1246w, https:\/\/i0.wp.com\/blogdobispo.com.br\/wp-content\/uploads\/2025\/04\/img_3783-1.jpg?resize=1024%2C1263&amp;ssl=1 1024w, https:\/\/i0.wp.com\/blogdobispo.com.br\/wp-content\/uploads\/2025\/04\/img_3783-1.jpg?w=1622&amp;ssl=1 1622w\" sizes=\"(max-width: 800px) 100vw, 800px\" \/><\/figure>\n\n\n\n<p class=\"p1\">A decis\u00e3o do ministro Alexandre de Moraes de mandar Domingos Braz\u00e3o para pris\u00e3o domiciliar \u2014 mesmo diante das graves acusa\u00e7\u00f5es de envolvimento no assassinato de Marielle Franco \u2014 levanta quest\u00f5es s\u00e9rias sobre coer\u00eancia, justi\u00e7a e seletividade na aplica\u00e7\u00e3o das leis. A medida, tomada sob o argumento de problemas de sa\u00fade, enfraquece a confian\u00e7a p\u00fablica num sistema que j\u00e1 carrega a fama de proteger os poderosos.<\/p>\n\n\n\n<p class=\"p1\">Mais chocante ainda \u00e9 o sil\u00eancio ensurdecedor de setores da esquerda que, por anos, usaram a imagem de Marielle como s\u00edmbolo de resist\u00eancia, justi\u00e7a social e luta contra a viol\u00eancia pol\u00edtica. Quando a den\u00fancia finalmente aponta para os mandantes \u2014 entre eles figuras do alto escal\u00e3o pol\u00edtico do Rio de Janeiro \u2014 esperava-se uma rea\u00e7\u00e3o forte, indignada e exigente por parte daqueles que empunharam cartazes com o rosto de Marielle.<\/p>\n\n\n\n<p class=\"p1\">O sil\u00eancio, nesse caso, beira a coniv\u00eancia. Ou, no m\u00ednimo, revela o c\u00e1lculo pol\u00edtico de quem prefere n\u00e3o bater de frente com figuras do centr\u00e3o e outros aliados estrat\u00e9gicos. Essa omiss\u00e3o compromete o legado de Marielle, que foi assassinada justamente por confrontar as estruturas de poder corruptas e violentas.<\/p>\n\n\n\n<p class=\"p1\">\u00c9 preciso lembrar que justi\u00e7a n\u00e3o pode ser seletiva, e coer\u00eancia \u00e9 o m\u00ednimo exigido de quem diz lutar por um Brasil mais justo. Marielle n\u00e3o era um slogan \u2014 era uma mulher, uma vereadora, uma militante. E a melhor forma de honr\u00e1-la \u00e9 n\u00e3o permitir que o jogo pol\u00edtico silencie diante de decis\u00f5es como essa.<\/p>\n","protected":false},"excerpt":{"rendered":"<p>A decis\u00e3o do ministro Alexandre de Moraes de mandar Domingos Braz\u00e3o para pris\u00e3o domiciliar \u2014 mesmo diante das graves acusa\u00e7\u00f5es de envolvimento no assassinato de Marielle Franco \u2014 levanta quest\u00f5es s\u00e9rias sobre coer\u00eancia, justi\u00e7a e seletividade na aplica\u00e7\u00e3o das leis. A medida, tomada sob o argumento de problemas de sa\u00fade, enfraquece a confian\u00e7a p\u00fablica num [&hellip;]<\/p>\n","protected":false},"author":1,"featured_media":0,"comment_status":"open","ping_status":"open","sticky":false,"template":"","format":"standard","meta":{"cybocfi_hide_featured_image":"","_jetpack_memberships_contains_paid_content":false,"footnotes":""},"categories":[1],"tags":[],"class_list":["post-5035","post","type-post","status-publish","format-standard","hentry","category-diversos"],"yoast_head":"<!-- This site is optimized with the Yoast SEO plugin v25.6 - https:\/\/yoast.com\/wordpress\/plugins\/seo\/ -->\n<title>O sil\u00eancio ensurdecedor da esquerda com a liberdade do assassino de Marielle Franco - Blog do Bispo<\/title>\n<meta name=\"robots\" content=\"index, follow, max-snippet:-1, max-image-preview:large, max-video-preview:-1\" \/>\n<link rel=\"canonical\" href=\"https:\/\/blogdobispo.com.br\/?p=5035\" \/>\n<meta property=\"og:locale\" content=\"pt_BR\" \/>\n<meta property=\"og:type\" content=\"article\" \/>\n<meta property=\"og:title\" content=\"O sil\u00eancio ensurdecedor da esquerda com a liberdade do assassino de Marielle Franco - Blog do Bispo\" \/>\n<meta property=\"og:description\" content=\"A decis\u00e3o do ministro Alexandre de Moraes de mandar Domingos Braz\u00e3o para pris\u00e3o domiciliar \u2014 mesmo diante das graves acusa\u00e7\u00f5es de envolvimento no assassinato de Marielle Franco \u2014 levanta quest\u00f5es s\u00e9rias sobre coer\u00eancia, justi\u00e7a e seletividade na aplica\u00e7\u00e3o das leis. A medida, tomada sob o argumento de problemas de sa\u00fade, enfraquece a confian\u00e7a p\u00fablica num [&hellip;]\" \/>\n<meta property=\"og:url\" content=\"https:\/\/blogdobispo.com.br\/?p=5035\" \/>\n<meta property=\"og:site_name\" content=\"Blog do Bispo\" \/>\n<meta property=\"article:published_time\" content=\"2025-04-12T22:03:54+00:00\" \/>\n<meta property=\"og:image\" content=\"https:\/\/blogdobispo.com.br\/wp-content\/uploads\/2025\/04\/img_3783-1-830x1024.jpg\" \/>\n<meta name=\"author\" content=\"Jefferson Sterfeno\" \/>\n<meta name=\"twitter:card\" content=\"summary_large_image\" \/>\n<meta name=\"twitter:label1\" content=\"Escrito por\" \/>\n\t<meta name=\"twitter:data1\" content=\"Jefferson Sterfeno\" \/>\n\t<meta name=\"twitter:label2\" content=\"Est. tempo de leitura\" \/>\n\t<meta name=\"twitter:data2\" content=\"1 minuto\" \/>\n<script type=\"application\/ld+json\" class=\"yoast-schema-graph\">{\"@context\":\"https:\/\/schema.org\",\"@graph\":[{\"@type\":\"Article\",\"@id\":\"https:\/\/blogdobispo.com.br\/?p=5035#article\",\"isPartOf\":{\"@id\":\"https:\/\/blogdobispo.com.br\/?p=5035\"},\"author\":{\"name\":\"Jefferson Sterfeno\",\"@id\":\"https:\/\/blogdobispo.com.br\/#\/schema\/person\/e2209cc0e6cea5c5233d033e997b373f\"},\"headline\":\"O sil\u00eancio ensurdecedor da esquerda com a liberdade do assassino de Marielle Franco\",\"datePublished\":\"2025-04-12T22:03:54+00:00\",\"mainEntityOfPage\":{\"@id\":\"https:\/\/blogdobispo.com.br\/?p=5035\"},\"wordCount\":285,\"commentCount\":0,\"publisher\":{\"@id\":\"https:\/\/blogdobispo.com.br\/#organization\"},\"image\":{\"@id\":\"https:\/\/blogdobispo.com.br\/?p=5035#primaryimage\"},\"thumbnailUrl\":\"https:\/\/blogdobispo.com.br\/wp-content\/uploads\/2025\/04\/img_3783-1-830x1024.jpg\",\"articleSection\":[\"diversos\"],\"inLanguage\":\"pt-BR\",\"potentialAction\":[{\"@type\":\"CommentAction\",\"name\":\"Comment\",\"target\":[\"https:\/\/blogdobispo.com.br\/?p=5035#respond\"]}]},{\"@type\":\"WebPage\",\"@id\":\"https:\/\/blogdobispo.com.br\/?p=5035\",\"url\":\"https:\/\/blogdobispo.com.br\/?p=5035\",\"name\":\"O sil\u00eancio ensurdecedor da esquerda com a liberdade do assassino de Marielle Franco - Blog do Bispo\",\"isPartOf\":{\"@id\":\"https:\/\/blogdobispo.com.br\/#website\"},\"primaryImageOfPage\":{\"@id\":\"https:\/\/blogdobispo.com.br\/?p=5035#primaryimage\"},\"image\":{\"@id\":\"https:\/\/blogdobispo.com.br\/?p=5035#primaryimage\"},\"thumbnailUrl\":\"https:\/\/blogdobispo.com.br\/wp-content\/uploads\/2025\/04\/img_3783-1-830x1024.jpg\",\"datePublished\":\"2025-04-12T22:03:54+00:00\",\"breadcrumb\":{\"@id\":\"https:\/\/blogdobispo.com.br\/?p=5035#breadcrumb\"},\"inLanguage\":\"pt-BR\",\"potentialAction\":[{\"@type\":\"ReadAction\",\"target\":[\"https:\/\/blogdobispo.com.br\/?p=5035\"]}]},{\"@type\":\"ImageObject\",\"inLanguage\":\"pt-BR\",\"@id\":\"https:\/\/blogdobispo.com.br\/?p=5035#primaryimage\",\"url\":\"https:\/\/blogdobispo.com.br\/wp-content\/uploads\/2025\/04\/img_3783-1-830x1024.jpg\",\"contentUrl\":\"https:\/\/blogdobispo.com.br\/wp-content\/uploads\/2025\/04\/img_3783-1-830x1024.jpg\"},{\"@type\":\"BreadcrumbList\",\"@id\":\"https:\/\/blogdobispo.com.br\/?p=5035#breadcrumb\",\"itemListElement\":[{\"@type\":\"ListItem\",\"position\":1,\"name\":\"In\u00edcio\",\"item\":\"https:\/\/blogdobispo.com.br\/\"},{\"@type\":\"ListItem\",\"position\":2,\"name\":\"O sil\u00eancio ensurdecedor da esquerda com a liberdade do assassino de Marielle Franco\"}]},{\"@type\":\"WebSite\",\"@id\":\"https:\/\/blogdobispo.com.br\/#website\",\"url\":\"https:\/\/blogdobispo.com.br\/\",\"name\":\"Blog do Bispo\",\"description\":\"Comprometido apenas com o leitor\",\"publisher\":{\"@id\":\"https:\/\/blogdobispo.com.br\/#organization\"},\"potentialAction\":[{\"@type\":\"SearchAction\",\"target\":{\"@type\":\"EntryPoint\",\"urlTemplate\":\"https:\/\/blogdobispo.com.br\/?s={search_term_string}\"},\"query-input\":{\"@type\":\"PropertyValueSpecification\",\"valueRequired\":true,\"valueName\":\"search_term_string\"}}],\"inLanguage\":\"pt-BR\"},{\"@type\":\"Organization\",\"@id\":\"https:\/\/blogdobispo.com.br\/#organization\",\"name\":\"Blog do Bispo\",\"url\":\"https:\/\/blogdobispo.com.br\/\",\"logo\":{\"@type\":\"ImageObject\",\"inLanguage\":\"pt-BR\",\"@id\":\"https:\/\/blogdobispo.com.br\/#\/schema\/logo\/image\/\",\"url\":\"http:\/\/blogdobispo.com.br\/wp-content\/uploads\/2023\/05\/cropped-headear.png\",\"contentUrl\":\"http:\/\/blogdobispo.com.br\/wp-content\/uploads\/2023\/05\/cropped-headear.png\",\"width\":1500,\"height\":399,\"caption\":\"Blog do Bispo\"},\"image\":{\"@id\":\"https:\/\/blogdobispo.com.br\/#\/schema\/logo\/image\/\"}},{\"@type\":\"Person\",\"@id\":\"https:\/\/blogdobispo.com.br\/#\/schema\/person\/e2209cc0e6cea5c5233d033e997b373f\",\"name\":\"Jefferson Sterfeno\",\"image\":{\"@type\":\"ImageObject\",\"inLanguage\":\"pt-BR\",\"@id\":\"https:\/\/blogdobispo.com.br\/#\/schema\/person\/image\/\",\"url\":\"https:\/\/secure.gravatar.com\/avatar\/0534e84764641168a677026b6d57a3f51dc7ac4db0b4f6186d9cb330d4ee1160?s=96&d=mm&r=g\",\"contentUrl\":\"https:\/\/secure.gravatar.com\/avatar\/0534e84764641168a677026b6d57a3f51dc7ac4db0b4f6186d9cb330d4ee1160?s=96&d=mm&r=g\",\"caption\":\"Jefferson Sterfeno\"},\"sameAs\":[\"http:\/\/blogdobispo.com.br\"],\"url\":\"https:\/\/blogdobispo.com.br\/?author=1\"}]}<\/script>\n<!-- \/ Yoast SEO plugin. -->","yoast_head_json":{"title":"O sil\u00eancio ensurdecedor da esquerda com a liberdade do assassino de Marielle Franco - Blog do Bispo","robots":{"index":"index","follow":"follow","max-snippet":"max-snippet:-1","max-image-preview":"max-image-preview:large","max-video-preview":"max-video-preview:-1"},"canonical":"https:\/\/blogdobispo.com.br\/?p=5035","og_locale":"pt_BR","og_type":"article","og_title":"O sil\u00eancio ensurdecedor da esquerda com a liberdade do assassino de Marielle Franco - Blog do Bispo","og_description":"A decis\u00e3o do ministro Alexandre de Moraes de mandar Domingos Braz\u00e3o para pris\u00e3o domiciliar \u2014 mesmo diante das graves acusa\u00e7\u00f5es de envolvimento no assassinato de Marielle Franco \u2014 levanta quest\u00f5es s\u00e9rias sobre coer\u00eancia, justi\u00e7a e seletividade na aplica\u00e7\u00e3o das leis. A medida, tomada sob o argumento de problemas de sa\u00fade, enfraquece a confian\u00e7a p\u00fablica num [&hellip;]","og_url":"https:\/\/blogdobispo.com.br\/?p=5035","og_site_name":"Blog do Bispo","article_published_time":"2025-04-12T22:03:54+00:00","og_image":[{"url":"https:\/\/blogdobispo.com.br\/wp-content\/uploads\/2025\/04\/img_3783-1-830x1024.jpg","type":"","width":"","height":""}],"author":"Jefferson Sterfeno","twitter_card":"summary_large_image","twitter_misc":{"Escrito por":"Jefferson Sterfeno","Est. tempo de leitura":"1 minuto"},"schema":{"@context":"https:\/\/schema.org","@graph":[{"@type":"Article","@id":"https:\/\/blogdobispo.com.br\/?p=5035#article","isPartOf":{"@id":"https:\/\/blogdobispo.com.br\/?p=5035"},"author":{"name":"Jefferson Sterfeno","@id":"https:\/\/blogdobispo.com.br\/#\/schema\/person\/e2209cc0e6cea5c5233d033e997b373f"},"headline":"O sil\u00eancio ensurdecedor da esquerda com a liberdade do assassino de Marielle Franco","datePublished":"2025-04-12T22:03:54+00:00","mainEntityOfPage":{"@id":"https:\/\/blogdobispo.com.br\/?p=5035"},"wordCount":285,"commentCount":0,"publisher":{"@id":"https:\/\/blogdobispo.com.br\/#organization"},"image":{"@id":"https:\/\/blogdobispo.com.br\/?p=5035#primaryimage"},"thumbnailUrl":"https:\/\/blogdobispo.com.br\/wp-content\/uploads\/2025\/04\/img_3783-1-830x1024.jpg","articleSection":["diversos"],"inLanguage":"pt-BR","potentialAction":[{"@type":"CommentAction","name":"Comment","target":["https:\/\/blogdobispo.com.br\/?p=5035#respond"]}]},{"@type":"WebPage","@id":"https:\/\/blogdobispo.com.br\/?p=5035","url":"https:\/\/blogdobispo.com.br\/?p=5035","name":"O sil\u00eancio ensurdecedor da esquerda com a liberdade do assassino de Marielle Franco - Blog do Bispo","isPartOf":{"@id":"https:\/\/blogdobispo.com.br\/#website"},"primaryImageOfPage":{"@id":"https:\/\/blogdobispo.com.br\/?p=5035#primaryimage"},"image":{"@id":"https:\/\/blogdobispo.com.br\/?p=5035#primaryimage"},"thumbnailUrl":"https:\/\/blogdobispo.com.br\/wp-content\/uploads\/2025\/04\/img_3783-1-830x1024.jpg","datePublished":"2025-04-12T22:03:54+00:00","breadcrumb":{"@id":"https:\/\/blogdobispo.com.br\/?p=5035#breadcrumb"},"inLanguage":"pt-BR","potentialAction":[{"@type":"ReadAction","target":["https:\/\/blogdobispo.com.br\/?p=5035"]}]},{"@type":"ImageObject","inLanguage":"pt-BR","@id":"https:\/\/blogdobispo.com.br\/?p=5035#primaryimage","url":"https:\/\/blogdobispo.com.br\/wp-content\/uploads\/2025\/04\/img_3783-1-830x1024.jpg","contentUrl":"https:\/\/blogdobispo.com.br\/wp-content\/uploads\/2025\/04\/img_3783-1-830x1024.jpg"},{"@type":"BreadcrumbList","@id":"https:\/\/blogdobispo.com.br\/?p=5035#breadcrumb","itemListElement":[{"@type":"ListItem","position":1,"name":"In\u00edcio","item":"https:\/\/blogdobispo.com.br\/"},{"@type":"ListItem","position":2,"name":"O sil\u00eancio ensurdecedor da esquerda com a liberdade do assassino de Marielle Franco"}]},{"@type":"WebSite","@id":"https:\/\/blogdobispo.com.br\/#website","url":"https:\/\/blogdobispo.com.br\/","name":"Blog do Bispo","description":"Comprometido apenas com o leitor","publisher":{"@id":"https:\/\/blogdobispo.com.br\/#organization"},"potentialAction":[{"@type":"SearchAction","target":{"@type":"EntryPoint","urlTemplate":"https:\/\/blogdobispo.com.br\/?s={search_term_string}"},"query-input":{"@type":"PropertyValueSpecification","valueRequired":true,"valueName":"search_term_string"}}],"inLanguage":"pt-BR"},{"@type":"Organization","@id":"https:\/\/blogdobispo.com.br\/#organization","name":"Blog do Bispo","url":"https:\/\/blogdobispo.com.br\/","logo":{"@type":"ImageObject","inLanguage":"pt-BR","@id":"https:\/\/blogdobispo.com.br\/#\/schema\/logo\/image\/","url":"http:\/\/blogdobispo.com.br\/wp-content\/uploads\/2023\/05\/cropped-headear.png","contentUrl":"http:\/\/blogdobispo.com.br\/wp-content\/uploads\/2023\/05\/cropped-headear.png","width":1500,"height":399,"caption":"Blog do Bispo"},"image":{"@id":"https:\/\/blogdobispo.com.br\/#\/schema\/logo\/image\/"}},{"@type":"Person","@id":"https:\/\/blogdobispo.com.br\/#\/schema\/person\/e2209cc0e6cea5c5233d033e997b373f","name":"Jefferson Sterfeno","image":{"@type":"ImageObject","inLanguage":"pt-BR","@id":"https:\/\/blogdobispo.com.br\/#\/schema\/person\/image\/","url":"https:\/\/secure.gravatar.com\/avatar\/0534e84764641168a677026b6d57a3f51dc7ac4db0b4f6186d9cb330d4ee1160?s=96&d=mm&r=g","contentUrl":"https:\/\/secure.gravatar.com\/avatar\/0534e84764641168a677026b6d57a3f51dc7ac4db0b4f6186d9cb330d4ee1160?s=96&d=mm&r=g","caption":"Jefferson Sterfeno"},"sameAs":["http:\/\/blogdobispo.com.br"],"url":"https:\/\/blogdobispo.com.br\/?author=1"}]}},"featured_image_urls":{"full":"","thumbnail":"","medium":"","medium_large":"","large":"","1536x1536":"","2048x2048":""},"author_info":{"display_name":"Jefferson Sterfeno","author_link":"https:\/\/blogdobispo.com.br\/?author=1"},"category_info":"<a href=\"https:\/\/blogdobispo.com.br\/?cat=1\" rel=\"category\">diversos<\/a>","tag_info":"diversos","comment_count":"0","jetpack_featured_media_url":"","jetpack_sharing_enabled":true,"_links":{"self":[{"href":"https:\/\/blogdobispo.com.br\/index.php?rest_route=\/wp\/v2\/posts\/5035","targetHints":{"allow":["GET"]}}],"collection":[{"href":"https:\/\/blogdobispo.com.br\/index.php?rest_route=\/wp\/v2\/posts"}],"about":[{"href":"https:\/\/blogdobispo.com.br\/index.php?rest_route=\/wp\/v2\/types\/post"}],"author":[{"embeddable":true,"href":"https:\/\/blogdobispo.com.br\/index.php?rest_route=\/wp\/v2\/users\/1"}],"replies":[{"embeddable":true,"href":"https:\/\/blogdobispo.com.br\/index.php?rest_route=%2Fwp%2Fv2%2Fcomments&post=5035"}],"version-history":[{"count":0,"href":"https:\/\/blogdobispo.com.br\/index.php?rest_route=\/wp\/v2\/posts\/5035\/revisions"}],"wp:attachment":[{"href":"https:\/\/blogdobispo.com.br\/index.php?rest_route=%2Fwp%2Fv2%2Fmedia&parent=5035"}],"wp:term":[{"taxonomy":"category","embeddable":true,"href":"https:\/\/blogdobispo.com.br\/index.php?rest_route=%2Fwp%2Fv2%2Fcategories&post=5035"},{"taxonomy":"post_tag","embeddable":true,"href":"https:\/\/blogdobispo.com.br\/index.php?rest_route=%2Fwp%2Fv2%2Ftags&post=5035"}],"curies":[{"name":"wp","href":"https:\/\/api.w.org\/{rel}","templated":true}]}}