{"id":5030,"date":"2025-04-12T02:02:20","date_gmt":"2025-04-12T02:02:20","guid":{"rendered":"https:\/\/blogdobispo.com.br\/?p=5030"},"modified":"2025-04-12T02:30:48","modified_gmt":"2025-04-12T02:30:48","slug":"dickson-nasser-junior-encontra-seu-lugar-nova-funcao-na-prefeitura-fortalece-dialogo-e-aproxima-populacao-do-executivo","status":"publish","type":"post","link":"https:\/\/blogdobispo.com.br\/?p=5030","title":{"rendered":"Dickson Nasser J\u00fanior encontra seu lugar: Nova fun\u00e7\u00e3o na Prefeitura fortalece di\u00e1logo e aproxima popula\u00e7\u00e3o do Executivo"},"content":{"rendered":"\n<p class=\"p1\"><\/p>\n\n\n\n<p class=\"p1\">O ex-vereador de Natal, Dickson Nasser J\u00fanior, parece ter encontrado seu verdadeiro espa\u00e7o na pol\u00edtica. Longe do ritmo e dos embates do Legislativo, ele vive uma nova fase como assessor do prefeito Paulinho Freire \u2014 e os frutos dessa transi\u00e7\u00e3o j\u00e1 s\u00e3o vis\u00edveis para quem acompanha de perto o dia a dia da Prefeitura do Natal.<\/p>\n\n\n\n<p class=\"p1\">Durante seu per\u00edodo como vereador, Dickson sempre mostrou dedica\u00e7\u00e3o \u00e0 cidade, mas \u00e9 na atua\u00e7\u00e3o direta com o Executivo que ele tem se destacado de maneira mais natural. O novo cargo trouxe um novo \u00e2nimo e revelou o lado conciliador, estrat\u00e9gico e articulador de Dickson, caracter\u00edsticas que nem sempre puderam ser exploradas na C\u00e2mara Municipal.<\/p>\n\n\n\n<p class=\"p1\">Hoje, ele atua como uma ponte entre o gabinete do prefeito e o governo, escutando demandas, promovendo encontros, fortalecendo o di\u00e1logo e humanizando a gest\u00e3o p\u00fablica.<\/p>\n\n\n\n<figure class=\"wp-block-image size-large\"><img data-recalc-dims=\"1\" fetchpriority=\"high\" decoding=\"async\" width=\"800\" height=\"600\" src=\"https:\/\/i0.wp.com\/blogdobispo.com.br\/wp-content\/uploads\/2025\/04\/629330c4-eea8-40a3-808c-831ed7618b03-1-1024x768.jpg?resize=800%2C600&#038;ssl=1\" alt=\"\" class=\"wp-image-5031\" srcset=\"https:\/\/i0.wp.com\/blogdobispo.com.br\/wp-content\/uploads\/2025\/04\/629330c4-eea8-40a3-808c-831ed7618b03-1.jpg?resize=1024%2C768&amp;ssl=1 1024w, https:\/\/i0.wp.com\/blogdobispo.com.br\/wp-content\/uploads\/2025\/04\/629330c4-eea8-40a3-808c-831ed7618b03-1.jpg?resize=300%2C225&amp;ssl=1 300w, https:\/\/i0.wp.com\/blogdobispo.com.br\/wp-content\/uploads\/2025\/04\/629330c4-eea8-40a3-808c-831ed7618b03-1.jpg?resize=768%2C576&amp;ssl=1 768w, https:\/\/i0.wp.com\/blogdobispo.com.br\/wp-content\/uploads\/2025\/04\/629330c4-eea8-40a3-808c-831ed7618b03-1.jpg?resize=1536%2C1152&amp;ssl=1 1536w, https:\/\/i0.wp.com\/blogdobispo.com.br\/wp-content\/uploads\/2025\/04\/629330c4-eea8-40a3-808c-831ed7618b03-1.jpg?w=1600&amp;ssl=1 1600w\" sizes=\"(max-width: 800px) 100vw, 800px\" \/><\/figure>\n\n\n\n<p class=\"p1\">Entre suas prioridades est\u00e3o a cria\u00e7\u00e3o de espa\u00e7os de escuta popular, a media\u00e7\u00e3o entre comunidades e secretarias e o fortalecimento do respeito entre servidores e cidad\u00e3os. Com uma postura acess\u00edvel e resolutiva, Dickson vem se consolidando como uma pe\u00e7a-chave para uma gest\u00e3o mais pr\u00f3xima, sens\u00edvel e moderna.<\/p>\n\n\n\n<p class=\"p1\">A nova fase mostra que, \u00e0s vezes, \u00e9 preciso apenas mudar o cen\u00e1rio para que o talento flores\u00e7a. E no Executivo, Dickson Nasser J\u00fanior est\u00e1 exatamente onde deveria estar: trabalhando com leveza, respeito e impacto real na vida das pessoas.<\/p>\n","protected":false},"excerpt":{"rendered":"<p>O ex-vereador de Natal, Dickson Nasser J\u00fanior, parece ter encontrado seu verdadeiro espa\u00e7o na pol\u00edtica. Longe do ritmo e dos embates do Legislativo, ele vive uma nova fase como assessor do prefeito Paulinho Freire \u2014 e os frutos dessa transi\u00e7\u00e3o j\u00e1 s\u00e3o vis\u00edveis para quem acompanha de perto o dia a dia da Prefeitura do [&hellip;]<\/p>\n","protected":false},"author":1,"featured_media":0,"comment_status":"open","ping_status":"open","sticky":false,"template":"","format":"standard","meta":{"cybocfi_hide_featured_image":"","_jetpack_memberships_contains_paid_content":false,"footnotes":""},"categories":[1],"tags":[],"class_list":["post-5030","post","type-post","status-publish","format-standard","hentry","category-diversos"],"yoast_head":"<!-- This site is optimized with the Yoast SEO plugin v25.6 - https:\/\/yoast.com\/wordpress\/plugins\/seo\/ -->\n<title>Dickson Nasser J\u00fanior encontra seu lugar: Nova fun\u00e7\u00e3o na Prefeitura fortalece di\u00e1logo e aproxima popula\u00e7\u00e3o do Executivo - Blog do Bispo<\/title>\n<meta name=\"robots\" content=\"index, follow, max-snippet:-1, max-image-preview:large, max-video-preview:-1\" \/>\n<link rel=\"canonical\" href=\"https:\/\/blogdobispo.com.br\/?p=5030\" \/>\n<meta property=\"og:locale\" content=\"pt_BR\" \/>\n<meta property=\"og:type\" content=\"article\" \/>\n<meta property=\"og:title\" content=\"Dickson Nasser J\u00fanior encontra seu lugar: Nova fun\u00e7\u00e3o na Prefeitura fortalece di\u00e1logo e aproxima popula\u00e7\u00e3o do Executivo - Blog do Bispo\" \/>\n<meta property=\"og:description\" content=\"O ex-vereador de Natal, Dickson Nasser J\u00fanior, parece ter encontrado seu verdadeiro espa\u00e7o na pol\u00edtica. Longe do ritmo e dos embates do Legislativo, ele vive uma nova fase como assessor do prefeito Paulinho Freire \u2014 e os frutos dessa transi\u00e7\u00e3o j\u00e1 s\u00e3o vis\u00edveis para quem acompanha de perto o dia a dia da Prefeitura do [&hellip;]\" \/>\n<meta property=\"og:url\" content=\"https:\/\/blogdobispo.com.br\/?p=5030\" \/>\n<meta property=\"og:site_name\" content=\"Blog do Bispo\" \/>\n<meta property=\"article:published_time\" content=\"2025-04-12T02:02:20+00:00\" \/>\n<meta property=\"article:modified_time\" content=\"2025-04-12T02:30:48+00:00\" \/>\n<meta property=\"og:image\" content=\"https:\/\/blogdobispo.com.br\/wp-content\/uploads\/2025\/04\/629330c4-eea8-40a3-808c-831ed7618b03-1-1024x768.jpg\" \/>\n<meta name=\"author\" content=\"Jefferson Sterfeno\" \/>\n<meta name=\"twitter:card\" content=\"summary_large_image\" \/>\n<meta name=\"twitter:label1\" content=\"Escrito por\" \/>\n\t<meta name=\"twitter:data1\" content=\"Jefferson Sterfeno\" \/>\n\t<meta name=\"twitter:label2\" content=\"Est. tempo de leitura\" \/>\n\t<meta name=\"twitter:data2\" content=\"1 minuto\" \/>\n<script type=\"application\/ld+json\" class=\"yoast-schema-graph\">{\"@context\":\"https:\/\/schema.org\",\"@graph\":[{\"@type\":\"Article\",\"@id\":\"https:\/\/blogdobispo.com.br\/?p=5030#article\",\"isPartOf\":{\"@id\":\"https:\/\/blogdobispo.com.br\/?p=5030\"},\"author\":{\"name\":\"Jefferson Sterfeno\",\"@id\":\"https:\/\/blogdobispo.com.br\/#\/schema\/person\/e2209cc0e6cea5c5233d033e997b373f\"},\"headline\":\"Dickson Nasser J\u00fanior encontra seu lugar: Nova fun\u00e7\u00e3o na Prefeitura fortalece di\u00e1logo e aproxima popula\u00e7\u00e3o do Executivo\",\"datePublished\":\"2025-04-12T02:02:20+00:00\",\"dateModified\":\"2025-04-12T02:30:48+00:00\",\"mainEntityOfPage\":{\"@id\":\"https:\/\/blogdobispo.com.br\/?p=5030\"},\"wordCount\":269,\"commentCount\":0,\"publisher\":{\"@id\":\"https:\/\/blogdobispo.com.br\/#organization\"},\"image\":{\"@id\":\"https:\/\/blogdobispo.com.br\/?p=5030#primaryimage\"},\"thumbnailUrl\":\"https:\/\/blogdobispo.com.br\/wp-content\/uploads\/2025\/04\/629330c4-eea8-40a3-808c-831ed7618b03-1-1024x768.jpg\",\"articleSection\":[\"diversos\"],\"inLanguage\":\"pt-BR\",\"potentialAction\":[{\"@type\":\"CommentAction\",\"name\":\"Comment\",\"target\":[\"https:\/\/blogdobispo.com.br\/?p=5030#respond\"]}]},{\"@type\":\"WebPage\",\"@id\":\"https:\/\/blogdobispo.com.br\/?p=5030\",\"url\":\"https:\/\/blogdobispo.com.br\/?p=5030\",\"name\":\"Dickson Nasser J\u00fanior encontra seu lugar: Nova fun\u00e7\u00e3o na Prefeitura fortalece di\u00e1logo e aproxima popula\u00e7\u00e3o do Executivo - Blog do Bispo\",\"isPartOf\":{\"@id\":\"https:\/\/blogdobispo.com.br\/#website\"},\"primaryImageOfPage\":{\"@id\":\"https:\/\/blogdobispo.com.br\/?p=5030#primaryimage\"},\"image\":{\"@id\":\"https:\/\/blogdobispo.com.br\/?p=5030#primaryimage\"},\"thumbnailUrl\":\"https:\/\/blogdobispo.com.br\/wp-content\/uploads\/2025\/04\/629330c4-eea8-40a3-808c-831ed7618b03-1-1024x768.jpg\",\"datePublished\":\"2025-04-12T02:02:20+00:00\",\"dateModified\":\"2025-04-12T02:30:48+00:00\",\"breadcrumb\":{\"@id\":\"https:\/\/blogdobispo.com.br\/?p=5030#breadcrumb\"},\"inLanguage\":\"pt-BR\",\"potentialAction\":[{\"@type\":\"ReadAction\",\"target\":[\"https:\/\/blogdobispo.com.br\/?p=5030\"]}]},{\"@type\":\"ImageObject\",\"inLanguage\":\"pt-BR\",\"@id\":\"https:\/\/blogdobispo.com.br\/?p=5030#primaryimage\",\"url\":\"https:\/\/blogdobispo.com.br\/wp-content\/uploads\/2025\/04\/629330c4-eea8-40a3-808c-831ed7618b03-1-1024x768.jpg\",\"contentUrl\":\"https:\/\/blogdobispo.com.br\/wp-content\/uploads\/2025\/04\/629330c4-eea8-40a3-808c-831ed7618b03-1-1024x768.jpg\"},{\"@type\":\"BreadcrumbList\",\"@id\":\"https:\/\/blogdobispo.com.br\/?p=5030#breadcrumb\",\"itemListElement\":[{\"@type\":\"ListItem\",\"position\":1,\"name\":\"In\u00edcio\",\"item\":\"https:\/\/blogdobispo.com.br\/\"},{\"@type\":\"ListItem\",\"position\":2,\"name\":\"Dickson Nasser J\u00fanior encontra seu lugar: Nova fun\u00e7\u00e3o na Prefeitura fortalece di\u00e1logo e aproxima popula\u00e7\u00e3o do Executivo\"}]},{\"@type\":\"WebSite\",\"@id\":\"https:\/\/blogdobispo.com.br\/#website\",\"url\":\"https:\/\/blogdobispo.com.br\/\",\"name\":\"Blog do Bispo\",\"description\":\"Comprometido apenas com o leitor\",\"publisher\":{\"@id\":\"https:\/\/blogdobispo.com.br\/#organization\"},\"potentialAction\":[{\"@type\":\"SearchAction\",\"target\":{\"@type\":\"EntryPoint\",\"urlTemplate\":\"https:\/\/blogdobispo.com.br\/?s={search_term_string}\"},\"query-input\":{\"@type\":\"PropertyValueSpecification\",\"valueRequired\":true,\"valueName\":\"search_term_string\"}}],\"inLanguage\":\"pt-BR\"},{\"@type\":\"Organization\",\"@id\":\"https:\/\/blogdobispo.com.br\/#organization\",\"name\":\"Blog do Bispo\",\"url\":\"https:\/\/blogdobispo.com.br\/\",\"logo\":{\"@type\":\"ImageObject\",\"inLanguage\":\"pt-BR\",\"@id\":\"https:\/\/blogdobispo.com.br\/#\/schema\/logo\/image\/\",\"url\":\"http:\/\/blogdobispo.com.br\/wp-content\/uploads\/2023\/05\/cropped-headear.png\",\"contentUrl\":\"http:\/\/blogdobispo.com.br\/wp-content\/uploads\/2023\/05\/cropped-headear.png\",\"width\":1500,\"height\":399,\"caption\":\"Blog do Bispo\"},\"image\":{\"@id\":\"https:\/\/blogdobispo.com.br\/#\/schema\/logo\/image\/\"}},{\"@type\":\"Person\",\"@id\":\"https:\/\/blogdobispo.com.br\/#\/schema\/person\/e2209cc0e6cea5c5233d033e997b373f\",\"name\":\"Jefferson Sterfeno\",\"image\":{\"@type\":\"ImageObject\",\"inLanguage\":\"pt-BR\",\"@id\":\"https:\/\/blogdobispo.com.br\/#\/schema\/person\/image\/\",\"url\":\"https:\/\/secure.gravatar.com\/avatar\/0534e84764641168a677026b6d57a3f51dc7ac4db0b4f6186d9cb330d4ee1160?s=96&d=mm&r=g\",\"contentUrl\":\"https:\/\/secure.gravatar.com\/avatar\/0534e84764641168a677026b6d57a3f51dc7ac4db0b4f6186d9cb330d4ee1160?s=96&d=mm&r=g\",\"caption\":\"Jefferson Sterfeno\"},\"sameAs\":[\"http:\/\/blogdobispo.com.br\"],\"url\":\"https:\/\/blogdobispo.com.br\/?author=1\"}]}<\/script>\n<!-- \/ Yoast SEO plugin. -->","yoast_head_json":{"title":"Dickson Nasser J\u00fanior encontra seu lugar: Nova fun\u00e7\u00e3o na Prefeitura fortalece di\u00e1logo e aproxima popula\u00e7\u00e3o do Executivo - Blog do Bispo","robots":{"index":"index","follow":"follow","max-snippet":"max-snippet:-1","max-image-preview":"max-image-preview:large","max-video-preview":"max-video-preview:-1"},"canonical":"https:\/\/blogdobispo.com.br\/?p=5030","og_locale":"pt_BR","og_type":"article","og_title":"Dickson Nasser J\u00fanior encontra seu lugar: Nova fun\u00e7\u00e3o na Prefeitura fortalece di\u00e1logo e aproxima popula\u00e7\u00e3o do Executivo - Blog do Bispo","og_description":"O ex-vereador de Natal, Dickson Nasser J\u00fanior, parece ter encontrado seu verdadeiro espa\u00e7o na pol\u00edtica. Longe do ritmo e dos embates do Legislativo, ele vive uma nova fase como assessor do prefeito Paulinho Freire \u2014 e os frutos dessa transi\u00e7\u00e3o j\u00e1 s\u00e3o vis\u00edveis para quem acompanha de perto o dia a dia da Prefeitura do [&hellip;]","og_url":"https:\/\/blogdobispo.com.br\/?p=5030","og_site_name":"Blog do Bispo","article_published_time":"2025-04-12T02:02:20+00:00","article_modified_time":"2025-04-12T02:30:48+00:00","og_image":[{"url":"https:\/\/blogdobispo.com.br\/wp-content\/uploads\/2025\/04\/629330c4-eea8-40a3-808c-831ed7618b03-1-1024x768.jpg","type":"","width":"","height":""}],"author":"Jefferson Sterfeno","twitter_card":"summary_large_image","twitter_misc":{"Escrito por":"Jefferson Sterfeno","Est. tempo de leitura":"1 minuto"},"schema":{"@context":"https:\/\/schema.org","@graph":[{"@type":"Article","@id":"https:\/\/blogdobispo.com.br\/?p=5030#article","isPartOf":{"@id":"https:\/\/blogdobispo.com.br\/?p=5030"},"author":{"name":"Jefferson Sterfeno","@id":"https:\/\/blogdobispo.com.br\/#\/schema\/person\/e2209cc0e6cea5c5233d033e997b373f"},"headline":"Dickson Nasser J\u00fanior encontra seu lugar: Nova fun\u00e7\u00e3o na Prefeitura fortalece di\u00e1logo e aproxima popula\u00e7\u00e3o do Executivo","datePublished":"2025-04-12T02:02:20+00:00","dateModified":"2025-04-12T02:30:48+00:00","mainEntityOfPage":{"@id":"https:\/\/blogdobispo.com.br\/?p=5030"},"wordCount":269,"commentCount":0,"publisher":{"@id":"https:\/\/blogdobispo.com.br\/#organization"},"image":{"@id":"https:\/\/blogdobispo.com.br\/?p=5030#primaryimage"},"thumbnailUrl":"https:\/\/blogdobispo.com.br\/wp-content\/uploads\/2025\/04\/629330c4-eea8-40a3-808c-831ed7618b03-1-1024x768.jpg","articleSection":["diversos"],"inLanguage":"pt-BR","potentialAction":[{"@type":"CommentAction","name":"Comment","target":["https:\/\/blogdobispo.com.br\/?p=5030#respond"]}]},{"@type":"WebPage","@id":"https:\/\/blogdobispo.com.br\/?p=5030","url":"https:\/\/blogdobispo.com.br\/?p=5030","name":"Dickson Nasser J\u00fanior encontra seu lugar: Nova fun\u00e7\u00e3o na Prefeitura fortalece di\u00e1logo e aproxima popula\u00e7\u00e3o do Executivo - Blog do Bispo","isPartOf":{"@id":"https:\/\/blogdobispo.com.br\/#website"},"primaryImageOfPage":{"@id":"https:\/\/blogdobispo.com.br\/?p=5030#primaryimage"},"image":{"@id":"https:\/\/blogdobispo.com.br\/?p=5030#primaryimage"},"thumbnailUrl":"https:\/\/blogdobispo.com.br\/wp-content\/uploads\/2025\/04\/629330c4-eea8-40a3-808c-831ed7618b03-1-1024x768.jpg","datePublished":"2025-04-12T02:02:20+00:00","dateModified":"2025-04-12T02:30:48+00:00","breadcrumb":{"@id":"https:\/\/blogdobispo.com.br\/?p=5030#breadcrumb"},"inLanguage":"pt-BR","potentialAction":[{"@type":"ReadAction","target":["https:\/\/blogdobispo.com.br\/?p=5030"]}]},{"@type":"ImageObject","inLanguage":"pt-BR","@id":"https:\/\/blogdobispo.com.br\/?p=5030#primaryimage","url":"https:\/\/blogdobispo.com.br\/wp-content\/uploads\/2025\/04\/629330c4-eea8-40a3-808c-831ed7618b03-1-1024x768.jpg","contentUrl":"https:\/\/blogdobispo.com.br\/wp-content\/uploads\/2025\/04\/629330c4-eea8-40a3-808c-831ed7618b03-1-1024x768.jpg"},{"@type":"BreadcrumbList","@id":"https:\/\/blogdobispo.com.br\/?p=5030#breadcrumb","itemListElement":[{"@type":"ListItem","position":1,"name":"In\u00edcio","item":"https:\/\/blogdobispo.com.br\/"},{"@type":"ListItem","position":2,"name":"Dickson Nasser J\u00fanior encontra seu lugar: Nova fun\u00e7\u00e3o na Prefeitura fortalece di\u00e1logo e aproxima popula\u00e7\u00e3o do Executivo"}]},{"@type":"WebSite","@id":"https:\/\/blogdobispo.com.br\/#website","url":"https:\/\/blogdobispo.com.br\/","name":"Blog do Bispo","description":"Comprometido apenas com o leitor","publisher":{"@id":"https:\/\/blogdobispo.com.br\/#organization"},"potentialAction":[{"@type":"SearchAction","target":{"@type":"EntryPoint","urlTemplate":"https:\/\/blogdobispo.com.br\/?s={search_term_string}"},"query-input":{"@type":"PropertyValueSpecification","valueRequired":true,"valueName":"search_term_string"}}],"inLanguage":"pt-BR"},{"@type":"Organization","@id":"https:\/\/blogdobispo.com.br\/#organization","name":"Blog do Bispo","url":"https:\/\/blogdobispo.com.br\/","logo":{"@type":"ImageObject","inLanguage":"pt-BR","@id":"https:\/\/blogdobispo.com.br\/#\/schema\/logo\/image\/","url":"http:\/\/blogdobispo.com.br\/wp-content\/uploads\/2023\/05\/cropped-headear.png","contentUrl":"http:\/\/blogdobispo.com.br\/wp-content\/uploads\/2023\/05\/cropped-headear.png","width":1500,"height":399,"caption":"Blog do Bispo"},"image":{"@id":"https:\/\/blogdobispo.com.br\/#\/schema\/logo\/image\/"}},{"@type":"Person","@id":"https:\/\/blogdobispo.com.br\/#\/schema\/person\/e2209cc0e6cea5c5233d033e997b373f","name":"Jefferson Sterfeno","image":{"@type":"ImageObject","inLanguage":"pt-BR","@id":"https:\/\/blogdobispo.com.br\/#\/schema\/person\/image\/","url":"https:\/\/secure.gravatar.com\/avatar\/0534e84764641168a677026b6d57a3f51dc7ac4db0b4f6186d9cb330d4ee1160?s=96&d=mm&r=g","contentUrl":"https:\/\/secure.gravatar.com\/avatar\/0534e84764641168a677026b6d57a3f51dc7ac4db0b4f6186d9cb330d4ee1160?s=96&d=mm&r=g","caption":"Jefferson Sterfeno"},"sameAs":["http:\/\/blogdobispo.com.br"],"url":"https:\/\/blogdobispo.com.br\/?author=1"}]}},"featured_image_urls":{"full":"","thumbnail":"","medium":"","medium_large":"","large":"","1536x1536":"","2048x2048":""},"author_info":{"display_name":"Jefferson Sterfeno","author_link":"https:\/\/blogdobispo.com.br\/?author=1"},"category_info":"<a href=\"https:\/\/blogdobispo.com.br\/?cat=1\" rel=\"category\">diversos<\/a>","tag_info":"diversos","comment_count":"0","jetpack_featured_media_url":"","jetpack_sharing_enabled":true,"_links":{"self":[{"href":"https:\/\/blogdobispo.com.br\/index.php?rest_route=\/wp\/v2\/posts\/5030","targetHints":{"allow":["GET"]}}],"collection":[{"href":"https:\/\/blogdobispo.com.br\/index.php?rest_route=\/wp\/v2\/posts"}],"about":[{"href":"https:\/\/blogdobispo.com.br\/index.php?rest_route=\/wp\/v2\/types\/post"}],"author":[{"embeddable":true,"href":"https:\/\/blogdobispo.com.br\/index.php?rest_route=\/wp\/v2\/users\/1"}],"replies":[{"embeddable":true,"href":"https:\/\/blogdobispo.com.br\/index.php?rest_route=%2Fwp%2Fv2%2Fcomments&post=5030"}],"version-history":[{"count":2,"href":"https:\/\/blogdobispo.com.br\/index.php?rest_route=\/wp\/v2\/posts\/5030\/revisions"}],"predecessor-version":[{"id":5033,"href":"https:\/\/blogdobispo.com.br\/index.php?rest_route=\/wp\/v2\/posts\/5030\/revisions\/5033"}],"wp:attachment":[{"href":"https:\/\/blogdobispo.com.br\/index.php?rest_route=%2Fwp%2Fv2%2Fmedia&parent=5030"}],"wp:term":[{"taxonomy":"category","embeddable":true,"href":"https:\/\/blogdobispo.com.br\/index.php?rest_route=%2Fwp%2Fv2%2Fcategories&post=5030"},{"taxonomy":"post_tag","embeddable":true,"href":"https:\/\/blogdobispo.com.br\/index.php?rest_route=%2Fwp%2Fv2%2Ftags&post=5030"}],"curies":[{"name":"wp","href":"https:\/\/api.w.org\/{rel}","templated":true}]}}