{"id":5022,"date":"2025-04-11T22:07:12","date_gmt":"2025-04-11T22:07:12","guid":{"rendered":"https:\/\/blogdobispo.com.br\/?p=5022"},"modified":"2025-04-11T22:10:05","modified_gmt":"2025-04-11T22:10:05","slug":"jornalistas-que-se-apequenaram-no-dia-de-hoje","status":"publish","type":"post","link":"https:\/\/blogdobispo.com.br\/?p=5022","title":{"rendered":"Jornalistas que se apequenaram no dia de hoje"},"content":{"rendered":"\n<p>Alguns jornalistas em especial do RN sa\u00edram menores no dia de hoje, tudo pela forma como trataram o estado de sa\u00fade do ex-presidente Jair Bolsonaro. Deixaram o jornalismo de lado e viraram radicais em busca da lacra\u00e7\u00e3o, deixando os sentimentos mais perversos e nefastos sobressa\u00edrem.<\/p>\n\n\n\n<figure class=\"wp-block-image size-large\"><img data-recalc-dims=\"1\" fetchpriority=\"high\" decoding=\"async\" width=\"700\" height=\"467\" src=\"https:\/\/i0.wp.com\/blogdobispo.com.br\/wp-content\/uploads\/2025\/04\/img_3762.jpg?resize=700%2C467&#038;ssl=1\" alt=\"\" class=\"wp-image-5021\" srcset=\"https:\/\/i0.wp.com\/blogdobispo.com.br\/wp-content\/uploads\/2025\/04\/img_3762.jpg?w=700&amp;ssl=1 700w, https:\/\/i0.wp.com\/blogdobispo.com.br\/wp-content\/uploads\/2025\/04\/img_3762.jpg?resize=300%2C200&amp;ssl=1 300w\" sizes=\"(max-width: 700px) 100vw, 700px\" \/><\/figure>\n\n\n\n<p class=\"p1\">O jornalismo, enquanto pilar da democracia, deve se pautar pela responsabilidade, imparcialidade e respeito \u00e0 dignidade humana \u2014 mesmo diante de figuras p\u00fablicas que geram fortes rea\u00e7\u00f5es, como o ex-presidente Jair Bolsonaro. No entanto, alguns epis\u00f3dios envolvendo profissionais da imprensa revelam um preocupante desvio desses princ\u00edpios, sobretudo quando se trata de manifesta\u00e7\u00f5es que zombam do estado de sa\u00fade do ex-mandat\u00e1rio.<\/p>\n\n\n\n<p class=\"p1\">Fazer piada ou demonstrar esc\u00e1rnio diante de problemas de sa\u00fade de qualquer ser humano, independentemente de suas posi\u00e7\u00f5es pol\u00edticas, \u00e9 mais do que uma afronta \u00e9tica: \u00e9 um sinal de desumaniza\u00e7\u00e3o. Quando jornalistas \u2014 profissionais que t\u00eam o poder de formar opini\u00e3o e influenciar o debate p\u00fablico \u2014 se permitem esse tipo de comportamento, colocam em risco a credibilidade da imprensa e contribuem para a polariza\u00e7\u00e3o t\u00f3xica que tanto afeta o pa\u00eds.<\/p>\n\n\n\n<p class=\"p1\">Criticar atos e decis\u00f5es pol\u00edticas faz parte do papel do jornalismo. Mas rir da dor ou sofrimento f\u00edsico de algu\u00e9m, mesmo que esse algu\u00e9m tenha sido uma figura pol\u00eamica ou divisiva, \u00e9 um erro grave que enfraquece o pr\u00f3prio discurso democr\u00e1tico que muitos desses jornalistas dizem defender. \u00c9 uma invers\u00e3o de valores que desumaniza o outro em nome de uma suposta \u201cjusti\u00e7a po\u00e9tica\u201d, quando na verdade apenas revela a falta de empatia e o desprezo pela \u00e9tica profissional.<\/p>\n\n\n\n<p class=\"p1\">\u00c9 preciso lembrar: a imprensa \u00e9 forte n\u00e3o quando ataca com ironias desnecess\u00e1rias, mas quando denuncia com fatos, com profundidade, com seriedade. Zombar da sa\u00fade de Bolsonaro n\u00e3o \u00e9 sinal de coragem, nem de senso cr\u00edtico \u2014 \u00e9 apenas um reflexo do quanto o debate p\u00fablico tem se tornado ref\u00e9m das paix\u00f5es e do ressentimento.<\/p>\n","protected":false},"excerpt":{"rendered":"<p>Alguns jornalistas em especial do RN sa\u00edram menores no dia de hoje, tudo pela forma como trataram o estado de sa\u00fade do ex-presidente Jair Bolsonaro. Deixaram o jornalismo de lado e viraram radicais em busca da lacra\u00e7\u00e3o, deixando os sentimentos mais perversos e nefastos sobressa\u00edrem. O jornalismo, enquanto pilar da democracia, deve se pautar pela [&hellip;]<\/p>\n","protected":false},"author":1,"featured_media":0,"comment_status":"open","ping_status":"open","sticky":false,"template":"","format":"standard","meta":{"cybocfi_hide_featured_image":"","_jetpack_memberships_contains_paid_content":false,"footnotes":""},"categories":[1],"tags":[],"class_list":["post-5022","post","type-post","status-publish","format-standard","hentry","category-diversos"],"yoast_head":"<!-- This site is optimized with the Yoast SEO plugin v25.6 - https:\/\/yoast.com\/wordpress\/plugins\/seo\/ -->\n<title>Jornalistas que se apequenaram no dia de hoje - Blog do Bispo<\/title>\n<meta name=\"robots\" content=\"index, follow, max-snippet:-1, max-image-preview:large, max-video-preview:-1\" \/>\n<link rel=\"canonical\" href=\"https:\/\/blogdobispo.com.br\/?p=5022\" \/>\n<meta property=\"og:locale\" content=\"pt_BR\" \/>\n<meta property=\"og:type\" content=\"article\" \/>\n<meta property=\"og:title\" content=\"Jornalistas que se apequenaram no dia de hoje - Blog do Bispo\" \/>\n<meta property=\"og:description\" content=\"Alguns jornalistas em especial do RN sa\u00edram menores no dia de hoje, tudo pela forma como trataram o estado de sa\u00fade do ex-presidente Jair Bolsonaro. Deixaram o jornalismo de lado e viraram radicais em busca da lacra\u00e7\u00e3o, deixando os sentimentos mais perversos e nefastos sobressa\u00edrem. O jornalismo, enquanto pilar da democracia, deve se pautar pela [&hellip;]\" \/>\n<meta property=\"og:url\" content=\"https:\/\/blogdobispo.com.br\/?p=5022\" \/>\n<meta property=\"og:site_name\" content=\"Blog do Bispo\" \/>\n<meta property=\"article:published_time\" content=\"2025-04-11T22:07:12+00:00\" \/>\n<meta property=\"article:modified_time\" content=\"2025-04-11T22:10:05+00:00\" \/>\n<meta property=\"og:image\" content=\"https:\/\/blogdobispo.com.br\/wp-content\/uploads\/2025\/04\/img_3762.jpg\" \/>\n<meta name=\"author\" content=\"Jefferson Sterfeno\" \/>\n<meta name=\"twitter:card\" content=\"summary_large_image\" \/>\n<meta name=\"twitter:label1\" content=\"Escrito por\" \/>\n\t<meta name=\"twitter:data1\" content=\"Jefferson Sterfeno\" \/>\n\t<meta name=\"twitter:label2\" content=\"Est. tempo de leitura\" \/>\n\t<meta name=\"twitter:data2\" content=\"2 minutos\" \/>\n<script type=\"application\/ld+json\" class=\"yoast-schema-graph\">{\"@context\":\"https:\/\/schema.org\",\"@graph\":[{\"@type\":\"Article\",\"@id\":\"https:\/\/blogdobispo.com.br\/?p=5022#article\",\"isPartOf\":{\"@id\":\"https:\/\/blogdobispo.com.br\/?p=5022\"},\"author\":{\"name\":\"Jefferson Sterfeno\",\"@id\":\"https:\/\/blogdobispo.com.br\/#\/schema\/person\/e2209cc0e6cea5c5233d033e997b373f\"},\"headline\":\"Jornalistas que se apequenaram no dia de hoje\",\"datePublished\":\"2025-04-11T22:07:12+00:00\",\"dateModified\":\"2025-04-11T22:10:05+00:00\",\"mainEntityOfPage\":{\"@id\":\"https:\/\/blogdobispo.com.br\/?p=5022\"},\"wordCount\":346,\"commentCount\":0,\"publisher\":{\"@id\":\"https:\/\/blogdobispo.com.br\/#organization\"},\"image\":{\"@id\":\"https:\/\/blogdobispo.com.br\/?p=5022#primaryimage\"},\"thumbnailUrl\":\"https:\/\/blogdobispo.com.br\/wp-content\/uploads\/2025\/04\/img_3762.jpg\",\"articleSection\":[\"diversos\"],\"inLanguage\":\"pt-BR\",\"potentialAction\":[{\"@type\":\"CommentAction\",\"name\":\"Comment\",\"target\":[\"https:\/\/blogdobispo.com.br\/?p=5022#respond\"]}]},{\"@type\":\"WebPage\",\"@id\":\"https:\/\/blogdobispo.com.br\/?p=5022\",\"url\":\"https:\/\/blogdobispo.com.br\/?p=5022\",\"name\":\"Jornalistas que se apequenaram no dia de hoje - Blog do Bispo\",\"isPartOf\":{\"@id\":\"https:\/\/blogdobispo.com.br\/#website\"},\"primaryImageOfPage\":{\"@id\":\"https:\/\/blogdobispo.com.br\/?p=5022#primaryimage\"},\"image\":{\"@id\":\"https:\/\/blogdobispo.com.br\/?p=5022#primaryimage\"},\"thumbnailUrl\":\"https:\/\/blogdobispo.com.br\/wp-content\/uploads\/2025\/04\/img_3762.jpg\",\"datePublished\":\"2025-04-11T22:07:12+00:00\",\"dateModified\":\"2025-04-11T22:10:05+00:00\",\"breadcrumb\":{\"@id\":\"https:\/\/blogdobispo.com.br\/?p=5022#breadcrumb\"},\"inLanguage\":\"pt-BR\",\"potentialAction\":[{\"@type\":\"ReadAction\",\"target\":[\"https:\/\/blogdobispo.com.br\/?p=5022\"]}]},{\"@type\":\"ImageObject\",\"inLanguage\":\"pt-BR\",\"@id\":\"https:\/\/blogdobispo.com.br\/?p=5022#primaryimage\",\"url\":\"https:\/\/blogdobispo.com.br\/wp-content\/uploads\/2025\/04\/img_3762.jpg\",\"contentUrl\":\"https:\/\/blogdobispo.com.br\/wp-content\/uploads\/2025\/04\/img_3762.jpg\"},{\"@type\":\"BreadcrumbList\",\"@id\":\"https:\/\/blogdobispo.com.br\/?p=5022#breadcrumb\",\"itemListElement\":[{\"@type\":\"ListItem\",\"position\":1,\"name\":\"In\u00edcio\",\"item\":\"https:\/\/blogdobispo.com.br\/\"},{\"@type\":\"ListItem\",\"position\":2,\"name\":\"Jornalistas que se apequenaram no dia de hoje\"}]},{\"@type\":\"WebSite\",\"@id\":\"https:\/\/blogdobispo.com.br\/#website\",\"url\":\"https:\/\/blogdobispo.com.br\/\",\"name\":\"Blog do Bispo\",\"description\":\"Comprometido apenas com o leitor\",\"publisher\":{\"@id\":\"https:\/\/blogdobispo.com.br\/#organization\"},\"potentialAction\":[{\"@type\":\"SearchAction\",\"target\":{\"@type\":\"EntryPoint\",\"urlTemplate\":\"https:\/\/blogdobispo.com.br\/?s={search_term_string}\"},\"query-input\":{\"@type\":\"PropertyValueSpecification\",\"valueRequired\":true,\"valueName\":\"search_term_string\"}}],\"inLanguage\":\"pt-BR\"},{\"@type\":\"Organization\",\"@id\":\"https:\/\/blogdobispo.com.br\/#organization\",\"name\":\"Blog do Bispo\",\"url\":\"https:\/\/blogdobispo.com.br\/\",\"logo\":{\"@type\":\"ImageObject\",\"inLanguage\":\"pt-BR\",\"@id\":\"https:\/\/blogdobispo.com.br\/#\/schema\/logo\/image\/\",\"url\":\"http:\/\/blogdobispo.com.br\/wp-content\/uploads\/2023\/05\/cropped-headear.png\",\"contentUrl\":\"http:\/\/blogdobispo.com.br\/wp-content\/uploads\/2023\/05\/cropped-headear.png\",\"width\":1500,\"height\":399,\"caption\":\"Blog do Bispo\"},\"image\":{\"@id\":\"https:\/\/blogdobispo.com.br\/#\/schema\/logo\/image\/\"}},{\"@type\":\"Person\",\"@id\":\"https:\/\/blogdobispo.com.br\/#\/schema\/person\/e2209cc0e6cea5c5233d033e997b373f\",\"name\":\"Jefferson Sterfeno\",\"image\":{\"@type\":\"ImageObject\",\"inLanguage\":\"pt-BR\",\"@id\":\"https:\/\/blogdobispo.com.br\/#\/schema\/person\/image\/\",\"url\":\"https:\/\/secure.gravatar.com\/avatar\/0534e84764641168a677026b6d57a3f51dc7ac4db0b4f6186d9cb330d4ee1160?s=96&d=mm&r=g\",\"contentUrl\":\"https:\/\/secure.gravatar.com\/avatar\/0534e84764641168a677026b6d57a3f51dc7ac4db0b4f6186d9cb330d4ee1160?s=96&d=mm&r=g\",\"caption\":\"Jefferson Sterfeno\"},\"sameAs\":[\"http:\/\/blogdobispo.com.br\"],\"url\":\"https:\/\/blogdobispo.com.br\/?author=1\"}]}<\/script>\n<!-- \/ Yoast SEO plugin. -->","yoast_head_json":{"title":"Jornalistas que se apequenaram no dia de hoje - Blog do Bispo","robots":{"index":"index","follow":"follow","max-snippet":"max-snippet:-1","max-image-preview":"max-image-preview:large","max-video-preview":"max-video-preview:-1"},"canonical":"https:\/\/blogdobispo.com.br\/?p=5022","og_locale":"pt_BR","og_type":"article","og_title":"Jornalistas que se apequenaram no dia de hoje - Blog do Bispo","og_description":"Alguns jornalistas em especial do RN sa\u00edram menores no dia de hoje, tudo pela forma como trataram o estado de sa\u00fade do ex-presidente Jair Bolsonaro. Deixaram o jornalismo de lado e viraram radicais em busca da lacra\u00e7\u00e3o, deixando os sentimentos mais perversos e nefastos sobressa\u00edrem. O jornalismo, enquanto pilar da democracia, deve se pautar pela [&hellip;]","og_url":"https:\/\/blogdobispo.com.br\/?p=5022","og_site_name":"Blog do Bispo","article_published_time":"2025-04-11T22:07:12+00:00","article_modified_time":"2025-04-11T22:10:05+00:00","og_image":[{"url":"https:\/\/blogdobispo.com.br\/wp-content\/uploads\/2025\/04\/img_3762.jpg","type":"","width":"","height":""}],"author":"Jefferson Sterfeno","twitter_card":"summary_large_image","twitter_misc":{"Escrito por":"Jefferson Sterfeno","Est. tempo de leitura":"2 minutos"},"schema":{"@context":"https:\/\/schema.org","@graph":[{"@type":"Article","@id":"https:\/\/blogdobispo.com.br\/?p=5022#article","isPartOf":{"@id":"https:\/\/blogdobispo.com.br\/?p=5022"},"author":{"name":"Jefferson Sterfeno","@id":"https:\/\/blogdobispo.com.br\/#\/schema\/person\/e2209cc0e6cea5c5233d033e997b373f"},"headline":"Jornalistas que se apequenaram no dia de hoje","datePublished":"2025-04-11T22:07:12+00:00","dateModified":"2025-04-11T22:10:05+00:00","mainEntityOfPage":{"@id":"https:\/\/blogdobispo.com.br\/?p=5022"},"wordCount":346,"commentCount":0,"publisher":{"@id":"https:\/\/blogdobispo.com.br\/#organization"},"image":{"@id":"https:\/\/blogdobispo.com.br\/?p=5022#primaryimage"},"thumbnailUrl":"https:\/\/blogdobispo.com.br\/wp-content\/uploads\/2025\/04\/img_3762.jpg","articleSection":["diversos"],"inLanguage":"pt-BR","potentialAction":[{"@type":"CommentAction","name":"Comment","target":["https:\/\/blogdobispo.com.br\/?p=5022#respond"]}]},{"@type":"WebPage","@id":"https:\/\/blogdobispo.com.br\/?p=5022","url":"https:\/\/blogdobispo.com.br\/?p=5022","name":"Jornalistas que se apequenaram no dia de hoje - Blog do Bispo","isPartOf":{"@id":"https:\/\/blogdobispo.com.br\/#website"},"primaryImageOfPage":{"@id":"https:\/\/blogdobispo.com.br\/?p=5022#primaryimage"},"image":{"@id":"https:\/\/blogdobispo.com.br\/?p=5022#primaryimage"},"thumbnailUrl":"https:\/\/blogdobispo.com.br\/wp-content\/uploads\/2025\/04\/img_3762.jpg","datePublished":"2025-04-11T22:07:12+00:00","dateModified":"2025-04-11T22:10:05+00:00","breadcrumb":{"@id":"https:\/\/blogdobispo.com.br\/?p=5022#breadcrumb"},"inLanguage":"pt-BR","potentialAction":[{"@type":"ReadAction","target":["https:\/\/blogdobispo.com.br\/?p=5022"]}]},{"@type":"ImageObject","inLanguage":"pt-BR","@id":"https:\/\/blogdobispo.com.br\/?p=5022#primaryimage","url":"https:\/\/blogdobispo.com.br\/wp-content\/uploads\/2025\/04\/img_3762.jpg","contentUrl":"https:\/\/blogdobispo.com.br\/wp-content\/uploads\/2025\/04\/img_3762.jpg"},{"@type":"BreadcrumbList","@id":"https:\/\/blogdobispo.com.br\/?p=5022#breadcrumb","itemListElement":[{"@type":"ListItem","position":1,"name":"In\u00edcio","item":"https:\/\/blogdobispo.com.br\/"},{"@type":"ListItem","position":2,"name":"Jornalistas que se apequenaram no dia de hoje"}]},{"@type":"WebSite","@id":"https:\/\/blogdobispo.com.br\/#website","url":"https:\/\/blogdobispo.com.br\/","name":"Blog do Bispo","description":"Comprometido apenas com o leitor","publisher":{"@id":"https:\/\/blogdobispo.com.br\/#organization"},"potentialAction":[{"@type":"SearchAction","target":{"@type":"EntryPoint","urlTemplate":"https:\/\/blogdobispo.com.br\/?s={search_term_string}"},"query-input":{"@type":"PropertyValueSpecification","valueRequired":true,"valueName":"search_term_string"}}],"inLanguage":"pt-BR"},{"@type":"Organization","@id":"https:\/\/blogdobispo.com.br\/#organization","name":"Blog do Bispo","url":"https:\/\/blogdobispo.com.br\/","logo":{"@type":"ImageObject","inLanguage":"pt-BR","@id":"https:\/\/blogdobispo.com.br\/#\/schema\/logo\/image\/","url":"http:\/\/blogdobispo.com.br\/wp-content\/uploads\/2023\/05\/cropped-headear.png","contentUrl":"http:\/\/blogdobispo.com.br\/wp-content\/uploads\/2023\/05\/cropped-headear.png","width":1500,"height":399,"caption":"Blog do Bispo"},"image":{"@id":"https:\/\/blogdobispo.com.br\/#\/schema\/logo\/image\/"}},{"@type":"Person","@id":"https:\/\/blogdobispo.com.br\/#\/schema\/person\/e2209cc0e6cea5c5233d033e997b373f","name":"Jefferson Sterfeno","image":{"@type":"ImageObject","inLanguage":"pt-BR","@id":"https:\/\/blogdobispo.com.br\/#\/schema\/person\/image\/","url":"https:\/\/secure.gravatar.com\/avatar\/0534e84764641168a677026b6d57a3f51dc7ac4db0b4f6186d9cb330d4ee1160?s=96&d=mm&r=g","contentUrl":"https:\/\/secure.gravatar.com\/avatar\/0534e84764641168a677026b6d57a3f51dc7ac4db0b4f6186d9cb330d4ee1160?s=96&d=mm&r=g","caption":"Jefferson Sterfeno"},"sameAs":["http:\/\/blogdobispo.com.br"],"url":"https:\/\/blogdobispo.com.br\/?author=1"}]}},"featured_image_urls":{"full":"","thumbnail":"","medium":"","medium_large":"","large":"","1536x1536":"","2048x2048":""},"author_info":{"display_name":"Jefferson Sterfeno","author_link":"https:\/\/blogdobispo.com.br\/?author=1"},"category_info":"<a href=\"https:\/\/blogdobispo.com.br\/?cat=1\" rel=\"category\">diversos<\/a>","tag_info":"diversos","comment_count":"0","jetpack_featured_media_url":"","jetpack_sharing_enabled":true,"_links":{"self":[{"href":"https:\/\/blogdobispo.com.br\/index.php?rest_route=\/wp\/v2\/posts\/5022","targetHints":{"allow":["GET"]}}],"collection":[{"href":"https:\/\/blogdobispo.com.br\/index.php?rest_route=\/wp\/v2\/posts"}],"about":[{"href":"https:\/\/blogdobispo.com.br\/index.php?rest_route=\/wp\/v2\/types\/post"}],"author":[{"embeddable":true,"href":"https:\/\/blogdobispo.com.br\/index.php?rest_route=\/wp\/v2\/users\/1"}],"replies":[{"embeddable":true,"href":"https:\/\/blogdobispo.com.br\/index.php?rest_route=%2Fwp%2Fv2%2Fcomments&post=5022"}],"version-history":[{"count":1,"href":"https:\/\/blogdobispo.com.br\/index.php?rest_route=\/wp\/v2\/posts\/5022\/revisions"}],"predecessor-version":[{"id":5023,"href":"https:\/\/blogdobispo.com.br\/index.php?rest_route=\/wp\/v2\/posts\/5022\/revisions\/5023"}],"wp:attachment":[{"href":"https:\/\/blogdobispo.com.br\/index.php?rest_route=%2Fwp%2Fv2%2Fmedia&parent=5022"}],"wp:term":[{"taxonomy":"category","embeddable":true,"href":"https:\/\/blogdobispo.com.br\/index.php?rest_route=%2Fwp%2Fv2%2Fcategories&post=5022"},{"taxonomy":"post_tag","embeddable":true,"href":"https:\/\/blogdobispo.com.br\/index.php?rest_route=%2Fwp%2Fv2%2Ftags&post=5022"}],"curies":[{"name":"wp","href":"https:\/\/api.w.org\/{rel}","templated":true}]}}