{"id":5016,"date":"2025-04-11T21:56:44","date_gmt":"2025-04-11T21:56:44","guid":{"rendered":"https:\/\/blogdobispo.com.br\/?p=5016"},"modified":"2025-04-11T21:56:44","modified_gmt":"2025-04-11T21:56:44","slug":"bola-fora-diferente-da-governadora-fatima-que-teve-um-gesto-plausivel-em-relacao-ao-problema-de-saude-de-bolsonaro-isolda-debocha-da-internacao-do-ex-presidente","status":"publish","type":"post","link":"https:\/\/blogdobispo.com.br\/?p=5016","title":{"rendered":"BOLA FORA: DIFERENTE DA GOVERNADORA F\u00c1TIMA QUE TEVE UM GESTO PLAUS\u00cdVEL EM RELA\u00c7\u00c3O AO PROBLEMA DE SA\u00daDE DE BOLSONARO ISOLDA DEBOCHA DA INTERNA\u00c7\u00c3O DO EX PRESIDENTE"},"content":{"rendered":"\n<p>A deputada estadual&nbsp;<strong>Isolda Dantas<\/strong>&nbsp;(PT) usou suas redes sociais para fazer goza\u00e7\u00e3o da interna\u00e7\u00e3o do ex-presidente Jair Bolsonaro, atribuindo a causa do mal-estar \u00e0 publica\u00e7\u00e3o do ac\u00f3rd\u00e3o do Supremo Tribunal Federal (STF) que o tornou r\u00e9u. A insinua\u00e7\u00e3o n\u00e3o apenas \u00e9 de extremo mau gosto, como tamb\u00e9m \u00e9 uma mentira.<\/p>\n\n\n\n<p>Bolsonaro foi internado devido a complica\u00e7\u00f5es de uma facada sofrida em 2018, durante a campanha presidencial, em um atentado cometido por um militante de esquerda. Desde ent\u00e3o, o ex-presidente j\u00e1 passou por diversas cirurgias e interna\u00e7\u00f5es decorrentes do ataque, que deixou sequelas permanentes.<\/p>\n\n\n\n<p>A tentativa da deputada petista de transformar um problema de sa\u00fade s\u00e9rio em piada pol\u00edtica ultrapassa todos os limites do decoro e do respeito humano. Mais do que uma provoca\u00e7\u00e3o ideol\u00f3gica, trata-se de um comportamento imoral \u2014 indigno do cargo que ocupa.<\/p>\n\n\n\n<p>Fonte Robson Pires<\/p>\n\n\n\n<p>T\u00edtulo Blog do p\u00e1ssaro.<\/p>\n\n\n\n<figure class=\"wp-block-image size-large\"><img data-recalc-dims=\"1\" fetchpriority=\"high\" decoding=\"async\" width=\"396\" height=\"477\" src=\"https:\/\/i0.wp.com\/blogdobispo.com.br\/wp-content\/uploads\/2025\/04\/img_3759-1.png?resize=396%2C477&#038;ssl=1\" class=\"wp-image-5015\" srcset=\"https:\/\/i0.wp.com\/blogdobispo.com.br\/wp-content\/uploads\/2025\/04\/img_3759-1.png?w=396&amp;ssl=1 396w, https:\/\/i0.wp.com\/blogdobispo.com.br\/wp-content\/uploads\/2025\/04\/img_3759-1.png?resize=249%2C300&amp;ssl=1 249w\" sizes=\"(max-width: 396px) 100vw, 396px\" \/><\/figure>\n","protected":false},"excerpt":{"rendered":"<p>A deputada estadual&nbsp;Isolda Dantas&nbsp;(PT) usou suas redes sociais para fazer goza\u00e7\u00e3o da interna\u00e7\u00e3o do ex-presidente Jair Bolsonaro, atribuindo a causa do mal-estar \u00e0 publica\u00e7\u00e3o do ac\u00f3rd\u00e3o do Supremo Tribunal Federal (STF) que o tornou r\u00e9u. A insinua\u00e7\u00e3o n\u00e3o apenas \u00e9 de extremo mau gosto, como tamb\u00e9m \u00e9 uma mentira. Bolsonaro foi internado devido a complica\u00e7\u00f5es [&hellip;]<\/p>\n","protected":false},"author":1,"featured_media":0,"comment_status":"open","ping_status":"open","sticky":false,"template":"","format":"standard","meta":{"cybocfi_hide_featured_image":"","_jetpack_memberships_contains_paid_content":false,"footnotes":""},"categories":[1],"tags":[],"class_list":["post-5016","post","type-post","status-publish","format-standard","hentry","category-diversos"],"yoast_head":"<!-- This site is optimized with the Yoast SEO plugin v25.6 - https:\/\/yoast.com\/wordpress\/plugins\/seo\/ -->\n<title>BOLA FORA: DIFERENTE DA GOVERNADORA F\u00c1TIMA QUE TEVE UM GESTO PLAUS\u00cdVEL EM RELA\u00c7\u00c3O AO PROBLEMA DE SA\u00daDE DE BOLSONARO ISOLDA DEBOCHA DA INTERNA\u00c7\u00c3O DO EX PRESIDENTE - Blog do Bispo<\/title>\n<meta name=\"robots\" content=\"index, follow, max-snippet:-1, max-image-preview:large, max-video-preview:-1\" \/>\n<link rel=\"canonical\" href=\"https:\/\/blogdobispo.com.br\/?p=5016\" \/>\n<meta property=\"og:locale\" content=\"pt_BR\" \/>\n<meta property=\"og:type\" content=\"article\" \/>\n<meta property=\"og:title\" content=\"BOLA FORA: DIFERENTE DA GOVERNADORA F\u00c1TIMA QUE TEVE UM GESTO PLAUS\u00cdVEL EM RELA\u00c7\u00c3O AO PROBLEMA DE SA\u00daDE DE BOLSONARO ISOLDA DEBOCHA DA INTERNA\u00c7\u00c3O DO EX PRESIDENTE - Blog do Bispo\" \/>\n<meta property=\"og:description\" content=\"A deputada estadual&nbsp;Isolda Dantas&nbsp;(PT) usou suas redes sociais para fazer goza\u00e7\u00e3o da interna\u00e7\u00e3o do ex-presidente Jair Bolsonaro, atribuindo a causa do mal-estar \u00e0 publica\u00e7\u00e3o do ac\u00f3rd\u00e3o do Supremo Tribunal Federal (STF) que o tornou r\u00e9u. A insinua\u00e7\u00e3o n\u00e3o apenas \u00e9 de extremo mau gosto, como tamb\u00e9m \u00e9 uma mentira. Bolsonaro foi internado devido a complica\u00e7\u00f5es [&hellip;]\" \/>\n<meta property=\"og:url\" content=\"https:\/\/blogdobispo.com.br\/?p=5016\" \/>\n<meta property=\"og:site_name\" content=\"Blog do Bispo\" \/>\n<meta property=\"article:published_time\" content=\"2025-04-11T21:56:44+00:00\" \/>\n<meta property=\"og:image\" content=\"https:\/\/blogdobispo.com.br\/wp-content\/uploads\/2025\/04\/img_3759-1.png\" \/>\n<meta name=\"author\" content=\"Jefferson Sterfeno\" \/>\n<meta name=\"twitter:card\" content=\"summary_large_image\" \/>\n<meta name=\"twitter:label1\" content=\"Escrito por\" \/>\n\t<meta name=\"twitter:data1\" content=\"Jefferson Sterfeno\" \/>\n\t<meta name=\"twitter:label2\" content=\"Est. tempo de leitura\" \/>\n\t<meta name=\"twitter:data2\" content=\"1 minuto\" \/>\n<script type=\"application\/ld+json\" class=\"yoast-schema-graph\">{\"@context\":\"https:\/\/schema.org\",\"@graph\":[{\"@type\":\"Article\",\"@id\":\"https:\/\/blogdobispo.com.br\/?p=5016#article\",\"isPartOf\":{\"@id\":\"https:\/\/blogdobispo.com.br\/?p=5016\"},\"author\":{\"name\":\"Jefferson Sterfeno\",\"@id\":\"https:\/\/blogdobispo.com.br\/#\/schema\/person\/e2209cc0e6cea5c5233d033e997b373f\"},\"headline\":\"BOLA FORA: DIFERENTE DA GOVERNADORA F\u00c1TIMA QUE TEVE UM GESTO PLAUS\u00cdVEL EM RELA\u00c7\u00c3O AO PROBLEMA DE SA\u00daDE DE BOLSONARO ISOLDA DEBOCHA DA INTERNA\u00c7\u00c3O DO EX PRESIDENTE\",\"datePublished\":\"2025-04-11T21:56:44+00:00\",\"mainEntityOfPage\":{\"@id\":\"https:\/\/blogdobispo.com.br\/?p=5016\"},\"wordCount\":190,\"commentCount\":0,\"publisher\":{\"@id\":\"https:\/\/blogdobispo.com.br\/#organization\"},\"image\":{\"@id\":\"https:\/\/blogdobispo.com.br\/?p=5016#primaryimage\"},\"thumbnailUrl\":\"https:\/\/blogdobispo.com.br\/wp-content\/uploads\/2025\/04\/img_3759-1.png\",\"articleSection\":[\"diversos\"],\"inLanguage\":\"pt-BR\",\"potentialAction\":[{\"@type\":\"CommentAction\",\"name\":\"Comment\",\"target\":[\"https:\/\/blogdobispo.com.br\/?p=5016#respond\"]}]},{\"@type\":\"WebPage\",\"@id\":\"https:\/\/blogdobispo.com.br\/?p=5016\",\"url\":\"https:\/\/blogdobispo.com.br\/?p=5016\",\"name\":\"BOLA FORA: DIFERENTE DA GOVERNADORA F\u00c1TIMA QUE TEVE UM GESTO PLAUS\u00cdVEL EM RELA\u00c7\u00c3O AO PROBLEMA DE SA\u00daDE DE BOLSONARO ISOLDA DEBOCHA DA INTERNA\u00c7\u00c3O DO EX PRESIDENTE - Blog do Bispo\",\"isPartOf\":{\"@id\":\"https:\/\/blogdobispo.com.br\/#website\"},\"primaryImageOfPage\":{\"@id\":\"https:\/\/blogdobispo.com.br\/?p=5016#primaryimage\"},\"image\":{\"@id\":\"https:\/\/blogdobispo.com.br\/?p=5016#primaryimage\"},\"thumbnailUrl\":\"https:\/\/blogdobispo.com.br\/wp-content\/uploads\/2025\/04\/img_3759-1.png\",\"datePublished\":\"2025-04-11T21:56:44+00:00\",\"breadcrumb\":{\"@id\":\"https:\/\/blogdobispo.com.br\/?p=5016#breadcrumb\"},\"inLanguage\":\"pt-BR\",\"potentialAction\":[{\"@type\":\"ReadAction\",\"target\":[\"https:\/\/blogdobispo.com.br\/?p=5016\"]}]},{\"@type\":\"ImageObject\",\"inLanguage\":\"pt-BR\",\"@id\":\"https:\/\/blogdobispo.com.br\/?p=5016#primaryimage\",\"url\":\"https:\/\/blogdobispo.com.br\/wp-content\/uploads\/2025\/04\/img_3759-1.png\",\"contentUrl\":\"https:\/\/blogdobispo.com.br\/wp-content\/uploads\/2025\/04\/img_3759-1.png\"},{\"@type\":\"BreadcrumbList\",\"@id\":\"https:\/\/blogdobispo.com.br\/?p=5016#breadcrumb\",\"itemListElement\":[{\"@type\":\"ListItem\",\"position\":1,\"name\":\"In\u00edcio\",\"item\":\"https:\/\/blogdobispo.com.br\/\"},{\"@type\":\"ListItem\",\"position\":2,\"name\":\"BOLA FORA: DIFERENTE DA GOVERNADORA F\u00c1TIMA QUE TEVE UM GESTO PLAUS\u00cdVEL EM RELA\u00c7\u00c3O AO PROBLEMA DE SA\u00daDE DE BOLSONARO ISOLDA DEBOCHA DA INTERNA\u00c7\u00c3O DO EX PRESIDENTE\"}]},{\"@type\":\"WebSite\",\"@id\":\"https:\/\/blogdobispo.com.br\/#website\",\"url\":\"https:\/\/blogdobispo.com.br\/\",\"name\":\"Blog do Bispo\",\"description\":\"Comprometido apenas com o leitor\",\"publisher\":{\"@id\":\"https:\/\/blogdobispo.com.br\/#organization\"},\"potentialAction\":[{\"@type\":\"SearchAction\",\"target\":{\"@type\":\"EntryPoint\",\"urlTemplate\":\"https:\/\/blogdobispo.com.br\/?s={search_term_string}\"},\"query-input\":{\"@type\":\"PropertyValueSpecification\",\"valueRequired\":true,\"valueName\":\"search_term_string\"}}],\"inLanguage\":\"pt-BR\"},{\"@type\":\"Organization\",\"@id\":\"https:\/\/blogdobispo.com.br\/#organization\",\"name\":\"Blog do Bispo\",\"url\":\"https:\/\/blogdobispo.com.br\/\",\"logo\":{\"@type\":\"ImageObject\",\"inLanguage\":\"pt-BR\",\"@id\":\"https:\/\/blogdobispo.com.br\/#\/schema\/logo\/image\/\",\"url\":\"http:\/\/blogdobispo.com.br\/wp-content\/uploads\/2023\/05\/cropped-headear.png\",\"contentUrl\":\"http:\/\/blogdobispo.com.br\/wp-content\/uploads\/2023\/05\/cropped-headear.png\",\"width\":1500,\"height\":399,\"caption\":\"Blog do Bispo\"},\"image\":{\"@id\":\"https:\/\/blogdobispo.com.br\/#\/schema\/logo\/image\/\"}},{\"@type\":\"Person\",\"@id\":\"https:\/\/blogdobispo.com.br\/#\/schema\/person\/e2209cc0e6cea5c5233d033e997b373f\",\"name\":\"Jefferson Sterfeno\",\"image\":{\"@type\":\"ImageObject\",\"inLanguage\":\"pt-BR\",\"@id\":\"https:\/\/blogdobispo.com.br\/#\/schema\/person\/image\/\",\"url\":\"https:\/\/secure.gravatar.com\/avatar\/0534e84764641168a677026b6d57a3f51dc7ac4db0b4f6186d9cb330d4ee1160?s=96&d=mm&r=g\",\"contentUrl\":\"https:\/\/secure.gravatar.com\/avatar\/0534e84764641168a677026b6d57a3f51dc7ac4db0b4f6186d9cb330d4ee1160?s=96&d=mm&r=g\",\"caption\":\"Jefferson Sterfeno\"},\"sameAs\":[\"http:\/\/blogdobispo.com.br\"],\"url\":\"https:\/\/blogdobispo.com.br\/?author=1\"}]}<\/script>\n<!-- \/ Yoast SEO plugin. -->","yoast_head_json":{"title":"BOLA FORA: DIFERENTE DA GOVERNADORA F\u00c1TIMA QUE TEVE UM GESTO PLAUS\u00cdVEL EM RELA\u00c7\u00c3O AO PROBLEMA DE SA\u00daDE DE BOLSONARO ISOLDA DEBOCHA DA INTERNA\u00c7\u00c3O DO EX PRESIDENTE - Blog do Bispo","robots":{"index":"index","follow":"follow","max-snippet":"max-snippet:-1","max-image-preview":"max-image-preview:large","max-video-preview":"max-video-preview:-1"},"canonical":"https:\/\/blogdobispo.com.br\/?p=5016","og_locale":"pt_BR","og_type":"article","og_title":"BOLA FORA: DIFERENTE DA GOVERNADORA F\u00c1TIMA QUE TEVE UM GESTO PLAUS\u00cdVEL EM RELA\u00c7\u00c3O AO PROBLEMA DE SA\u00daDE DE BOLSONARO ISOLDA DEBOCHA DA INTERNA\u00c7\u00c3O DO EX PRESIDENTE - Blog do Bispo","og_description":"A deputada estadual&nbsp;Isolda Dantas&nbsp;(PT) usou suas redes sociais para fazer goza\u00e7\u00e3o da interna\u00e7\u00e3o do ex-presidente Jair Bolsonaro, atribuindo a causa do mal-estar \u00e0 publica\u00e7\u00e3o do ac\u00f3rd\u00e3o do Supremo Tribunal Federal (STF) que o tornou r\u00e9u. A insinua\u00e7\u00e3o n\u00e3o apenas \u00e9 de extremo mau gosto, como tamb\u00e9m \u00e9 uma mentira. Bolsonaro foi internado devido a complica\u00e7\u00f5es [&hellip;]","og_url":"https:\/\/blogdobispo.com.br\/?p=5016","og_site_name":"Blog do Bispo","article_published_time":"2025-04-11T21:56:44+00:00","og_image":[{"url":"https:\/\/blogdobispo.com.br\/wp-content\/uploads\/2025\/04\/img_3759-1.png","type":"","width":"","height":""}],"author":"Jefferson Sterfeno","twitter_card":"summary_large_image","twitter_misc":{"Escrito por":"Jefferson Sterfeno","Est. tempo de leitura":"1 minuto"},"schema":{"@context":"https:\/\/schema.org","@graph":[{"@type":"Article","@id":"https:\/\/blogdobispo.com.br\/?p=5016#article","isPartOf":{"@id":"https:\/\/blogdobispo.com.br\/?p=5016"},"author":{"name":"Jefferson Sterfeno","@id":"https:\/\/blogdobispo.com.br\/#\/schema\/person\/e2209cc0e6cea5c5233d033e997b373f"},"headline":"BOLA FORA: DIFERENTE DA GOVERNADORA F\u00c1TIMA QUE TEVE UM GESTO PLAUS\u00cdVEL EM RELA\u00c7\u00c3O AO PROBLEMA DE SA\u00daDE DE BOLSONARO ISOLDA DEBOCHA DA INTERNA\u00c7\u00c3O DO EX PRESIDENTE","datePublished":"2025-04-11T21:56:44+00:00","mainEntityOfPage":{"@id":"https:\/\/blogdobispo.com.br\/?p=5016"},"wordCount":190,"commentCount":0,"publisher":{"@id":"https:\/\/blogdobispo.com.br\/#organization"},"image":{"@id":"https:\/\/blogdobispo.com.br\/?p=5016#primaryimage"},"thumbnailUrl":"https:\/\/blogdobispo.com.br\/wp-content\/uploads\/2025\/04\/img_3759-1.png","articleSection":["diversos"],"inLanguage":"pt-BR","potentialAction":[{"@type":"CommentAction","name":"Comment","target":["https:\/\/blogdobispo.com.br\/?p=5016#respond"]}]},{"@type":"WebPage","@id":"https:\/\/blogdobispo.com.br\/?p=5016","url":"https:\/\/blogdobispo.com.br\/?p=5016","name":"BOLA FORA: DIFERENTE DA GOVERNADORA F\u00c1TIMA QUE TEVE UM GESTO PLAUS\u00cdVEL EM RELA\u00c7\u00c3O AO PROBLEMA DE SA\u00daDE DE BOLSONARO ISOLDA DEBOCHA DA INTERNA\u00c7\u00c3O DO EX PRESIDENTE - Blog do Bispo","isPartOf":{"@id":"https:\/\/blogdobispo.com.br\/#website"},"primaryImageOfPage":{"@id":"https:\/\/blogdobispo.com.br\/?p=5016#primaryimage"},"image":{"@id":"https:\/\/blogdobispo.com.br\/?p=5016#primaryimage"},"thumbnailUrl":"https:\/\/blogdobispo.com.br\/wp-content\/uploads\/2025\/04\/img_3759-1.png","datePublished":"2025-04-11T21:56:44+00:00","breadcrumb":{"@id":"https:\/\/blogdobispo.com.br\/?p=5016#breadcrumb"},"inLanguage":"pt-BR","potentialAction":[{"@type":"ReadAction","target":["https:\/\/blogdobispo.com.br\/?p=5016"]}]},{"@type":"ImageObject","inLanguage":"pt-BR","@id":"https:\/\/blogdobispo.com.br\/?p=5016#primaryimage","url":"https:\/\/blogdobispo.com.br\/wp-content\/uploads\/2025\/04\/img_3759-1.png","contentUrl":"https:\/\/blogdobispo.com.br\/wp-content\/uploads\/2025\/04\/img_3759-1.png"},{"@type":"BreadcrumbList","@id":"https:\/\/blogdobispo.com.br\/?p=5016#breadcrumb","itemListElement":[{"@type":"ListItem","position":1,"name":"In\u00edcio","item":"https:\/\/blogdobispo.com.br\/"},{"@type":"ListItem","position":2,"name":"BOLA FORA: DIFERENTE DA GOVERNADORA F\u00c1TIMA QUE TEVE UM GESTO PLAUS\u00cdVEL EM RELA\u00c7\u00c3O AO PROBLEMA DE SA\u00daDE DE BOLSONARO ISOLDA DEBOCHA DA INTERNA\u00c7\u00c3O DO EX PRESIDENTE"}]},{"@type":"WebSite","@id":"https:\/\/blogdobispo.com.br\/#website","url":"https:\/\/blogdobispo.com.br\/","name":"Blog do Bispo","description":"Comprometido apenas com o leitor","publisher":{"@id":"https:\/\/blogdobispo.com.br\/#organization"},"potentialAction":[{"@type":"SearchAction","target":{"@type":"EntryPoint","urlTemplate":"https:\/\/blogdobispo.com.br\/?s={search_term_string}"},"query-input":{"@type":"PropertyValueSpecification","valueRequired":true,"valueName":"search_term_string"}}],"inLanguage":"pt-BR"},{"@type":"Organization","@id":"https:\/\/blogdobispo.com.br\/#organization","name":"Blog do Bispo","url":"https:\/\/blogdobispo.com.br\/","logo":{"@type":"ImageObject","inLanguage":"pt-BR","@id":"https:\/\/blogdobispo.com.br\/#\/schema\/logo\/image\/","url":"http:\/\/blogdobispo.com.br\/wp-content\/uploads\/2023\/05\/cropped-headear.png","contentUrl":"http:\/\/blogdobispo.com.br\/wp-content\/uploads\/2023\/05\/cropped-headear.png","width":1500,"height":399,"caption":"Blog do Bispo"},"image":{"@id":"https:\/\/blogdobispo.com.br\/#\/schema\/logo\/image\/"}},{"@type":"Person","@id":"https:\/\/blogdobispo.com.br\/#\/schema\/person\/e2209cc0e6cea5c5233d033e997b373f","name":"Jefferson Sterfeno","image":{"@type":"ImageObject","inLanguage":"pt-BR","@id":"https:\/\/blogdobispo.com.br\/#\/schema\/person\/image\/","url":"https:\/\/secure.gravatar.com\/avatar\/0534e84764641168a677026b6d57a3f51dc7ac4db0b4f6186d9cb330d4ee1160?s=96&d=mm&r=g","contentUrl":"https:\/\/secure.gravatar.com\/avatar\/0534e84764641168a677026b6d57a3f51dc7ac4db0b4f6186d9cb330d4ee1160?s=96&d=mm&r=g","caption":"Jefferson Sterfeno"},"sameAs":["http:\/\/blogdobispo.com.br"],"url":"https:\/\/blogdobispo.com.br\/?author=1"}]}},"featured_image_urls":{"full":"","thumbnail":"","medium":"","medium_large":"","large":"","1536x1536":"","2048x2048":""},"author_info":{"display_name":"Jefferson Sterfeno","author_link":"https:\/\/blogdobispo.com.br\/?author=1"},"category_info":"<a href=\"https:\/\/blogdobispo.com.br\/?cat=1\" rel=\"category\">diversos<\/a>","tag_info":"diversos","comment_count":"0","jetpack_featured_media_url":"","jetpack_sharing_enabled":true,"_links":{"self":[{"href":"https:\/\/blogdobispo.com.br\/index.php?rest_route=\/wp\/v2\/posts\/5016","targetHints":{"allow":["GET"]}}],"collection":[{"href":"https:\/\/blogdobispo.com.br\/index.php?rest_route=\/wp\/v2\/posts"}],"about":[{"href":"https:\/\/blogdobispo.com.br\/index.php?rest_route=\/wp\/v2\/types\/post"}],"author":[{"embeddable":true,"href":"https:\/\/blogdobispo.com.br\/index.php?rest_route=\/wp\/v2\/users\/1"}],"replies":[{"embeddable":true,"href":"https:\/\/blogdobispo.com.br\/index.php?rest_route=%2Fwp%2Fv2%2Fcomments&post=5016"}],"version-history":[{"count":0,"href":"https:\/\/blogdobispo.com.br\/index.php?rest_route=\/wp\/v2\/posts\/5016\/revisions"}],"wp:attachment":[{"href":"https:\/\/blogdobispo.com.br\/index.php?rest_route=%2Fwp%2Fv2%2Fmedia&parent=5016"}],"wp:term":[{"taxonomy":"category","embeddable":true,"href":"https:\/\/blogdobispo.com.br\/index.php?rest_route=%2Fwp%2Fv2%2Fcategories&post=5016"},{"taxonomy":"post_tag","embeddable":true,"href":"https:\/\/blogdobispo.com.br\/index.php?rest_route=%2Fwp%2Fv2%2Ftags&post=5016"}],"curies":[{"name":"wp","href":"https:\/\/api.w.org\/{rel}","templated":true}]}}