{"id":5014,"date":"2025-04-11T17:10:00","date_gmt":"2025-04-11T17:10:00","guid":{"rendered":"https:\/\/blogdobispo.com.br\/?p=5014"},"modified":"2025-04-11T17:10:00","modified_gmt":"2025-04-11T17:10:00","slug":"governo-do-rn-anuncia-calendario-de-pagamento-e-adia-reajustes-de-servidores-da-saude-e-seguranca","status":"publish","type":"post","link":"https:\/\/blogdobispo.com.br\/?p=5014","title":{"rendered":"Governo do RN anuncia calend\u00e1rio de pagamento e adia reajustes de servidores da sa\u00fade e seguran\u00e7a"},"content":{"rendered":"\n<figure class=\"wp-block-image size-large\"><img data-recalc-dims=\"1\" fetchpriority=\"high\" decoding=\"async\" width=\"350\" height=\"233\" src=\"https:\/\/i0.wp.com\/blogdobispo.com.br\/wp-content\/uploads\/2025\/01\/img_2526-1.jpg?resize=350%2C233&#038;ssl=1\" class=\"wp-image-4543\" srcset=\"https:\/\/i0.wp.com\/blogdobispo.com.br\/wp-content\/uploads\/2025\/01\/img_2526-1.jpg?w=350&amp;ssl=1 350w, https:\/\/i0.wp.com\/blogdobispo.com.br\/wp-content\/uploads\/2025\/01\/img_2526-1.jpg?resize=300%2C200&amp;ssl=1 300w\" sizes=\"(max-width: 350px) 100vw, 350px\" \/><\/figure>\n\n\n\n<p><strong>Reajustes no sal\u00e1rio m\u00ednimo e pens\u00f5es<\/strong><\/p>\n\n\n\n<p>Em janeiro, o Estado incorporou o reajuste do sal\u00e1rio m\u00ednimo nacional, beneficiando 16.980 servidores, entre ativos, aposentados e pensionistas com paridade, que passaram a receber R$ 1.518,00 mensais. J\u00e1 em fevereiro, ser\u00e1 aplicado o reajuste autom\u00e1tico para aposentadorias e pens\u00f5es sem paridade, acompanhando o \u00edndice do INSS de 2025, atendendo a 5.341 benefici\u00e1rios.<\/p>\n\n\n\n<p>O Governo do Estado do Rio Grande do Norte anunciou o calend\u00e1rio oficial de pagamento da folha de pessoal para 2025, confirmando que os sal\u00e1rios de servidores ativos, aposentados e pensionistas ser\u00e3o creditados sempre no \u00faltimo dia \u00fatil de cada m\u00eas. De acordo com o comunicado, a data para o pagamento do 13\u00ba sal\u00e1rio ser\u00e1 definida e divulgada posteriormente. Al\u00e9m disso, o Governo tamb\u00e9m anunciou que os reajustes de servidores da sa\u00fade e seguran\u00e7a ser\u00e3o feitos em abril.<\/p>\n\n\n\n<p><strong>Recomposi\u00e7\u00f5es salariais para seguran\u00e7a e sa\u00fade<\/strong><\/p>\n\n\n\n<p>Os reajustes salariais para servidores das \u00e1reas de seguran\u00e7a p\u00fablica e sa\u00fade, previstos para janeiro, ser\u00e3o aplicados na folha de pagamento de abril, junto \u00e0 revis\u00e3o pelo IPCA (\u00cdndice de Pre\u00e7os ao Consumidor Amplo). No entanto, esses valores ser\u00e3o pagos em folha suplementar, com cr\u00e9dito programado para o dia 10 de maio.<\/p>\n\n\n\n<p>A partir de 30 de maio, os reajustes j\u00e1 estar\u00e3o incorporados na folha de pagamento regular, assegurando a continuidade do processo nos meses seguintes. Segundo o secret\u00e1rio de Administra\u00e7\u00e3o, Pedro Lopes, \u201ceste processo seguir\u00e1 de forma cont\u00ednua nos meses subsequentes, garantindo que todos os servidores recebam os valores ajustados\u201d.<\/p>\n\n\n\n<p><strong>Retroativos e negocia\u00e7\u00e3o coletiva<\/strong><\/p>\n\n\n\n<p>O pagamento dos valores retroativos referentes \u00e0s recomposi\u00e7\u00f5es salariais de seguran\u00e7a p\u00fablica e sa\u00fade, que abrangem os meses de janeiro, fevereiro e mar\u00e7o de 2025, ser\u00e1 discutido em uma negocia\u00e7\u00e3o coletiva programada para junho. Nessa oportunidade, o Governo convocar\u00e1 as representa\u00e7\u00f5es classistas para dialogar sobre as datas e condi\u00e7\u00f5es de pagamento.<\/p>\n\n\n\n<p>De acordo com o secret\u00e1rio Pedro Lopes, os ajustes no calend\u00e1rio de pagamentos foram necess\u00e1rios para assegurar a regularidade da folha, considerando os desafios fiscais enfrentados em 2024. \u201cSomente em maio contaremos com a arrecada\u00e7\u00e3o sob a nova al\u00edquota do ICMS. Infelizmente, a travessia de todo o ano de 2024 com a al\u00edquota de 18% desequilibrou bastante as contas do Governo; mas, a partir de ent\u00e3o, retomaremos a recupera\u00e7\u00e3o\u201d, explicou.<\/p>\n","protected":false},"excerpt":{"rendered":"<p>Reajustes no sal\u00e1rio m\u00ednimo e pens\u00f5es Em janeiro, o Estado incorporou o reajuste do sal\u00e1rio m\u00ednimo nacional, beneficiando 16.980 servidores, entre ativos, aposentados e pensionistas com paridade, que passaram a receber R$ 1.518,00 mensais. J\u00e1 em fevereiro, ser\u00e1 aplicado o reajuste autom\u00e1tico para aposentadorias e pens\u00f5es sem paridade, acompanhando o \u00edndice do INSS de 2025, [&hellip;]<\/p>\n","protected":false},"author":1,"featured_media":0,"comment_status":"open","ping_status":"open","sticky":false,"template":"","format":"standard","meta":{"cybocfi_hide_featured_image":"","_jetpack_memberships_contains_paid_content":false,"footnotes":""},"categories":[1],"tags":[],"class_list":["post-5014","post","type-post","status-publish","format-standard","hentry","category-diversos"],"yoast_head":"<!-- This site is optimized with the Yoast SEO plugin v25.6 - https:\/\/yoast.com\/wordpress\/plugins\/seo\/ -->\n<title>Governo do RN anuncia calend\u00e1rio de pagamento e adia reajustes de servidores da sa\u00fade e seguran\u00e7a - Blog do Bispo<\/title>\n<meta name=\"robots\" content=\"index, follow, max-snippet:-1, max-image-preview:large, max-video-preview:-1\" \/>\n<link rel=\"canonical\" href=\"https:\/\/blogdobispo.com.br\/?p=5014\" \/>\n<meta property=\"og:locale\" content=\"pt_BR\" \/>\n<meta property=\"og:type\" content=\"article\" \/>\n<meta property=\"og:title\" content=\"Governo do RN anuncia calend\u00e1rio de pagamento e adia reajustes de servidores da sa\u00fade e seguran\u00e7a - Blog do Bispo\" \/>\n<meta property=\"og:description\" content=\"Reajustes no sal\u00e1rio m\u00ednimo e pens\u00f5es Em janeiro, o Estado incorporou o reajuste do sal\u00e1rio m\u00ednimo nacional, beneficiando 16.980 servidores, entre ativos, aposentados e pensionistas com paridade, que passaram a receber R$ 1.518,00 mensais. J\u00e1 em fevereiro, ser\u00e1 aplicado o reajuste autom\u00e1tico para aposentadorias e pens\u00f5es sem paridade, acompanhando o \u00edndice do INSS de 2025, [&hellip;]\" \/>\n<meta property=\"og:url\" content=\"https:\/\/blogdobispo.com.br\/?p=5014\" \/>\n<meta property=\"og:site_name\" content=\"Blog do Bispo\" \/>\n<meta property=\"article:published_time\" content=\"2025-04-11T17:10:00+00:00\" \/>\n<meta property=\"og:image\" content=\"https:\/\/blogdobispo.com.br\/wp-content\/uploads\/2025\/01\/img_2526-1.jpg\" \/>\n<meta name=\"author\" content=\"Jefferson Sterfeno\" \/>\n<meta name=\"twitter:card\" content=\"summary_large_image\" \/>\n<meta name=\"twitter:label1\" content=\"Escrito por\" \/>\n\t<meta name=\"twitter:data1\" content=\"Jefferson Sterfeno\" \/>\n\t<meta name=\"twitter:label2\" content=\"Est. tempo de leitura\" \/>\n\t<meta name=\"twitter:data2\" content=\"2 minutos\" \/>\n<script type=\"application\/ld+json\" class=\"yoast-schema-graph\">{\"@context\":\"https:\/\/schema.org\",\"@graph\":[{\"@type\":\"Article\",\"@id\":\"https:\/\/blogdobispo.com.br\/?p=5014#article\",\"isPartOf\":{\"@id\":\"https:\/\/blogdobispo.com.br\/?p=5014\"},\"author\":{\"name\":\"Jefferson Sterfeno\",\"@id\":\"https:\/\/blogdobispo.com.br\/#\/schema\/person\/e2209cc0e6cea5c5233d033e997b373f\"},\"headline\":\"Governo do RN anuncia calend\u00e1rio de pagamento e adia reajustes de servidores da sa\u00fade e seguran\u00e7a\",\"datePublished\":\"2025-04-11T17:10:00+00:00\",\"mainEntityOfPage\":{\"@id\":\"https:\/\/blogdobispo.com.br\/?p=5014\"},\"wordCount\":425,\"commentCount\":0,\"publisher\":{\"@id\":\"https:\/\/blogdobispo.com.br\/#organization\"},\"image\":{\"@id\":\"https:\/\/blogdobispo.com.br\/?p=5014#primaryimage\"},\"thumbnailUrl\":\"https:\/\/blogdobispo.com.br\/wp-content\/uploads\/2025\/01\/img_2526-1.jpg\",\"articleSection\":[\"diversos\"],\"inLanguage\":\"pt-BR\",\"potentialAction\":[{\"@type\":\"CommentAction\",\"name\":\"Comment\",\"target\":[\"https:\/\/blogdobispo.com.br\/?p=5014#respond\"]}]},{\"@type\":\"WebPage\",\"@id\":\"https:\/\/blogdobispo.com.br\/?p=5014\",\"url\":\"https:\/\/blogdobispo.com.br\/?p=5014\",\"name\":\"Governo do RN anuncia calend\u00e1rio de pagamento e adia reajustes de servidores da sa\u00fade e seguran\u00e7a - Blog do Bispo\",\"isPartOf\":{\"@id\":\"https:\/\/blogdobispo.com.br\/#website\"},\"primaryImageOfPage\":{\"@id\":\"https:\/\/blogdobispo.com.br\/?p=5014#primaryimage\"},\"image\":{\"@id\":\"https:\/\/blogdobispo.com.br\/?p=5014#primaryimage\"},\"thumbnailUrl\":\"https:\/\/blogdobispo.com.br\/wp-content\/uploads\/2025\/01\/img_2526-1.jpg\",\"datePublished\":\"2025-04-11T17:10:00+00:00\",\"breadcrumb\":{\"@id\":\"https:\/\/blogdobispo.com.br\/?p=5014#breadcrumb\"},\"inLanguage\":\"pt-BR\",\"potentialAction\":[{\"@type\":\"ReadAction\",\"target\":[\"https:\/\/blogdobispo.com.br\/?p=5014\"]}]},{\"@type\":\"ImageObject\",\"inLanguage\":\"pt-BR\",\"@id\":\"https:\/\/blogdobispo.com.br\/?p=5014#primaryimage\",\"url\":\"https:\/\/blogdobispo.com.br\/wp-content\/uploads\/2025\/01\/img_2526-1.jpg\",\"contentUrl\":\"https:\/\/blogdobispo.com.br\/wp-content\/uploads\/2025\/01\/img_2526-1.jpg\"},{\"@type\":\"BreadcrumbList\",\"@id\":\"https:\/\/blogdobispo.com.br\/?p=5014#breadcrumb\",\"itemListElement\":[{\"@type\":\"ListItem\",\"position\":1,\"name\":\"In\u00edcio\",\"item\":\"https:\/\/blogdobispo.com.br\/\"},{\"@type\":\"ListItem\",\"position\":2,\"name\":\"Governo do RN anuncia calend\u00e1rio de pagamento e adia reajustes de servidores da sa\u00fade e seguran\u00e7a\"}]},{\"@type\":\"WebSite\",\"@id\":\"https:\/\/blogdobispo.com.br\/#website\",\"url\":\"https:\/\/blogdobispo.com.br\/\",\"name\":\"Blog do Bispo\",\"description\":\"Comprometido apenas com o leitor\",\"publisher\":{\"@id\":\"https:\/\/blogdobispo.com.br\/#organization\"},\"potentialAction\":[{\"@type\":\"SearchAction\",\"target\":{\"@type\":\"EntryPoint\",\"urlTemplate\":\"https:\/\/blogdobispo.com.br\/?s={search_term_string}\"},\"query-input\":{\"@type\":\"PropertyValueSpecification\",\"valueRequired\":true,\"valueName\":\"search_term_string\"}}],\"inLanguage\":\"pt-BR\"},{\"@type\":\"Organization\",\"@id\":\"https:\/\/blogdobispo.com.br\/#organization\",\"name\":\"Blog do Bispo\",\"url\":\"https:\/\/blogdobispo.com.br\/\",\"logo\":{\"@type\":\"ImageObject\",\"inLanguage\":\"pt-BR\",\"@id\":\"https:\/\/blogdobispo.com.br\/#\/schema\/logo\/image\/\",\"url\":\"http:\/\/blogdobispo.com.br\/wp-content\/uploads\/2023\/05\/cropped-headear.png\",\"contentUrl\":\"http:\/\/blogdobispo.com.br\/wp-content\/uploads\/2023\/05\/cropped-headear.png\",\"width\":1500,\"height\":399,\"caption\":\"Blog do Bispo\"},\"image\":{\"@id\":\"https:\/\/blogdobispo.com.br\/#\/schema\/logo\/image\/\"}},{\"@type\":\"Person\",\"@id\":\"https:\/\/blogdobispo.com.br\/#\/schema\/person\/e2209cc0e6cea5c5233d033e997b373f\",\"name\":\"Jefferson Sterfeno\",\"image\":{\"@type\":\"ImageObject\",\"inLanguage\":\"pt-BR\",\"@id\":\"https:\/\/blogdobispo.com.br\/#\/schema\/person\/image\/\",\"url\":\"https:\/\/secure.gravatar.com\/avatar\/0534e84764641168a677026b6d57a3f51dc7ac4db0b4f6186d9cb330d4ee1160?s=96&d=mm&r=g\",\"contentUrl\":\"https:\/\/secure.gravatar.com\/avatar\/0534e84764641168a677026b6d57a3f51dc7ac4db0b4f6186d9cb330d4ee1160?s=96&d=mm&r=g\",\"caption\":\"Jefferson Sterfeno\"},\"sameAs\":[\"http:\/\/blogdobispo.com.br\"],\"url\":\"https:\/\/blogdobispo.com.br\/?author=1\"}]}<\/script>\n<!-- \/ Yoast SEO plugin. -->","yoast_head_json":{"title":"Governo do RN anuncia calend\u00e1rio de pagamento e adia reajustes de servidores da sa\u00fade e seguran\u00e7a - Blog do Bispo","robots":{"index":"index","follow":"follow","max-snippet":"max-snippet:-1","max-image-preview":"max-image-preview:large","max-video-preview":"max-video-preview:-1"},"canonical":"https:\/\/blogdobispo.com.br\/?p=5014","og_locale":"pt_BR","og_type":"article","og_title":"Governo do RN anuncia calend\u00e1rio de pagamento e adia reajustes de servidores da sa\u00fade e seguran\u00e7a - Blog do Bispo","og_description":"Reajustes no sal\u00e1rio m\u00ednimo e pens\u00f5es Em janeiro, o Estado incorporou o reajuste do sal\u00e1rio m\u00ednimo nacional, beneficiando 16.980 servidores, entre ativos, aposentados e pensionistas com paridade, que passaram a receber R$ 1.518,00 mensais. J\u00e1 em fevereiro, ser\u00e1 aplicado o reajuste autom\u00e1tico para aposentadorias e pens\u00f5es sem paridade, acompanhando o \u00edndice do INSS de 2025, [&hellip;]","og_url":"https:\/\/blogdobispo.com.br\/?p=5014","og_site_name":"Blog do Bispo","article_published_time":"2025-04-11T17:10:00+00:00","og_image":[{"url":"https:\/\/blogdobispo.com.br\/wp-content\/uploads\/2025\/01\/img_2526-1.jpg","type":"","width":"","height":""}],"author":"Jefferson Sterfeno","twitter_card":"summary_large_image","twitter_misc":{"Escrito por":"Jefferson Sterfeno","Est. tempo de leitura":"2 minutos"},"schema":{"@context":"https:\/\/schema.org","@graph":[{"@type":"Article","@id":"https:\/\/blogdobispo.com.br\/?p=5014#article","isPartOf":{"@id":"https:\/\/blogdobispo.com.br\/?p=5014"},"author":{"name":"Jefferson Sterfeno","@id":"https:\/\/blogdobispo.com.br\/#\/schema\/person\/e2209cc0e6cea5c5233d033e997b373f"},"headline":"Governo do RN anuncia calend\u00e1rio de pagamento e adia reajustes de servidores da sa\u00fade e seguran\u00e7a","datePublished":"2025-04-11T17:10:00+00:00","mainEntityOfPage":{"@id":"https:\/\/blogdobispo.com.br\/?p=5014"},"wordCount":425,"commentCount":0,"publisher":{"@id":"https:\/\/blogdobispo.com.br\/#organization"},"image":{"@id":"https:\/\/blogdobispo.com.br\/?p=5014#primaryimage"},"thumbnailUrl":"https:\/\/blogdobispo.com.br\/wp-content\/uploads\/2025\/01\/img_2526-1.jpg","articleSection":["diversos"],"inLanguage":"pt-BR","potentialAction":[{"@type":"CommentAction","name":"Comment","target":["https:\/\/blogdobispo.com.br\/?p=5014#respond"]}]},{"@type":"WebPage","@id":"https:\/\/blogdobispo.com.br\/?p=5014","url":"https:\/\/blogdobispo.com.br\/?p=5014","name":"Governo do RN anuncia calend\u00e1rio de pagamento e adia reajustes de servidores da sa\u00fade e seguran\u00e7a - Blog do Bispo","isPartOf":{"@id":"https:\/\/blogdobispo.com.br\/#website"},"primaryImageOfPage":{"@id":"https:\/\/blogdobispo.com.br\/?p=5014#primaryimage"},"image":{"@id":"https:\/\/blogdobispo.com.br\/?p=5014#primaryimage"},"thumbnailUrl":"https:\/\/blogdobispo.com.br\/wp-content\/uploads\/2025\/01\/img_2526-1.jpg","datePublished":"2025-04-11T17:10:00+00:00","breadcrumb":{"@id":"https:\/\/blogdobispo.com.br\/?p=5014#breadcrumb"},"inLanguage":"pt-BR","potentialAction":[{"@type":"ReadAction","target":["https:\/\/blogdobispo.com.br\/?p=5014"]}]},{"@type":"ImageObject","inLanguage":"pt-BR","@id":"https:\/\/blogdobispo.com.br\/?p=5014#primaryimage","url":"https:\/\/blogdobispo.com.br\/wp-content\/uploads\/2025\/01\/img_2526-1.jpg","contentUrl":"https:\/\/blogdobispo.com.br\/wp-content\/uploads\/2025\/01\/img_2526-1.jpg"},{"@type":"BreadcrumbList","@id":"https:\/\/blogdobispo.com.br\/?p=5014#breadcrumb","itemListElement":[{"@type":"ListItem","position":1,"name":"In\u00edcio","item":"https:\/\/blogdobispo.com.br\/"},{"@type":"ListItem","position":2,"name":"Governo do RN anuncia calend\u00e1rio de pagamento e adia reajustes de servidores da sa\u00fade e seguran\u00e7a"}]},{"@type":"WebSite","@id":"https:\/\/blogdobispo.com.br\/#website","url":"https:\/\/blogdobispo.com.br\/","name":"Blog do Bispo","description":"Comprometido apenas com o leitor","publisher":{"@id":"https:\/\/blogdobispo.com.br\/#organization"},"potentialAction":[{"@type":"SearchAction","target":{"@type":"EntryPoint","urlTemplate":"https:\/\/blogdobispo.com.br\/?s={search_term_string}"},"query-input":{"@type":"PropertyValueSpecification","valueRequired":true,"valueName":"search_term_string"}}],"inLanguage":"pt-BR"},{"@type":"Organization","@id":"https:\/\/blogdobispo.com.br\/#organization","name":"Blog do Bispo","url":"https:\/\/blogdobispo.com.br\/","logo":{"@type":"ImageObject","inLanguage":"pt-BR","@id":"https:\/\/blogdobispo.com.br\/#\/schema\/logo\/image\/","url":"http:\/\/blogdobispo.com.br\/wp-content\/uploads\/2023\/05\/cropped-headear.png","contentUrl":"http:\/\/blogdobispo.com.br\/wp-content\/uploads\/2023\/05\/cropped-headear.png","width":1500,"height":399,"caption":"Blog do Bispo"},"image":{"@id":"https:\/\/blogdobispo.com.br\/#\/schema\/logo\/image\/"}},{"@type":"Person","@id":"https:\/\/blogdobispo.com.br\/#\/schema\/person\/e2209cc0e6cea5c5233d033e997b373f","name":"Jefferson Sterfeno","image":{"@type":"ImageObject","inLanguage":"pt-BR","@id":"https:\/\/blogdobispo.com.br\/#\/schema\/person\/image\/","url":"https:\/\/secure.gravatar.com\/avatar\/0534e84764641168a677026b6d57a3f51dc7ac4db0b4f6186d9cb330d4ee1160?s=96&d=mm&r=g","contentUrl":"https:\/\/secure.gravatar.com\/avatar\/0534e84764641168a677026b6d57a3f51dc7ac4db0b4f6186d9cb330d4ee1160?s=96&d=mm&r=g","caption":"Jefferson Sterfeno"},"sameAs":["http:\/\/blogdobispo.com.br"],"url":"https:\/\/blogdobispo.com.br\/?author=1"}]}},"featured_image_urls":{"full":"","thumbnail":"","medium":"","medium_large":"","large":"","1536x1536":"","2048x2048":""},"author_info":{"display_name":"Jefferson Sterfeno","author_link":"https:\/\/blogdobispo.com.br\/?author=1"},"category_info":"<a href=\"https:\/\/blogdobispo.com.br\/?cat=1\" rel=\"category\">diversos<\/a>","tag_info":"diversos","comment_count":"0","jetpack_featured_media_url":"","jetpack_sharing_enabled":true,"_links":{"self":[{"href":"https:\/\/blogdobispo.com.br\/index.php?rest_route=\/wp\/v2\/posts\/5014","targetHints":{"allow":["GET"]}}],"collection":[{"href":"https:\/\/blogdobispo.com.br\/index.php?rest_route=\/wp\/v2\/posts"}],"about":[{"href":"https:\/\/blogdobispo.com.br\/index.php?rest_route=\/wp\/v2\/types\/post"}],"author":[{"embeddable":true,"href":"https:\/\/blogdobispo.com.br\/index.php?rest_route=\/wp\/v2\/users\/1"}],"replies":[{"embeddable":true,"href":"https:\/\/blogdobispo.com.br\/index.php?rest_route=%2Fwp%2Fv2%2Fcomments&post=5014"}],"version-history":[{"count":0,"href":"https:\/\/blogdobispo.com.br\/index.php?rest_route=\/wp\/v2\/posts\/5014\/revisions"}],"wp:attachment":[{"href":"https:\/\/blogdobispo.com.br\/index.php?rest_route=%2Fwp%2Fv2%2Fmedia&parent=5014"}],"wp:term":[{"taxonomy":"category","embeddable":true,"href":"https:\/\/blogdobispo.com.br\/index.php?rest_route=%2Fwp%2Fv2%2Fcategories&post=5014"},{"taxonomy":"post_tag","embeddable":true,"href":"https:\/\/blogdobispo.com.br\/index.php?rest_route=%2Fwp%2Fv2%2Ftags&post=5014"}],"curies":[{"name":"wp","href":"https:\/\/api.w.org\/{rel}","templated":true}]}}