{"id":4989,"date":"2025-04-11T03:06:43","date_gmt":"2025-04-11T03:06:43","guid":{"rendered":"https:\/\/blogdobispo.com.br\/?p=4989"},"modified":"2025-04-11T03:06:44","modified_gmt":"2025-04-11T03:06:44","slug":"adjuto-dias-questiona-propaganda-do-governo-e-cobra-melhorias-no-hospital-walfredo-gurgel-apos-fiscalizacao","status":"publish","type":"post","link":"https:\/\/blogdobispo.com.br\/?p=4989","title":{"rendered":"Adjuto Dias questiona propaganda do Governo e cobra melhorias no Hospital Walfredo Gurgel ap\u00f3s fiscaliza\u00e7\u00e3o"},"content":{"rendered":"\n<figure class=\"wp-block-image size-large\"><img data-recalc-dims=\"1\" fetchpriority=\"high\" decoding=\"async\" width=\"768\" height=\"512\" src=\"https:\/\/i0.wp.com\/blogdobispo.com.br\/wp-content\/uploads\/2025\/04\/07b6739f-4fd3-45ed-8a48-12c0d1f4ffc2-1.jpg?resize=768%2C512&#038;ssl=1\" class=\"wp-image-4988\" srcset=\"https:\/\/i0.wp.com\/blogdobispo.com.br\/wp-content\/uploads\/2025\/04\/07b6739f-4fd3-45ed-8a48-12c0d1f4ffc2-1.jpg?w=768&amp;ssl=1 768w, https:\/\/i0.wp.com\/blogdobispo.com.br\/wp-content\/uploads\/2025\/04\/07b6739f-4fd3-45ed-8a48-12c0d1f4ffc2-1.jpg?resize=300%2C200&amp;ssl=1 300w\" sizes=\"(max-width: 768px) 100vw, 768px\" \/><\/figure>\n\n\n\n<p><br><\/p>\n\n\n\n<p>Durante a sess\u00e3o ordin\u00e1ria desta ter\u00e7a-feira (8), na Assembleia Legislativa, o deputado estadual Adjuto Dias (MDB) usou a tribuna para criticar a recente propaganda institucional do Governo do Estado. Embora tenha reconhecido a qualidade t\u00e9cnica da pe\u00e7a publicit\u00e1ria, o parlamentar questionou os dados apresentados, especialmente no que se refere \u00e0 situa\u00e7\u00e3o da sa\u00fade p\u00fablica e \u00e0 infraestrutura das estradas potiguares.<\/p>\n\n\n\n<p><br>\u201cA realidade \u00e9 outra daquela que vem sendo veiculada\u201d, disse o deputado. Um dos pontos questionado \u00e9 a afirma\u00e7\u00e3o de que o Hospital Walfredo Gurgel \u2014 maior unidade de sa\u00fade do Rio Grande do Norte \u2014 estaria sem filas de espera. \u201cEstive ontem no hospital e encontrei 37 pacientes aguardando por leitos, al\u00e9m da evidente falta de estrutura no pr\u00e9dio\u201d, relatou ele.<\/p>\n\n\n\n<p><br>Adjuto Dias tamb\u00e9m rebateu a informa\u00e7\u00e3o de que as estradas do Estado estariam em boas condi\u00e7\u00f5es, sem buracos. Segundo ele, \u201ca situa\u00e7\u00e3o que a popula\u00e7\u00e3o enfrenta diariamente nas rodovias contrasta com o que \u00e9 mostrado na propaganda oficial\u201d.<br>O parlamentar finalizou seu pronunciamento cobrando \u201ca\u00e7\u00f5es concretas\u201d do Executivo estadual: \u201cVamos continuar fiscalizando. O que queremos \u00e9 que o Governo tome medidas reais para melhorar a situa\u00e7\u00e3o do Walfredo Gurgel e das demais \u00e1reas cr\u00edticas do Estado\u201d, finalizou ele.<br>https:\/\/www.instagram.com\/p\/DIMwjzYycCF\/?igsh=MTR5Nm1vaXUyb3dmeg==<\/p>\n","protected":false},"excerpt":{"rendered":"<p>Durante a sess\u00e3o ordin\u00e1ria desta ter\u00e7a-feira (8), na Assembleia Legislativa, o deputado estadual Adjuto Dias (MDB) usou a tribuna para criticar a recente propaganda institucional do Governo do Estado. Embora tenha reconhecido a qualidade t\u00e9cnica da pe\u00e7a publicit\u00e1ria, o parlamentar questionou os dados apresentados, especialmente no que se refere \u00e0 situa\u00e7\u00e3o da sa\u00fade p\u00fablica e [&hellip;]<\/p>\n","protected":false},"author":1,"featured_media":0,"comment_status":"open","ping_status":"open","sticky":false,"template":"","format":"standard","meta":{"cybocfi_hide_featured_image":"","_jetpack_memberships_contains_paid_content":false,"footnotes":""},"categories":[1],"tags":[],"class_list":["post-4989","post","type-post","status-publish","format-standard","hentry","category-diversos"],"yoast_head":"<!-- This site is optimized with the Yoast SEO plugin v25.6 - https:\/\/yoast.com\/wordpress\/plugins\/seo\/ -->\n<title>Adjuto Dias questiona propaganda do Governo e cobra melhorias no Hospital Walfredo Gurgel ap\u00f3s fiscaliza\u00e7\u00e3o - Blog do Bispo<\/title>\n<meta name=\"robots\" content=\"index, follow, max-snippet:-1, max-image-preview:large, max-video-preview:-1\" \/>\n<link rel=\"canonical\" href=\"https:\/\/blogdobispo.com.br\/?p=4989\" \/>\n<meta property=\"og:locale\" content=\"pt_BR\" \/>\n<meta property=\"og:type\" content=\"article\" \/>\n<meta property=\"og:title\" content=\"Adjuto Dias questiona propaganda do Governo e cobra melhorias no Hospital Walfredo Gurgel ap\u00f3s fiscaliza\u00e7\u00e3o - Blog do Bispo\" \/>\n<meta property=\"og:description\" content=\"Durante a sess\u00e3o ordin\u00e1ria desta ter\u00e7a-feira (8), na Assembleia Legislativa, o deputado estadual Adjuto Dias (MDB) usou a tribuna para criticar a recente propaganda institucional do Governo do Estado. Embora tenha reconhecido a qualidade t\u00e9cnica da pe\u00e7a publicit\u00e1ria, o parlamentar questionou os dados apresentados, especialmente no que se refere \u00e0 situa\u00e7\u00e3o da sa\u00fade p\u00fablica e [&hellip;]\" \/>\n<meta property=\"og:url\" content=\"https:\/\/blogdobispo.com.br\/?p=4989\" \/>\n<meta property=\"og:site_name\" content=\"Blog do Bispo\" \/>\n<meta property=\"article:published_time\" content=\"2025-04-11T03:06:43+00:00\" \/>\n<meta property=\"article:modified_time\" content=\"2025-04-11T03:06:44+00:00\" \/>\n<meta property=\"og:image\" content=\"https:\/\/blogdobispo.com.br\/wp-content\/uploads\/2025\/04\/07b6739f-4fd3-45ed-8a48-12c0d1f4ffc2-1.jpg\" \/>\n<meta name=\"author\" content=\"Jefferson Sterfeno\" \/>\n<meta name=\"twitter:card\" content=\"summary_large_image\" \/>\n<meta name=\"twitter:label1\" content=\"Escrito por\" \/>\n\t<meta name=\"twitter:data1\" content=\"Jefferson Sterfeno\" \/>\n\t<meta name=\"twitter:label2\" content=\"Est. tempo de leitura\" \/>\n\t<meta name=\"twitter:data2\" content=\"1 minuto\" \/>\n<script type=\"application\/ld+json\" class=\"yoast-schema-graph\">{\"@context\":\"https:\/\/schema.org\",\"@graph\":[{\"@type\":\"Article\",\"@id\":\"https:\/\/blogdobispo.com.br\/?p=4989#article\",\"isPartOf\":{\"@id\":\"https:\/\/blogdobispo.com.br\/?p=4989\"},\"author\":{\"name\":\"Jefferson Sterfeno\",\"@id\":\"https:\/\/blogdobispo.com.br\/#\/schema\/person\/e2209cc0e6cea5c5233d033e997b373f\"},\"headline\":\"Adjuto Dias questiona propaganda do Governo e cobra melhorias no Hospital Walfredo Gurgel ap\u00f3s fiscaliza\u00e7\u00e3o\",\"datePublished\":\"2025-04-11T03:06:43+00:00\",\"dateModified\":\"2025-04-11T03:06:44+00:00\",\"mainEntityOfPage\":{\"@id\":\"https:\/\/blogdobispo.com.br\/?p=4989\"},\"wordCount\":239,\"commentCount\":0,\"publisher\":{\"@id\":\"https:\/\/blogdobispo.com.br\/#organization\"},\"image\":{\"@id\":\"https:\/\/blogdobispo.com.br\/?p=4989#primaryimage\"},\"thumbnailUrl\":\"https:\/\/blogdobispo.com.br\/wp-content\/uploads\/2025\/04\/07b6739f-4fd3-45ed-8a48-12c0d1f4ffc2-1.jpg\",\"articleSection\":[\"diversos\"],\"inLanguage\":\"pt-BR\",\"potentialAction\":[{\"@type\":\"CommentAction\",\"name\":\"Comment\",\"target\":[\"https:\/\/blogdobispo.com.br\/?p=4989#respond\"]}]},{\"@type\":\"WebPage\",\"@id\":\"https:\/\/blogdobispo.com.br\/?p=4989\",\"url\":\"https:\/\/blogdobispo.com.br\/?p=4989\",\"name\":\"Adjuto Dias questiona propaganda do Governo e cobra melhorias no Hospital Walfredo Gurgel ap\u00f3s fiscaliza\u00e7\u00e3o - Blog do Bispo\",\"isPartOf\":{\"@id\":\"https:\/\/blogdobispo.com.br\/#website\"},\"primaryImageOfPage\":{\"@id\":\"https:\/\/blogdobispo.com.br\/?p=4989#primaryimage\"},\"image\":{\"@id\":\"https:\/\/blogdobispo.com.br\/?p=4989#primaryimage\"},\"thumbnailUrl\":\"https:\/\/blogdobispo.com.br\/wp-content\/uploads\/2025\/04\/07b6739f-4fd3-45ed-8a48-12c0d1f4ffc2-1.jpg\",\"datePublished\":\"2025-04-11T03:06:43+00:00\",\"dateModified\":\"2025-04-11T03:06:44+00:00\",\"breadcrumb\":{\"@id\":\"https:\/\/blogdobispo.com.br\/?p=4989#breadcrumb\"},\"inLanguage\":\"pt-BR\",\"potentialAction\":[{\"@type\":\"ReadAction\",\"target\":[\"https:\/\/blogdobispo.com.br\/?p=4989\"]}]},{\"@type\":\"ImageObject\",\"inLanguage\":\"pt-BR\",\"@id\":\"https:\/\/blogdobispo.com.br\/?p=4989#primaryimage\",\"url\":\"https:\/\/blogdobispo.com.br\/wp-content\/uploads\/2025\/04\/07b6739f-4fd3-45ed-8a48-12c0d1f4ffc2-1.jpg\",\"contentUrl\":\"https:\/\/blogdobispo.com.br\/wp-content\/uploads\/2025\/04\/07b6739f-4fd3-45ed-8a48-12c0d1f4ffc2-1.jpg\"},{\"@type\":\"BreadcrumbList\",\"@id\":\"https:\/\/blogdobispo.com.br\/?p=4989#breadcrumb\",\"itemListElement\":[{\"@type\":\"ListItem\",\"position\":1,\"name\":\"In\u00edcio\",\"item\":\"https:\/\/blogdobispo.com.br\/\"},{\"@type\":\"ListItem\",\"position\":2,\"name\":\"Adjuto Dias questiona propaganda do Governo e cobra melhorias no Hospital Walfredo Gurgel ap\u00f3s fiscaliza\u00e7\u00e3o\"}]},{\"@type\":\"WebSite\",\"@id\":\"https:\/\/blogdobispo.com.br\/#website\",\"url\":\"https:\/\/blogdobispo.com.br\/\",\"name\":\"Blog do Bispo\",\"description\":\"Comprometido apenas com o leitor\",\"publisher\":{\"@id\":\"https:\/\/blogdobispo.com.br\/#organization\"},\"potentialAction\":[{\"@type\":\"SearchAction\",\"target\":{\"@type\":\"EntryPoint\",\"urlTemplate\":\"https:\/\/blogdobispo.com.br\/?s={search_term_string}\"},\"query-input\":{\"@type\":\"PropertyValueSpecification\",\"valueRequired\":true,\"valueName\":\"search_term_string\"}}],\"inLanguage\":\"pt-BR\"},{\"@type\":\"Organization\",\"@id\":\"https:\/\/blogdobispo.com.br\/#organization\",\"name\":\"Blog do Bispo\",\"url\":\"https:\/\/blogdobispo.com.br\/\",\"logo\":{\"@type\":\"ImageObject\",\"inLanguage\":\"pt-BR\",\"@id\":\"https:\/\/blogdobispo.com.br\/#\/schema\/logo\/image\/\",\"url\":\"http:\/\/blogdobispo.com.br\/wp-content\/uploads\/2023\/05\/cropped-headear.png\",\"contentUrl\":\"http:\/\/blogdobispo.com.br\/wp-content\/uploads\/2023\/05\/cropped-headear.png\",\"width\":1500,\"height\":399,\"caption\":\"Blog do Bispo\"},\"image\":{\"@id\":\"https:\/\/blogdobispo.com.br\/#\/schema\/logo\/image\/\"}},{\"@type\":\"Person\",\"@id\":\"https:\/\/blogdobispo.com.br\/#\/schema\/person\/e2209cc0e6cea5c5233d033e997b373f\",\"name\":\"Jefferson Sterfeno\",\"image\":{\"@type\":\"ImageObject\",\"inLanguage\":\"pt-BR\",\"@id\":\"https:\/\/blogdobispo.com.br\/#\/schema\/person\/image\/\",\"url\":\"https:\/\/secure.gravatar.com\/avatar\/0534e84764641168a677026b6d57a3f51dc7ac4db0b4f6186d9cb330d4ee1160?s=96&d=mm&r=g\",\"contentUrl\":\"https:\/\/secure.gravatar.com\/avatar\/0534e84764641168a677026b6d57a3f51dc7ac4db0b4f6186d9cb330d4ee1160?s=96&d=mm&r=g\",\"caption\":\"Jefferson Sterfeno\"},\"sameAs\":[\"http:\/\/blogdobispo.com.br\"],\"url\":\"https:\/\/blogdobispo.com.br\/?author=1\"}]}<\/script>\n<!-- \/ Yoast SEO plugin. -->","yoast_head_json":{"title":"Adjuto Dias questiona propaganda do Governo e cobra melhorias no Hospital Walfredo Gurgel ap\u00f3s fiscaliza\u00e7\u00e3o - Blog do Bispo","robots":{"index":"index","follow":"follow","max-snippet":"max-snippet:-1","max-image-preview":"max-image-preview:large","max-video-preview":"max-video-preview:-1"},"canonical":"https:\/\/blogdobispo.com.br\/?p=4989","og_locale":"pt_BR","og_type":"article","og_title":"Adjuto Dias questiona propaganda do Governo e cobra melhorias no Hospital Walfredo Gurgel ap\u00f3s fiscaliza\u00e7\u00e3o - Blog do Bispo","og_description":"Durante a sess\u00e3o ordin\u00e1ria desta ter\u00e7a-feira (8), na Assembleia Legislativa, o deputado estadual Adjuto Dias (MDB) usou a tribuna para criticar a recente propaganda institucional do Governo do Estado. Embora tenha reconhecido a qualidade t\u00e9cnica da pe\u00e7a publicit\u00e1ria, o parlamentar questionou os dados apresentados, especialmente no que se refere \u00e0 situa\u00e7\u00e3o da sa\u00fade p\u00fablica e [&hellip;]","og_url":"https:\/\/blogdobispo.com.br\/?p=4989","og_site_name":"Blog do Bispo","article_published_time":"2025-04-11T03:06:43+00:00","article_modified_time":"2025-04-11T03:06:44+00:00","og_image":[{"url":"https:\/\/blogdobispo.com.br\/wp-content\/uploads\/2025\/04\/07b6739f-4fd3-45ed-8a48-12c0d1f4ffc2-1.jpg","type":"","width":"","height":""}],"author":"Jefferson Sterfeno","twitter_card":"summary_large_image","twitter_misc":{"Escrito por":"Jefferson Sterfeno","Est. tempo de leitura":"1 minuto"},"schema":{"@context":"https:\/\/schema.org","@graph":[{"@type":"Article","@id":"https:\/\/blogdobispo.com.br\/?p=4989#article","isPartOf":{"@id":"https:\/\/blogdobispo.com.br\/?p=4989"},"author":{"name":"Jefferson Sterfeno","@id":"https:\/\/blogdobispo.com.br\/#\/schema\/person\/e2209cc0e6cea5c5233d033e997b373f"},"headline":"Adjuto Dias questiona propaganda do Governo e cobra melhorias no Hospital Walfredo Gurgel ap\u00f3s fiscaliza\u00e7\u00e3o","datePublished":"2025-04-11T03:06:43+00:00","dateModified":"2025-04-11T03:06:44+00:00","mainEntityOfPage":{"@id":"https:\/\/blogdobispo.com.br\/?p=4989"},"wordCount":239,"commentCount":0,"publisher":{"@id":"https:\/\/blogdobispo.com.br\/#organization"},"image":{"@id":"https:\/\/blogdobispo.com.br\/?p=4989#primaryimage"},"thumbnailUrl":"https:\/\/blogdobispo.com.br\/wp-content\/uploads\/2025\/04\/07b6739f-4fd3-45ed-8a48-12c0d1f4ffc2-1.jpg","articleSection":["diversos"],"inLanguage":"pt-BR","potentialAction":[{"@type":"CommentAction","name":"Comment","target":["https:\/\/blogdobispo.com.br\/?p=4989#respond"]}]},{"@type":"WebPage","@id":"https:\/\/blogdobispo.com.br\/?p=4989","url":"https:\/\/blogdobispo.com.br\/?p=4989","name":"Adjuto Dias questiona propaganda do Governo e cobra melhorias no Hospital Walfredo Gurgel ap\u00f3s fiscaliza\u00e7\u00e3o - Blog do Bispo","isPartOf":{"@id":"https:\/\/blogdobispo.com.br\/#website"},"primaryImageOfPage":{"@id":"https:\/\/blogdobispo.com.br\/?p=4989#primaryimage"},"image":{"@id":"https:\/\/blogdobispo.com.br\/?p=4989#primaryimage"},"thumbnailUrl":"https:\/\/blogdobispo.com.br\/wp-content\/uploads\/2025\/04\/07b6739f-4fd3-45ed-8a48-12c0d1f4ffc2-1.jpg","datePublished":"2025-04-11T03:06:43+00:00","dateModified":"2025-04-11T03:06:44+00:00","breadcrumb":{"@id":"https:\/\/blogdobispo.com.br\/?p=4989#breadcrumb"},"inLanguage":"pt-BR","potentialAction":[{"@type":"ReadAction","target":["https:\/\/blogdobispo.com.br\/?p=4989"]}]},{"@type":"ImageObject","inLanguage":"pt-BR","@id":"https:\/\/blogdobispo.com.br\/?p=4989#primaryimage","url":"https:\/\/blogdobispo.com.br\/wp-content\/uploads\/2025\/04\/07b6739f-4fd3-45ed-8a48-12c0d1f4ffc2-1.jpg","contentUrl":"https:\/\/blogdobispo.com.br\/wp-content\/uploads\/2025\/04\/07b6739f-4fd3-45ed-8a48-12c0d1f4ffc2-1.jpg"},{"@type":"BreadcrumbList","@id":"https:\/\/blogdobispo.com.br\/?p=4989#breadcrumb","itemListElement":[{"@type":"ListItem","position":1,"name":"In\u00edcio","item":"https:\/\/blogdobispo.com.br\/"},{"@type":"ListItem","position":2,"name":"Adjuto Dias questiona propaganda do Governo e cobra melhorias no Hospital Walfredo Gurgel ap\u00f3s fiscaliza\u00e7\u00e3o"}]},{"@type":"WebSite","@id":"https:\/\/blogdobispo.com.br\/#website","url":"https:\/\/blogdobispo.com.br\/","name":"Blog do Bispo","description":"Comprometido apenas com o leitor","publisher":{"@id":"https:\/\/blogdobispo.com.br\/#organization"},"potentialAction":[{"@type":"SearchAction","target":{"@type":"EntryPoint","urlTemplate":"https:\/\/blogdobispo.com.br\/?s={search_term_string}"},"query-input":{"@type":"PropertyValueSpecification","valueRequired":true,"valueName":"search_term_string"}}],"inLanguage":"pt-BR"},{"@type":"Organization","@id":"https:\/\/blogdobispo.com.br\/#organization","name":"Blog do Bispo","url":"https:\/\/blogdobispo.com.br\/","logo":{"@type":"ImageObject","inLanguage":"pt-BR","@id":"https:\/\/blogdobispo.com.br\/#\/schema\/logo\/image\/","url":"http:\/\/blogdobispo.com.br\/wp-content\/uploads\/2023\/05\/cropped-headear.png","contentUrl":"http:\/\/blogdobispo.com.br\/wp-content\/uploads\/2023\/05\/cropped-headear.png","width":1500,"height":399,"caption":"Blog do Bispo"},"image":{"@id":"https:\/\/blogdobispo.com.br\/#\/schema\/logo\/image\/"}},{"@type":"Person","@id":"https:\/\/blogdobispo.com.br\/#\/schema\/person\/e2209cc0e6cea5c5233d033e997b373f","name":"Jefferson Sterfeno","image":{"@type":"ImageObject","inLanguage":"pt-BR","@id":"https:\/\/blogdobispo.com.br\/#\/schema\/person\/image\/","url":"https:\/\/secure.gravatar.com\/avatar\/0534e84764641168a677026b6d57a3f51dc7ac4db0b4f6186d9cb330d4ee1160?s=96&d=mm&r=g","contentUrl":"https:\/\/secure.gravatar.com\/avatar\/0534e84764641168a677026b6d57a3f51dc7ac4db0b4f6186d9cb330d4ee1160?s=96&d=mm&r=g","caption":"Jefferson Sterfeno"},"sameAs":["http:\/\/blogdobispo.com.br"],"url":"https:\/\/blogdobispo.com.br\/?author=1"}]}},"featured_image_urls":{"full":"","thumbnail":"","medium":"","medium_large":"","large":"","1536x1536":"","2048x2048":""},"author_info":{"display_name":"Jefferson Sterfeno","author_link":"https:\/\/blogdobispo.com.br\/?author=1"},"category_info":"<a href=\"https:\/\/blogdobispo.com.br\/?cat=1\" rel=\"category\">diversos<\/a>","tag_info":"diversos","comment_count":"0","jetpack_featured_media_url":"","jetpack_sharing_enabled":true,"_links":{"self":[{"href":"https:\/\/blogdobispo.com.br\/index.php?rest_route=\/wp\/v2\/posts\/4989","targetHints":{"allow":["GET"]}}],"collection":[{"href":"https:\/\/blogdobispo.com.br\/index.php?rest_route=\/wp\/v2\/posts"}],"about":[{"href":"https:\/\/blogdobispo.com.br\/index.php?rest_route=\/wp\/v2\/types\/post"}],"author":[{"embeddable":true,"href":"https:\/\/blogdobispo.com.br\/index.php?rest_route=\/wp\/v2\/users\/1"}],"replies":[{"embeddable":true,"href":"https:\/\/blogdobispo.com.br\/index.php?rest_route=%2Fwp%2Fv2%2Fcomments&post=4989"}],"version-history":[{"count":1,"href":"https:\/\/blogdobispo.com.br\/index.php?rest_route=\/wp\/v2\/posts\/4989\/revisions"}],"predecessor-version":[{"id":5005,"href":"https:\/\/blogdobispo.com.br\/index.php?rest_route=\/wp\/v2\/posts\/4989\/revisions\/5005"}],"wp:attachment":[{"href":"https:\/\/blogdobispo.com.br\/index.php?rest_route=%2Fwp%2Fv2%2Fmedia&parent=4989"}],"wp:term":[{"taxonomy":"category","embeddable":true,"href":"https:\/\/blogdobispo.com.br\/index.php?rest_route=%2Fwp%2Fv2%2Fcategories&post=4989"},{"taxonomy":"post_tag","embeddable":true,"href":"https:\/\/blogdobispo.com.br\/index.php?rest_route=%2Fwp%2Fv2%2Ftags&post=4989"}],"curies":[{"name":"wp","href":"https:\/\/api.w.org\/{rel}","templated":true}]}}