{"id":4982,"date":"2025-04-09T00:15:09","date_gmt":"2025-04-09T00:15:09","guid":{"rendered":"https:\/\/blogdobispo.com.br\/?p=4982"},"modified":"2025-04-09T00:15:09","modified_gmt":"2025-04-09T00:15:09","slug":"vereador-daniel-santiago-panfleta-em-onibus-de-natal-e-anuncia-mais-acoes-voltadas-ao-autismo","status":"publish","type":"post","link":"https:\/\/blogdobispo.com.br\/?p=4982","title":{"rendered":"Vereador Daniel Santiago panfleta em \u00f4nibus de Natal e anuncia mais a\u00e7\u00f5es voltadas ao autismo"},"content":{"rendered":"\n<figure class=\"wp-block-image size-large\"><img data-recalc-dims=\"1\" fetchpriority=\"high\" decoding=\"async\" width=\"800\" height=\"600\" src=\"https:\/\/i0.wp.com\/blogdobispo.com.br\/wp-content\/uploads\/2025\/04\/591d4f2a-ff61-4a1d-b20f-05503a826803-1-1024x768.jpg?resize=800%2C600&#038;ssl=1\" class=\"wp-image-4981\" srcset=\"https:\/\/i0.wp.com\/blogdobispo.com.br\/wp-content\/uploads\/2025\/04\/591d4f2a-ff61-4a1d-b20f-05503a826803-1.jpg?resize=1024%2C768&amp;ssl=1 1024w, https:\/\/i0.wp.com\/blogdobispo.com.br\/wp-content\/uploads\/2025\/04\/591d4f2a-ff61-4a1d-b20f-05503a826803-1.jpg?resize=300%2C225&amp;ssl=1 300w, https:\/\/i0.wp.com\/blogdobispo.com.br\/wp-content\/uploads\/2025\/04\/591d4f2a-ff61-4a1d-b20f-05503a826803-1.jpg?resize=768%2C576&amp;ssl=1 768w, https:\/\/i0.wp.com\/blogdobispo.com.br\/wp-content\/uploads\/2025\/04\/591d4f2a-ff61-4a1d-b20f-05503a826803-1.jpg?resize=1536%2C1152&amp;ssl=1 1536w, https:\/\/i0.wp.com\/blogdobispo.com.br\/wp-content\/uploads\/2025\/04\/591d4f2a-ff61-4a1d-b20f-05503a826803-1.jpg?w=2000&amp;ssl=1 2000w, https:\/\/i0.wp.com\/blogdobispo.com.br\/wp-content\/uploads\/2025\/04\/591d4f2a-ff61-4a1d-b20f-05503a826803-1.jpg?w=1600 1600w\" sizes=\"(max-width: 800px) 100vw, 800px\" \/><\/figure>\n\n\n\n<p><\/p>\n\n\n\n<p>O vereador Daniel Santiago protagonizou, na tarde desta segunda-feira (08), mais uma a\u00e7\u00e3o de conscientiza\u00e7\u00e3o sobre o Transtorno do Espectro Autista (TEA) em \u00f4nibus que circulam pelas quatro zonas de Natal. A atividade \u201cBus\u00e3o da Inclus\u00e3o\u201d, que faz parte da campanha &#8220;\u00c9 T\u00e3o Lindo Ser Amigo&#8221;, foi lan\u00e7ada pela manh\u00e3 pela Secretaria Municipal de Mobilidade Urbana (STTU), com o objetivo de sensibilizar a popula\u00e7\u00e3o sobre os direitos e necessidades das pessoas autistas.<\/p>\n\n\n\n<p>Durante a panfletagem, Daniel e sua equipe embarcaram em ve\u00edculos que circulam nas zonas Norte, Sul, Leste e Oeste, distribuindo materiais informativos e dialogando com os passageiros. A receptividade foi imediata: relatos emocionantes de pais, av\u00f3s, professores e cuidadores refor\u00e7aram a import\u00e2ncia da pauta e da escuta ativa. \u201cMais do que distribuir material, a gente ouviu hist\u00f3rias, acolheu relatos e viu de perto o quanto essa causa j\u00e1 faz parte da vida de muitas fam\u00edlias. Isso nos mostra que estamos no caminho certo\u201d, afirmou.<\/p>\n\n\n\n<p>Daniel tamb\u00e9m destacou a import\u00e2ncia da parceria com o poder p\u00fablico e a sociedade civil: \u201cAgrade\u00e7o \u00e0 gest\u00e3o municipal, atrav\u00e9s do prefeito Paulinho Freire, da vice-prefeita Joanna Guerra, da secret\u00e1ria de Mobilidade Urbana Jodia Melo e do Seturn, por abrirem as portas para que essa a\u00e7\u00e3o acontecesse. Essa campanha s\u00f3 est\u00e1 sendo poss\u00edvel porque temos ao nosso lado parceiros incr\u00edveis que acreditam na inclus\u00e3o e fazem parte de cada passo dessa jornada.\u201d<\/p>\n\n\n\n<p>A campanha \u201c\u00c9 Lindo Ser Amigo&#8221; segue ao longo do m\u00eas com uma s\u00e9rie de atividades. A iniciativa conta com o apoio de institui\u00e7\u00f5es, movimentos sociais e empresas que v\u00eam fortalecendo o trabalho de conscientiza\u00e7\u00e3o sobre o autismo, como: Instituto LeBlue, M\u00e3es Corujas Batalhadoras, Grupo Justiz, Cl\u00ednica Vivianny Lopes, Servicon Natal, Seturn Natal, Sindicon Natal, Novo Not\u00edcias, GMSer Brasil, Liga DOOH, RB Gr\u00e1fica e Editora, Partage Norte Shopping, All M\u00eddia, Ponto Certo.<\/p>\n\n\n\n<p>Confira a programa\u00e7\u00e3o das pr\u00f3ximas a\u00e7\u00f5es da campanha:<\/p>\n\n\n\n<ul class=\"wp-block-list\">\n<li>09\/04 &#8211; 14h: Sala de Acolhimento \u2013 Escola Estadual Iapissara Aguiar<\/li>\n\n\n\n<li>10\/04 &#8211; 7h: Lan\u00e7amento do projeto &#8220;Vizinho Consciente&#8221; \u2013 Condom\u00ednio Parque das Serras<\/li>\n\n\n\n<li>12\/04 &#8211; 16h: Caminhada do Autismo \u2013 Felipe Camar\u00e3o<\/li>\n\n\n\n<li>16\/04 &#8211; 16h: Blitz do Autismo \u2013 Av. Roberto Freire (em frente ao Ferreira Costa)<\/li>\n\n\n\n<li>24\/04 &#8211; 16h: &#8220;Aluno Consciente&#8221; \u2013 Escola Estadual Berilo Wanderley + Lan\u00e7amento da Lei 7817\/2025, que garante prioridade habitacional para pessoas autistas (na sede da SEHARPE)<\/li>\n\n\n\n<li>26\/04 &#8211; 10h \u00e0s 14h: Encerramento da campanha com o S\u00e1bado Azul \u2013 Partage Norte Shopping<\/li>\n<\/ul>\n","protected":false},"excerpt":{"rendered":"<p>O vereador Daniel Santiago protagonizou, na tarde desta segunda-feira (08), mais uma a\u00e7\u00e3o de conscientiza\u00e7\u00e3o sobre o Transtorno do Espectro Autista (TEA) em \u00f4nibus que circulam pelas quatro zonas de Natal. A atividade \u201cBus\u00e3o da Inclus\u00e3o\u201d, que faz parte da campanha &#8220;\u00c9 T\u00e3o Lindo Ser Amigo&#8221;, foi lan\u00e7ada pela manh\u00e3 pela Secretaria Municipal de Mobilidade [&hellip;]<\/p>\n","protected":false},"author":1,"featured_media":0,"comment_status":"open","ping_status":"open","sticky":false,"template":"","format":"standard","meta":{"cybocfi_hide_featured_image":"","_jetpack_memberships_contains_paid_content":false,"footnotes":""},"categories":[1],"tags":[],"class_list":["post-4982","post","type-post","status-publish","format-standard","hentry","category-diversos"],"yoast_head":"<!-- This site is optimized with the Yoast SEO plugin v25.6 - https:\/\/yoast.com\/wordpress\/plugins\/seo\/ -->\n<title>Vereador Daniel Santiago panfleta em \u00f4nibus de Natal e anuncia mais a\u00e7\u00f5es voltadas ao autismo - Blog do Bispo<\/title>\n<meta name=\"robots\" content=\"index, follow, max-snippet:-1, max-image-preview:large, max-video-preview:-1\" \/>\n<link rel=\"canonical\" href=\"https:\/\/blogdobispo.com.br\/?p=4982\" \/>\n<meta property=\"og:locale\" content=\"pt_BR\" \/>\n<meta property=\"og:type\" content=\"article\" \/>\n<meta property=\"og:title\" content=\"Vereador Daniel Santiago panfleta em \u00f4nibus de Natal e anuncia mais a\u00e7\u00f5es voltadas ao autismo - Blog do Bispo\" \/>\n<meta property=\"og:description\" content=\"O vereador Daniel Santiago protagonizou, na tarde desta segunda-feira (08), mais uma a\u00e7\u00e3o de conscientiza\u00e7\u00e3o sobre o Transtorno do Espectro Autista (TEA) em \u00f4nibus que circulam pelas quatro zonas de Natal. A atividade \u201cBus\u00e3o da Inclus\u00e3o\u201d, que faz parte da campanha &#8220;\u00c9 T\u00e3o Lindo Ser Amigo&#8221;, foi lan\u00e7ada pela manh\u00e3 pela Secretaria Municipal de Mobilidade [&hellip;]\" \/>\n<meta property=\"og:url\" content=\"https:\/\/blogdobispo.com.br\/?p=4982\" \/>\n<meta property=\"og:site_name\" content=\"Blog do Bispo\" \/>\n<meta property=\"article:published_time\" content=\"2025-04-09T00:15:09+00:00\" \/>\n<meta property=\"og:image\" content=\"https:\/\/blogdobispo.com.br\/wp-content\/uploads\/2025\/04\/591d4f2a-ff61-4a1d-b20f-05503a826803-1-1024x768.jpg\" \/>\n<meta name=\"author\" content=\"Jefferson Sterfeno\" \/>\n<meta name=\"twitter:card\" content=\"summary_large_image\" \/>\n<meta name=\"twitter:label1\" content=\"Escrito por\" \/>\n\t<meta name=\"twitter:data1\" content=\"Jefferson Sterfeno\" \/>\n\t<meta name=\"twitter:label2\" content=\"Est. tempo de leitura\" \/>\n\t<meta name=\"twitter:data2\" content=\"2 minutos\" \/>\n<script type=\"application\/ld+json\" class=\"yoast-schema-graph\">{\"@context\":\"https:\/\/schema.org\",\"@graph\":[{\"@type\":\"Article\",\"@id\":\"https:\/\/blogdobispo.com.br\/?p=4982#article\",\"isPartOf\":{\"@id\":\"https:\/\/blogdobispo.com.br\/?p=4982\"},\"author\":{\"name\":\"Jefferson Sterfeno\",\"@id\":\"https:\/\/blogdobispo.com.br\/#\/schema\/person\/e2209cc0e6cea5c5233d033e997b373f\"},\"headline\":\"Vereador Daniel Santiago panfleta em \u00f4nibus de Natal e anuncia mais a\u00e7\u00f5es voltadas ao autismo\",\"datePublished\":\"2025-04-09T00:15:09+00:00\",\"mainEntityOfPage\":{\"@id\":\"https:\/\/blogdobispo.com.br\/?p=4982\"},\"wordCount\":438,\"commentCount\":0,\"publisher\":{\"@id\":\"https:\/\/blogdobispo.com.br\/#organization\"},\"image\":{\"@id\":\"https:\/\/blogdobispo.com.br\/?p=4982#primaryimage\"},\"thumbnailUrl\":\"https:\/\/blogdobispo.com.br\/wp-content\/uploads\/2025\/04\/591d4f2a-ff61-4a1d-b20f-05503a826803-1-1024x768.jpg\",\"articleSection\":[\"diversos\"],\"inLanguage\":\"pt-BR\",\"potentialAction\":[{\"@type\":\"CommentAction\",\"name\":\"Comment\",\"target\":[\"https:\/\/blogdobispo.com.br\/?p=4982#respond\"]}]},{\"@type\":\"WebPage\",\"@id\":\"https:\/\/blogdobispo.com.br\/?p=4982\",\"url\":\"https:\/\/blogdobispo.com.br\/?p=4982\",\"name\":\"Vereador Daniel Santiago panfleta em \u00f4nibus de Natal e anuncia mais a\u00e7\u00f5es voltadas ao autismo - Blog do Bispo\",\"isPartOf\":{\"@id\":\"https:\/\/blogdobispo.com.br\/#website\"},\"primaryImageOfPage\":{\"@id\":\"https:\/\/blogdobispo.com.br\/?p=4982#primaryimage\"},\"image\":{\"@id\":\"https:\/\/blogdobispo.com.br\/?p=4982#primaryimage\"},\"thumbnailUrl\":\"https:\/\/blogdobispo.com.br\/wp-content\/uploads\/2025\/04\/591d4f2a-ff61-4a1d-b20f-05503a826803-1-1024x768.jpg\",\"datePublished\":\"2025-04-09T00:15:09+00:00\",\"breadcrumb\":{\"@id\":\"https:\/\/blogdobispo.com.br\/?p=4982#breadcrumb\"},\"inLanguage\":\"pt-BR\",\"potentialAction\":[{\"@type\":\"ReadAction\",\"target\":[\"https:\/\/blogdobispo.com.br\/?p=4982\"]}]},{\"@type\":\"ImageObject\",\"inLanguage\":\"pt-BR\",\"@id\":\"https:\/\/blogdobispo.com.br\/?p=4982#primaryimage\",\"url\":\"https:\/\/blogdobispo.com.br\/wp-content\/uploads\/2025\/04\/591d4f2a-ff61-4a1d-b20f-05503a826803-1-1024x768.jpg\",\"contentUrl\":\"https:\/\/blogdobispo.com.br\/wp-content\/uploads\/2025\/04\/591d4f2a-ff61-4a1d-b20f-05503a826803-1-1024x768.jpg\"},{\"@type\":\"BreadcrumbList\",\"@id\":\"https:\/\/blogdobispo.com.br\/?p=4982#breadcrumb\",\"itemListElement\":[{\"@type\":\"ListItem\",\"position\":1,\"name\":\"In\u00edcio\",\"item\":\"https:\/\/blogdobispo.com.br\/\"},{\"@type\":\"ListItem\",\"position\":2,\"name\":\"Vereador Daniel Santiago panfleta em \u00f4nibus de Natal e anuncia mais a\u00e7\u00f5es voltadas ao autismo\"}]},{\"@type\":\"WebSite\",\"@id\":\"https:\/\/blogdobispo.com.br\/#website\",\"url\":\"https:\/\/blogdobispo.com.br\/\",\"name\":\"Blog do Bispo\",\"description\":\"Comprometido apenas com o leitor\",\"publisher\":{\"@id\":\"https:\/\/blogdobispo.com.br\/#organization\"},\"potentialAction\":[{\"@type\":\"SearchAction\",\"target\":{\"@type\":\"EntryPoint\",\"urlTemplate\":\"https:\/\/blogdobispo.com.br\/?s={search_term_string}\"},\"query-input\":{\"@type\":\"PropertyValueSpecification\",\"valueRequired\":true,\"valueName\":\"search_term_string\"}}],\"inLanguage\":\"pt-BR\"},{\"@type\":\"Organization\",\"@id\":\"https:\/\/blogdobispo.com.br\/#organization\",\"name\":\"Blog do Bispo\",\"url\":\"https:\/\/blogdobispo.com.br\/\",\"logo\":{\"@type\":\"ImageObject\",\"inLanguage\":\"pt-BR\",\"@id\":\"https:\/\/blogdobispo.com.br\/#\/schema\/logo\/image\/\",\"url\":\"http:\/\/blogdobispo.com.br\/wp-content\/uploads\/2023\/05\/cropped-headear.png\",\"contentUrl\":\"http:\/\/blogdobispo.com.br\/wp-content\/uploads\/2023\/05\/cropped-headear.png\",\"width\":1500,\"height\":399,\"caption\":\"Blog do Bispo\"},\"image\":{\"@id\":\"https:\/\/blogdobispo.com.br\/#\/schema\/logo\/image\/\"}},{\"@type\":\"Person\",\"@id\":\"https:\/\/blogdobispo.com.br\/#\/schema\/person\/e2209cc0e6cea5c5233d033e997b373f\",\"name\":\"Jefferson Sterfeno\",\"image\":{\"@type\":\"ImageObject\",\"inLanguage\":\"pt-BR\",\"@id\":\"https:\/\/blogdobispo.com.br\/#\/schema\/person\/image\/\",\"url\":\"https:\/\/secure.gravatar.com\/avatar\/0534e84764641168a677026b6d57a3f51dc7ac4db0b4f6186d9cb330d4ee1160?s=96&d=mm&r=g\",\"contentUrl\":\"https:\/\/secure.gravatar.com\/avatar\/0534e84764641168a677026b6d57a3f51dc7ac4db0b4f6186d9cb330d4ee1160?s=96&d=mm&r=g\",\"caption\":\"Jefferson Sterfeno\"},\"sameAs\":[\"http:\/\/blogdobispo.com.br\"],\"url\":\"https:\/\/blogdobispo.com.br\/?author=1\"}]}<\/script>\n<!-- \/ Yoast SEO plugin. -->","yoast_head_json":{"title":"Vereador Daniel Santiago panfleta em \u00f4nibus de Natal e anuncia mais a\u00e7\u00f5es voltadas ao autismo - Blog do Bispo","robots":{"index":"index","follow":"follow","max-snippet":"max-snippet:-1","max-image-preview":"max-image-preview:large","max-video-preview":"max-video-preview:-1"},"canonical":"https:\/\/blogdobispo.com.br\/?p=4982","og_locale":"pt_BR","og_type":"article","og_title":"Vereador Daniel Santiago panfleta em \u00f4nibus de Natal e anuncia mais a\u00e7\u00f5es voltadas ao autismo - Blog do Bispo","og_description":"O vereador Daniel Santiago protagonizou, na tarde desta segunda-feira (08), mais uma a\u00e7\u00e3o de conscientiza\u00e7\u00e3o sobre o Transtorno do Espectro Autista (TEA) em \u00f4nibus que circulam pelas quatro zonas de Natal. A atividade \u201cBus\u00e3o da Inclus\u00e3o\u201d, que faz parte da campanha &#8220;\u00c9 T\u00e3o Lindo Ser Amigo&#8221;, foi lan\u00e7ada pela manh\u00e3 pela Secretaria Municipal de Mobilidade [&hellip;]","og_url":"https:\/\/blogdobispo.com.br\/?p=4982","og_site_name":"Blog do Bispo","article_published_time":"2025-04-09T00:15:09+00:00","og_image":[{"url":"https:\/\/blogdobispo.com.br\/wp-content\/uploads\/2025\/04\/591d4f2a-ff61-4a1d-b20f-05503a826803-1-1024x768.jpg","type":"","width":"","height":""}],"author":"Jefferson Sterfeno","twitter_card":"summary_large_image","twitter_misc":{"Escrito por":"Jefferson Sterfeno","Est. tempo de leitura":"2 minutos"},"schema":{"@context":"https:\/\/schema.org","@graph":[{"@type":"Article","@id":"https:\/\/blogdobispo.com.br\/?p=4982#article","isPartOf":{"@id":"https:\/\/blogdobispo.com.br\/?p=4982"},"author":{"name":"Jefferson Sterfeno","@id":"https:\/\/blogdobispo.com.br\/#\/schema\/person\/e2209cc0e6cea5c5233d033e997b373f"},"headline":"Vereador Daniel Santiago panfleta em \u00f4nibus de Natal e anuncia mais a\u00e7\u00f5es voltadas ao autismo","datePublished":"2025-04-09T00:15:09+00:00","mainEntityOfPage":{"@id":"https:\/\/blogdobispo.com.br\/?p=4982"},"wordCount":438,"commentCount":0,"publisher":{"@id":"https:\/\/blogdobispo.com.br\/#organization"},"image":{"@id":"https:\/\/blogdobispo.com.br\/?p=4982#primaryimage"},"thumbnailUrl":"https:\/\/blogdobispo.com.br\/wp-content\/uploads\/2025\/04\/591d4f2a-ff61-4a1d-b20f-05503a826803-1-1024x768.jpg","articleSection":["diversos"],"inLanguage":"pt-BR","potentialAction":[{"@type":"CommentAction","name":"Comment","target":["https:\/\/blogdobispo.com.br\/?p=4982#respond"]}]},{"@type":"WebPage","@id":"https:\/\/blogdobispo.com.br\/?p=4982","url":"https:\/\/blogdobispo.com.br\/?p=4982","name":"Vereador Daniel Santiago panfleta em \u00f4nibus de Natal e anuncia mais a\u00e7\u00f5es voltadas ao autismo - Blog do Bispo","isPartOf":{"@id":"https:\/\/blogdobispo.com.br\/#website"},"primaryImageOfPage":{"@id":"https:\/\/blogdobispo.com.br\/?p=4982#primaryimage"},"image":{"@id":"https:\/\/blogdobispo.com.br\/?p=4982#primaryimage"},"thumbnailUrl":"https:\/\/blogdobispo.com.br\/wp-content\/uploads\/2025\/04\/591d4f2a-ff61-4a1d-b20f-05503a826803-1-1024x768.jpg","datePublished":"2025-04-09T00:15:09+00:00","breadcrumb":{"@id":"https:\/\/blogdobispo.com.br\/?p=4982#breadcrumb"},"inLanguage":"pt-BR","potentialAction":[{"@type":"ReadAction","target":["https:\/\/blogdobispo.com.br\/?p=4982"]}]},{"@type":"ImageObject","inLanguage":"pt-BR","@id":"https:\/\/blogdobispo.com.br\/?p=4982#primaryimage","url":"https:\/\/blogdobispo.com.br\/wp-content\/uploads\/2025\/04\/591d4f2a-ff61-4a1d-b20f-05503a826803-1-1024x768.jpg","contentUrl":"https:\/\/blogdobispo.com.br\/wp-content\/uploads\/2025\/04\/591d4f2a-ff61-4a1d-b20f-05503a826803-1-1024x768.jpg"},{"@type":"BreadcrumbList","@id":"https:\/\/blogdobispo.com.br\/?p=4982#breadcrumb","itemListElement":[{"@type":"ListItem","position":1,"name":"In\u00edcio","item":"https:\/\/blogdobispo.com.br\/"},{"@type":"ListItem","position":2,"name":"Vereador Daniel Santiago panfleta em \u00f4nibus de Natal e anuncia mais a\u00e7\u00f5es voltadas ao autismo"}]},{"@type":"WebSite","@id":"https:\/\/blogdobispo.com.br\/#website","url":"https:\/\/blogdobispo.com.br\/","name":"Blog do Bispo","description":"Comprometido apenas com o leitor","publisher":{"@id":"https:\/\/blogdobispo.com.br\/#organization"},"potentialAction":[{"@type":"SearchAction","target":{"@type":"EntryPoint","urlTemplate":"https:\/\/blogdobispo.com.br\/?s={search_term_string}"},"query-input":{"@type":"PropertyValueSpecification","valueRequired":true,"valueName":"search_term_string"}}],"inLanguage":"pt-BR"},{"@type":"Organization","@id":"https:\/\/blogdobispo.com.br\/#organization","name":"Blog do Bispo","url":"https:\/\/blogdobispo.com.br\/","logo":{"@type":"ImageObject","inLanguage":"pt-BR","@id":"https:\/\/blogdobispo.com.br\/#\/schema\/logo\/image\/","url":"http:\/\/blogdobispo.com.br\/wp-content\/uploads\/2023\/05\/cropped-headear.png","contentUrl":"http:\/\/blogdobispo.com.br\/wp-content\/uploads\/2023\/05\/cropped-headear.png","width":1500,"height":399,"caption":"Blog do Bispo"},"image":{"@id":"https:\/\/blogdobispo.com.br\/#\/schema\/logo\/image\/"}},{"@type":"Person","@id":"https:\/\/blogdobispo.com.br\/#\/schema\/person\/e2209cc0e6cea5c5233d033e997b373f","name":"Jefferson Sterfeno","image":{"@type":"ImageObject","inLanguage":"pt-BR","@id":"https:\/\/blogdobispo.com.br\/#\/schema\/person\/image\/","url":"https:\/\/secure.gravatar.com\/avatar\/0534e84764641168a677026b6d57a3f51dc7ac4db0b4f6186d9cb330d4ee1160?s=96&d=mm&r=g","contentUrl":"https:\/\/secure.gravatar.com\/avatar\/0534e84764641168a677026b6d57a3f51dc7ac4db0b4f6186d9cb330d4ee1160?s=96&d=mm&r=g","caption":"Jefferson Sterfeno"},"sameAs":["http:\/\/blogdobispo.com.br"],"url":"https:\/\/blogdobispo.com.br\/?author=1"}]}},"featured_image_urls":{"full":"","thumbnail":"","medium":"","medium_large":"","large":"","1536x1536":"","2048x2048":""},"author_info":{"display_name":"Jefferson Sterfeno","author_link":"https:\/\/blogdobispo.com.br\/?author=1"},"category_info":"<a href=\"https:\/\/blogdobispo.com.br\/?cat=1\" rel=\"category\">diversos<\/a>","tag_info":"diversos","comment_count":"0","jetpack_featured_media_url":"","jetpack_sharing_enabled":true,"_links":{"self":[{"href":"https:\/\/blogdobispo.com.br\/index.php?rest_route=\/wp\/v2\/posts\/4982","targetHints":{"allow":["GET"]}}],"collection":[{"href":"https:\/\/blogdobispo.com.br\/index.php?rest_route=\/wp\/v2\/posts"}],"about":[{"href":"https:\/\/blogdobispo.com.br\/index.php?rest_route=\/wp\/v2\/types\/post"}],"author":[{"embeddable":true,"href":"https:\/\/blogdobispo.com.br\/index.php?rest_route=\/wp\/v2\/users\/1"}],"replies":[{"embeddable":true,"href":"https:\/\/blogdobispo.com.br\/index.php?rest_route=%2Fwp%2Fv2%2Fcomments&post=4982"}],"version-history":[{"count":0,"href":"https:\/\/blogdobispo.com.br\/index.php?rest_route=\/wp\/v2\/posts\/4982\/revisions"}],"wp:attachment":[{"href":"https:\/\/blogdobispo.com.br\/index.php?rest_route=%2Fwp%2Fv2%2Fmedia&parent=4982"}],"wp:term":[{"taxonomy":"category","embeddable":true,"href":"https:\/\/blogdobispo.com.br\/index.php?rest_route=%2Fwp%2Fv2%2Fcategories&post=4982"},{"taxonomy":"post_tag","embeddable":true,"href":"https:\/\/blogdobispo.com.br\/index.php?rest_route=%2Fwp%2Fv2%2Ftags&post=4982"}],"curies":[{"name":"wp","href":"https:\/\/api.w.org\/{rel}","templated":true}]}}