{"id":4975,"date":"2025-04-08T14:24:28","date_gmt":"2025-04-08T14:24:28","guid":{"rendered":"https:\/\/blogdobispo.com.br\/?p=4975"},"modified":"2025-04-08T14:24:28","modified_gmt":"2025-04-08T14:24:28","slug":"defensor-da-causa-animal-robson-carvalho-visita-prefeito-de-ceara-mirim-antonio-henrique-na-pauta-politicas-publicas-em-defesa-e-protecao-dos-animais","status":"publish","type":"post","link":"https:\/\/blogdobispo.com.br\/?p=4975","title":{"rendered":"Defensor da causa animal Robson Carvalho visita prefeito de Cear\u00e1-Mirim Ant\u00f4nio Henrique na pauta pol\u00edticas p\u00fablicas em defesa  e prote\u00e7\u00e3o dos animais"},"content":{"rendered":"\n<figure class=\"wp-block-image size-large\"><img data-recalc-dims=\"1\" fetchpriority=\"high\" decoding=\"async\" width=\"390\" height=\"520\" src=\"https:\/\/i0.wp.com\/blogdobispo.com.br\/wp-content\/uploads\/2025\/04\/img_3662-1.png?resize=390%2C520&#038;ssl=1\" class=\"wp-image-4974\" srcset=\"https:\/\/i0.wp.com\/blogdobispo.com.br\/wp-content\/uploads\/2025\/04\/img_3662-1.png?w=390&amp;ssl=1 390w, https:\/\/i0.wp.com\/blogdobispo.com.br\/wp-content\/uploads\/2025\/04\/img_3662-1.png?resize=225%2C300&amp;ssl=1 225w\" sizes=\"(max-width: 390px) 100vw, 390px\" \/><\/figure>\n\n\n\n<p>Aproveitando o Abril Laranja,&nbsp; que \u00e9 o m\u00eas de combate aos maus tratos animal o vereador e suplente de deputado Estadual Robson Carvalho,&nbsp; se reuniu com o prefeito de Cear\u00e1 Mirim Ant\u00f4nio Henrique,&nbsp; para discutir sobre a causa ANIMAL.&nbsp; entre as pautas falaram sobre as quest\u00f5es da vacina\u00e7\u00e3o da castra\u00e7\u00e3o para redu\u00e7\u00e3o da situa\u00e7\u00e3o&nbsp; dos animais de rua,&nbsp; &nbsp;e principalmente as campanhas educativas em combate aos maus tratos animal,&nbsp; uma bandeira que Robson Carvalho tem lutado e combatido esse tipo de situa\u00e7\u00e3o por todo estado, o prefeito Ant\u00f4nio Henrique Agradeceu a visita e prometeu trabalhar em prol da causa no munic\u00edpio de Cear\u00e1 Mirim, onde ir\u00e1 realizar&nbsp; parcerias com cl\u00ednicas veterin\u00e1rias particulares, e ir\u00e1 tentar viabilizar a constru\u00e7\u00e3o do Hospital veterin\u00e1rio no munic\u00edpio.<\/p>\n\n\n\n<p>Not\u00edcias do P\u00e1ssaro <ins class=\"adsbygoogle adsbygoogle-noablate\"><\/ins><\/p>\n","protected":false},"excerpt":{"rendered":"<p>Aproveitando o Abril Laranja,&nbsp; que \u00e9 o m\u00eas de combate aos maus tratos animal o vereador e suplente de deputado Estadual Robson Carvalho,&nbsp; se reuniu com o prefeito de Cear\u00e1 Mirim Ant\u00f4nio Henrique,&nbsp; para discutir sobre a causa ANIMAL.&nbsp; entre as pautas falaram sobre as quest\u00f5es da vacina\u00e7\u00e3o da castra\u00e7\u00e3o para redu\u00e7\u00e3o da situa\u00e7\u00e3o&nbsp; dos [&hellip;]<\/p>\n","protected":false},"author":1,"featured_media":0,"comment_status":"open","ping_status":"open","sticky":false,"template":"","format":"standard","meta":{"cybocfi_hide_featured_image":"","_jetpack_memberships_contains_paid_content":false,"footnotes":""},"categories":[1],"tags":[],"class_list":["post-4975","post","type-post","status-publish","format-standard","hentry","category-diversos"],"yoast_head":"<!-- This site is optimized with the Yoast SEO plugin v25.6 - https:\/\/yoast.com\/wordpress\/plugins\/seo\/ -->\n<title>Defensor da causa animal Robson Carvalho visita prefeito de Cear\u00e1-Mirim Ant\u00f4nio Henrique na pauta pol\u00edticas p\u00fablicas em defesa e prote\u00e7\u00e3o dos animais - Blog do Bispo<\/title>\n<meta name=\"robots\" content=\"index, follow, max-snippet:-1, max-image-preview:large, max-video-preview:-1\" \/>\n<link rel=\"canonical\" href=\"https:\/\/blogdobispo.com.br\/?p=4975\" \/>\n<meta property=\"og:locale\" content=\"pt_BR\" \/>\n<meta property=\"og:type\" content=\"article\" \/>\n<meta property=\"og:title\" content=\"Defensor da causa animal Robson Carvalho visita prefeito de Cear\u00e1-Mirim Ant\u00f4nio Henrique na pauta pol\u00edticas p\u00fablicas em defesa e prote\u00e7\u00e3o dos animais - Blog do Bispo\" \/>\n<meta property=\"og:description\" content=\"Aproveitando o Abril Laranja,&nbsp; que \u00e9 o m\u00eas de combate aos maus tratos animal o vereador e suplente de deputado Estadual Robson Carvalho,&nbsp; se reuniu com o prefeito de Cear\u00e1 Mirim Ant\u00f4nio Henrique,&nbsp; para discutir sobre a causa ANIMAL.&nbsp; entre as pautas falaram sobre as quest\u00f5es da vacina\u00e7\u00e3o da castra\u00e7\u00e3o para redu\u00e7\u00e3o da situa\u00e7\u00e3o&nbsp; dos [&hellip;]\" \/>\n<meta property=\"og:url\" content=\"https:\/\/blogdobispo.com.br\/?p=4975\" \/>\n<meta property=\"og:site_name\" content=\"Blog do Bispo\" \/>\n<meta property=\"article:published_time\" content=\"2025-04-08T14:24:28+00:00\" \/>\n<meta property=\"og:image\" content=\"https:\/\/blogdobispo.com.br\/wp-content\/uploads\/2025\/04\/img_3662-1.png\" \/>\n<meta name=\"author\" content=\"Jefferson Sterfeno\" \/>\n<meta name=\"twitter:card\" content=\"summary_large_image\" \/>\n<meta name=\"twitter:label1\" content=\"Escrito por\" \/>\n\t<meta name=\"twitter:data1\" content=\"Jefferson Sterfeno\" \/>\n\t<meta name=\"twitter:label2\" content=\"Est. tempo de leitura\" \/>\n\t<meta name=\"twitter:data2\" content=\"1 minuto\" \/>\n<script type=\"application\/ld+json\" class=\"yoast-schema-graph\">{\"@context\":\"https:\/\/schema.org\",\"@graph\":[{\"@type\":\"Article\",\"@id\":\"https:\/\/blogdobispo.com.br\/?p=4975#article\",\"isPartOf\":{\"@id\":\"https:\/\/blogdobispo.com.br\/?p=4975\"},\"author\":{\"name\":\"Jefferson Sterfeno\",\"@id\":\"https:\/\/blogdobispo.com.br\/#\/schema\/person\/e2209cc0e6cea5c5233d033e997b373f\"},\"headline\":\"Defensor da causa animal Robson Carvalho visita prefeito de Cear\u00e1-Mirim Ant\u00f4nio Henrique na pauta pol\u00edticas p\u00fablicas em defesa e prote\u00e7\u00e3o dos animais\",\"datePublished\":\"2025-04-08T14:24:28+00:00\",\"mainEntityOfPage\":{\"@id\":\"https:\/\/blogdobispo.com.br\/?p=4975\"},\"wordCount\":178,\"commentCount\":0,\"publisher\":{\"@id\":\"https:\/\/blogdobispo.com.br\/#organization\"},\"image\":{\"@id\":\"https:\/\/blogdobispo.com.br\/?p=4975#primaryimage\"},\"thumbnailUrl\":\"https:\/\/blogdobispo.com.br\/wp-content\/uploads\/2025\/04\/img_3662-1.png\",\"articleSection\":[\"diversos\"],\"inLanguage\":\"pt-BR\",\"potentialAction\":[{\"@type\":\"CommentAction\",\"name\":\"Comment\",\"target\":[\"https:\/\/blogdobispo.com.br\/?p=4975#respond\"]}]},{\"@type\":\"WebPage\",\"@id\":\"https:\/\/blogdobispo.com.br\/?p=4975\",\"url\":\"https:\/\/blogdobispo.com.br\/?p=4975\",\"name\":\"Defensor da causa animal Robson Carvalho visita prefeito de Cear\u00e1-Mirim Ant\u00f4nio Henrique na pauta pol\u00edticas p\u00fablicas em defesa e prote\u00e7\u00e3o dos animais - Blog do Bispo\",\"isPartOf\":{\"@id\":\"https:\/\/blogdobispo.com.br\/#website\"},\"primaryImageOfPage\":{\"@id\":\"https:\/\/blogdobispo.com.br\/?p=4975#primaryimage\"},\"image\":{\"@id\":\"https:\/\/blogdobispo.com.br\/?p=4975#primaryimage\"},\"thumbnailUrl\":\"https:\/\/blogdobispo.com.br\/wp-content\/uploads\/2025\/04\/img_3662-1.png\",\"datePublished\":\"2025-04-08T14:24:28+00:00\",\"breadcrumb\":{\"@id\":\"https:\/\/blogdobispo.com.br\/?p=4975#breadcrumb\"},\"inLanguage\":\"pt-BR\",\"potentialAction\":[{\"@type\":\"ReadAction\",\"target\":[\"https:\/\/blogdobispo.com.br\/?p=4975\"]}]},{\"@type\":\"ImageObject\",\"inLanguage\":\"pt-BR\",\"@id\":\"https:\/\/blogdobispo.com.br\/?p=4975#primaryimage\",\"url\":\"https:\/\/blogdobispo.com.br\/wp-content\/uploads\/2025\/04\/img_3662-1.png\",\"contentUrl\":\"https:\/\/blogdobispo.com.br\/wp-content\/uploads\/2025\/04\/img_3662-1.png\"},{\"@type\":\"BreadcrumbList\",\"@id\":\"https:\/\/blogdobispo.com.br\/?p=4975#breadcrumb\",\"itemListElement\":[{\"@type\":\"ListItem\",\"position\":1,\"name\":\"In\u00edcio\",\"item\":\"https:\/\/blogdobispo.com.br\/\"},{\"@type\":\"ListItem\",\"position\":2,\"name\":\"Defensor da causa animal Robson Carvalho visita prefeito de Cear\u00e1-Mirim Ant\u00f4nio Henrique na pauta pol\u00edticas p\u00fablicas em defesa e prote\u00e7\u00e3o dos animais\"}]},{\"@type\":\"WebSite\",\"@id\":\"https:\/\/blogdobispo.com.br\/#website\",\"url\":\"https:\/\/blogdobispo.com.br\/\",\"name\":\"Blog do Bispo\",\"description\":\"Comprometido apenas com o leitor\",\"publisher\":{\"@id\":\"https:\/\/blogdobispo.com.br\/#organization\"},\"potentialAction\":[{\"@type\":\"SearchAction\",\"target\":{\"@type\":\"EntryPoint\",\"urlTemplate\":\"https:\/\/blogdobispo.com.br\/?s={search_term_string}\"},\"query-input\":{\"@type\":\"PropertyValueSpecification\",\"valueRequired\":true,\"valueName\":\"search_term_string\"}}],\"inLanguage\":\"pt-BR\"},{\"@type\":\"Organization\",\"@id\":\"https:\/\/blogdobispo.com.br\/#organization\",\"name\":\"Blog do Bispo\",\"url\":\"https:\/\/blogdobispo.com.br\/\",\"logo\":{\"@type\":\"ImageObject\",\"inLanguage\":\"pt-BR\",\"@id\":\"https:\/\/blogdobispo.com.br\/#\/schema\/logo\/image\/\",\"url\":\"http:\/\/blogdobispo.com.br\/wp-content\/uploads\/2023\/05\/cropped-headear.png\",\"contentUrl\":\"http:\/\/blogdobispo.com.br\/wp-content\/uploads\/2023\/05\/cropped-headear.png\",\"width\":1500,\"height\":399,\"caption\":\"Blog do Bispo\"},\"image\":{\"@id\":\"https:\/\/blogdobispo.com.br\/#\/schema\/logo\/image\/\"}},{\"@type\":\"Person\",\"@id\":\"https:\/\/blogdobispo.com.br\/#\/schema\/person\/e2209cc0e6cea5c5233d033e997b373f\",\"name\":\"Jefferson Sterfeno\",\"image\":{\"@type\":\"ImageObject\",\"inLanguage\":\"pt-BR\",\"@id\":\"https:\/\/blogdobispo.com.br\/#\/schema\/person\/image\/\",\"url\":\"https:\/\/secure.gravatar.com\/avatar\/0534e84764641168a677026b6d57a3f51dc7ac4db0b4f6186d9cb330d4ee1160?s=96&d=mm&r=g\",\"contentUrl\":\"https:\/\/secure.gravatar.com\/avatar\/0534e84764641168a677026b6d57a3f51dc7ac4db0b4f6186d9cb330d4ee1160?s=96&d=mm&r=g\",\"caption\":\"Jefferson Sterfeno\"},\"sameAs\":[\"http:\/\/blogdobispo.com.br\"],\"url\":\"https:\/\/blogdobispo.com.br\/?author=1\"}]}<\/script>\n<!-- \/ Yoast SEO plugin. -->","yoast_head_json":{"title":"Defensor da causa animal Robson Carvalho visita prefeito de Cear\u00e1-Mirim Ant\u00f4nio Henrique na pauta pol\u00edticas p\u00fablicas em defesa e prote\u00e7\u00e3o dos animais - Blog do Bispo","robots":{"index":"index","follow":"follow","max-snippet":"max-snippet:-1","max-image-preview":"max-image-preview:large","max-video-preview":"max-video-preview:-1"},"canonical":"https:\/\/blogdobispo.com.br\/?p=4975","og_locale":"pt_BR","og_type":"article","og_title":"Defensor da causa animal Robson Carvalho visita prefeito de Cear\u00e1-Mirim Ant\u00f4nio Henrique na pauta pol\u00edticas p\u00fablicas em defesa e prote\u00e7\u00e3o dos animais - Blog do Bispo","og_description":"Aproveitando o Abril Laranja,&nbsp; que \u00e9 o m\u00eas de combate aos maus tratos animal o vereador e suplente de deputado Estadual Robson Carvalho,&nbsp; se reuniu com o prefeito de Cear\u00e1 Mirim Ant\u00f4nio Henrique,&nbsp; para discutir sobre a causa ANIMAL.&nbsp; entre as pautas falaram sobre as quest\u00f5es da vacina\u00e7\u00e3o da castra\u00e7\u00e3o para redu\u00e7\u00e3o da situa\u00e7\u00e3o&nbsp; dos [&hellip;]","og_url":"https:\/\/blogdobispo.com.br\/?p=4975","og_site_name":"Blog do Bispo","article_published_time":"2025-04-08T14:24:28+00:00","og_image":[{"url":"https:\/\/blogdobispo.com.br\/wp-content\/uploads\/2025\/04\/img_3662-1.png","type":"","width":"","height":""}],"author":"Jefferson Sterfeno","twitter_card":"summary_large_image","twitter_misc":{"Escrito por":"Jefferson Sterfeno","Est. tempo de leitura":"1 minuto"},"schema":{"@context":"https:\/\/schema.org","@graph":[{"@type":"Article","@id":"https:\/\/blogdobispo.com.br\/?p=4975#article","isPartOf":{"@id":"https:\/\/blogdobispo.com.br\/?p=4975"},"author":{"name":"Jefferson Sterfeno","@id":"https:\/\/blogdobispo.com.br\/#\/schema\/person\/e2209cc0e6cea5c5233d033e997b373f"},"headline":"Defensor da causa animal Robson Carvalho visita prefeito de Cear\u00e1-Mirim Ant\u00f4nio Henrique na pauta pol\u00edticas p\u00fablicas em defesa e prote\u00e7\u00e3o dos animais","datePublished":"2025-04-08T14:24:28+00:00","mainEntityOfPage":{"@id":"https:\/\/blogdobispo.com.br\/?p=4975"},"wordCount":178,"commentCount":0,"publisher":{"@id":"https:\/\/blogdobispo.com.br\/#organization"},"image":{"@id":"https:\/\/blogdobispo.com.br\/?p=4975#primaryimage"},"thumbnailUrl":"https:\/\/blogdobispo.com.br\/wp-content\/uploads\/2025\/04\/img_3662-1.png","articleSection":["diversos"],"inLanguage":"pt-BR","potentialAction":[{"@type":"CommentAction","name":"Comment","target":["https:\/\/blogdobispo.com.br\/?p=4975#respond"]}]},{"@type":"WebPage","@id":"https:\/\/blogdobispo.com.br\/?p=4975","url":"https:\/\/blogdobispo.com.br\/?p=4975","name":"Defensor da causa animal Robson Carvalho visita prefeito de Cear\u00e1-Mirim Ant\u00f4nio Henrique na pauta pol\u00edticas p\u00fablicas em defesa e prote\u00e7\u00e3o dos animais - Blog do Bispo","isPartOf":{"@id":"https:\/\/blogdobispo.com.br\/#website"},"primaryImageOfPage":{"@id":"https:\/\/blogdobispo.com.br\/?p=4975#primaryimage"},"image":{"@id":"https:\/\/blogdobispo.com.br\/?p=4975#primaryimage"},"thumbnailUrl":"https:\/\/blogdobispo.com.br\/wp-content\/uploads\/2025\/04\/img_3662-1.png","datePublished":"2025-04-08T14:24:28+00:00","breadcrumb":{"@id":"https:\/\/blogdobispo.com.br\/?p=4975#breadcrumb"},"inLanguage":"pt-BR","potentialAction":[{"@type":"ReadAction","target":["https:\/\/blogdobispo.com.br\/?p=4975"]}]},{"@type":"ImageObject","inLanguage":"pt-BR","@id":"https:\/\/blogdobispo.com.br\/?p=4975#primaryimage","url":"https:\/\/blogdobispo.com.br\/wp-content\/uploads\/2025\/04\/img_3662-1.png","contentUrl":"https:\/\/blogdobispo.com.br\/wp-content\/uploads\/2025\/04\/img_3662-1.png"},{"@type":"BreadcrumbList","@id":"https:\/\/blogdobispo.com.br\/?p=4975#breadcrumb","itemListElement":[{"@type":"ListItem","position":1,"name":"In\u00edcio","item":"https:\/\/blogdobispo.com.br\/"},{"@type":"ListItem","position":2,"name":"Defensor da causa animal Robson Carvalho visita prefeito de Cear\u00e1-Mirim Ant\u00f4nio Henrique na pauta pol\u00edticas p\u00fablicas em defesa e prote\u00e7\u00e3o dos animais"}]},{"@type":"WebSite","@id":"https:\/\/blogdobispo.com.br\/#website","url":"https:\/\/blogdobispo.com.br\/","name":"Blog do Bispo","description":"Comprometido apenas com o leitor","publisher":{"@id":"https:\/\/blogdobispo.com.br\/#organization"},"potentialAction":[{"@type":"SearchAction","target":{"@type":"EntryPoint","urlTemplate":"https:\/\/blogdobispo.com.br\/?s={search_term_string}"},"query-input":{"@type":"PropertyValueSpecification","valueRequired":true,"valueName":"search_term_string"}}],"inLanguage":"pt-BR"},{"@type":"Organization","@id":"https:\/\/blogdobispo.com.br\/#organization","name":"Blog do Bispo","url":"https:\/\/blogdobispo.com.br\/","logo":{"@type":"ImageObject","inLanguage":"pt-BR","@id":"https:\/\/blogdobispo.com.br\/#\/schema\/logo\/image\/","url":"http:\/\/blogdobispo.com.br\/wp-content\/uploads\/2023\/05\/cropped-headear.png","contentUrl":"http:\/\/blogdobispo.com.br\/wp-content\/uploads\/2023\/05\/cropped-headear.png","width":1500,"height":399,"caption":"Blog do Bispo"},"image":{"@id":"https:\/\/blogdobispo.com.br\/#\/schema\/logo\/image\/"}},{"@type":"Person","@id":"https:\/\/blogdobispo.com.br\/#\/schema\/person\/e2209cc0e6cea5c5233d033e997b373f","name":"Jefferson Sterfeno","image":{"@type":"ImageObject","inLanguage":"pt-BR","@id":"https:\/\/blogdobispo.com.br\/#\/schema\/person\/image\/","url":"https:\/\/secure.gravatar.com\/avatar\/0534e84764641168a677026b6d57a3f51dc7ac4db0b4f6186d9cb330d4ee1160?s=96&d=mm&r=g","contentUrl":"https:\/\/secure.gravatar.com\/avatar\/0534e84764641168a677026b6d57a3f51dc7ac4db0b4f6186d9cb330d4ee1160?s=96&d=mm&r=g","caption":"Jefferson Sterfeno"},"sameAs":["http:\/\/blogdobispo.com.br"],"url":"https:\/\/blogdobispo.com.br\/?author=1"}]}},"featured_image_urls":{"full":"","thumbnail":"","medium":"","medium_large":"","large":"","1536x1536":"","2048x2048":""},"author_info":{"display_name":"Jefferson Sterfeno","author_link":"https:\/\/blogdobispo.com.br\/?author=1"},"category_info":"<a href=\"https:\/\/blogdobispo.com.br\/?cat=1\" rel=\"category\">diversos<\/a>","tag_info":"diversos","comment_count":"0","jetpack_featured_media_url":"","jetpack_sharing_enabled":true,"_links":{"self":[{"href":"https:\/\/blogdobispo.com.br\/index.php?rest_route=\/wp\/v2\/posts\/4975","targetHints":{"allow":["GET"]}}],"collection":[{"href":"https:\/\/blogdobispo.com.br\/index.php?rest_route=\/wp\/v2\/posts"}],"about":[{"href":"https:\/\/blogdobispo.com.br\/index.php?rest_route=\/wp\/v2\/types\/post"}],"author":[{"embeddable":true,"href":"https:\/\/blogdobispo.com.br\/index.php?rest_route=\/wp\/v2\/users\/1"}],"replies":[{"embeddable":true,"href":"https:\/\/blogdobispo.com.br\/index.php?rest_route=%2Fwp%2Fv2%2Fcomments&post=4975"}],"version-history":[{"count":0,"href":"https:\/\/blogdobispo.com.br\/index.php?rest_route=\/wp\/v2\/posts\/4975\/revisions"}],"wp:attachment":[{"href":"https:\/\/blogdobispo.com.br\/index.php?rest_route=%2Fwp%2Fv2%2Fmedia&parent=4975"}],"wp:term":[{"taxonomy":"category","embeddable":true,"href":"https:\/\/blogdobispo.com.br\/index.php?rest_route=%2Fwp%2Fv2%2Fcategories&post=4975"},{"taxonomy":"post_tag","embeddable":true,"href":"https:\/\/blogdobispo.com.br\/index.php?rest_route=%2Fwp%2Fv2%2Ftags&post=4975"}],"curies":[{"name":"wp","href":"https:\/\/api.w.org\/{rel}","templated":true}]}}