{"id":4970,"date":"2025-04-07T19:45:12","date_gmt":"2025-04-07T19:45:12","guid":{"rendered":"https:\/\/blogdobispo.com.br\/?p=4970"},"modified":"2025-04-07T21:02:48","modified_gmt":"2025-04-07T21:02:48","slug":"excelentissimo-assessor-parlamentar","status":"publish","type":"post","link":"https:\/\/blogdobispo.com.br\/?p=4970","title":{"rendered":"\u201cExcelent\u00edssimo Assessor Parlamentar\u201d"},"content":{"rendered":"\n<figure class=\"wp-block-image size-large\"><img data-recalc-dims=\"1\" fetchpriority=\"high\" decoding=\"async\" width=\"554\" height=\"554\" src=\"https:\/\/i0.wp.com\/blogdobispo.com.br\/wp-content\/uploads\/2025\/04\/img_3657-1.jpg?resize=554%2C554&#038;ssl=1\" alt=\"\" class=\"wp-image-4969\" srcset=\"https:\/\/i0.wp.com\/blogdobispo.com.br\/wp-content\/uploads\/2025\/04\/img_3657-1.jpg?w=554&amp;ssl=1 554w, https:\/\/i0.wp.com\/blogdobispo.com.br\/wp-content\/uploads\/2025\/04\/img_3657-1.jpg?resize=300%2C300&amp;ssl=1 300w, https:\/\/i0.wp.com\/blogdobispo.com.br\/wp-content\/uploads\/2025\/04\/img_3657-1.jpg?resize=150%2C150&amp;ssl=1 150w\" sizes=\"(max-width: 554px) 100vw, 554px\" \/><\/figure>\n\n\n\n<p class=\"p1\"><\/p>\n\n\n\n<p class=\"p1\">Dizem que o Brasil \u00e9 governado por pol\u00edticos. Ingenuidade. O verdadeiro poder est\u00e1 nas m\u00e3os de uma figura quase mitol\u00f3gica: o assessor parlamentar de gabinete.<\/p>\n\n\n\n<p class=\"p1\">O assessor \u00e9 um especialista em tudo: or\u00e7amento p\u00fablico, leis que ele nunca leu, e principalmente em humilhar cidad\u00e3os que ousam atravessar a muralha de acr\u00edlico do gabinete.<\/p>\n\n\n\n<p class=\"p1\">Seu habitat natural \u00e9 o corredor do anexo legislativo, sempre com um copo de caf\u00e9 frio na m\u00e3o e o semblante de quem est\u00e1 \u201cresolvendo um assunto importante\u201d. Se voc\u00ea, cidad\u00e3o pagador de impostos, ousar aparecer para pedir alguma coisa, ser\u00e1 recebido com o tradicional combo de olhar atravessado, suspiro teatral e a pergunta fatal:<\/p>\n\n\n\n<p class=\"p1\">\u2014 \u201cO senhor agendou?\u201d<\/p>\n\n\n\n<p class=\"p1\">Agendar, no caso, \u00e9 um ritual m\u00e1gico que envolve liga\u00e7\u00f5es que ningu\u00e9m atende, e-mails que evaporam, e a insist\u00eancia de falar com uma chefe de gabinete que est\u00e1 sempre em \u201creuni\u00e3o urgente\u201d \u2014 provavelmente decidindo o buffet da pr\u00f3xima confraterniza\u00e7\u00e3o com verba p\u00fablica.<\/p>\n\n\n\n<p class=\"p1\">Se voc\u00ea insistir, o assessor parte para a segunda etapa: a desqualifica\u00e7\u00e3o passiva-agressiva.<\/p>\n\n\n\n<p class=\"p1\">\u2014 \u201cO senhor entende que esse tipo de demanda n\u00e3o compete a este gabinete, n\u00e9?\u201d<\/p>\n\n\n\n<p class=\"p1\">Claro, porque o gabinete do deputado que prometeu asfalto, rem\u00e9dio, e at\u00e9 um novo planeta habit\u00e1vel, n\u00e3o tem nada a ver com suas promessas.<\/p>\n\n\n\n<p class=\"p1\">O assessor vive num estado de onipot\u00eancia intermedi\u00e1ria: n\u00e3o manda em nada oficialmente, mas pode te colocar numa lista de \u201cchato insistente\u201d que ser\u00e1 solenemente ignorada por tempo indeterminado.<\/p>\n\n\n\n<p class=\"p1\">Alguns, mais criativos, se tornaram artistas da humilha\u00e7\u00e3o sutil: mandam voc\u00ea aguardar por \u201capenas cinco minutinhos\u201d, somem por horas e voltam com cara de espanto:<\/p>\n\n\n\n<p class=\"p1\">\u2014 \u201cAinda t\u00e1 aqui?\u201d<\/p>\n\n\n\n<p class=\"p1\">Curiosamente, quando um figur\u00e3o do agroneg\u00f3cio ou um empres\u00e1rio do ramo da \u201ceduca\u00e7\u00e3o complementar\u201d aparece, o assessor vira um golden retriever: puxando cadeira, oferecendo \u00e1gua com g\u00e1s e anotando tudo com cara de que vai resolver no mesmo dia. Spoiler: vai.<\/p>\n\n\n\n<p class=\"p1\">Dizem que um dia os assessores ser\u00e3o responsabilizados por essa cultura de desprezo institucional. Mas, at\u00e9 l\u00e1, continuam firmes, blindados por uma muralha de cargos comissionados, indica\u00e7\u00f5es pol\u00edticas e uma certeza inabal\u00e1vel: o povo s\u00f3 serve pra apertar bot\u00e3o de urna.<\/p>\n\n\n\n<p class=\"p1\">E, de vez em quando, levar bronca por n\u00e3o ter votado direito.<\/p>\n\n\n\n<p>(Todo o texto \u00e9 meramente ilustrativo)<\/p>\n","protected":false},"excerpt":{"rendered":"<p>Dizem que o Brasil \u00e9 governado por pol\u00edticos. Ingenuidade. O verdadeiro poder est\u00e1 nas m\u00e3os de uma figura quase mitol\u00f3gica: o assessor parlamentar de gabinete. O assessor \u00e9 um especialista em tudo: or\u00e7amento p\u00fablico, leis que ele nunca leu, e principalmente em humilhar cidad\u00e3os que ousam atravessar a muralha de acr\u00edlico do gabinete. Seu habitat [&hellip;]<\/p>\n","protected":false},"author":1,"featured_media":0,"comment_status":"open","ping_status":"open","sticky":false,"template":"","format":"standard","meta":{"cybocfi_hide_featured_image":"","_jetpack_memberships_contains_paid_content":false,"footnotes":""},"categories":[1],"tags":[],"class_list":["post-4970","post","type-post","status-publish","format-standard","hentry","category-diversos"],"yoast_head":"<!-- This site is optimized with the Yoast SEO plugin v25.6 - https:\/\/yoast.com\/wordpress\/plugins\/seo\/ -->\n<title>\u201cExcelent\u00edssimo Assessor Parlamentar\u201d - Blog do Bispo<\/title>\n<meta name=\"robots\" content=\"index, follow, max-snippet:-1, max-image-preview:large, max-video-preview:-1\" \/>\n<link rel=\"canonical\" href=\"https:\/\/blogdobispo.com.br\/?p=4970\" \/>\n<meta property=\"og:locale\" content=\"pt_BR\" \/>\n<meta property=\"og:type\" content=\"article\" \/>\n<meta property=\"og:title\" content=\"\u201cExcelent\u00edssimo Assessor Parlamentar\u201d - Blog do Bispo\" \/>\n<meta property=\"og:description\" content=\"Dizem que o Brasil \u00e9 governado por pol\u00edticos. Ingenuidade. O verdadeiro poder est\u00e1 nas m\u00e3os de uma figura quase mitol\u00f3gica: o assessor parlamentar de gabinete. O assessor \u00e9 um especialista em tudo: or\u00e7amento p\u00fablico, leis que ele nunca leu, e principalmente em humilhar cidad\u00e3os que ousam atravessar a muralha de acr\u00edlico do gabinete. Seu habitat [&hellip;]\" \/>\n<meta property=\"og:url\" content=\"https:\/\/blogdobispo.com.br\/?p=4970\" \/>\n<meta property=\"og:site_name\" content=\"Blog do Bispo\" \/>\n<meta property=\"article:published_time\" content=\"2025-04-07T19:45:12+00:00\" \/>\n<meta property=\"article:modified_time\" content=\"2025-04-07T21:02:48+00:00\" \/>\n<meta property=\"og:image\" content=\"https:\/\/blogdobispo.com.br\/wp-content\/uploads\/2025\/04\/img_3657-1.jpg\" \/>\n<meta name=\"author\" content=\"Jefferson Sterfeno\" \/>\n<meta name=\"twitter:card\" content=\"summary_large_image\" \/>\n<meta name=\"twitter:label1\" content=\"Escrito por\" \/>\n\t<meta name=\"twitter:data1\" content=\"Jefferson Sterfeno\" \/>\n\t<meta name=\"twitter:label2\" content=\"Est. tempo de leitura\" \/>\n\t<meta name=\"twitter:data2\" content=\"2 minutos\" \/>\n<script type=\"application\/ld+json\" class=\"yoast-schema-graph\">{\"@context\":\"https:\/\/schema.org\",\"@graph\":[{\"@type\":\"Article\",\"@id\":\"https:\/\/blogdobispo.com.br\/?p=4970#article\",\"isPartOf\":{\"@id\":\"https:\/\/blogdobispo.com.br\/?p=4970\"},\"author\":{\"name\":\"Jefferson Sterfeno\",\"@id\":\"https:\/\/blogdobispo.com.br\/#\/schema\/person\/e2209cc0e6cea5c5233d033e997b373f\"},\"headline\":\"\u201cExcelent\u00edssimo Assessor Parlamentar\u201d\",\"datePublished\":\"2025-04-07T19:45:12+00:00\",\"dateModified\":\"2025-04-07T21:02:48+00:00\",\"mainEntityOfPage\":{\"@id\":\"https:\/\/blogdobispo.com.br\/?p=4970\"},\"wordCount\":397,\"commentCount\":0,\"publisher\":{\"@id\":\"https:\/\/blogdobispo.com.br\/#organization\"},\"image\":{\"@id\":\"https:\/\/blogdobispo.com.br\/?p=4970#primaryimage\"},\"thumbnailUrl\":\"https:\/\/blogdobispo.com.br\/wp-content\/uploads\/2025\/04\/img_3657-1.jpg\",\"articleSection\":[\"diversos\"],\"inLanguage\":\"pt-BR\",\"potentialAction\":[{\"@type\":\"CommentAction\",\"name\":\"Comment\",\"target\":[\"https:\/\/blogdobispo.com.br\/?p=4970#respond\"]}]},{\"@type\":\"WebPage\",\"@id\":\"https:\/\/blogdobispo.com.br\/?p=4970\",\"url\":\"https:\/\/blogdobispo.com.br\/?p=4970\",\"name\":\"\u201cExcelent\u00edssimo Assessor Parlamentar\u201d - Blog do Bispo\",\"isPartOf\":{\"@id\":\"https:\/\/blogdobispo.com.br\/#website\"},\"primaryImageOfPage\":{\"@id\":\"https:\/\/blogdobispo.com.br\/?p=4970#primaryimage\"},\"image\":{\"@id\":\"https:\/\/blogdobispo.com.br\/?p=4970#primaryimage\"},\"thumbnailUrl\":\"https:\/\/blogdobispo.com.br\/wp-content\/uploads\/2025\/04\/img_3657-1.jpg\",\"datePublished\":\"2025-04-07T19:45:12+00:00\",\"dateModified\":\"2025-04-07T21:02:48+00:00\",\"breadcrumb\":{\"@id\":\"https:\/\/blogdobispo.com.br\/?p=4970#breadcrumb\"},\"inLanguage\":\"pt-BR\",\"potentialAction\":[{\"@type\":\"ReadAction\",\"target\":[\"https:\/\/blogdobispo.com.br\/?p=4970\"]}]},{\"@type\":\"ImageObject\",\"inLanguage\":\"pt-BR\",\"@id\":\"https:\/\/blogdobispo.com.br\/?p=4970#primaryimage\",\"url\":\"https:\/\/blogdobispo.com.br\/wp-content\/uploads\/2025\/04\/img_3657-1.jpg\",\"contentUrl\":\"https:\/\/blogdobispo.com.br\/wp-content\/uploads\/2025\/04\/img_3657-1.jpg\"},{\"@type\":\"BreadcrumbList\",\"@id\":\"https:\/\/blogdobispo.com.br\/?p=4970#breadcrumb\",\"itemListElement\":[{\"@type\":\"ListItem\",\"position\":1,\"name\":\"In\u00edcio\",\"item\":\"https:\/\/blogdobispo.com.br\/\"},{\"@type\":\"ListItem\",\"position\":2,\"name\":\"\u201cExcelent\u00edssimo Assessor Parlamentar\u201d\"}]},{\"@type\":\"WebSite\",\"@id\":\"https:\/\/blogdobispo.com.br\/#website\",\"url\":\"https:\/\/blogdobispo.com.br\/\",\"name\":\"Blog do Bispo\",\"description\":\"Comprometido apenas com o leitor\",\"publisher\":{\"@id\":\"https:\/\/blogdobispo.com.br\/#organization\"},\"potentialAction\":[{\"@type\":\"SearchAction\",\"target\":{\"@type\":\"EntryPoint\",\"urlTemplate\":\"https:\/\/blogdobispo.com.br\/?s={search_term_string}\"},\"query-input\":{\"@type\":\"PropertyValueSpecification\",\"valueRequired\":true,\"valueName\":\"search_term_string\"}}],\"inLanguage\":\"pt-BR\"},{\"@type\":\"Organization\",\"@id\":\"https:\/\/blogdobispo.com.br\/#organization\",\"name\":\"Blog do Bispo\",\"url\":\"https:\/\/blogdobispo.com.br\/\",\"logo\":{\"@type\":\"ImageObject\",\"inLanguage\":\"pt-BR\",\"@id\":\"https:\/\/blogdobispo.com.br\/#\/schema\/logo\/image\/\",\"url\":\"http:\/\/blogdobispo.com.br\/wp-content\/uploads\/2023\/05\/cropped-headear.png\",\"contentUrl\":\"http:\/\/blogdobispo.com.br\/wp-content\/uploads\/2023\/05\/cropped-headear.png\",\"width\":1500,\"height\":399,\"caption\":\"Blog do Bispo\"},\"image\":{\"@id\":\"https:\/\/blogdobispo.com.br\/#\/schema\/logo\/image\/\"}},{\"@type\":\"Person\",\"@id\":\"https:\/\/blogdobispo.com.br\/#\/schema\/person\/e2209cc0e6cea5c5233d033e997b373f\",\"name\":\"Jefferson Sterfeno\",\"image\":{\"@type\":\"ImageObject\",\"inLanguage\":\"pt-BR\",\"@id\":\"https:\/\/blogdobispo.com.br\/#\/schema\/person\/image\/\",\"url\":\"https:\/\/secure.gravatar.com\/avatar\/0534e84764641168a677026b6d57a3f51dc7ac4db0b4f6186d9cb330d4ee1160?s=96&d=mm&r=g\",\"contentUrl\":\"https:\/\/secure.gravatar.com\/avatar\/0534e84764641168a677026b6d57a3f51dc7ac4db0b4f6186d9cb330d4ee1160?s=96&d=mm&r=g\",\"caption\":\"Jefferson Sterfeno\"},\"sameAs\":[\"http:\/\/blogdobispo.com.br\"],\"url\":\"https:\/\/blogdobispo.com.br\/?author=1\"}]}<\/script>\n<!-- \/ Yoast SEO plugin. -->","yoast_head_json":{"title":"\u201cExcelent\u00edssimo Assessor Parlamentar\u201d - Blog do Bispo","robots":{"index":"index","follow":"follow","max-snippet":"max-snippet:-1","max-image-preview":"max-image-preview:large","max-video-preview":"max-video-preview:-1"},"canonical":"https:\/\/blogdobispo.com.br\/?p=4970","og_locale":"pt_BR","og_type":"article","og_title":"\u201cExcelent\u00edssimo Assessor Parlamentar\u201d - Blog do Bispo","og_description":"Dizem que o Brasil \u00e9 governado por pol\u00edticos. Ingenuidade. O verdadeiro poder est\u00e1 nas m\u00e3os de uma figura quase mitol\u00f3gica: o assessor parlamentar de gabinete. O assessor \u00e9 um especialista em tudo: or\u00e7amento p\u00fablico, leis que ele nunca leu, e principalmente em humilhar cidad\u00e3os que ousam atravessar a muralha de acr\u00edlico do gabinete. Seu habitat [&hellip;]","og_url":"https:\/\/blogdobispo.com.br\/?p=4970","og_site_name":"Blog do Bispo","article_published_time":"2025-04-07T19:45:12+00:00","article_modified_time":"2025-04-07T21:02:48+00:00","og_image":[{"url":"https:\/\/blogdobispo.com.br\/wp-content\/uploads\/2025\/04\/img_3657-1.jpg","type":"","width":"","height":""}],"author":"Jefferson Sterfeno","twitter_card":"summary_large_image","twitter_misc":{"Escrito por":"Jefferson Sterfeno","Est. tempo de leitura":"2 minutos"},"schema":{"@context":"https:\/\/schema.org","@graph":[{"@type":"Article","@id":"https:\/\/blogdobispo.com.br\/?p=4970#article","isPartOf":{"@id":"https:\/\/blogdobispo.com.br\/?p=4970"},"author":{"name":"Jefferson Sterfeno","@id":"https:\/\/blogdobispo.com.br\/#\/schema\/person\/e2209cc0e6cea5c5233d033e997b373f"},"headline":"\u201cExcelent\u00edssimo Assessor Parlamentar\u201d","datePublished":"2025-04-07T19:45:12+00:00","dateModified":"2025-04-07T21:02:48+00:00","mainEntityOfPage":{"@id":"https:\/\/blogdobispo.com.br\/?p=4970"},"wordCount":397,"commentCount":0,"publisher":{"@id":"https:\/\/blogdobispo.com.br\/#organization"},"image":{"@id":"https:\/\/blogdobispo.com.br\/?p=4970#primaryimage"},"thumbnailUrl":"https:\/\/blogdobispo.com.br\/wp-content\/uploads\/2025\/04\/img_3657-1.jpg","articleSection":["diversos"],"inLanguage":"pt-BR","potentialAction":[{"@type":"CommentAction","name":"Comment","target":["https:\/\/blogdobispo.com.br\/?p=4970#respond"]}]},{"@type":"WebPage","@id":"https:\/\/blogdobispo.com.br\/?p=4970","url":"https:\/\/blogdobispo.com.br\/?p=4970","name":"\u201cExcelent\u00edssimo Assessor Parlamentar\u201d - Blog do Bispo","isPartOf":{"@id":"https:\/\/blogdobispo.com.br\/#website"},"primaryImageOfPage":{"@id":"https:\/\/blogdobispo.com.br\/?p=4970#primaryimage"},"image":{"@id":"https:\/\/blogdobispo.com.br\/?p=4970#primaryimage"},"thumbnailUrl":"https:\/\/blogdobispo.com.br\/wp-content\/uploads\/2025\/04\/img_3657-1.jpg","datePublished":"2025-04-07T19:45:12+00:00","dateModified":"2025-04-07T21:02:48+00:00","breadcrumb":{"@id":"https:\/\/blogdobispo.com.br\/?p=4970#breadcrumb"},"inLanguage":"pt-BR","potentialAction":[{"@type":"ReadAction","target":["https:\/\/blogdobispo.com.br\/?p=4970"]}]},{"@type":"ImageObject","inLanguage":"pt-BR","@id":"https:\/\/blogdobispo.com.br\/?p=4970#primaryimage","url":"https:\/\/blogdobispo.com.br\/wp-content\/uploads\/2025\/04\/img_3657-1.jpg","contentUrl":"https:\/\/blogdobispo.com.br\/wp-content\/uploads\/2025\/04\/img_3657-1.jpg"},{"@type":"BreadcrumbList","@id":"https:\/\/blogdobispo.com.br\/?p=4970#breadcrumb","itemListElement":[{"@type":"ListItem","position":1,"name":"In\u00edcio","item":"https:\/\/blogdobispo.com.br\/"},{"@type":"ListItem","position":2,"name":"\u201cExcelent\u00edssimo Assessor Parlamentar\u201d"}]},{"@type":"WebSite","@id":"https:\/\/blogdobispo.com.br\/#website","url":"https:\/\/blogdobispo.com.br\/","name":"Blog do Bispo","description":"Comprometido apenas com o leitor","publisher":{"@id":"https:\/\/blogdobispo.com.br\/#organization"},"potentialAction":[{"@type":"SearchAction","target":{"@type":"EntryPoint","urlTemplate":"https:\/\/blogdobispo.com.br\/?s={search_term_string}"},"query-input":{"@type":"PropertyValueSpecification","valueRequired":true,"valueName":"search_term_string"}}],"inLanguage":"pt-BR"},{"@type":"Organization","@id":"https:\/\/blogdobispo.com.br\/#organization","name":"Blog do Bispo","url":"https:\/\/blogdobispo.com.br\/","logo":{"@type":"ImageObject","inLanguage":"pt-BR","@id":"https:\/\/blogdobispo.com.br\/#\/schema\/logo\/image\/","url":"http:\/\/blogdobispo.com.br\/wp-content\/uploads\/2023\/05\/cropped-headear.png","contentUrl":"http:\/\/blogdobispo.com.br\/wp-content\/uploads\/2023\/05\/cropped-headear.png","width":1500,"height":399,"caption":"Blog do Bispo"},"image":{"@id":"https:\/\/blogdobispo.com.br\/#\/schema\/logo\/image\/"}},{"@type":"Person","@id":"https:\/\/blogdobispo.com.br\/#\/schema\/person\/e2209cc0e6cea5c5233d033e997b373f","name":"Jefferson Sterfeno","image":{"@type":"ImageObject","inLanguage":"pt-BR","@id":"https:\/\/blogdobispo.com.br\/#\/schema\/person\/image\/","url":"https:\/\/secure.gravatar.com\/avatar\/0534e84764641168a677026b6d57a3f51dc7ac4db0b4f6186d9cb330d4ee1160?s=96&d=mm&r=g","contentUrl":"https:\/\/secure.gravatar.com\/avatar\/0534e84764641168a677026b6d57a3f51dc7ac4db0b4f6186d9cb330d4ee1160?s=96&d=mm&r=g","caption":"Jefferson Sterfeno"},"sameAs":["http:\/\/blogdobispo.com.br"],"url":"https:\/\/blogdobispo.com.br\/?author=1"}]}},"featured_image_urls":{"full":"","thumbnail":"","medium":"","medium_large":"","large":"","1536x1536":"","2048x2048":""},"author_info":{"display_name":"Jefferson Sterfeno","author_link":"https:\/\/blogdobispo.com.br\/?author=1"},"category_info":"<a href=\"https:\/\/blogdobispo.com.br\/?cat=1\" rel=\"category\">diversos<\/a>","tag_info":"diversos","comment_count":"0","jetpack_featured_media_url":"","jetpack_sharing_enabled":true,"_links":{"self":[{"href":"https:\/\/blogdobispo.com.br\/index.php?rest_route=\/wp\/v2\/posts\/4970","targetHints":{"allow":["GET"]}}],"collection":[{"href":"https:\/\/blogdobispo.com.br\/index.php?rest_route=\/wp\/v2\/posts"}],"about":[{"href":"https:\/\/blogdobispo.com.br\/index.php?rest_route=\/wp\/v2\/types\/post"}],"author":[{"embeddable":true,"href":"https:\/\/blogdobispo.com.br\/index.php?rest_route=\/wp\/v2\/users\/1"}],"replies":[{"embeddable":true,"href":"https:\/\/blogdobispo.com.br\/index.php?rest_route=%2Fwp%2Fv2%2Fcomments&post=4970"}],"version-history":[{"count":1,"href":"https:\/\/blogdobispo.com.br\/index.php?rest_route=\/wp\/v2\/posts\/4970\/revisions"}],"predecessor-version":[{"id":4973,"href":"https:\/\/blogdobispo.com.br\/index.php?rest_route=\/wp\/v2\/posts\/4970\/revisions\/4973"}],"wp:attachment":[{"href":"https:\/\/blogdobispo.com.br\/index.php?rest_route=%2Fwp%2Fv2%2Fmedia&parent=4970"}],"wp:term":[{"taxonomy":"category","embeddable":true,"href":"https:\/\/blogdobispo.com.br\/index.php?rest_route=%2Fwp%2Fv2%2Fcategories&post=4970"},{"taxonomy":"post_tag","embeddable":true,"href":"https:\/\/blogdobispo.com.br\/index.php?rest_route=%2Fwp%2Fv2%2Ftags&post=4970"}],"curies":[{"name":"wp","href":"https:\/\/api.w.org\/{rel}","templated":true}]}}