{"id":4951,"date":"2025-04-04T15:18:04","date_gmt":"2025-04-04T15:18:04","guid":{"rendered":"https:\/\/blogdobispo.com.br\/?p=4951"},"modified":"2025-04-04T15:18:04","modified_gmt":"2025-04-04T15:18:04","slug":"deputado-ubaldo-fernandes-cumpre-agenda-intensa-em-mossoro-com-foco-em-saude-infraestrutura-e-dialogo-com-liderancas-locais","status":"publish","type":"post","link":"https:\/\/blogdobispo.com.br\/?p=4951","title":{"rendered":"Deputado Ubaldo Fernandes cumpre agenda intensa em Mossor\u00f3 com foco em sa\u00fade, infraestrutura e di\u00e1logo com lideran\u00e7as locais"},"content":{"rendered":"\n<figure class=\"wp-block-image size-large\"><img data-recalc-dims=\"1\" fetchpriority=\"high\" decoding=\"async\" width=\"768\" height=\"1024\" src=\"https:\/\/i0.wp.com\/blogdobispo.com.br\/wp-content\/uploads\/2025\/04\/c0869b5f-84ab-4e50-9ed4-c172d36af56c-1-768x1024.jpg?resize=768%2C1024&#038;ssl=1\" class=\"wp-image-4950\" srcset=\"https:\/\/i0.wp.com\/blogdobispo.com.br\/wp-content\/uploads\/2025\/04\/c0869b5f-84ab-4e50-9ed4-c172d36af56c-1.jpg?resize=768%2C1024&amp;ssl=1 768w, https:\/\/i0.wp.com\/blogdobispo.com.br\/wp-content\/uploads\/2025\/04\/c0869b5f-84ab-4e50-9ed4-c172d36af56c-1.jpg?resize=225%2C300&amp;ssl=1 225w, https:\/\/i0.wp.com\/blogdobispo.com.br\/wp-content\/uploads\/2025\/04\/c0869b5f-84ab-4e50-9ed4-c172d36af56c-1.jpg?resize=1152%2C1536&amp;ssl=1 1152w, https:\/\/i0.wp.com\/blogdobispo.com.br\/wp-content\/uploads\/2025\/04\/c0869b5f-84ab-4e50-9ed4-c172d36af56c-1.jpg?resize=1024%2C1365&amp;ssl=1 1024w, https:\/\/i0.wp.com\/blogdobispo.com.br\/wp-content\/uploads\/2025\/04\/c0869b5f-84ab-4e50-9ed4-c172d36af56c-1.jpg?w=1500&amp;ssl=1 1500w\" sizes=\"(max-width: 768px) 100vw, 768px\" \/><\/figure>\n\n\n\n<p><\/p>\n\n\n\n<p>Cumprindo mais uma agenda pelo interior do Estado, o deputado estadual <strong>Ubaldo Fernandes (PSDB)<\/strong> esteve nesta quinta-feira (3) em <strong>Mossor\u00f3<\/strong>, onde participou de uma s\u00e9rie de compromissos com foco na presta\u00e7\u00e3o de contas de seu mandato, di\u00e1logo com lideran\u00e7as pol\u00edticas e aten\u00e7\u00e3o \u00e0s \u00e1reas de <strong>sa\u00fade e infraestrutura<\/strong>.<\/p>\n\n\n\n<p>A agenda teve in\u00edcio \u00e0s 11h, com uma visita \u00e0 <strong>C\u00e2mara Municipal<\/strong>, onde Ubaldo foi recebido pelo vereador <strong>Ozaniel Mesquita<\/strong> em seu gabinete, acompanhado tamb\u00e9m pelos vereadores <strong>Cabo Deivyson<\/strong>, <strong>Ricardo de Dodoca<\/strong>, <strong>Wiginis do G\u00e1s<\/strong> e pelo ex-vereador <strong>Costinha<\/strong>. O encontro teve como objetivo discutir as principais demandas da cidade e fortalecer parcerias em prol da popula\u00e7\u00e3o mossoroense.<\/p>\n\n\n\n<p>&#8220;<strong>Tenho percorrido os munic\u00edpios do nosso estado porque acredito que o trabalho do deputado n\u00e3o deve ficar restrito \u00e0 Assembleia Legislativa. \u00c9 preciso ouvir de perto o povo, os vereadores, os gestores, para que possamos lutar por solu\u00e7\u00f5es concretas para os problemas das comunidades<\/strong>&#8220;, destacou o parlamentar.<\/p>\n\n\n\n<p>Ao longo do dia, Ubaldo participou de diversas entrevistas nas r\u00e1dios e TVs locais, como a <strong>R\u00e1dio Rural de Mossor\u00f3<\/strong>, no programa <em>Jornal da Tarde<\/em> com <strong>Saulo Vale<\/strong>, e na <strong>FM 98 Cidadania<\/strong>, com <strong>Ulguimar Nogueira<\/strong>, onde falou sobre a import\u00e2ncia da interioriza\u00e7\u00e3o do seu mandato, presta\u00e7\u00e3o de contas das a\u00e7\u00f5es parlamentares e a necessidade de melhorias na estrutura do <strong>Aeroporto Dix-Sept Rosado<\/strong> \u2013 pauta recorrente de sua atua\u00e7\u00e3o.<\/p>\n\n\n\n<p>Na parte da tarde, o deputado visitou duas importantes unidades hospitalares da cidade. No <strong>Hospital Regional Tarc\u00edsio Maia<\/strong>, acompanhou de perto a estrutura da unidade, o atendimento prestado \u00e0 popula\u00e7\u00e3o e as obras de reforma e manuten\u00e7\u00e3o em andamento. J\u00e1 na <strong>Liga Mossoroense de Estudos e Combate ao C\u00e2ncer<\/strong>, Ubaldo realizou uma visita institucional para conhecer os servi\u00e7os oferecidos pela entidade e ouviu atentamente demandas da dire\u00e7\u00e3o em busca de apoio para suas iniciativas.<\/p>\n\n\n\n<p>&#8220;<strong>A sa\u00fade \u00e9 uma das prioridades do nosso mandato. Precisamos garantir que hospitais como o Tarc\u00edsio Maia tenham condi\u00e7\u00f5es adequadas de funcionamento e que institui\u00e7\u00f5es como a Liga tenham o suporte necess\u00e1rio para continuar prestando um servi\u00e7o de excel\u00eancia \u00e0 popula\u00e7\u00e3o<\/strong>&#8220;, afirmou.<\/p>\n\n\n\n<p>Encerrando a agenda de visitas, Ubaldo esteve no <strong>Aeroporto Dix-Sept Rosado<\/strong>, onde conversou com o diretor <strong>Roger Lara<\/strong> sobre os desafios para a amplia\u00e7\u00e3o da malha a\u00e9rea da regi\u00e3o, e participou de entrevistas na <strong>TV Oeste<\/strong>, no programa <em>Cidade Oeste em Debate<\/em> com <strong>\u00cdtalo Micael<\/strong>, e na <strong>TCM<\/strong>, no programa <em>Cen\u00e1rio Pol\u00edtico<\/em> com <strong>Vonuvo Praxedes<\/strong>.<\/p>\n\n\n\n<p>A visita do parlamentar refor\u00e7a seu compromisso com a cidade de Mossor\u00f3 e a disposi\u00e7\u00e3o em buscar recursos, apoio e solu\u00e7\u00f5es junto ao Governo do Estado e demais institui\u00e7\u00f5es para melhorar a qualidade de vida da popula\u00e7\u00e3o.<\/p>\n","protected":false},"excerpt":{"rendered":"<p>Cumprindo mais uma agenda pelo interior do Estado, o deputado estadual Ubaldo Fernandes (PSDB) esteve nesta quinta-feira (3) em Mossor\u00f3, onde participou de uma s\u00e9rie de compromissos com foco na presta\u00e7\u00e3o de contas de seu mandato, di\u00e1logo com lideran\u00e7as pol\u00edticas e aten\u00e7\u00e3o \u00e0s \u00e1reas de sa\u00fade e infraestrutura. A agenda teve in\u00edcio \u00e0s 11h, com [&hellip;]<\/p>\n","protected":false},"author":1,"featured_media":0,"comment_status":"open","ping_status":"open","sticky":false,"template":"","format":"standard","meta":{"cybocfi_hide_featured_image":"","_jetpack_memberships_contains_paid_content":false,"footnotes":""},"categories":[1],"tags":[],"class_list":["post-4951","post","type-post","status-publish","format-standard","hentry","category-diversos"],"yoast_head":"<!-- This site is optimized with the Yoast SEO plugin v25.6 - https:\/\/yoast.com\/wordpress\/plugins\/seo\/ -->\n<title>Deputado Ubaldo Fernandes cumpre agenda intensa em Mossor\u00f3 com foco em sa\u00fade, infraestrutura e di\u00e1logo com lideran\u00e7as locais - Blog do Bispo<\/title>\n<meta name=\"robots\" content=\"index, follow, max-snippet:-1, max-image-preview:large, max-video-preview:-1\" \/>\n<link rel=\"canonical\" href=\"https:\/\/blogdobispo.com.br\/?p=4951\" \/>\n<meta property=\"og:locale\" content=\"pt_BR\" \/>\n<meta property=\"og:type\" content=\"article\" \/>\n<meta property=\"og:title\" content=\"Deputado Ubaldo Fernandes cumpre agenda intensa em Mossor\u00f3 com foco em sa\u00fade, infraestrutura e di\u00e1logo com lideran\u00e7as locais - Blog do Bispo\" \/>\n<meta property=\"og:description\" content=\"Cumprindo mais uma agenda pelo interior do Estado, o deputado estadual Ubaldo Fernandes (PSDB) esteve nesta quinta-feira (3) em Mossor\u00f3, onde participou de uma s\u00e9rie de compromissos com foco na presta\u00e7\u00e3o de contas de seu mandato, di\u00e1logo com lideran\u00e7as pol\u00edticas e aten\u00e7\u00e3o \u00e0s \u00e1reas de sa\u00fade e infraestrutura. A agenda teve in\u00edcio \u00e0s 11h, com [&hellip;]\" \/>\n<meta property=\"og:url\" content=\"https:\/\/blogdobispo.com.br\/?p=4951\" \/>\n<meta property=\"og:site_name\" content=\"Blog do Bispo\" \/>\n<meta property=\"article:published_time\" content=\"2025-04-04T15:18:04+00:00\" \/>\n<meta property=\"og:image\" content=\"https:\/\/blogdobispo.com.br\/wp-content\/uploads\/2025\/04\/c0869b5f-84ab-4e50-9ed4-c172d36af56c-1-768x1024.jpg\" \/>\n<meta name=\"author\" content=\"Jefferson Sterfeno\" \/>\n<meta name=\"twitter:card\" content=\"summary_large_image\" \/>\n<meta name=\"twitter:label1\" content=\"Escrito por\" \/>\n\t<meta name=\"twitter:data1\" content=\"Jefferson Sterfeno\" \/>\n\t<meta name=\"twitter:label2\" content=\"Est. tempo de leitura\" \/>\n\t<meta name=\"twitter:data2\" content=\"2 minutos\" \/>\n<script type=\"application\/ld+json\" class=\"yoast-schema-graph\">{\"@context\":\"https:\/\/schema.org\",\"@graph\":[{\"@type\":\"Article\",\"@id\":\"https:\/\/blogdobispo.com.br\/?p=4951#article\",\"isPartOf\":{\"@id\":\"https:\/\/blogdobispo.com.br\/?p=4951\"},\"author\":{\"name\":\"Jefferson Sterfeno\",\"@id\":\"https:\/\/blogdobispo.com.br\/#\/schema\/person\/e2209cc0e6cea5c5233d033e997b373f\"},\"headline\":\"Deputado Ubaldo Fernandes cumpre agenda intensa em Mossor\u00f3 com foco em sa\u00fade, infraestrutura e di\u00e1logo com lideran\u00e7as locais\",\"datePublished\":\"2025-04-04T15:18:04+00:00\",\"mainEntityOfPage\":{\"@id\":\"https:\/\/blogdobispo.com.br\/?p=4951\"},\"wordCount\":488,\"commentCount\":0,\"publisher\":{\"@id\":\"https:\/\/blogdobispo.com.br\/#organization\"},\"image\":{\"@id\":\"https:\/\/blogdobispo.com.br\/?p=4951#primaryimage\"},\"thumbnailUrl\":\"https:\/\/blogdobispo.com.br\/wp-content\/uploads\/2025\/04\/c0869b5f-84ab-4e50-9ed4-c172d36af56c-1-768x1024.jpg\",\"articleSection\":[\"diversos\"],\"inLanguage\":\"pt-BR\",\"potentialAction\":[{\"@type\":\"CommentAction\",\"name\":\"Comment\",\"target\":[\"https:\/\/blogdobispo.com.br\/?p=4951#respond\"]}]},{\"@type\":\"WebPage\",\"@id\":\"https:\/\/blogdobispo.com.br\/?p=4951\",\"url\":\"https:\/\/blogdobispo.com.br\/?p=4951\",\"name\":\"Deputado Ubaldo Fernandes cumpre agenda intensa em Mossor\u00f3 com foco em sa\u00fade, infraestrutura e di\u00e1logo com lideran\u00e7as locais - Blog do Bispo\",\"isPartOf\":{\"@id\":\"https:\/\/blogdobispo.com.br\/#website\"},\"primaryImageOfPage\":{\"@id\":\"https:\/\/blogdobispo.com.br\/?p=4951#primaryimage\"},\"image\":{\"@id\":\"https:\/\/blogdobispo.com.br\/?p=4951#primaryimage\"},\"thumbnailUrl\":\"https:\/\/blogdobispo.com.br\/wp-content\/uploads\/2025\/04\/c0869b5f-84ab-4e50-9ed4-c172d36af56c-1-768x1024.jpg\",\"datePublished\":\"2025-04-04T15:18:04+00:00\",\"breadcrumb\":{\"@id\":\"https:\/\/blogdobispo.com.br\/?p=4951#breadcrumb\"},\"inLanguage\":\"pt-BR\",\"potentialAction\":[{\"@type\":\"ReadAction\",\"target\":[\"https:\/\/blogdobispo.com.br\/?p=4951\"]}]},{\"@type\":\"ImageObject\",\"inLanguage\":\"pt-BR\",\"@id\":\"https:\/\/blogdobispo.com.br\/?p=4951#primaryimage\",\"url\":\"https:\/\/blogdobispo.com.br\/wp-content\/uploads\/2025\/04\/c0869b5f-84ab-4e50-9ed4-c172d36af56c-1-768x1024.jpg\",\"contentUrl\":\"https:\/\/blogdobispo.com.br\/wp-content\/uploads\/2025\/04\/c0869b5f-84ab-4e50-9ed4-c172d36af56c-1-768x1024.jpg\"},{\"@type\":\"BreadcrumbList\",\"@id\":\"https:\/\/blogdobispo.com.br\/?p=4951#breadcrumb\",\"itemListElement\":[{\"@type\":\"ListItem\",\"position\":1,\"name\":\"In\u00edcio\",\"item\":\"https:\/\/blogdobispo.com.br\/\"},{\"@type\":\"ListItem\",\"position\":2,\"name\":\"Deputado Ubaldo Fernandes cumpre agenda intensa em Mossor\u00f3 com foco em sa\u00fade, infraestrutura e di\u00e1logo com lideran\u00e7as locais\"}]},{\"@type\":\"WebSite\",\"@id\":\"https:\/\/blogdobispo.com.br\/#website\",\"url\":\"https:\/\/blogdobispo.com.br\/\",\"name\":\"Blog do Bispo\",\"description\":\"Comprometido apenas com o leitor\",\"publisher\":{\"@id\":\"https:\/\/blogdobispo.com.br\/#organization\"},\"potentialAction\":[{\"@type\":\"SearchAction\",\"target\":{\"@type\":\"EntryPoint\",\"urlTemplate\":\"https:\/\/blogdobispo.com.br\/?s={search_term_string}\"},\"query-input\":{\"@type\":\"PropertyValueSpecification\",\"valueRequired\":true,\"valueName\":\"search_term_string\"}}],\"inLanguage\":\"pt-BR\"},{\"@type\":\"Organization\",\"@id\":\"https:\/\/blogdobispo.com.br\/#organization\",\"name\":\"Blog do Bispo\",\"url\":\"https:\/\/blogdobispo.com.br\/\",\"logo\":{\"@type\":\"ImageObject\",\"inLanguage\":\"pt-BR\",\"@id\":\"https:\/\/blogdobispo.com.br\/#\/schema\/logo\/image\/\",\"url\":\"http:\/\/blogdobispo.com.br\/wp-content\/uploads\/2023\/05\/cropped-headear.png\",\"contentUrl\":\"http:\/\/blogdobispo.com.br\/wp-content\/uploads\/2023\/05\/cropped-headear.png\",\"width\":1500,\"height\":399,\"caption\":\"Blog do Bispo\"},\"image\":{\"@id\":\"https:\/\/blogdobispo.com.br\/#\/schema\/logo\/image\/\"}},{\"@type\":\"Person\",\"@id\":\"https:\/\/blogdobispo.com.br\/#\/schema\/person\/e2209cc0e6cea5c5233d033e997b373f\",\"name\":\"Jefferson Sterfeno\",\"image\":{\"@type\":\"ImageObject\",\"inLanguage\":\"pt-BR\",\"@id\":\"https:\/\/blogdobispo.com.br\/#\/schema\/person\/image\/\",\"url\":\"https:\/\/secure.gravatar.com\/avatar\/0534e84764641168a677026b6d57a3f51dc7ac4db0b4f6186d9cb330d4ee1160?s=96&d=mm&r=g\",\"contentUrl\":\"https:\/\/secure.gravatar.com\/avatar\/0534e84764641168a677026b6d57a3f51dc7ac4db0b4f6186d9cb330d4ee1160?s=96&d=mm&r=g\",\"caption\":\"Jefferson Sterfeno\"},\"sameAs\":[\"http:\/\/blogdobispo.com.br\"],\"url\":\"https:\/\/blogdobispo.com.br\/?author=1\"}]}<\/script>\n<!-- \/ Yoast SEO plugin. -->","yoast_head_json":{"title":"Deputado Ubaldo Fernandes cumpre agenda intensa em Mossor\u00f3 com foco em sa\u00fade, infraestrutura e di\u00e1logo com lideran\u00e7as locais - Blog do Bispo","robots":{"index":"index","follow":"follow","max-snippet":"max-snippet:-1","max-image-preview":"max-image-preview:large","max-video-preview":"max-video-preview:-1"},"canonical":"https:\/\/blogdobispo.com.br\/?p=4951","og_locale":"pt_BR","og_type":"article","og_title":"Deputado Ubaldo Fernandes cumpre agenda intensa em Mossor\u00f3 com foco em sa\u00fade, infraestrutura e di\u00e1logo com lideran\u00e7as locais - Blog do Bispo","og_description":"Cumprindo mais uma agenda pelo interior do Estado, o deputado estadual Ubaldo Fernandes (PSDB) esteve nesta quinta-feira (3) em Mossor\u00f3, onde participou de uma s\u00e9rie de compromissos com foco na presta\u00e7\u00e3o de contas de seu mandato, di\u00e1logo com lideran\u00e7as pol\u00edticas e aten\u00e7\u00e3o \u00e0s \u00e1reas de sa\u00fade e infraestrutura. A agenda teve in\u00edcio \u00e0s 11h, com [&hellip;]","og_url":"https:\/\/blogdobispo.com.br\/?p=4951","og_site_name":"Blog do Bispo","article_published_time":"2025-04-04T15:18:04+00:00","og_image":[{"url":"https:\/\/blogdobispo.com.br\/wp-content\/uploads\/2025\/04\/c0869b5f-84ab-4e50-9ed4-c172d36af56c-1-768x1024.jpg","type":"","width":"","height":""}],"author":"Jefferson Sterfeno","twitter_card":"summary_large_image","twitter_misc":{"Escrito por":"Jefferson Sterfeno","Est. tempo de leitura":"2 minutos"},"schema":{"@context":"https:\/\/schema.org","@graph":[{"@type":"Article","@id":"https:\/\/blogdobispo.com.br\/?p=4951#article","isPartOf":{"@id":"https:\/\/blogdobispo.com.br\/?p=4951"},"author":{"name":"Jefferson Sterfeno","@id":"https:\/\/blogdobispo.com.br\/#\/schema\/person\/e2209cc0e6cea5c5233d033e997b373f"},"headline":"Deputado Ubaldo Fernandes cumpre agenda intensa em Mossor\u00f3 com foco em sa\u00fade, infraestrutura e di\u00e1logo com lideran\u00e7as locais","datePublished":"2025-04-04T15:18:04+00:00","mainEntityOfPage":{"@id":"https:\/\/blogdobispo.com.br\/?p=4951"},"wordCount":488,"commentCount":0,"publisher":{"@id":"https:\/\/blogdobispo.com.br\/#organization"},"image":{"@id":"https:\/\/blogdobispo.com.br\/?p=4951#primaryimage"},"thumbnailUrl":"https:\/\/blogdobispo.com.br\/wp-content\/uploads\/2025\/04\/c0869b5f-84ab-4e50-9ed4-c172d36af56c-1-768x1024.jpg","articleSection":["diversos"],"inLanguage":"pt-BR","potentialAction":[{"@type":"CommentAction","name":"Comment","target":["https:\/\/blogdobispo.com.br\/?p=4951#respond"]}]},{"@type":"WebPage","@id":"https:\/\/blogdobispo.com.br\/?p=4951","url":"https:\/\/blogdobispo.com.br\/?p=4951","name":"Deputado Ubaldo Fernandes cumpre agenda intensa em Mossor\u00f3 com foco em sa\u00fade, infraestrutura e di\u00e1logo com lideran\u00e7as locais - Blog do Bispo","isPartOf":{"@id":"https:\/\/blogdobispo.com.br\/#website"},"primaryImageOfPage":{"@id":"https:\/\/blogdobispo.com.br\/?p=4951#primaryimage"},"image":{"@id":"https:\/\/blogdobispo.com.br\/?p=4951#primaryimage"},"thumbnailUrl":"https:\/\/blogdobispo.com.br\/wp-content\/uploads\/2025\/04\/c0869b5f-84ab-4e50-9ed4-c172d36af56c-1-768x1024.jpg","datePublished":"2025-04-04T15:18:04+00:00","breadcrumb":{"@id":"https:\/\/blogdobispo.com.br\/?p=4951#breadcrumb"},"inLanguage":"pt-BR","potentialAction":[{"@type":"ReadAction","target":["https:\/\/blogdobispo.com.br\/?p=4951"]}]},{"@type":"ImageObject","inLanguage":"pt-BR","@id":"https:\/\/blogdobispo.com.br\/?p=4951#primaryimage","url":"https:\/\/blogdobispo.com.br\/wp-content\/uploads\/2025\/04\/c0869b5f-84ab-4e50-9ed4-c172d36af56c-1-768x1024.jpg","contentUrl":"https:\/\/blogdobispo.com.br\/wp-content\/uploads\/2025\/04\/c0869b5f-84ab-4e50-9ed4-c172d36af56c-1-768x1024.jpg"},{"@type":"BreadcrumbList","@id":"https:\/\/blogdobispo.com.br\/?p=4951#breadcrumb","itemListElement":[{"@type":"ListItem","position":1,"name":"In\u00edcio","item":"https:\/\/blogdobispo.com.br\/"},{"@type":"ListItem","position":2,"name":"Deputado Ubaldo Fernandes cumpre agenda intensa em Mossor\u00f3 com foco em sa\u00fade, infraestrutura e di\u00e1logo com lideran\u00e7as locais"}]},{"@type":"WebSite","@id":"https:\/\/blogdobispo.com.br\/#website","url":"https:\/\/blogdobispo.com.br\/","name":"Blog do Bispo","description":"Comprometido apenas com o leitor","publisher":{"@id":"https:\/\/blogdobispo.com.br\/#organization"},"potentialAction":[{"@type":"SearchAction","target":{"@type":"EntryPoint","urlTemplate":"https:\/\/blogdobispo.com.br\/?s={search_term_string}"},"query-input":{"@type":"PropertyValueSpecification","valueRequired":true,"valueName":"search_term_string"}}],"inLanguage":"pt-BR"},{"@type":"Organization","@id":"https:\/\/blogdobispo.com.br\/#organization","name":"Blog do Bispo","url":"https:\/\/blogdobispo.com.br\/","logo":{"@type":"ImageObject","inLanguage":"pt-BR","@id":"https:\/\/blogdobispo.com.br\/#\/schema\/logo\/image\/","url":"http:\/\/blogdobispo.com.br\/wp-content\/uploads\/2023\/05\/cropped-headear.png","contentUrl":"http:\/\/blogdobispo.com.br\/wp-content\/uploads\/2023\/05\/cropped-headear.png","width":1500,"height":399,"caption":"Blog do Bispo"},"image":{"@id":"https:\/\/blogdobispo.com.br\/#\/schema\/logo\/image\/"}},{"@type":"Person","@id":"https:\/\/blogdobispo.com.br\/#\/schema\/person\/e2209cc0e6cea5c5233d033e997b373f","name":"Jefferson Sterfeno","image":{"@type":"ImageObject","inLanguage":"pt-BR","@id":"https:\/\/blogdobispo.com.br\/#\/schema\/person\/image\/","url":"https:\/\/secure.gravatar.com\/avatar\/0534e84764641168a677026b6d57a3f51dc7ac4db0b4f6186d9cb330d4ee1160?s=96&d=mm&r=g","contentUrl":"https:\/\/secure.gravatar.com\/avatar\/0534e84764641168a677026b6d57a3f51dc7ac4db0b4f6186d9cb330d4ee1160?s=96&d=mm&r=g","caption":"Jefferson Sterfeno"},"sameAs":["http:\/\/blogdobispo.com.br"],"url":"https:\/\/blogdobispo.com.br\/?author=1"}]}},"featured_image_urls":{"full":"","thumbnail":"","medium":"","medium_large":"","large":"","1536x1536":"","2048x2048":""},"author_info":{"display_name":"Jefferson Sterfeno","author_link":"https:\/\/blogdobispo.com.br\/?author=1"},"category_info":"<a href=\"https:\/\/blogdobispo.com.br\/?cat=1\" rel=\"category\">diversos<\/a>","tag_info":"diversos","comment_count":"0","jetpack_featured_media_url":"","jetpack_sharing_enabled":true,"_links":{"self":[{"href":"https:\/\/blogdobispo.com.br\/index.php?rest_route=\/wp\/v2\/posts\/4951","targetHints":{"allow":["GET"]}}],"collection":[{"href":"https:\/\/blogdobispo.com.br\/index.php?rest_route=\/wp\/v2\/posts"}],"about":[{"href":"https:\/\/blogdobispo.com.br\/index.php?rest_route=\/wp\/v2\/types\/post"}],"author":[{"embeddable":true,"href":"https:\/\/blogdobispo.com.br\/index.php?rest_route=\/wp\/v2\/users\/1"}],"replies":[{"embeddable":true,"href":"https:\/\/blogdobispo.com.br\/index.php?rest_route=%2Fwp%2Fv2%2Fcomments&post=4951"}],"version-history":[{"count":0,"href":"https:\/\/blogdobispo.com.br\/index.php?rest_route=\/wp\/v2\/posts\/4951\/revisions"}],"wp:attachment":[{"href":"https:\/\/blogdobispo.com.br\/index.php?rest_route=%2Fwp%2Fv2%2Fmedia&parent=4951"}],"wp:term":[{"taxonomy":"category","embeddable":true,"href":"https:\/\/blogdobispo.com.br\/index.php?rest_route=%2Fwp%2Fv2%2Fcategories&post=4951"},{"taxonomy":"post_tag","embeddable":true,"href":"https:\/\/blogdobispo.com.br\/index.php?rest_route=%2Fwp%2Fv2%2Ftags&post=4951"}],"curies":[{"name":"wp","href":"https:\/\/api.w.org\/{rel}","templated":true}]}}