{"id":4947,"date":"2025-04-03T23:39:19","date_gmt":"2025-04-03T23:39:19","guid":{"rendered":"https:\/\/blogdobispo.com.br\/?p=4947"},"modified":"2025-04-03T23:39:19","modified_gmt":"2025-04-03T23:39:19","slug":"vereador-daniel-santiago-tem-primeiros-projetos-aprovados-com-foco-na-inclusao-de-pessoas-autistas","status":"publish","type":"post","link":"https:\/\/blogdobispo.com.br\/?p=4947","title":{"rendered":"Vereador Daniel Santiago tem primeiros projetos aprovados com foco na inclus\u00e3o de pessoas autistas"},"content":{"rendered":"\n<figure class=\"wp-block-image size-large\"><img data-recalc-dims=\"1\" fetchpriority=\"high\" decoding=\"async\" width=\"800\" height=\"553\" src=\"https:\/\/i0.wp.com\/blogdobispo.com.br\/wp-content\/uploads\/2025\/04\/7a498350-c933-42e8-99ed-8986e5579f99-1-1024x708.jpg?resize=800%2C553&#038;ssl=1\" class=\"wp-image-4946\" srcset=\"https:\/\/i0.wp.com\/blogdobispo.com.br\/wp-content\/uploads\/2025\/04\/7a498350-c933-42e8-99ed-8986e5579f99-1.jpg?resize=1024%2C708&amp;ssl=1 1024w, https:\/\/i0.wp.com\/blogdobispo.com.br\/wp-content\/uploads\/2025\/04\/7a498350-c933-42e8-99ed-8986e5579f99-1.jpg?resize=300%2C208&amp;ssl=1 300w, https:\/\/i0.wp.com\/blogdobispo.com.br\/wp-content\/uploads\/2025\/04\/7a498350-c933-42e8-99ed-8986e5579f99-1.jpg?resize=768%2C531&amp;ssl=1 768w, https:\/\/i0.wp.com\/blogdobispo.com.br\/wp-content\/uploads\/2025\/04\/7a498350-c933-42e8-99ed-8986e5579f99-1.jpg?resize=1536%2C1063&amp;ssl=1 1536w, https:\/\/i0.wp.com\/blogdobispo.com.br\/wp-content\/uploads\/2025\/04\/7a498350-c933-42e8-99ed-8986e5579f99-1.jpg?w=1600&amp;ssl=1 1600w\" sizes=\"(max-width: 800px) 100vw, 800px\" \/><\/figure>\n\n\n\n<p><\/p>\n\n\n\n<p>Tr\u00eas meses ap\u00f3s assumir seu primeiro mandato, o vereador Daniel Santiago teve seus primeiros projetos de lei aprovados nesta quinta-feira (03), um dia ap\u00f3s o Dia Mundial de Conscientiza\u00e7\u00e3o do Autismo. As mat\u00e9rias, votadas em regime de urg\u00eancia, refor\u00e7am a bandeira da inclus\u00e3o e do amparo \u00e0s pessoas com Transtorno do Espectro Autista (TEA) e seus familiares.<\/p>\n\n\n\n<p>Entre os projetos aprovados, destaca-se a lei que obriga locais com grande movimenta\u00e7\u00e3o de pessoas, sejam p\u00fablicos ou privados, a disponibilizarem abafadores de ru\u00eddo para indiv\u00edduos com hipersensibilidade auditiva. O objetivo \u00e9 reduzir o desconforto causado por ru\u00eddos excessivos, garantindo acessibilidade e respeito a esse p\u00fablico. Os abafadores devem ser entregues higienizados e acompanhados de protetores descart\u00e1veis.<\/p>\n\n\n\n<p>A obrigatoriedade se aplica a locais onde ocorra significativa aglomera\u00e7\u00e3o de pessoas, definida na legisla\u00e7\u00e3o como eventos e estabelecimentos que re\u00fanam pelo menos 100 pessoas simultaneamente. A norma alcan\u00e7a tanto espa\u00e7os de entretenimento, como cinemas e teatros, quanto reparti\u00e7\u00f5es p\u00fablicas e estabelecimentos comerciais de grande porte.<\/p>\n\n\n\n<p>A legisla\u00e7\u00e3o prev\u00ea penalidades para o descumprimento da norma. No setor privado, os estabelecimentos que n\u00e3o cumprirem a lei estar\u00e3o sujeitos a advert\u00eancia e, em caso de reincid\u00eancia, multa de R$ 1.000,00, podendo dobrar em novas infra\u00e7\u00f5es. J\u00e1 no setor p\u00fablico, os respons\u00e1veis pelos \u00f3rg\u00e3os e institui\u00e7\u00f5es estar\u00e3o sujeitos \u00e0s responsabiliza\u00e7\u00f5es previstas no Estatuto dos Funcion\u00e1rios P\u00fablicos Municipais de Natal.<\/p>\n\n\n\n<p>Outro projeto relevante modifica a Lei n\u00ba 7.650\/2024, que institui o selo \u201cEmpresa Amiga do Autista\u201d, ampliando seu alcance para incluir \u00f3rg\u00e3os governamentais e entidades do terceiro setor. Agora denominado \u201cInstitui\u00e7\u00e3o Amiga do Autista\u201d, o selo reconhecer\u00e1 organiza\u00e7\u00f5es que adotem pol\u00edticas inclusivas, promovam empregabilidade para pessoas com TEA e realizem a\u00e7\u00f5es de conscientiza\u00e7\u00e3o.<\/p>\n\n\n\n<p>A nova legisla\u00e7\u00e3o tamb\u00e9m prev\u00ea incentivos como isen\u00e7\u00f5es em tributos e taxas para estabelecimentos que promovam a inclus\u00e3o e cria espa\u00e7os adaptados para auxiliar no bem-estar das pessoas autistas.<\/p>\n\n\n\n<p>Durante a sess\u00e3o, o vereador Daniel Santiago enfatizou a import\u00e2ncia dessas medidas para tornar Natal uma cidade mais acolhedora e inclusiva: \u201cEstamos legislando para garantir qualidade de vida para quem convive com o autismo. Essas leis t\u00eam impacto direto nas fam\u00edlias, proporcionando acessibilidade e respeito. Natal sai na frente ao criar um ambiente mais justo e adaptado para todos\u201d, destacou.<\/p>\n","protected":false},"excerpt":{"rendered":"<p>Tr\u00eas meses ap\u00f3s assumir seu primeiro mandato, o vereador Daniel Santiago teve seus primeiros projetos de lei aprovados nesta quinta-feira (03), um dia ap\u00f3s o Dia Mundial de Conscientiza\u00e7\u00e3o do Autismo. As mat\u00e9rias, votadas em regime de urg\u00eancia, refor\u00e7am a bandeira da inclus\u00e3o e do amparo \u00e0s pessoas com Transtorno do Espectro Autista (TEA) e [&hellip;]<\/p>\n","protected":false},"author":1,"featured_media":0,"comment_status":"open","ping_status":"open","sticky":false,"template":"","format":"standard","meta":{"cybocfi_hide_featured_image":"","_jetpack_memberships_contains_paid_content":false,"footnotes":""},"categories":[1],"tags":[],"class_list":["post-4947","post","type-post","status-publish","format-standard","hentry","category-diversos"],"yoast_head":"<!-- This site is optimized with the Yoast SEO plugin v25.6 - https:\/\/yoast.com\/wordpress\/plugins\/seo\/ -->\n<title>Vereador Daniel Santiago tem primeiros projetos aprovados com foco na inclus\u00e3o de pessoas autistas - Blog do Bispo<\/title>\n<meta name=\"robots\" content=\"index, follow, max-snippet:-1, max-image-preview:large, max-video-preview:-1\" \/>\n<link rel=\"canonical\" href=\"https:\/\/blogdobispo.com.br\/?p=4947\" \/>\n<meta property=\"og:locale\" content=\"pt_BR\" \/>\n<meta property=\"og:type\" content=\"article\" \/>\n<meta property=\"og:title\" content=\"Vereador Daniel Santiago tem primeiros projetos aprovados com foco na inclus\u00e3o de pessoas autistas - Blog do Bispo\" \/>\n<meta property=\"og:description\" content=\"Tr\u00eas meses ap\u00f3s assumir seu primeiro mandato, o vereador Daniel Santiago teve seus primeiros projetos de lei aprovados nesta quinta-feira (03), um dia ap\u00f3s o Dia Mundial de Conscientiza\u00e7\u00e3o do Autismo. As mat\u00e9rias, votadas em regime de urg\u00eancia, refor\u00e7am a bandeira da inclus\u00e3o e do amparo \u00e0s pessoas com Transtorno do Espectro Autista (TEA) e [&hellip;]\" \/>\n<meta property=\"og:url\" content=\"https:\/\/blogdobispo.com.br\/?p=4947\" \/>\n<meta property=\"og:site_name\" content=\"Blog do Bispo\" \/>\n<meta property=\"article:published_time\" content=\"2025-04-03T23:39:19+00:00\" \/>\n<meta property=\"og:image\" content=\"https:\/\/blogdobispo.com.br\/wp-content\/uploads\/2025\/04\/7a498350-c933-42e8-99ed-8986e5579f99-1-1024x708.jpg\" \/>\n<meta name=\"author\" content=\"Jefferson Sterfeno\" \/>\n<meta name=\"twitter:card\" content=\"summary_large_image\" \/>\n<meta name=\"twitter:label1\" content=\"Escrito por\" \/>\n\t<meta name=\"twitter:data1\" content=\"Jefferson Sterfeno\" \/>\n\t<meta name=\"twitter:label2\" content=\"Est. tempo de leitura\" \/>\n\t<meta name=\"twitter:data2\" content=\"2 minutos\" \/>\n<script type=\"application\/ld+json\" class=\"yoast-schema-graph\">{\"@context\":\"https:\/\/schema.org\",\"@graph\":[{\"@type\":\"Article\",\"@id\":\"https:\/\/blogdobispo.com.br\/?p=4947#article\",\"isPartOf\":{\"@id\":\"https:\/\/blogdobispo.com.br\/?p=4947\"},\"author\":{\"name\":\"Jefferson Sterfeno\",\"@id\":\"https:\/\/blogdobispo.com.br\/#\/schema\/person\/e2209cc0e6cea5c5233d033e997b373f\"},\"headline\":\"Vereador Daniel Santiago tem primeiros projetos aprovados com foco na inclus\u00e3o de pessoas autistas\",\"datePublished\":\"2025-04-03T23:39:19+00:00\",\"mainEntityOfPage\":{\"@id\":\"https:\/\/blogdobispo.com.br\/?p=4947\"},\"wordCount\":423,\"commentCount\":0,\"publisher\":{\"@id\":\"https:\/\/blogdobispo.com.br\/#organization\"},\"image\":{\"@id\":\"https:\/\/blogdobispo.com.br\/?p=4947#primaryimage\"},\"thumbnailUrl\":\"https:\/\/blogdobispo.com.br\/wp-content\/uploads\/2025\/04\/7a498350-c933-42e8-99ed-8986e5579f99-1-1024x708.jpg\",\"articleSection\":[\"diversos\"],\"inLanguage\":\"pt-BR\",\"potentialAction\":[{\"@type\":\"CommentAction\",\"name\":\"Comment\",\"target\":[\"https:\/\/blogdobispo.com.br\/?p=4947#respond\"]}]},{\"@type\":\"WebPage\",\"@id\":\"https:\/\/blogdobispo.com.br\/?p=4947\",\"url\":\"https:\/\/blogdobispo.com.br\/?p=4947\",\"name\":\"Vereador Daniel Santiago tem primeiros projetos aprovados com foco na inclus\u00e3o de pessoas autistas - Blog do Bispo\",\"isPartOf\":{\"@id\":\"https:\/\/blogdobispo.com.br\/#website\"},\"primaryImageOfPage\":{\"@id\":\"https:\/\/blogdobispo.com.br\/?p=4947#primaryimage\"},\"image\":{\"@id\":\"https:\/\/blogdobispo.com.br\/?p=4947#primaryimage\"},\"thumbnailUrl\":\"https:\/\/blogdobispo.com.br\/wp-content\/uploads\/2025\/04\/7a498350-c933-42e8-99ed-8986e5579f99-1-1024x708.jpg\",\"datePublished\":\"2025-04-03T23:39:19+00:00\",\"breadcrumb\":{\"@id\":\"https:\/\/blogdobispo.com.br\/?p=4947#breadcrumb\"},\"inLanguage\":\"pt-BR\",\"potentialAction\":[{\"@type\":\"ReadAction\",\"target\":[\"https:\/\/blogdobispo.com.br\/?p=4947\"]}]},{\"@type\":\"ImageObject\",\"inLanguage\":\"pt-BR\",\"@id\":\"https:\/\/blogdobispo.com.br\/?p=4947#primaryimage\",\"url\":\"https:\/\/blogdobispo.com.br\/wp-content\/uploads\/2025\/04\/7a498350-c933-42e8-99ed-8986e5579f99-1-1024x708.jpg\",\"contentUrl\":\"https:\/\/blogdobispo.com.br\/wp-content\/uploads\/2025\/04\/7a498350-c933-42e8-99ed-8986e5579f99-1-1024x708.jpg\"},{\"@type\":\"BreadcrumbList\",\"@id\":\"https:\/\/blogdobispo.com.br\/?p=4947#breadcrumb\",\"itemListElement\":[{\"@type\":\"ListItem\",\"position\":1,\"name\":\"In\u00edcio\",\"item\":\"https:\/\/blogdobispo.com.br\/\"},{\"@type\":\"ListItem\",\"position\":2,\"name\":\"Vereador Daniel Santiago tem primeiros projetos aprovados com foco na inclus\u00e3o de pessoas autistas\"}]},{\"@type\":\"WebSite\",\"@id\":\"https:\/\/blogdobispo.com.br\/#website\",\"url\":\"https:\/\/blogdobispo.com.br\/\",\"name\":\"Blog do Bispo\",\"description\":\"Comprometido apenas com o leitor\",\"publisher\":{\"@id\":\"https:\/\/blogdobispo.com.br\/#organization\"},\"potentialAction\":[{\"@type\":\"SearchAction\",\"target\":{\"@type\":\"EntryPoint\",\"urlTemplate\":\"https:\/\/blogdobispo.com.br\/?s={search_term_string}\"},\"query-input\":{\"@type\":\"PropertyValueSpecification\",\"valueRequired\":true,\"valueName\":\"search_term_string\"}}],\"inLanguage\":\"pt-BR\"},{\"@type\":\"Organization\",\"@id\":\"https:\/\/blogdobispo.com.br\/#organization\",\"name\":\"Blog do Bispo\",\"url\":\"https:\/\/blogdobispo.com.br\/\",\"logo\":{\"@type\":\"ImageObject\",\"inLanguage\":\"pt-BR\",\"@id\":\"https:\/\/blogdobispo.com.br\/#\/schema\/logo\/image\/\",\"url\":\"http:\/\/blogdobispo.com.br\/wp-content\/uploads\/2023\/05\/cropped-headear.png\",\"contentUrl\":\"http:\/\/blogdobispo.com.br\/wp-content\/uploads\/2023\/05\/cropped-headear.png\",\"width\":1500,\"height\":399,\"caption\":\"Blog do Bispo\"},\"image\":{\"@id\":\"https:\/\/blogdobispo.com.br\/#\/schema\/logo\/image\/\"}},{\"@type\":\"Person\",\"@id\":\"https:\/\/blogdobispo.com.br\/#\/schema\/person\/e2209cc0e6cea5c5233d033e997b373f\",\"name\":\"Jefferson Sterfeno\",\"image\":{\"@type\":\"ImageObject\",\"inLanguage\":\"pt-BR\",\"@id\":\"https:\/\/blogdobispo.com.br\/#\/schema\/person\/image\/\",\"url\":\"https:\/\/secure.gravatar.com\/avatar\/0534e84764641168a677026b6d57a3f51dc7ac4db0b4f6186d9cb330d4ee1160?s=96&d=mm&r=g\",\"contentUrl\":\"https:\/\/secure.gravatar.com\/avatar\/0534e84764641168a677026b6d57a3f51dc7ac4db0b4f6186d9cb330d4ee1160?s=96&d=mm&r=g\",\"caption\":\"Jefferson Sterfeno\"},\"sameAs\":[\"http:\/\/blogdobispo.com.br\"],\"url\":\"https:\/\/blogdobispo.com.br\/?author=1\"}]}<\/script>\n<!-- \/ Yoast SEO plugin. -->","yoast_head_json":{"title":"Vereador Daniel Santiago tem primeiros projetos aprovados com foco na inclus\u00e3o de pessoas autistas - Blog do Bispo","robots":{"index":"index","follow":"follow","max-snippet":"max-snippet:-1","max-image-preview":"max-image-preview:large","max-video-preview":"max-video-preview:-1"},"canonical":"https:\/\/blogdobispo.com.br\/?p=4947","og_locale":"pt_BR","og_type":"article","og_title":"Vereador Daniel Santiago tem primeiros projetos aprovados com foco na inclus\u00e3o de pessoas autistas - Blog do Bispo","og_description":"Tr\u00eas meses ap\u00f3s assumir seu primeiro mandato, o vereador Daniel Santiago teve seus primeiros projetos de lei aprovados nesta quinta-feira (03), um dia ap\u00f3s o Dia Mundial de Conscientiza\u00e7\u00e3o do Autismo. As mat\u00e9rias, votadas em regime de urg\u00eancia, refor\u00e7am a bandeira da inclus\u00e3o e do amparo \u00e0s pessoas com Transtorno do Espectro Autista (TEA) e [&hellip;]","og_url":"https:\/\/blogdobispo.com.br\/?p=4947","og_site_name":"Blog do Bispo","article_published_time":"2025-04-03T23:39:19+00:00","og_image":[{"url":"https:\/\/blogdobispo.com.br\/wp-content\/uploads\/2025\/04\/7a498350-c933-42e8-99ed-8986e5579f99-1-1024x708.jpg","type":"","width":"","height":""}],"author":"Jefferson Sterfeno","twitter_card":"summary_large_image","twitter_misc":{"Escrito por":"Jefferson Sterfeno","Est. tempo de leitura":"2 minutos"},"schema":{"@context":"https:\/\/schema.org","@graph":[{"@type":"Article","@id":"https:\/\/blogdobispo.com.br\/?p=4947#article","isPartOf":{"@id":"https:\/\/blogdobispo.com.br\/?p=4947"},"author":{"name":"Jefferson Sterfeno","@id":"https:\/\/blogdobispo.com.br\/#\/schema\/person\/e2209cc0e6cea5c5233d033e997b373f"},"headline":"Vereador Daniel Santiago tem primeiros projetos aprovados com foco na inclus\u00e3o de pessoas autistas","datePublished":"2025-04-03T23:39:19+00:00","mainEntityOfPage":{"@id":"https:\/\/blogdobispo.com.br\/?p=4947"},"wordCount":423,"commentCount":0,"publisher":{"@id":"https:\/\/blogdobispo.com.br\/#organization"},"image":{"@id":"https:\/\/blogdobispo.com.br\/?p=4947#primaryimage"},"thumbnailUrl":"https:\/\/blogdobispo.com.br\/wp-content\/uploads\/2025\/04\/7a498350-c933-42e8-99ed-8986e5579f99-1-1024x708.jpg","articleSection":["diversos"],"inLanguage":"pt-BR","potentialAction":[{"@type":"CommentAction","name":"Comment","target":["https:\/\/blogdobispo.com.br\/?p=4947#respond"]}]},{"@type":"WebPage","@id":"https:\/\/blogdobispo.com.br\/?p=4947","url":"https:\/\/blogdobispo.com.br\/?p=4947","name":"Vereador Daniel Santiago tem primeiros projetos aprovados com foco na inclus\u00e3o de pessoas autistas - Blog do Bispo","isPartOf":{"@id":"https:\/\/blogdobispo.com.br\/#website"},"primaryImageOfPage":{"@id":"https:\/\/blogdobispo.com.br\/?p=4947#primaryimage"},"image":{"@id":"https:\/\/blogdobispo.com.br\/?p=4947#primaryimage"},"thumbnailUrl":"https:\/\/blogdobispo.com.br\/wp-content\/uploads\/2025\/04\/7a498350-c933-42e8-99ed-8986e5579f99-1-1024x708.jpg","datePublished":"2025-04-03T23:39:19+00:00","breadcrumb":{"@id":"https:\/\/blogdobispo.com.br\/?p=4947#breadcrumb"},"inLanguage":"pt-BR","potentialAction":[{"@type":"ReadAction","target":["https:\/\/blogdobispo.com.br\/?p=4947"]}]},{"@type":"ImageObject","inLanguage":"pt-BR","@id":"https:\/\/blogdobispo.com.br\/?p=4947#primaryimage","url":"https:\/\/blogdobispo.com.br\/wp-content\/uploads\/2025\/04\/7a498350-c933-42e8-99ed-8986e5579f99-1-1024x708.jpg","contentUrl":"https:\/\/blogdobispo.com.br\/wp-content\/uploads\/2025\/04\/7a498350-c933-42e8-99ed-8986e5579f99-1-1024x708.jpg"},{"@type":"BreadcrumbList","@id":"https:\/\/blogdobispo.com.br\/?p=4947#breadcrumb","itemListElement":[{"@type":"ListItem","position":1,"name":"In\u00edcio","item":"https:\/\/blogdobispo.com.br\/"},{"@type":"ListItem","position":2,"name":"Vereador Daniel Santiago tem primeiros projetos aprovados com foco na inclus\u00e3o de pessoas autistas"}]},{"@type":"WebSite","@id":"https:\/\/blogdobispo.com.br\/#website","url":"https:\/\/blogdobispo.com.br\/","name":"Blog do Bispo","description":"Comprometido apenas com o leitor","publisher":{"@id":"https:\/\/blogdobispo.com.br\/#organization"},"potentialAction":[{"@type":"SearchAction","target":{"@type":"EntryPoint","urlTemplate":"https:\/\/blogdobispo.com.br\/?s={search_term_string}"},"query-input":{"@type":"PropertyValueSpecification","valueRequired":true,"valueName":"search_term_string"}}],"inLanguage":"pt-BR"},{"@type":"Organization","@id":"https:\/\/blogdobispo.com.br\/#organization","name":"Blog do Bispo","url":"https:\/\/blogdobispo.com.br\/","logo":{"@type":"ImageObject","inLanguage":"pt-BR","@id":"https:\/\/blogdobispo.com.br\/#\/schema\/logo\/image\/","url":"http:\/\/blogdobispo.com.br\/wp-content\/uploads\/2023\/05\/cropped-headear.png","contentUrl":"http:\/\/blogdobispo.com.br\/wp-content\/uploads\/2023\/05\/cropped-headear.png","width":1500,"height":399,"caption":"Blog do Bispo"},"image":{"@id":"https:\/\/blogdobispo.com.br\/#\/schema\/logo\/image\/"}},{"@type":"Person","@id":"https:\/\/blogdobispo.com.br\/#\/schema\/person\/e2209cc0e6cea5c5233d033e997b373f","name":"Jefferson Sterfeno","image":{"@type":"ImageObject","inLanguage":"pt-BR","@id":"https:\/\/blogdobispo.com.br\/#\/schema\/person\/image\/","url":"https:\/\/secure.gravatar.com\/avatar\/0534e84764641168a677026b6d57a3f51dc7ac4db0b4f6186d9cb330d4ee1160?s=96&d=mm&r=g","contentUrl":"https:\/\/secure.gravatar.com\/avatar\/0534e84764641168a677026b6d57a3f51dc7ac4db0b4f6186d9cb330d4ee1160?s=96&d=mm&r=g","caption":"Jefferson Sterfeno"},"sameAs":["http:\/\/blogdobispo.com.br"],"url":"https:\/\/blogdobispo.com.br\/?author=1"}]}},"featured_image_urls":{"full":"","thumbnail":"","medium":"","medium_large":"","large":"","1536x1536":"","2048x2048":""},"author_info":{"display_name":"Jefferson Sterfeno","author_link":"https:\/\/blogdobispo.com.br\/?author=1"},"category_info":"<a href=\"https:\/\/blogdobispo.com.br\/?cat=1\" rel=\"category\">diversos<\/a>","tag_info":"diversos","comment_count":"0","jetpack_featured_media_url":"","jetpack_sharing_enabled":true,"_links":{"self":[{"href":"https:\/\/blogdobispo.com.br\/index.php?rest_route=\/wp\/v2\/posts\/4947","targetHints":{"allow":["GET"]}}],"collection":[{"href":"https:\/\/blogdobispo.com.br\/index.php?rest_route=\/wp\/v2\/posts"}],"about":[{"href":"https:\/\/blogdobispo.com.br\/index.php?rest_route=\/wp\/v2\/types\/post"}],"author":[{"embeddable":true,"href":"https:\/\/blogdobispo.com.br\/index.php?rest_route=\/wp\/v2\/users\/1"}],"replies":[{"embeddable":true,"href":"https:\/\/blogdobispo.com.br\/index.php?rest_route=%2Fwp%2Fv2%2Fcomments&post=4947"}],"version-history":[{"count":0,"href":"https:\/\/blogdobispo.com.br\/index.php?rest_route=\/wp\/v2\/posts\/4947\/revisions"}],"wp:attachment":[{"href":"https:\/\/blogdobispo.com.br\/index.php?rest_route=%2Fwp%2Fv2%2Fmedia&parent=4947"}],"wp:term":[{"taxonomy":"category","embeddable":true,"href":"https:\/\/blogdobispo.com.br\/index.php?rest_route=%2Fwp%2Fv2%2Fcategories&post=4947"},{"taxonomy":"post_tag","embeddable":true,"href":"https:\/\/blogdobispo.com.br\/index.php?rest_route=%2Fwp%2Fv2%2Ftags&post=4947"}],"curies":[{"name":"wp","href":"https:\/\/api.w.org\/{rel}","templated":true}]}}