{"id":4939,"date":"2025-04-03T15:58:33","date_gmt":"2025-04-03T15:58:33","guid":{"rendered":"https:\/\/blogdobispo.com.br\/?p=4939"},"modified":"2025-04-03T15:58:33","modified_gmt":"2025-04-03T15:58:33","slug":"vereador-luciano-nascimento-celebra-sancao-do-programa-tem-saida-que-garante-emprego-para-mulheres-vitimas-de-violencia-em-natal","status":"publish","type":"post","link":"https:\/\/blogdobispo.com.br\/?p=4939","title":{"rendered":"Vereador Luciano Nascimento celebra san\u00e7\u00e3o do programa &#8220;Tem Sa\u00edda&#8221; que garante emprego para mulheres v\u00edtimas de viol\u00eancia em Natal"},"content":{"rendered":"\n<figure class=\"wp-block-image size-large\"><img data-recalc-dims=\"1\" fetchpriority=\"high\" decoding=\"async\" width=\"768\" height=\"1024\" src=\"https:\/\/i0.wp.com\/blogdobispo.com.br\/wp-content\/uploads\/2025\/04\/c8e66a74-5bd5-4deb-a1b5-14ac58af6f6c-1-768x1024.jpg?resize=768%2C1024&#038;ssl=1\" class=\"wp-image-4938\" srcset=\"https:\/\/i0.wp.com\/blogdobispo.com.br\/wp-content\/uploads\/2025\/04\/c8e66a74-5bd5-4deb-a1b5-14ac58af6f6c-1.jpg?resize=768%2C1024&amp;ssl=1 768w, https:\/\/i0.wp.com\/blogdobispo.com.br\/wp-content\/uploads\/2025\/04\/c8e66a74-5bd5-4deb-a1b5-14ac58af6f6c-1.jpg?resize=225%2C300&amp;ssl=1 225w, https:\/\/i0.wp.com\/blogdobispo.com.br\/wp-content\/uploads\/2025\/04\/c8e66a74-5bd5-4deb-a1b5-14ac58af6f6c-1.jpg?resize=1152%2C1536&amp;ssl=1 1152w, https:\/\/i0.wp.com\/blogdobispo.com.br\/wp-content\/uploads\/2025\/04\/c8e66a74-5bd5-4deb-a1b5-14ac58af6f6c-1.jpg?resize=1024%2C1365&amp;ssl=1 1024w, https:\/\/i0.wp.com\/blogdobispo.com.br\/wp-content\/uploads\/2025\/04\/c8e66a74-5bd5-4deb-a1b5-14ac58af6f6c-1.jpg?w=1200&amp;ssl=1 1200w\" sizes=\"(max-width: 768px) 100vw, 768px\" \/><\/figure>\n\n\n\n<p><\/p>\n\n\n\n<p>A cidade de Natal deu um importante passo no combate \u00e0 viol\u00eancia dom\u00e9stica com a san\u00e7\u00e3o da Lei n\u00ba 7.834\/2024, que cria o inovador Programa Municipal &#8220;Tem Sa\u00edda&#8221;. A iniciativa, proposta pelo vereador Luciano Nascimento (PSD), tem como objetivo principal garantir autonomia financeira para mulheres em situa\u00e7\u00e3o de viol\u00eancia atrav\u00e9s da inser\u00e7\u00e3o priorit\u00e1ria no mercado de trabalho.<\/p>\n\n\n\n<p>&#8220;Esta vit\u00f3ria representa um novo cap\u00edtulo na luta pelos direitos das mulheres em nossa cidade. O &#8216;Tem Sa\u00edda&#8217; vai muito al\u00e9m de um programa de emprego &#8211; \u00e9 um instrumento de liberta\u00e7\u00e3o que vai devolver dignidade e esperan\u00e7a para centenas de mulheres que sofrem com a viol\u00eancia dom\u00e9stica&#8221;, declarou emocionado o vereador Luciano Nascimento durante a cerim\u00f4nia de san\u00e7\u00e3o.<\/p>\n\n\n\n<p>O programa funcionar\u00e1 atrav\u00e9s de um sistema integrado que conectar\u00e1 mulheres v\u00edtimas de viol\u00eancia (comprovada atrav\u00e9s de BOs e documentos) com empresas parceiras. A Secretaria Municipal de Pol\u00edticas para as Mulheres (Semul) ser\u00e1 respons\u00e1vel por toda a gest\u00e3o, desde o cadastro at\u00e9 o acompanhamento psicossocial das benefici\u00e1rias. Como incentivo, empresas que preencherem 5% de vagas com participantes receber\u00e3o honraria anual da C\u00e2mara Municipal.<\/p>\n\n\n\n<p>&#8220;\u00c9 uma honra ver este projeto, que nasceu de um profundo compromisso com as mulheres potiguares, se tornar realidade. Estamos oferecendo n\u00e3o apenas emprego, mas uma verdadeira sa\u00edda para quem vive o inferno da viol\u00eancia dom\u00e9stica&#8221;, destacou Nascimento, lembrando que o programa inclui suporte psicol\u00f3gico e assist\u00eancia social integral.<\/p>\n\n\n\n<p>Especialistas em pol\u00edticas p\u00fablicas destacam que a iniciativa pode se tornar refer\u00eancia nacional, ao combinar eficientemente o enfrentamento \u00e0 viol\u00eancia com gera\u00e7\u00e3o de oportunidades. &#8220;Estamos escrevendo uma nova hist\u00f3ria para Natal, mais justa e acolhedora para nossas mulheres&#8221;, finalizou o vereador, j\u00e1 vislumbrando os impactos positivos da medida.<\/p>\n","protected":false},"excerpt":{"rendered":"<p>A cidade de Natal deu um importante passo no combate \u00e0 viol\u00eancia dom\u00e9stica com a san\u00e7\u00e3o da Lei n\u00ba 7.834\/2024, que cria o inovador Programa Municipal &#8220;Tem Sa\u00edda&#8221;. A iniciativa, proposta pelo vereador Luciano Nascimento (PSD), tem como objetivo principal garantir autonomia financeira para mulheres em situa\u00e7\u00e3o de viol\u00eancia atrav\u00e9s da inser\u00e7\u00e3o priorit\u00e1ria no mercado [&hellip;]<\/p>\n","protected":false},"author":1,"featured_media":0,"comment_status":"open","ping_status":"open","sticky":false,"template":"","format":"standard","meta":{"cybocfi_hide_featured_image":"","_jetpack_memberships_contains_paid_content":false,"footnotes":""},"categories":[1],"tags":[],"class_list":["post-4939","post","type-post","status-publish","format-standard","hentry","category-diversos"],"yoast_head":"<!-- This site is optimized with the Yoast SEO plugin v25.6 - https:\/\/yoast.com\/wordpress\/plugins\/seo\/ -->\n<title>Vereador Luciano Nascimento celebra san\u00e7\u00e3o do programa &quot;Tem Sa\u00edda&quot; que garante emprego para mulheres v\u00edtimas de viol\u00eancia em Natal - Blog do Bispo<\/title>\n<meta name=\"robots\" content=\"index, follow, max-snippet:-1, max-image-preview:large, max-video-preview:-1\" \/>\n<link rel=\"canonical\" href=\"https:\/\/blogdobispo.com.br\/?p=4939\" \/>\n<meta property=\"og:locale\" content=\"pt_BR\" \/>\n<meta property=\"og:type\" content=\"article\" \/>\n<meta property=\"og:title\" content=\"Vereador Luciano Nascimento celebra san\u00e7\u00e3o do programa &quot;Tem Sa\u00edda&quot; que garante emprego para mulheres v\u00edtimas de viol\u00eancia em Natal - Blog do Bispo\" \/>\n<meta property=\"og:description\" content=\"A cidade de Natal deu um importante passo no combate \u00e0 viol\u00eancia dom\u00e9stica com a san\u00e7\u00e3o da Lei n\u00ba 7.834\/2024, que cria o inovador Programa Municipal &#8220;Tem Sa\u00edda&#8221;. A iniciativa, proposta pelo vereador Luciano Nascimento (PSD), tem como objetivo principal garantir autonomia financeira para mulheres em situa\u00e7\u00e3o de viol\u00eancia atrav\u00e9s da inser\u00e7\u00e3o priorit\u00e1ria no mercado [&hellip;]\" \/>\n<meta property=\"og:url\" content=\"https:\/\/blogdobispo.com.br\/?p=4939\" \/>\n<meta property=\"og:site_name\" content=\"Blog do Bispo\" \/>\n<meta property=\"article:published_time\" content=\"2025-04-03T15:58:33+00:00\" \/>\n<meta property=\"og:image\" content=\"https:\/\/blogdobispo.com.br\/wp-content\/uploads\/2025\/04\/c8e66a74-5bd5-4deb-a1b5-14ac58af6f6c-1-768x1024.jpg\" \/>\n<meta name=\"author\" content=\"Jefferson Sterfeno\" \/>\n<meta name=\"twitter:card\" content=\"summary_large_image\" \/>\n<meta name=\"twitter:label1\" content=\"Escrito por\" \/>\n\t<meta name=\"twitter:data1\" content=\"Jefferson Sterfeno\" \/>\n\t<meta name=\"twitter:label2\" content=\"Est. tempo de leitura\" \/>\n\t<meta name=\"twitter:data2\" content=\"2 minutos\" \/>\n<script type=\"application\/ld+json\" class=\"yoast-schema-graph\">{\"@context\":\"https:\/\/schema.org\",\"@graph\":[{\"@type\":\"Article\",\"@id\":\"https:\/\/blogdobispo.com.br\/?p=4939#article\",\"isPartOf\":{\"@id\":\"https:\/\/blogdobispo.com.br\/?p=4939\"},\"author\":{\"name\":\"Jefferson Sterfeno\",\"@id\":\"https:\/\/blogdobispo.com.br\/#\/schema\/person\/e2209cc0e6cea5c5233d033e997b373f\"},\"headline\":\"Vereador Luciano Nascimento celebra san\u00e7\u00e3o do programa &#8220;Tem Sa\u00edda&#8221; que garante emprego para mulheres v\u00edtimas de viol\u00eancia em Natal\",\"datePublished\":\"2025-04-03T15:58:33+00:00\",\"mainEntityOfPage\":{\"@id\":\"https:\/\/blogdobispo.com.br\/?p=4939\"},\"wordCount\":334,\"commentCount\":0,\"publisher\":{\"@id\":\"https:\/\/blogdobispo.com.br\/#organization\"},\"image\":{\"@id\":\"https:\/\/blogdobispo.com.br\/?p=4939#primaryimage\"},\"thumbnailUrl\":\"https:\/\/blogdobispo.com.br\/wp-content\/uploads\/2025\/04\/c8e66a74-5bd5-4deb-a1b5-14ac58af6f6c-1-768x1024.jpg\",\"articleSection\":[\"diversos\"],\"inLanguage\":\"pt-BR\",\"potentialAction\":[{\"@type\":\"CommentAction\",\"name\":\"Comment\",\"target\":[\"https:\/\/blogdobispo.com.br\/?p=4939#respond\"]}]},{\"@type\":\"WebPage\",\"@id\":\"https:\/\/blogdobispo.com.br\/?p=4939\",\"url\":\"https:\/\/blogdobispo.com.br\/?p=4939\",\"name\":\"Vereador Luciano Nascimento celebra san\u00e7\u00e3o do programa \\\"Tem Sa\u00edda\\\" que garante emprego para mulheres v\u00edtimas de viol\u00eancia em Natal - Blog do Bispo\",\"isPartOf\":{\"@id\":\"https:\/\/blogdobispo.com.br\/#website\"},\"primaryImageOfPage\":{\"@id\":\"https:\/\/blogdobispo.com.br\/?p=4939#primaryimage\"},\"image\":{\"@id\":\"https:\/\/blogdobispo.com.br\/?p=4939#primaryimage\"},\"thumbnailUrl\":\"https:\/\/blogdobispo.com.br\/wp-content\/uploads\/2025\/04\/c8e66a74-5bd5-4deb-a1b5-14ac58af6f6c-1-768x1024.jpg\",\"datePublished\":\"2025-04-03T15:58:33+00:00\",\"breadcrumb\":{\"@id\":\"https:\/\/blogdobispo.com.br\/?p=4939#breadcrumb\"},\"inLanguage\":\"pt-BR\",\"potentialAction\":[{\"@type\":\"ReadAction\",\"target\":[\"https:\/\/blogdobispo.com.br\/?p=4939\"]}]},{\"@type\":\"ImageObject\",\"inLanguage\":\"pt-BR\",\"@id\":\"https:\/\/blogdobispo.com.br\/?p=4939#primaryimage\",\"url\":\"https:\/\/blogdobispo.com.br\/wp-content\/uploads\/2025\/04\/c8e66a74-5bd5-4deb-a1b5-14ac58af6f6c-1-768x1024.jpg\",\"contentUrl\":\"https:\/\/blogdobispo.com.br\/wp-content\/uploads\/2025\/04\/c8e66a74-5bd5-4deb-a1b5-14ac58af6f6c-1-768x1024.jpg\"},{\"@type\":\"BreadcrumbList\",\"@id\":\"https:\/\/blogdobispo.com.br\/?p=4939#breadcrumb\",\"itemListElement\":[{\"@type\":\"ListItem\",\"position\":1,\"name\":\"In\u00edcio\",\"item\":\"https:\/\/blogdobispo.com.br\/\"},{\"@type\":\"ListItem\",\"position\":2,\"name\":\"Vereador Luciano Nascimento celebra san\u00e7\u00e3o do programa &#8220;Tem Sa\u00edda&#8221; que garante emprego para mulheres v\u00edtimas de viol\u00eancia em Natal\"}]},{\"@type\":\"WebSite\",\"@id\":\"https:\/\/blogdobispo.com.br\/#website\",\"url\":\"https:\/\/blogdobispo.com.br\/\",\"name\":\"Blog do Bispo\",\"description\":\"Comprometido apenas com o leitor\",\"publisher\":{\"@id\":\"https:\/\/blogdobispo.com.br\/#organization\"},\"potentialAction\":[{\"@type\":\"SearchAction\",\"target\":{\"@type\":\"EntryPoint\",\"urlTemplate\":\"https:\/\/blogdobispo.com.br\/?s={search_term_string}\"},\"query-input\":{\"@type\":\"PropertyValueSpecification\",\"valueRequired\":true,\"valueName\":\"search_term_string\"}}],\"inLanguage\":\"pt-BR\"},{\"@type\":\"Organization\",\"@id\":\"https:\/\/blogdobispo.com.br\/#organization\",\"name\":\"Blog do Bispo\",\"url\":\"https:\/\/blogdobispo.com.br\/\",\"logo\":{\"@type\":\"ImageObject\",\"inLanguage\":\"pt-BR\",\"@id\":\"https:\/\/blogdobispo.com.br\/#\/schema\/logo\/image\/\",\"url\":\"http:\/\/blogdobispo.com.br\/wp-content\/uploads\/2023\/05\/cropped-headear.png\",\"contentUrl\":\"http:\/\/blogdobispo.com.br\/wp-content\/uploads\/2023\/05\/cropped-headear.png\",\"width\":1500,\"height\":399,\"caption\":\"Blog do Bispo\"},\"image\":{\"@id\":\"https:\/\/blogdobispo.com.br\/#\/schema\/logo\/image\/\"}},{\"@type\":\"Person\",\"@id\":\"https:\/\/blogdobispo.com.br\/#\/schema\/person\/e2209cc0e6cea5c5233d033e997b373f\",\"name\":\"Jefferson Sterfeno\",\"image\":{\"@type\":\"ImageObject\",\"inLanguage\":\"pt-BR\",\"@id\":\"https:\/\/blogdobispo.com.br\/#\/schema\/person\/image\/\",\"url\":\"https:\/\/secure.gravatar.com\/avatar\/0534e84764641168a677026b6d57a3f51dc7ac4db0b4f6186d9cb330d4ee1160?s=96&d=mm&r=g\",\"contentUrl\":\"https:\/\/secure.gravatar.com\/avatar\/0534e84764641168a677026b6d57a3f51dc7ac4db0b4f6186d9cb330d4ee1160?s=96&d=mm&r=g\",\"caption\":\"Jefferson Sterfeno\"},\"sameAs\":[\"http:\/\/blogdobispo.com.br\"],\"url\":\"https:\/\/blogdobispo.com.br\/?author=1\"}]}<\/script>\n<!-- \/ Yoast SEO plugin. -->","yoast_head_json":{"title":"Vereador Luciano Nascimento celebra san\u00e7\u00e3o do programa \"Tem Sa\u00edda\" que garante emprego para mulheres v\u00edtimas de viol\u00eancia em Natal - Blog do Bispo","robots":{"index":"index","follow":"follow","max-snippet":"max-snippet:-1","max-image-preview":"max-image-preview:large","max-video-preview":"max-video-preview:-1"},"canonical":"https:\/\/blogdobispo.com.br\/?p=4939","og_locale":"pt_BR","og_type":"article","og_title":"Vereador Luciano Nascimento celebra san\u00e7\u00e3o do programa \"Tem Sa\u00edda\" que garante emprego para mulheres v\u00edtimas de viol\u00eancia em Natal - Blog do Bispo","og_description":"A cidade de Natal deu um importante passo no combate \u00e0 viol\u00eancia dom\u00e9stica com a san\u00e7\u00e3o da Lei n\u00ba 7.834\/2024, que cria o inovador Programa Municipal &#8220;Tem Sa\u00edda&#8221;. A iniciativa, proposta pelo vereador Luciano Nascimento (PSD), tem como objetivo principal garantir autonomia financeira para mulheres em situa\u00e7\u00e3o de viol\u00eancia atrav\u00e9s da inser\u00e7\u00e3o priorit\u00e1ria no mercado [&hellip;]","og_url":"https:\/\/blogdobispo.com.br\/?p=4939","og_site_name":"Blog do Bispo","article_published_time":"2025-04-03T15:58:33+00:00","og_image":[{"url":"https:\/\/blogdobispo.com.br\/wp-content\/uploads\/2025\/04\/c8e66a74-5bd5-4deb-a1b5-14ac58af6f6c-1-768x1024.jpg","type":"","width":"","height":""}],"author":"Jefferson Sterfeno","twitter_card":"summary_large_image","twitter_misc":{"Escrito por":"Jefferson Sterfeno","Est. tempo de leitura":"2 minutos"},"schema":{"@context":"https:\/\/schema.org","@graph":[{"@type":"Article","@id":"https:\/\/blogdobispo.com.br\/?p=4939#article","isPartOf":{"@id":"https:\/\/blogdobispo.com.br\/?p=4939"},"author":{"name":"Jefferson Sterfeno","@id":"https:\/\/blogdobispo.com.br\/#\/schema\/person\/e2209cc0e6cea5c5233d033e997b373f"},"headline":"Vereador Luciano Nascimento celebra san\u00e7\u00e3o do programa &#8220;Tem Sa\u00edda&#8221; que garante emprego para mulheres v\u00edtimas de viol\u00eancia em Natal","datePublished":"2025-04-03T15:58:33+00:00","mainEntityOfPage":{"@id":"https:\/\/blogdobispo.com.br\/?p=4939"},"wordCount":334,"commentCount":0,"publisher":{"@id":"https:\/\/blogdobispo.com.br\/#organization"},"image":{"@id":"https:\/\/blogdobispo.com.br\/?p=4939#primaryimage"},"thumbnailUrl":"https:\/\/blogdobispo.com.br\/wp-content\/uploads\/2025\/04\/c8e66a74-5bd5-4deb-a1b5-14ac58af6f6c-1-768x1024.jpg","articleSection":["diversos"],"inLanguage":"pt-BR","potentialAction":[{"@type":"CommentAction","name":"Comment","target":["https:\/\/blogdobispo.com.br\/?p=4939#respond"]}]},{"@type":"WebPage","@id":"https:\/\/blogdobispo.com.br\/?p=4939","url":"https:\/\/blogdobispo.com.br\/?p=4939","name":"Vereador Luciano Nascimento celebra san\u00e7\u00e3o do programa \"Tem Sa\u00edda\" que garante emprego para mulheres v\u00edtimas de viol\u00eancia em Natal - Blog do Bispo","isPartOf":{"@id":"https:\/\/blogdobispo.com.br\/#website"},"primaryImageOfPage":{"@id":"https:\/\/blogdobispo.com.br\/?p=4939#primaryimage"},"image":{"@id":"https:\/\/blogdobispo.com.br\/?p=4939#primaryimage"},"thumbnailUrl":"https:\/\/blogdobispo.com.br\/wp-content\/uploads\/2025\/04\/c8e66a74-5bd5-4deb-a1b5-14ac58af6f6c-1-768x1024.jpg","datePublished":"2025-04-03T15:58:33+00:00","breadcrumb":{"@id":"https:\/\/blogdobispo.com.br\/?p=4939#breadcrumb"},"inLanguage":"pt-BR","potentialAction":[{"@type":"ReadAction","target":["https:\/\/blogdobispo.com.br\/?p=4939"]}]},{"@type":"ImageObject","inLanguage":"pt-BR","@id":"https:\/\/blogdobispo.com.br\/?p=4939#primaryimage","url":"https:\/\/blogdobispo.com.br\/wp-content\/uploads\/2025\/04\/c8e66a74-5bd5-4deb-a1b5-14ac58af6f6c-1-768x1024.jpg","contentUrl":"https:\/\/blogdobispo.com.br\/wp-content\/uploads\/2025\/04\/c8e66a74-5bd5-4deb-a1b5-14ac58af6f6c-1-768x1024.jpg"},{"@type":"BreadcrumbList","@id":"https:\/\/blogdobispo.com.br\/?p=4939#breadcrumb","itemListElement":[{"@type":"ListItem","position":1,"name":"In\u00edcio","item":"https:\/\/blogdobispo.com.br\/"},{"@type":"ListItem","position":2,"name":"Vereador Luciano Nascimento celebra san\u00e7\u00e3o do programa &#8220;Tem Sa\u00edda&#8221; que garante emprego para mulheres v\u00edtimas de viol\u00eancia em Natal"}]},{"@type":"WebSite","@id":"https:\/\/blogdobispo.com.br\/#website","url":"https:\/\/blogdobispo.com.br\/","name":"Blog do Bispo","description":"Comprometido apenas com o leitor","publisher":{"@id":"https:\/\/blogdobispo.com.br\/#organization"},"potentialAction":[{"@type":"SearchAction","target":{"@type":"EntryPoint","urlTemplate":"https:\/\/blogdobispo.com.br\/?s={search_term_string}"},"query-input":{"@type":"PropertyValueSpecification","valueRequired":true,"valueName":"search_term_string"}}],"inLanguage":"pt-BR"},{"@type":"Organization","@id":"https:\/\/blogdobispo.com.br\/#organization","name":"Blog do Bispo","url":"https:\/\/blogdobispo.com.br\/","logo":{"@type":"ImageObject","inLanguage":"pt-BR","@id":"https:\/\/blogdobispo.com.br\/#\/schema\/logo\/image\/","url":"http:\/\/blogdobispo.com.br\/wp-content\/uploads\/2023\/05\/cropped-headear.png","contentUrl":"http:\/\/blogdobispo.com.br\/wp-content\/uploads\/2023\/05\/cropped-headear.png","width":1500,"height":399,"caption":"Blog do Bispo"},"image":{"@id":"https:\/\/blogdobispo.com.br\/#\/schema\/logo\/image\/"}},{"@type":"Person","@id":"https:\/\/blogdobispo.com.br\/#\/schema\/person\/e2209cc0e6cea5c5233d033e997b373f","name":"Jefferson Sterfeno","image":{"@type":"ImageObject","inLanguage":"pt-BR","@id":"https:\/\/blogdobispo.com.br\/#\/schema\/person\/image\/","url":"https:\/\/secure.gravatar.com\/avatar\/0534e84764641168a677026b6d57a3f51dc7ac4db0b4f6186d9cb330d4ee1160?s=96&d=mm&r=g","contentUrl":"https:\/\/secure.gravatar.com\/avatar\/0534e84764641168a677026b6d57a3f51dc7ac4db0b4f6186d9cb330d4ee1160?s=96&d=mm&r=g","caption":"Jefferson Sterfeno"},"sameAs":["http:\/\/blogdobispo.com.br"],"url":"https:\/\/blogdobispo.com.br\/?author=1"}]}},"featured_image_urls":{"full":"","thumbnail":"","medium":"","medium_large":"","large":"","1536x1536":"","2048x2048":""},"author_info":{"display_name":"Jefferson Sterfeno","author_link":"https:\/\/blogdobispo.com.br\/?author=1"},"category_info":"<a href=\"https:\/\/blogdobispo.com.br\/?cat=1\" rel=\"category\">diversos<\/a>","tag_info":"diversos","comment_count":"0","jetpack_featured_media_url":"","jetpack_sharing_enabled":true,"_links":{"self":[{"href":"https:\/\/blogdobispo.com.br\/index.php?rest_route=\/wp\/v2\/posts\/4939","targetHints":{"allow":["GET"]}}],"collection":[{"href":"https:\/\/blogdobispo.com.br\/index.php?rest_route=\/wp\/v2\/posts"}],"about":[{"href":"https:\/\/blogdobispo.com.br\/index.php?rest_route=\/wp\/v2\/types\/post"}],"author":[{"embeddable":true,"href":"https:\/\/blogdobispo.com.br\/index.php?rest_route=\/wp\/v2\/users\/1"}],"replies":[{"embeddable":true,"href":"https:\/\/blogdobispo.com.br\/index.php?rest_route=%2Fwp%2Fv2%2Fcomments&post=4939"}],"version-history":[{"count":0,"href":"https:\/\/blogdobispo.com.br\/index.php?rest_route=\/wp\/v2\/posts\/4939\/revisions"}],"wp:attachment":[{"href":"https:\/\/blogdobispo.com.br\/index.php?rest_route=%2Fwp%2Fv2%2Fmedia&parent=4939"}],"wp:term":[{"taxonomy":"category","embeddable":true,"href":"https:\/\/blogdobispo.com.br\/index.php?rest_route=%2Fwp%2Fv2%2Fcategories&post=4939"},{"taxonomy":"post_tag","embeddable":true,"href":"https:\/\/blogdobispo.com.br\/index.php?rest_route=%2Fwp%2Fv2%2Ftags&post=4939"}],"curies":[{"name":"wp","href":"https:\/\/api.w.org\/{rel}","templated":true}]}}