{"id":4925,"date":"2025-04-01T18:23:05","date_gmt":"2025-04-01T18:23:05","guid":{"rendered":"https:\/\/blogdobispo.com.br\/?p=4925"},"modified":"2025-04-01T18:23:05","modified_gmt":"2025-04-01T18:23:05","slug":"deputado-ubaldo-cobra-conclusao-de-adutora-para-beneficiar-sao-jose-do-serido","status":"publish","type":"post","link":"https:\/\/blogdobispo.com.br\/?p=4925","title":{"rendered":"Deputado Ubaldo cobra conclus\u00e3o de adutora para beneficiar S\u00e3o Jos\u00e9 do Serid\u00f3"},"content":{"rendered":"\n<figure class=\"wp-block-image size-large\"><img data-recalc-dims=\"1\" fetchpriority=\"high\" decoding=\"async\" width=\"800\" height=\"600\" src=\"https:\/\/i0.wp.com\/blogdobispo.com.br\/wp-content\/uploads\/2025\/04\/d0989313-4d99-4bab-b49b-5a5776c3f378-1-1024x768.jpg?resize=800%2C600&#038;ssl=1\" class=\"wp-image-4924\" srcset=\"https:\/\/i0.wp.com\/blogdobispo.com.br\/wp-content\/uploads\/2025\/04\/d0989313-4d99-4bab-b49b-5a5776c3f378-1.jpg?resize=1024%2C768&amp;ssl=1 1024w, https:\/\/i0.wp.com\/blogdobispo.com.br\/wp-content\/uploads\/2025\/04\/d0989313-4d99-4bab-b49b-5a5776c3f378-1.jpg?resize=300%2C225&amp;ssl=1 300w, https:\/\/i0.wp.com\/blogdobispo.com.br\/wp-content\/uploads\/2025\/04\/d0989313-4d99-4bab-b49b-5a5776c3f378-1.jpg?resize=768%2C576&amp;ssl=1 768w, https:\/\/i0.wp.com\/blogdobispo.com.br\/wp-content\/uploads\/2025\/04\/d0989313-4d99-4bab-b49b-5a5776c3f378-1.jpg?resize=1536%2C1152&amp;ssl=1 1536w, https:\/\/i0.wp.com\/blogdobispo.com.br\/wp-content\/uploads\/2025\/04\/d0989313-4d99-4bab-b49b-5a5776c3f378-1.jpg?w=2000&amp;ssl=1 2000w, https:\/\/i0.wp.com\/blogdobispo.com.br\/wp-content\/uploads\/2025\/04\/d0989313-4d99-4bab-b49b-5a5776c3f378-1.jpg?w=1600 1600w\" sizes=\"(max-width: 800px) 100vw, 800px\" \/><\/figure>\n\n\n\n<p><\/p>\n\n\n\n<p>O deputado estadual Ubaldo Fernandes segue atuando em defesa do abastecimento de \u00e1gua para a popula\u00e7\u00e3o do interior do Rio Grande do Norte. Nesta segunda-feira (31), ele articulou uma reuni\u00e3o na Governadoria para tratar da conclus\u00e3o da adutora que parte da Barragem Passagem das Tra\u00edras e abastece o munic\u00edpio de S\u00e3o Jos\u00e9 do Serid\u00f3.<br>O encontro contou com a presen\u00e7a do prefeito de S\u00e3o Jos\u00e9 do Serid\u00f3, Jackson Dantas, do vereador Andr\u00e9 Victor, da superintendente da Funda\u00e7\u00e3o Nacional de Sa\u00fade (Funasa) no Rio Grande do Norte, Maria Elizabete Silva de Moura, e de representantes do Governo do Estado, incluindo o diretor-presidente da Caern, Roberto S\u00e9rgio Ribeiro Linhares. Durante a reuni\u00e3o, o parlamentar refor\u00e7ou a necessidade urgente da finaliza\u00e7\u00e3o da obra, que vai garantir o abastecimento adequado para os moradores da cidade.<br>&#8220;A falta de uma estrutura adequada compromete o fornecimento de \u00e1gua para muitas fam\u00edlias em S\u00e3o Jos\u00e9 do Serid\u00f3. Estamos cobrando do Governo do Estado e da Caern a conclus\u00e3o dessa adutora, pois \u00e1gua \u00e9 um bem essencial, e essa obra vai trazer mais dignidade e qualidade de vida para a popula\u00e7\u00e3o&#8221;, destacou Ubaldo Fernandes.<br>Como parte das a\u00e7\u00f5es, o deputado tamb\u00e9m encaminhou um requerimento \u00e0 governadora F\u00e1tima Bezerra e \u00e0 Caern solicitando os servi\u00e7os imediatos para a conclus\u00e3o da adutora. No documento, ele argumenta que a atual distribui\u00e7\u00e3o de \u00e1gua \u00e9 insuficiente para atender as demandas di\u00e1rias das fam\u00edlias do munic\u00edpio e que a obra \u00e9 fundamental para garantir o desenvolvimento local.<br>A expectativa \u00e9 que novas tratativas sejam realizadas nos pr\u00f3ximos dias para viabilizar o atendimento da demanda, garantindo a conclus\u00e3o da obra e o fornecimento adequado de \u00e1gua para S\u00e3o Jos\u00e9 do Serid\u00f3.<\/p>\n","protected":false},"excerpt":{"rendered":"<p>O deputado estadual Ubaldo Fernandes segue atuando em defesa do abastecimento de \u00e1gua para a popula\u00e7\u00e3o do interior do Rio Grande do Norte. Nesta segunda-feira (31), ele articulou uma reuni\u00e3o na Governadoria para tratar da conclus\u00e3o da adutora que parte da Barragem Passagem das Tra\u00edras e abastece o munic\u00edpio de S\u00e3o Jos\u00e9 do Serid\u00f3.O encontro [&hellip;]<\/p>\n","protected":false},"author":1,"featured_media":0,"comment_status":"open","ping_status":"open","sticky":false,"template":"","format":"standard","meta":{"cybocfi_hide_featured_image":"","_jetpack_memberships_contains_paid_content":false,"footnotes":""},"categories":[1],"tags":[],"class_list":["post-4925","post","type-post","status-publish","format-standard","hentry","category-diversos"],"yoast_head":"<!-- This site is optimized with the Yoast SEO plugin v25.6 - https:\/\/yoast.com\/wordpress\/plugins\/seo\/ -->\n<title>Deputado Ubaldo cobra conclus\u00e3o de adutora para beneficiar S\u00e3o Jos\u00e9 do Serid\u00f3 - Blog do Bispo<\/title>\n<meta name=\"robots\" content=\"index, follow, max-snippet:-1, max-image-preview:large, max-video-preview:-1\" \/>\n<link rel=\"canonical\" href=\"https:\/\/blogdobispo.com.br\/?p=4925\" \/>\n<meta property=\"og:locale\" content=\"pt_BR\" \/>\n<meta property=\"og:type\" content=\"article\" \/>\n<meta property=\"og:title\" content=\"Deputado Ubaldo cobra conclus\u00e3o de adutora para beneficiar S\u00e3o Jos\u00e9 do Serid\u00f3 - Blog do Bispo\" \/>\n<meta property=\"og:description\" content=\"O deputado estadual Ubaldo Fernandes segue atuando em defesa do abastecimento de \u00e1gua para a popula\u00e7\u00e3o do interior do Rio Grande do Norte. Nesta segunda-feira (31), ele articulou uma reuni\u00e3o na Governadoria para tratar da conclus\u00e3o da adutora que parte da Barragem Passagem das Tra\u00edras e abastece o munic\u00edpio de S\u00e3o Jos\u00e9 do Serid\u00f3.O encontro [&hellip;]\" \/>\n<meta property=\"og:url\" content=\"https:\/\/blogdobispo.com.br\/?p=4925\" \/>\n<meta property=\"og:site_name\" content=\"Blog do Bispo\" \/>\n<meta property=\"article:published_time\" content=\"2025-04-01T18:23:05+00:00\" \/>\n<meta property=\"og:image\" content=\"https:\/\/blogdobispo.com.br\/wp-content\/uploads\/2025\/04\/d0989313-4d99-4bab-b49b-5a5776c3f378-1-1024x768.jpg\" \/>\n<meta name=\"author\" content=\"Jefferson Sterfeno\" \/>\n<meta name=\"twitter:card\" content=\"summary_large_image\" \/>\n<meta name=\"twitter:label1\" content=\"Escrito por\" \/>\n\t<meta name=\"twitter:data1\" content=\"Jefferson Sterfeno\" \/>\n\t<meta name=\"twitter:label2\" content=\"Est. tempo de leitura\" \/>\n\t<meta name=\"twitter:data2\" content=\"2 minutos\" \/>\n<script type=\"application\/ld+json\" class=\"yoast-schema-graph\">{\"@context\":\"https:\/\/schema.org\",\"@graph\":[{\"@type\":\"Article\",\"@id\":\"https:\/\/blogdobispo.com.br\/?p=4925#article\",\"isPartOf\":{\"@id\":\"https:\/\/blogdobispo.com.br\/?p=4925\"},\"author\":{\"name\":\"Jefferson Sterfeno\",\"@id\":\"https:\/\/blogdobispo.com.br\/#\/schema\/person\/e2209cc0e6cea5c5233d033e997b373f\"},\"headline\":\"Deputado Ubaldo cobra conclus\u00e3o de adutora para beneficiar S\u00e3o Jos\u00e9 do Serid\u00f3\",\"datePublished\":\"2025-04-01T18:23:05+00:00\",\"mainEntityOfPage\":{\"@id\":\"https:\/\/blogdobispo.com.br\/?p=4925\"},\"wordCount\":314,\"commentCount\":0,\"publisher\":{\"@id\":\"https:\/\/blogdobispo.com.br\/#organization\"},\"image\":{\"@id\":\"https:\/\/blogdobispo.com.br\/?p=4925#primaryimage\"},\"thumbnailUrl\":\"https:\/\/blogdobispo.com.br\/wp-content\/uploads\/2025\/04\/d0989313-4d99-4bab-b49b-5a5776c3f378-1-1024x768.jpg\",\"articleSection\":[\"diversos\"],\"inLanguage\":\"pt-BR\",\"potentialAction\":[{\"@type\":\"CommentAction\",\"name\":\"Comment\",\"target\":[\"https:\/\/blogdobispo.com.br\/?p=4925#respond\"]}]},{\"@type\":\"WebPage\",\"@id\":\"https:\/\/blogdobispo.com.br\/?p=4925\",\"url\":\"https:\/\/blogdobispo.com.br\/?p=4925\",\"name\":\"Deputado Ubaldo cobra conclus\u00e3o de adutora para beneficiar S\u00e3o Jos\u00e9 do Serid\u00f3 - Blog do Bispo\",\"isPartOf\":{\"@id\":\"https:\/\/blogdobispo.com.br\/#website\"},\"primaryImageOfPage\":{\"@id\":\"https:\/\/blogdobispo.com.br\/?p=4925#primaryimage\"},\"image\":{\"@id\":\"https:\/\/blogdobispo.com.br\/?p=4925#primaryimage\"},\"thumbnailUrl\":\"https:\/\/blogdobispo.com.br\/wp-content\/uploads\/2025\/04\/d0989313-4d99-4bab-b49b-5a5776c3f378-1-1024x768.jpg\",\"datePublished\":\"2025-04-01T18:23:05+00:00\",\"breadcrumb\":{\"@id\":\"https:\/\/blogdobispo.com.br\/?p=4925#breadcrumb\"},\"inLanguage\":\"pt-BR\",\"potentialAction\":[{\"@type\":\"ReadAction\",\"target\":[\"https:\/\/blogdobispo.com.br\/?p=4925\"]}]},{\"@type\":\"ImageObject\",\"inLanguage\":\"pt-BR\",\"@id\":\"https:\/\/blogdobispo.com.br\/?p=4925#primaryimage\",\"url\":\"https:\/\/blogdobispo.com.br\/wp-content\/uploads\/2025\/04\/d0989313-4d99-4bab-b49b-5a5776c3f378-1-1024x768.jpg\",\"contentUrl\":\"https:\/\/blogdobispo.com.br\/wp-content\/uploads\/2025\/04\/d0989313-4d99-4bab-b49b-5a5776c3f378-1-1024x768.jpg\"},{\"@type\":\"BreadcrumbList\",\"@id\":\"https:\/\/blogdobispo.com.br\/?p=4925#breadcrumb\",\"itemListElement\":[{\"@type\":\"ListItem\",\"position\":1,\"name\":\"In\u00edcio\",\"item\":\"https:\/\/blogdobispo.com.br\/\"},{\"@type\":\"ListItem\",\"position\":2,\"name\":\"Deputado Ubaldo cobra conclus\u00e3o de adutora para beneficiar S\u00e3o Jos\u00e9 do Serid\u00f3\"}]},{\"@type\":\"WebSite\",\"@id\":\"https:\/\/blogdobispo.com.br\/#website\",\"url\":\"https:\/\/blogdobispo.com.br\/\",\"name\":\"Blog do Bispo\",\"description\":\"Comprometido apenas com o leitor\",\"publisher\":{\"@id\":\"https:\/\/blogdobispo.com.br\/#organization\"},\"potentialAction\":[{\"@type\":\"SearchAction\",\"target\":{\"@type\":\"EntryPoint\",\"urlTemplate\":\"https:\/\/blogdobispo.com.br\/?s={search_term_string}\"},\"query-input\":{\"@type\":\"PropertyValueSpecification\",\"valueRequired\":true,\"valueName\":\"search_term_string\"}}],\"inLanguage\":\"pt-BR\"},{\"@type\":\"Organization\",\"@id\":\"https:\/\/blogdobispo.com.br\/#organization\",\"name\":\"Blog do Bispo\",\"url\":\"https:\/\/blogdobispo.com.br\/\",\"logo\":{\"@type\":\"ImageObject\",\"inLanguage\":\"pt-BR\",\"@id\":\"https:\/\/blogdobispo.com.br\/#\/schema\/logo\/image\/\",\"url\":\"http:\/\/blogdobispo.com.br\/wp-content\/uploads\/2023\/05\/cropped-headear.png\",\"contentUrl\":\"http:\/\/blogdobispo.com.br\/wp-content\/uploads\/2023\/05\/cropped-headear.png\",\"width\":1500,\"height\":399,\"caption\":\"Blog do Bispo\"},\"image\":{\"@id\":\"https:\/\/blogdobispo.com.br\/#\/schema\/logo\/image\/\"}},{\"@type\":\"Person\",\"@id\":\"https:\/\/blogdobispo.com.br\/#\/schema\/person\/e2209cc0e6cea5c5233d033e997b373f\",\"name\":\"Jefferson Sterfeno\",\"image\":{\"@type\":\"ImageObject\",\"inLanguage\":\"pt-BR\",\"@id\":\"https:\/\/blogdobispo.com.br\/#\/schema\/person\/image\/\",\"url\":\"https:\/\/secure.gravatar.com\/avatar\/0534e84764641168a677026b6d57a3f51dc7ac4db0b4f6186d9cb330d4ee1160?s=96&d=mm&r=g\",\"contentUrl\":\"https:\/\/secure.gravatar.com\/avatar\/0534e84764641168a677026b6d57a3f51dc7ac4db0b4f6186d9cb330d4ee1160?s=96&d=mm&r=g\",\"caption\":\"Jefferson Sterfeno\"},\"sameAs\":[\"http:\/\/blogdobispo.com.br\"],\"url\":\"https:\/\/blogdobispo.com.br\/?author=1\"}]}<\/script>\n<!-- \/ Yoast SEO plugin. -->","yoast_head_json":{"title":"Deputado Ubaldo cobra conclus\u00e3o de adutora para beneficiar S\u00e3o Jos\u00e9 do Serid\u00f3 - Blog do Bispo","robots":{"index":"index","follow":"follow","max-snippet":"max-snippet:-1","max-image-preview":"max-image-preview:large","max-video-preview":"max-video-preview:-1"},"canonical":"https:\/\/blogdobispo.com.br\/?p=4925","og_locale":"pt_BR","og_type":"article","og_title":"Deputado Ubaldo cobra conclus\u00e3o de adutora para beneficiar S\u00e3o Jos\u00e9 do Serid\u00f3 - Blog do Bispo","og_description":"O deputado estadual Ubaldo Fernandes segue atuando em defesa do abastecimento de \u00e1gua para a popula\u00e7\u00e3o do interior do Rio Grande do Norte. Nesta segunda-feira (31), ele articulou uma reuni\u00e3o na Governadoria para tratar da conclus\u00e3o da adutora que parte da Barragem Passagem das Tra\u00edras e abastece o munic\u00edpio de S\u00e3o Jos\u00e9 do Serid\u00f3.O encontro [&hellip;]","og_url":"https:\/\/blogdobispo.com.br\/?p=4925","og_site_name":"Blog do Bispo","article_published_time":"2025-04-01T18:23:05+00:00","og_image":[{"url":"https:\/\/blogdobispo.com.br\/wp-content\/uploads\/2025\/04\/d0989313-4d99-4bab-b49b-5a5776c3f378-1-1024x768.jpg","type":"","width":"","height":""}],"author":"Jefferson Sterfeno","twitter_card":"summary_large_image","twitter_misc":{"Escrito por":"Jefferson Sterfeno","Est. tempo de leitura":"2 minutos"},"schema":{"@context":"https:\/\/schema.org","@graph":[{"@type":"Article","@id":"https:\/\/blogdobispo.com.br\/?p=4925#article","isPartOf":{"@id":"https:\/\/blogdobispo.com.br\/?p=4925"},"author":{"name":"Jefferson Sterfeno","@id":"https:\/\/blogdobispo.com.br\/#\/schema\/person\/e2209cc0e6cea5c5233d033e997b373f"},"headline":"Deputado Ubaldo cobra conclus\u00e3o de adutora para beneficiar S\u00e3o Jos\u00e9 do Serid\u00f3","datePublished":"2025-04-01T18:23:05+00:00","mainEntityOfPage":{"@id":"https:\/\/blogdobispo.com.br\/?p=4925"},"wordCount":314,"commentCount":0,"publisher":{"@id":"https:\/\/blogdobispo.com.br\/#organization"},"image":{"@id":"https:\/\/blogdobispo.com.br\/?p=4925#primaryimage"},"thumbnailUrl":"https:\/\/blogdobispo.com.br\/wp-content\/uploads\/2025\/04\/d0989313-4d99-4bab-b49b-5a5776c3f378-1-1024x768.jpg","articleSection":["diversos"],"inLanguage":"pt-BR","potentialAction":[{"@type":"CommentAction","name":"Comment","target":["https:\/\/blogdobispo.com.br\/?p=4925#respond"]}]},{"@type":"WebPage","@id":"https:\/\/blogdobispo.com.br\/?p=4925","url":"https:\/\/blogdobispo.com.br\/?p=4925","name":"Deputado Ubaldo cobra conclus\u00e3o de adutora para beneficiar S\u00e3o Jos\u00e9 do Serid\u00f3 - Blog do Bispo","isPartOf":{"@id":"https:\/\/blogdobispo.com.br\/#website"},"primaryImageOfPage":{"@id":"https:\/\/blogdobispo.com.br\/?p=4925#primaryimage"},"image":{"@id":"https:\/\/blogdobispo.com.br\/?p=4925#primaryimage"},"thumbnailUrl":"https:\/\/blogdobispo.com.br\/wp-content\/uploads\/2025\/04\/d0989313-4d99-4bab-b49b-5a5776c3f378-1-1024x768.jpg","datePublished":"2025-04-01T18:23:05+00:00","breadcrumb":{"@id":"https:\/\/blogdobispo.com.br\/?p=4925#breadcrumb"},"inLanguage":"pt-BR","potentialAction":[{"@type":"ReadAction","target":["https:\/\/blogdobispo.com.br\/?p=4925"]}]},{"@type":"ImageObject","inLanguage":"pt-BR","@id":"https:\/\/blogdobispo.com.br\/?p=4925#primaryimage","url":"https:\/\/blogdobispo.com.br\/wp-content\/uploads\/2025\/04\/d0989313-4d99-4bab-b49b-5a5776c3f378-1-1024x768.jpg","contentUrl":"https:\/\/blogdobispo.com.br\/wp-content\/uploads\/2025\/04\/d0989313-4d99-4bab-b49b-5a5776c3f378-1-1024x768.jpg"},{"@type":"BreadcrumbList","@id":"https:\/\/blogdobispo.com.br\/?p=4925#breadcrumb","itemListElement":[{"@type":"ListItem","position":1,"name":"In\u00edcio","item":"https:\/\/blogdobispo.com.br\/"},{"@type":"ListItem","position":2,"name":"Deputado Ubaldo cobra conclus\u00e3o de adutora para beneficiar S\u00e3o Jos\u00e9 do Serid\u00f3"}]},{"@type":"WebSite","@id":"https:\/\/blogdobispo.com.br\/#website","url":"https:\/\/blogdobispo.com.br\/","name":"Blog do Bispo","description":"Comprometido apenas com o leitor","publisher":{"@id":"https:\/\/blogdobispo.com.br\/#organization"},"potentialAction":[{"@type":"SearchAction","target":{"@type":"EntryPoint","urlTemplate":"https:\/\/blogdobispo.com.br\/?s={search_term_string}"},"query-input":{"@type":"PropertyValueSpecification","valueRequired":true,"valueName":"search_term_string"}}],"inLanguage":"pt-BR"},{"@type":"Organization","@id":"https:\/\/blogdobispo.com.br\/#organization","name":"Blog do Bispo","url":"https:\/\/blogdobispo.com.br\/","logo":{"@type":"ImageObject","inLanguage":"pt-BR","@id":"https:\/\/blogdobispo.com.br\/#\/schema\/logo\/image\/","url":"http:\/\/blogdobispo.com.br\/wp-content\/uploads\/2023\/05\/cropped-headear.png","contentUrl":"http:\/\/blogdobispo.com.br\/wp-content\/uploads\/2023\/05\/cropped-headear.png","width":1500,"height":399,"caption":"Blog do Bispo"},"image":{"@id":"https:\/\/blogdobispo.com.br\/#\/schema\/logo\/image\/"}},{"@type":"Person","@id":"https:\/\/blogdobispo.com.br\/#\/schema\/person\/e2209cc0e6cea5c5233d033e997b373f","name":"Jefferson Sterfeno","image":{"@type":"ImageObject","inLanguage":"pt-BR","@id":"https:\/\/blogdobispo.com.br\/#\/schema\/person\/image\/","url":"https:\/\/secure.gravatar.com\/avatar\/0534e84764641168a677026b6d57a3f51dc7ac4db0b4f6186d9cb330d4ee1160?s=96&d=mm&r=g","contentUrl":"https:\/\/secure.gravatar.com\/avatar\/0534e84764641168a677026b6d57a3f51dc7ac4db0b4f6186d9cb330d4ee1160?s=96&d=mm&r=g","caption":"Jefferson Sterfeno"},"sameAs":["http:\/\/blogdobispo.com.br"],"url":"https:\/\/blogdobispo.com.br\/?author=1"}]}},"featured_image_urls":{"full":"","thumbnail":"","medium":"","medium_large":"","large":"","1536x1536":"","2048x2048":""},"author_info":{"display_name":"Jefferson Sterfeno","author_link":"https:\/\/blogdobispo.com.br\/?author=1"},"category_info":"<a href=\"https:\/\/blogdobispo.com.br\/?cat=1\" rel=\"category\">diversos<\/a>","tag_info":"diversos","comment_count":"0","jetpack_featured_media_url":"","jetpack_sharing_enabled":true,"_links":{"self":[{"href":"https:\/\/blogdobispo.com.br\/index.php?rest_route=\/wp\/v2\/posts\/4925","targetHints":{"allow":["GET"]}}],"collection":[{"href":"https:\/\/blogdobispo.com.br\/index.php?rest_route=\/wp\/v2\/posts"}],"about":[{"href":"https:\/\/blogdobispo.com.br\/index.php?rest_route=\/wp\/v2\/types\/post"}],"author":[{"embeddable":true,"href":"https:\/\/blogdobispo.com.br\/index.php?rest_route=\/wp\/v2\/users\/1"}],"replies":[{"embeddable":true,"href":"https:\/\/blogdobispo.com.br\/index.php?rest_route=%2Fwp%2Fv2%2Fcomments&post=4925"}],"version-history":[{"count":0,"href":"https:\/\/blogdobispo.com.br\/index.php?rest_route=\/wp\/v2\/posts\/4925\/revisions"}],"wp:attachment":[{"href":"https:\/\/blogdobispo.com.br\/index.php?rest_route=%2Fwp%2Fv2%2Fmedia&parent=4925"}],"wp:term":[{"taxonomy":"category","embeddable":true,"href":"https:\/\/blogdobispo.com.br\/index.php?rest_route=%2Fwp%2Fv2%2Fcategories&post=4925"},{"taxonomy":"post_tag","embeddable":true,"href":"https:\/\/blogdobispo.com.br\/index.php?rest_route=%2Fwp%2Fv2%2Ftags&post=4925"}],"curies":[{"name":"wp","href":"https:\/\/api.w.org\/{rel}","templated":true}]}}