{"id":4921,"date":"2025-03-31T23:06:24","date_gmt":"2025-03-31T23:06:24","guid":{"rendered":"https:\/\/blogdobispo.com.br\/?p=4921"},"modified":"2025-03-31T23:06:24","modified_gmt":"2025-03-31T23:06:24","slug":"o-vereador-namorador","status":"publish","type":"post","link":"https:\/\/blogdobispo.com.br\/?p=4921","title":{"rendered":"O vereador namorador"},"content":{"rendered":"\n<figure class=\"wp-block-image size-large\"><img data-recalc-dims=\"1\" fetchpriority=\"high\" decoding=\"async\" width=\"663\" height=\"462\" src=\"https:\/\/i0.wp.com\/blogdobispo.com.br\/wp-content\/uploads\/2025\/03\/img_3571-2-1.jpg?resize=663%2C462&#038;ssl=1\" class=\"wp-image-4920\" srcset=\"https:\/\/i0.wp.com\/blogdobispo.com.br\/wp-content\/uploads\/2025\/03\/img_3571-2-1.jpg?w=663&amp;ssl=1 663w, https:\/\/i0.wp.com\/blogdobispo.com.br\/wp-content\/uploads\/2025\/03\/img_3571-2-1.jpg?resize=300%2C209&amp;ssl=1 300w, https:\/\/i0.wp.com\/blogdobispo.com.br\/wp-content\/uploads\/2025\/03\/img_3571-2-1.jpg?resize=590%2C410&amp;ssl=1 590w\" sizes=\"(max-width: 663px) 100vw, 663px\" \/><\/figure>\n\n\n\n<p class=\"p1\">Numa cidadezinha do interior, onde todo mundo sabia da vida de todo mundo, havia um vereador muito respeitado na pol\u00edtica, mas que tamb\u00e9m carregava uma fama que circulava em sussurros pelos corredores da C\u00e2mara e nas mesas do bar da pra\u00e7a: ele n\u00e3o resistia a uma aventura extraconjugal.<\/p>\n\n\n\n<p class=\"p1\">Era um homem de l\u00e1bia afiada, sorriso f\u00e1cil e olhos sempre atentos \u00e0s belezas da cidade. O que come\u00e7ava como um elogio inocente logo virava um convite sutil, uma escapada discreta, um segredo bem guardado \u2013 ou pelo menos era o que ele pensava.<\/p>\n\n\n\n<p class=\"p1\">As escapadas eram planejadas com maestria. Um compromisso pol\u00edtico aqui, uma reuni\u00e3o ali, e ele sempre encontrava tempo para um encontro proibido nos mot\u00e9is discretos da estrada ou em casas emprestadas de amigos confi\u00e1veis. Uma de suas favoritas era a dona de uma boutique, mulher de pernas longas e olhos de promessa. Outra era uma rec\u00e9m-separada que adorava provocar com mensagens picantes durante as sess\u00f5es da C\u00e2mara.<\/p>\n\n\n\n<p class=\"p1\">Mas como toda hist\u00f3ria desse tipo, a sorte dele n\u00e3o duraria para sempre.<\/p>\n\n\n\n<p class=\"p1\">Numa noite abafada, ele marcou um encontro com a dona da boutique na pousada de um distrito vizinho. O plano parecia perfeito, at\u00e9 que, ao sair do quarto com ela, deu de cara com um de seus rivais pol\u00edticos \u2013 que, por acaso, tamb\u00e9m estava acompanhado de algu\u00e9m que n\u00e3o era sua esposa. O sil\u00eancio constrangedor durou alguns segundos at\u00e9 que o outro sorriu e disse:<\/p>\n\n\n\n<p class=\"p1\">\u2014 Parece que estamos quites, hein?<\/p>\n\n\n\n<p class=\"p1\">Os dois riram nervosos e seguiram seus caminhos, cada um guardando o segredo do outro. Mas na pol\u00edtica e no adult\u00e9rio, segredos nunca duram muito.<\/p>\n\n\n\n<p class=\"p1\">Algumas semanas depois, durante uma festa da cidade, a esposa do vereador apareceu deslumbrante, com um vestido que nunca usara antes, um perfume diferente e um brilho misterioso no olhar. Enquanto ele a observava com estranhamento, um homem se aproximou para cumpriment\u00e1-la com intimidade demais para seu gosto.<\/p>\n\n\n\n<p class=\"p1\">Ela sorriu e, sem pressa, virou-se para o marido:<\/p>\n\n\n\n<p class=\"p1\">\u2014 Agora estamos quites tamb\u00e9m, querido.<\/p>\n\n\n\n<p class=\"p1\">E ent\u00e3o seguiu para a pista de dan\u00e7a, deixando-o sozinho no meio da festa, engolindo a pr\u00f3pria esperteza.<\/p>\n","protected":false},"excerpt":{"rendered":"<p>Numa cidadezinha do interior, onde todo mundo sabia da vida de todo mundo, havia um vereador muito respeitado na pol\u00edtica, mas que tamb\u00e9m carregava uma fama que circulava em sussurros pelos corredores da C\u00e2mara e nas mesas do bar da pra\u00e7a: ele n\u00e3o resistia a uma aventura extraconjugal. Era um homem de l\u00e1bia afiada, sorriso [&hellip;]<\/p>\n","protected":false},"author":1,"featured_media":0,"comment_status":"open","ping_status":"open","sticky":false,"template":"","format":"standard","meta":{"cybocfi_hide_featured_image":"","_jetpack_memberships_contains_paid_content":false,"footnotes":""},"categories":[1],"tags":[],"class_list":["post-4921","post","type-post","status-publish","format-standard","hentry","category-diversos"],"yoast_head":"<!-- This site is optimized with the Yoast SEO plugin v25.6 - https:\/\/yoast.com\/wordpress\/plugins\/seo\/ -->\n<title>O vereador namorador - Blog do Bispo<\/title>\n<meta name=\"robots\" content=\"index, follow, max-snippet:-1, max-image-preview:large, max-video-preview:-1\" \/>\n<link rel=\"canonical\" href=\"https:\/\/blogdobispo.com.br\/?p=4921\" \/>\n<meta property=\"og:locale\" content=\"pt_BR\" \/>\n<meta property=\"og:type\" content=\"article\" \/>\n<meta property=\"og:title\" content=\"O vereador namorador - Blog do Bispo\" \/>\n<meta property=\"og:description\" content=\"Numa cidadezinha do interior, onde todo mundo sabia da vida de todo mundo, havia um vereador muito respeitado na pol\u00edtica, mas que tamb\u00e9m carregava uma fama que circulava em sussurros pelos corredores da C\u00e2mara e nas mesas do bar da pra\u00e7a: ele n\u00e3o resistia a uma aventura extraconjugal. Era um homem de l\u00e1bia afiada, sorriso [&hellip;]\" \/>\n<meta property=\"og:url\" content=\"https:\/\/blogdobispo.com.br\/?p=4921\" \/>\n<meta property=\"og:site_name\" content=\"Blog do Bispo\" \/>\n<meta property=\"article:published_time\" content=\"2025-03-31T23:06:24+00:00\" \/>\n<meta property=\"og:image\" content=\"https:\/\/blogdobispo.com.br\/wp-content\/uploads\/2025\/03\/img_3571-2-1.jpg\" \/>\n<meta name=\"author\" content=\"Jefferson Sterfeno\" \/>\n<meta name=\"twitter:card\" content=\"summary_large_image\" \/>\n<meta name=\"twitter:label1\" content=\"Escrito por\" \/>\n\t<meta name=\"twitter:data1\" content=\"Jefferson Sterfeno\" \/>\n\t<meta name=\"twitter:label2\" content=\"Est. tempo de leitura\" \/>\n\t<meta name=\"twitter:data2\" content=\"2 minutos\" \/>\n<script type=\"application\/ld+json\" class=\"yoast-schema-graph\">{\"@context\":\"https:\/\/schema.org\",\"@graph\":[{\"@type\":\"Article\",\"@id\":\"https:\/\/blogdobispo.com.br\/?p=4921#article\",\"isPartOf\":{\"@id\":\"https:\/\/blogdobispo.com.br\/?p=4921\"},\"author\":{\"name\":\"Jefferson Sterfeno\",\"@id\":\"https:\/\/blogdobispo.com.br\/#\/schema\/person\/e2209cc0e6cea5c5233d033e997b373f\"},\"headline\":\"O vereador namorador\",\"datePublished\":\"2025-03-31T23:06:24+00:00\",\"mainEntityOfPage\":{\"@id\":\"https:\/\/blogdobispo.com.br\/?p=4921\"},\"wordCount\":378,\"commentCount\":0,\"publisher\":{\"@id\":\"https:\/\/blogdobispo.com.br\/#organization\"},\"image\":{\"@id\":\"https:\/\/blogdobispo.com.br\/?p=4921#primaryimage\"},\"thumbnailUrl\":\"https:\/\/blogdobispo.com.br\/wp-content\/uploads\/2025\/03\/img_3571-2-1.jpg\",\"articleSection\":[\"diversos\"],\"inLanguage\":\"pt-BR\",\"potentialAction\":[{\"@type\":\"CommentAction\",\"name\":\"Comment\",\"target\":[\"https:\/\/blogdobispo.com.br\/?p=4921#respond\"]}]},{\"@type\":\"WebPage\",\"@id\":\"https:\/\/blogdobispo.com.br\/?p=4921\",\"url\":\"https:\/\/blogdobispo.com.br\/?p=4921\",\"name\":\"O vereador namorador - Blog do Bispo\",\"isPartOf\":{\"@id\":\"https:\/\/blogdobispo.com.br\/#website\"},\"primaryImageOfPage\":{\"@id\":\"https:\/\/blogdobispo.com.br\/?p=4921#primaryimage\"},\"image\":{\"@id\":\"https:\/\/blogdobispo.com.br\/?p=4921#primaryimage\"},\"thumbnailUrl\":\"https:\/\/blogdobispo.com.br\/wp-content\/uploads\/2025\/03\/img_3571-2-1.jpg\",\"datePublished\":\"2025-03-31T23:06:24+00:00\",\"breadcrumb\":{\"@id\":\"https:\/\/blogdobispo.com.br\/?p=4921#breadcrumb\"},\"inLanguage\":\"pt-BR\",\"potentialAction\":[{\"@type\":\"ReadAction\",\"target\":[\"https:\/\/blogdobispo.com.br\/?p=4921\"]}]},{\"@type\":\"ImageObject\",\"inLanguage\":\"pt-BR\",\"@id\":\"https:\/\/blogdobispo.com.br\/?p=4921#primaryimage\",\"url\":\"https:\/\/blogdobispo.com.br\/wp-content\/uploads\/2025\/03\/img_3571-2-1.jpg\",\"contentUrl\":\"https:\/\/blogdobispo.com.br\/wp-content\/uploads\/2025\/03\/img_3571-2-1.jpg\"},{\"@type\":\"BreadcrumbList\",\"@id\":\"https:\/\/blogdobispo.com.br\/?p=4921#breadcrumb\",\"itemListElement\":[{\"@type\":\"ListItem\",\"position\":1,\"name\":\"In\u00edcio\",\"item\":\"https:\/\/blogdobispo.com.br\/\"},{\"@type\":\"ListItem\",\"position\":2,\"name\":\"O vereador namorador\"}]},{\"@type\":\"WebSite\",\"@id\":\"https:\/\/blogdobispo.com.br\/#website\",\"url\":\"https:\/\/blogdobispo.com.br\/\",\"name\":\"Blog do Bispo\",\"description\":\"Comprometido apenas com o leitor\",\"publisher\":{\"@id\":\"https:\/\/blogdobispo.com.br\/#organization\"},\"potentialAction\":[{\"@type\":\"SearchAction\",\"target\":{\"@type\":\"EntryPoint\",\"urlTemplate\":\"https:\/\/blogdobispo.com.br\/?s={search_term_string}\"},\"query-input\":{\"@type\":\"PropertyValueSpecification\",\"valueRequired\":true,\"valueName\":\"search_term_string\"}}],\"inLanguage\":\"pt-BR\"},{\"@type\":\"Organization\",\"@id\":\"https:\/\/blogdobispo.com.br\/#organization\",\"name\":\"Blog do Bispo\",\"url\":\"https:\/\/blogdobispo.com.br\/\",\"logo\":{\"@type\":\"ImageObject\",\"inLanguage\":\"pt-BR\",\"@id\":\"https:\/\/blogdobispo.com.br\/#\/schema\/logo\/image\/\",\"url\":\"http:\/\/blogdobispo.com.br\/wp-content\/uploads\/2023\/05\/cropped-headear.png\",\"contentUrl\":\"http:\/\/blogdobispo.com.br\/wp-content\/uploads\/2023\/05\/cropped-headear.png\",\"width\":1500,\"height\":399,\"caption\":\"Blog do Bispo\"},\"image\":{\"@id\":\"https:\/\/blogdobispo.com.br\/#\/schema\/logo\/image\/\"}},{\"@type\":\"Person\",\"@id\":\"https:\/\/blogdobispo.com.br\/#\/schema\/person\/e2209cc0e6cea5c5233d033e997b373f\",\"name\":\"Jefferson Sterfeno\",\"image\":{\"@type\":\"ImageObject\",\"inLanguage\":\"pt-BR\",\"@id\":\"https:\/\/blogdobispo.com.br\/#\/schema\/person\/image\/\",\"url\":\"https:\/\/secure.gravatar.com\/avatar\/0534e84764641168a677026b6d57a3f51dc7ac4db0b4f6186d9cb330d4ee1160?s=96&d=mm&r=g\",\"contentUrl\":\"https:\/\/secure.gravatar.com\/avatar\/0534e84764641168a677026b6d57a3f51dc7ac4db0b4f6186d9cb330d4ee1160?s=96&d=mm&r=g\",\"caption\":\"Jefferson Sterfeno\"},\"sameAs\":[\"http:\/\/blogdobispo.com.br\"],\"url\":\"https:\/\/blogdobispo.com.br\/?author=1\"}]}<\/script>\n<!-- \/ Yoast SEO plugin. -->","yoast_head_json":{"title":"O vereador namorador - Blog do Bispo","robots":{"index":"index","follow":"follow","max-snippet":"max-snippet:-1","max-image-preview":"max-image-preview:large","max-video-preview":"max-video-preview:-1"},"canonical":"https:\/\/blogdobispo.com.br\/?p=4921","og_locale":"pt_BR","og_type":"article","og_title":"O vereador namorador - Blog do Bispo","og_description":"Numa cidadezinha do interior, onde todo mundo sabia da vida de todo mundo, havia um vereador muito respeitado na pol\u00edtica, mas que tamb\u00e9m carregava uma fama que circulava em sussurros pelos corredores da C\u00e2mara e nas mesas do bar da pra\u00e7a: ele n\u00e3o resistia a uma aventura extraconjugal. Era um homem de l\u00e1bia afiada, sorriso [&hellip;]","og_url":"https:\/\/blogdobispo.com.br\/?p=4921","og_site_name":"Blog do Bispo","article_published_time":"2025-03-31T23:06:24+00:00","og_image":[{"url":"https:\/\/blogdobispo.com.br\/wp-content\/uploads\/2025\/03\/img_3571-2-1.jpg","type":"","width":"","height":""}],"author":"Jefferson Sterfeno","twitter_card":"summary_large_image","twitter_misc":{"Escrito por":"Jefferson Sterfeno","Est. tempo de leitura":"2 minutos"},"schema":{"@context":"https:\/\/schema.org","@graph":[{"@type":"Article","@id":"https:\/\/blogdobispo.com.br\/?p=4921#article","isPartOf":{"@id":"https:\/\/blogdobispo.com.br\/?p=4921"},"author":{"name":"Jefferson Sterfeno","@id":"https:\/\/blogdobispo.com.br\/#\/schema\/person\/e2209cc0e6cea5c5233d033e997b373f"},"headline":"O vereador namorador","datePublished":"2025-03-31T23:06:24+00:00","mainEntityOfPage":{"@id":"https:\/\/blogdobispo.com.br\/?p=4921"},"wordCount":378,"commentCount":0,"publisher":{"@id":"https:\/\/blogdobispo.com.br\/#organization"},"image":{"@id":"https:\/\/blogdobispo.com.br\/?p=4921#primaryimage"},"thumbnailUrl":"https:\/\/blogdobispo.com.br\/wp-content\/uploads\/2025\/03\/img_3571-2-1.jpg","articleSection":["diversos"],"inLanguage":"pt-BR","potentialAction":[{"@type":"CommentAction","name":"Comment","target":["https:\/\/blogdobispo.com.br\/?p=4921#respond"]}]},{"@type":"WebPage","@id":"https:\/\/blogdobispo.com.br\/?p=4921","url":"https:\/\/blogdobispo.com.br\/?p=4921","name":"O vereador namorador - Blog do Bispo","isPartOf":{"@id":"https:\/\/blogdobispo.com.br\/#website"},"primaryImageOfPage":{"@id":"https:\/\/blogdobispo.com.br\/?p=4921#primaryimage"},"image":{"@id":"https:\/\/blogdobispo.com.br\/?p=4921#primaryimage"},"thumbnailUrl":"https:\/\/blogdobispo.com.br\/wp-content\/uploads\/2025\/03\/img_3571-2-1.jpg","datePublished":"2025-03-31T23:06:24+00:00","breadcrumb":{"@id":"https:\/\/blogdobispo.com.br\/?p=4921#breadcrumb"},"inLanguage":"pt-BR","potentialAction":[{"@type":"ReadAction","target":["https:\/\/blogdobispo.com.br\/?p=4921"]}]},{"@type":"ImageObject","inLanguage":"pt-BR","@id":"https:\/\/blogdobispo.com.br\/?p=4921#primaryimage","url":"https:\/\/blogdobispo.com.br\/wp-content\/uploads\/2025\/03\/img_3571-2-1.jpg","contentUrl":"https:\/\/blogdobispo.com.br\/wp-content\/uploads\/2025\/03\/img_3571-2-1.jpg"},{"@type":"BreadcrumbList","@id":"https:\/\/blogdobispo.com.br\/?p=4921#breadcrumb","itemListElement":[{"@type":"ListItem","position":1,"name":"In\u00edcio","item":"https:\/\/blogdobispo.com.br\/"},{"@type":"ListItem","position":2,"name":"O vereador namorador"}]},{"@type":"WebSite","@id":"https:\/\/blogdobispo.com.br\/#website","url":"https:\/\/blogdobispo.com.br\/","name":"Blog do Bispo","description":"Comprometido apenas com o leitor","publisher":{"@id":"https:\/\/blogdobispo.com.br\/#organization"},"potentialAction":[{"@type":"SearchAction","target":{"@type":"EntryPoint","urlTemplate":"https:\/\/blogdobispo.com.br\/?s={search_term_string}"},"query-input":{"@type":"PropertyValueSpecification","valueRequired":true,"valueName":"search_term_string"}}],"inLanguage":"pt-BR"},{"@type":"Organization","@id":"https:\/\/blogdobispo.com.br\/#organization","name":"Blog do Bispo","url":"https:\/\/blogdobispo.com.br\/","logo":{"@type":"ImageObject","inLanguage":"pt-BR","@id":"https:\/\/blogdobispo.com.br\/#\/schema\/logo\/image\/","url":"http:\/\/blogdobispo.com.br\/wp-content\/uploads\/2023\/05\/cropped-headear.png","contentUrl":"http:\/\/blogdobispo.com.br\/wp-content\/uploads\/2023\/05\/cropped-headear.png","width":1500,"height":399,"caption":"Blog do Bispo"},"image":{"@id":"https:\/\/blogdobispo.com.br\/#\/schema\/logo\/image\/"}},{"@type":"Person","@id":"https:\/\/blogdobispo.com.br\/#\/schema\/person\/e2209cc0e6cea5c5233d033e997b373f","name":"Jefferson Sterfeno","image":{"@type":"ImageObject","inLanguage":"pt-BR","@id":"https:\/\/blogdobispo.com.br\/#\/schema\/person\/image\/","url":"https:\/\/secure.gravatar.com\/avatar\/0534e84764641168a677026b6d57a3f51dc7ac4db0b4f6186d9cb330d4ee1160?s=96&d=mm&r=g","contentUrl":"https:\/\/secure.gravatar.com\/avatar\/0534e84764641168a677026b6d57a3f51dc7ac4db0b4f6186d9cb330d4ee1160?s=96&d=mm&r=g","caption":"Jefferson Sterfeno"},"sameAs":["http:\/\/blogdobispo.com.br"],"url":"https:\/\/blogdobispo.com.br\/?author=1"}]}},"featured_image_urls":{"full":"","thumbnail":"","medium":"","medium_large":"","large":"","1536x1536":"","2048x2048":""},"author_info":{"display_name":"Jefferson Sterfeno","author_link":"https:\/\/blogdobispo.com.br\/?author=1"},"category_info":"<a href=\"https:\/\/blogdobispo.com.br\/?cat=1\" rel=\"category\">diversos<\/a>","tag_info":"diversos","comment_count":"0","jetpack_featured_media_url":"","jetpack_sharing_enabled":true,"_links":{"self":[{"href":"https:\/\/blogdobispo.com.br\/index.php?rest_route=\/wp\/v2\/posts\/4921","targetHints":{"allow":["GET"]}}],"collection":[{"href":"https:\/\/blogdobispo.com.br\/index.php?rest_route=\/wp\/v2\/posts"}],"about":[{"href":"https:\/\/blogdobispo.com.br\/index.php?rest_route=\/wp\/v2\/types\/post"}],"author":[{"embeddable":true,"href":"https:\/\/blogdobispo.com.br\/index.php?rest_route=\/wp\/v2\/users\/1"}],"replies":[{"embeddable":true,"href":"https:\/\/blogdobispo.com.br\/index.php?rest_route=%2Fwp%2Fv2%2Fcomments&post=4921"}],"version-history":[{"count":0,"href":"https:\/\/blogdobispo.com.br\/index.php?rest_route=\/wp\/v2\/posts\/4921\/revisions"}],"wp:attachment":[{"href":"https:\/\/blogdobispo.com.br\/index.php?rest_route=%2Fwp%2Fv2%2Fmedia&parent=4921"}],"wp:term":[{"taxonomy":"category","embeddable":true,"href":"https:\/\/blogdobispo.com.br\/index.php?rest_route=%2Fwp%2Fv2%2Fcategories&post=4921"},{"taxonomy":"post_tag","embeddable":true,"href":"https:\/\/blogdobispo.com.br\/index.php?rest_route=%2Fwp%2Fv2%2Ftags&post=4921"}],"curies":[{"name":"wp","href":"https:\/\/api.w.org\/{rel}","templated":true}]}}