{"id":4906,"date":"2025-03-31T15:25:57","date_gmt":"2025-03-31T15:25:57","guid":{"rendered":"https:\/\/blogdobispo.com.br\/?p=4906"},"modified":"2025-03-31T15:25:57","modified_gmt":"2025-03-31T15:25:57","slug":"e-tao-lindo-ser-amigo-conscientizacao-e-inclusao-do-autismo-em-natal","status":"publish","type":"post","link":"https:\/\/blogdobispo.com.br\/?p=4906","title":{"rendered":"&#8220;\u00c9 T\u00e3o Lindo Ser Amigo&#8221;: Conscientiza\u00e7\u00e3o e Inclus\u00e3o do Autismo em Natal"},"content":{"rendered":"\n<figure class=\"wp-block-image size-large\"><img data-recalc-dims=\"1\" fetchpriority=\"high\" decoding=\"async\" width=\"800\" height=\"451\" src=\"https:\/\/i0.wp.com\/blogdobispo.com.br\/wp-content\/uploads\/2025\/03\/f74e32be-cdcd-47ae-9730-f5095c54df4f-1-1024x577.jpg?resize=800%2C451&#038;ssl=1\" class=\"wp-image-4905\" srcset=\"https:\/\/i0.wp.com\/blogdobispo.com.br\/wp-content\/uploads\/2025\/03\/f74e32be-cdcd-47ae-9730-f5095c54df4f-1.jpg?resize=1024%2C577&amp;ssl=1 1024w, https:\/\/i0.wp.com\/blogdobispo.com.br\/wp-content\/uploads\/2025\/03\/f74e32be-cdcd-47ae-9730-f5095c54df4f-1.jpg?resize=300%2C169&amp;ssl=1 300w, https:\/\/i0.wp.com\/blogdobispo.com.br\/wp-content\/uploads\/2025\/03\/f74e32be-cdcd-47ae-9730-f5095c54df4f-1.jpg?resize=768%2C432&amp;ssl=1 768w, https:\/\/i0.wp.com\/blogdobispo.com.br\/wp-content\/uploads\/2025\/03\/f74e32be-cdcd-47ae-9730-f5095c54df4f-1.jpg?resize=1536%2C865&amp;ssl=1 1536w, https:\/\/i0.wp.com\/blogdobispo.com.br\/wp-content\/uploads\/2025\/03\/f74e32be-cdcd-47ae-9730-f5095c54df4f-1.jpg?w=2000&amp;ssl=1 2000w, https:\/\/i0.wp.com\/blogdobispo.com.br\/wp-content\/uploads\/2025\/03\/f74e32be-cdcd-47ae-9730-f5095c54df4f-1.jpg?w=1600 1600w\" sizes=\"(max-width: 800px) 100vw, 800px\" \/><\/figure>\n\n\n\n<p><\/p>\n\n\n\n<p>Abril traz para Natal uma programa\u00e7\u00e3o especial de conscientiza\u00e7\u00e3o sobre o autismo, com o segundo ano da campanha \u201cVamos abra\u00e7ar o autismo\u201d. Em 2025, o lema \u00e9 &#8220;\u00c9 T\u00e3o Lindo Ser Amigo&#8221;, promovendo a intera\u00e7\u00e3o e socializa\u00e7\u00e3o entre cidad\u00e3os t\u00edpicos e at\u00edpicos, indo al\u00e9m da empatia e respeito. &#8220;\u00c9 T\u00e3o Lindo Ser Amigo&#8221; buscar\u00e1 criar ambientes mais inclusivos para as pessoas com Transtorno do Espectro Autista (TEA), abordando desde a educa\u00e7\u00e3o at\u00e9 a mobiliza\u00e7\u00e3o da sociedade e do poder p\u00fablico.<\/p>\n\n\n\n<p>Idealizada por Dickson J\u00fanior em 2024 e continuada pelo vereador Daniel Santiago e o Instituto Le Blue, a campanha conta com v\u00e1rios apoios, como Prefeitura do Natal, Seturn, Clinica Vivianny Lopes, Justiz&amp;Co, Allmidia, GMSer, Fala S\u00edndico, Ponto Certo e Servicon. Uma das novidades 2025 \u00e9 o &#8220;Bus\u00e3o da Inclus\u00e3o&#8221;, com adesivos em alguns ve\u00edculos (busdoor) e cartazes informativos no interior de mais de 400 \u00f4nibus, al\u00e9m de palestras itinerantes. A campanha tamb\u00e9m continuar\u00e1 com a &#8220;Sala de Acolhimento&#8221; para apoio psicol\u00f3gico \u00e0s fam\u00edlias e lan\u00e7ar\u00e1 a &#8220;Pra\u00e7a do Acolhimento&#8221;, oferecendo servi\u00e7os gratuitos e a\u00e7\u00f5es de conscientiza\u00e7\u00e3o.<\/p>\n\n\n\n<p>Entre as principais a\u00e7\u00f5es, destacam-se as amplia\u00e7\u00f5es do &#8220;Vizinho Consciente&#8221;, que este ano vai al\u00e9m dos elevadores, buscando conscientizar em outros espa\u00e7os de conviv\u00eancia dos condom\u00ednios residenciais e comerciais, como parques e academias; e do &#8220;Aluno Consciente&#8221;, que j\u00e1 distribu\u00eda materiais sobre conviv\u00eancia e combate ao bullying nas escolas e este ano ter\u00e1 tamb\u00e9m palestras.<\/p>\n\n\n\n<p>A Prefeitura de Natal est\u00e1 implementando legisla\u00e7\u00f5es como o Selo &#8220;Empresa Amiga do Autista&#8221;, atrav\u00e9s da Semtas, premiando empresas que adotam pr\u00e1ticas inclusivas, e a Lei 7817\/2025, atrav\u00e9s da Seharpe, que garante prioridade habitacional para m\u00e3es e respons\u00e1veis de crian\u00e7as com TEA. A Blitz do Autismo, realizada em parceria com a STTU, buscar\u00e1 conscientizar motoristas sobre a presen\u00e7a de pessoas com TEA no tr\u00e2nsito. Al\u00e9m disso, apoiam a Caminhada Zona Oeste, em Felipe Camar\u00e3o. O encerramento ser\u00e1 no Partage Shopping, com atividades recreativas e apoio sensorial, refor\u00e7ando o compromisso de transformar Natal em uma cidade mais inclusiva.<\/p>\n\n\n\n<p>PROGRAMA\u00c7\u00c3O COMPLETA:<br>\u2022 01\/04: 18h &#8211; Ilumina\u00e7\u00e3o de pontos-chave Ponte Nova\/Arena das Dunas\/Viaduto da Prudente\/ Prefeitura\/ C\u00e2mara Municipal) e Di\u00e1rio Oficial alusivo ao autismo durante todo o m\u00eas.<br>\u2022 02\/04: 10h &#8211; Lan\u00e7amento do Edital do Selo &#8220;Empresa Amiga do Autista&#8221; (Pal\u00e1cio Felipe Camar\u00e3o).<br>\u2022 03\/04: 14h &#8211; Audi\u00eancia P\u00fablica \u201cA import\u00e2ncia de campanhas de conscientiza\u00e7\u00e3o do autismo\u201d (C\u00e2mara de Natal).<br>\u2022 04\/04: 16h &#8211; Pra\u00e7a do Acolhimento (Ne\u00f3polis).<br>\u2022 07\/04: Lan\u00e7amento do &#8220;Bus\u00e3o da Inclus\u00e3o&#8221;.<br>\u2022 08\/04: 14h Sala de Acolhimento (Escola Estadual Iapissara Aguiar).<br>\u2022 10\/04: 7h Lan\u00e7amento do &#8220;Vizinho Consciente&#8221; (Condom\u00ednio Parque das Serras).<br>\u2022 12\/04: 16h Caminhada do Autismo (Felipe Camar\u00e3o).<br>\u2022 16\/04: 16h Blitz do Autismo (Roberto Freire\/Ferreira Costa).<br>\u2022 24\/04: 16h &#8220;Aluno Consciente&#8221; (Escola Estadual Berilo Wanderley) e lan\u00e7amento da Lei 7817\/2025 &#8211; prioridade habitacional para autistas (Seharpe).<br>\u2022 26\/04: 10 \u00e0s 14h &#8211; Encerramento S\u00e1bado Azul (Partage Norte Shopping).<\/p>\n","protected":false},"excerpt":{"rendered":"<p>Abril traz para Natal uma programa\u00e7\u00e3o especial de conscientiza\u00e7\u00e3o sobre o autismo, com o segundo ano da campanha \u201cVamos abra\u00e7ar o autismo\u201d. Em 2025, o lema \u00e9 &#8220;\u00c9 T\u00e3o Lindo Ser Amigo&#8221;, promovendo a intera\u00e7\u00e3o e socializa\u00e7\u00e3o entre cidad\u00e3os t\u00edpicos e at\u00edpicos, indo al\u00e9m da empatia e respeito. &#8220;\u00c9 T\u00e3o Lindo Ser Amigo&#8221; buscar\u00e1 criar [&hellip;]<\/p>\n","protected":false},"author":1,"featured_media":0,"comment_status":"open","ping_status":"open","sticky":false,"template":"","format":"standard","meta":{"cybocfi_hide_featured_image":"","_jetpack_memberships_contains_paid_content":false,"footnotes":""},"categories":[1],"tags":[],"class_list":["post-4906","post","type-post","status-publish","format-standard","hentry","category-diversos"],"yoast_head":"<!-- This site is optimized with the Yoast SEO plugin v25.6 - https:\/\/yoast.com\/wordpress\/plugins\/seo\/ -->\n<title>&quot;\u00c9 T\u00e3o Lindo Ser Amigo&quot;: Conscientiza\u00e7\u00e3o e Inclus\u00e3o do Autismo em Natal - Blog do Bispo<\/title>\n<meta name=\"robots\" content=\"index, follow, max-snippet:-1, max-image-preview:large, max-video-preview:-1\" \/>\n<link rel=\"canonical\" href=\"https:\/\/blogdobispo.com.br\/?p=4906\" \/>\n<meta property=\"og:locale\" content=\"pt_BR\" \/>\n<meta property=\"og:type\" content=\"article\" \/>\n<meta property=\"og:title\" content=\"&quot;\u00c9 T\u00e3o Lindo Ser Amigo&quot;: Conscientiza\u00e7\u00e3o e Inclus\u00e3o do Autismo em Natal - Blog do Bispo\" \/>\n<meta property=\"og:description\" content=\"Abril traz para Natal uma programa\u00e7\u00e3o especial de conscientiza\u00e7\u00e3o sobre o autismo, com o segundo ano da campanha \u201cVamos abra\u00e7ar o autismo\u201d. Em 2025, o lema \u00e9 &#8220;\u00c9 T\u00e3o Lindo Ser Amigo&#8221;, promovendo a intera\u00e7\u00e3o e socializa\u00e7\u00e3o entre cidad\u00e3os t\u00edpicos e at\u00edpicos, indo al\u00e9m da empatia e respeito. &#8220;\u00c9 T\u00e3o Lindo Ser Amigo&#8221; buscar\u00e1 criar [&hellip;]\" \/>\n<meta property=\"og:url\" content=\"https:\/\/blogdobispo.com.br\/?p=4906\" \/>\n<meta property=\"og:site_name\" content=\"Blog do Bispo\" \/>\n<meta property=\"article:published_time\" content=\"2025-03-31T15:25:57+00:00\" \/>\n<meta property=\"og:image\" content=\"https:\/\/blogdobispo.com.br\/wp-content\/uploads\/2025\/03\/f74e32be-cdcd-47ae-9730-f5095c54df4f-1-1024x577.jpg\" \/>\n<meta name=\"author\" content=\"Jefferson Sterfeno\" \/>\n<meta name=\"twitter:card\" content=\"summary_large_image\" \/>\n<meta name=\"twitter:label1\" content=\"Escrito por\" \/>\n\t<meta name=\"twitter:data1\" content=\"Jefferson Sterfeno\" \/>\n\t<meta name=\"twitter:label2\" content=\"Est. tempo de leitura\" \/>\n\t<meta name=\"twitter:data2\" content=\"3 minutos\" \/>\n<script type=\"application\/ld+json\" class=\"yoast-schema-graph\">{\"@context\":\"https:\/\/schema.org\",\"@graph\":[{\"@type\":\"Article\",\"@id\":\"https:\/\/blogdobispo.com.br\/?p=4906#article\",\"isPartOf\":{\"@id\":\"https:\/\/blogdobispo.com.br\/?p=4906\"},\"author\":{\"name\":\"Jefferson Sterfeno\",\"@id\":\"https:\/\/blogdobispo.com.br\/#\/schema\/person\/e2209cc0e6cea5c5233d033e997b373f\"},\"headline\":\"&#8220;\u00c9 T\u00e3o Lindo Ser Amigo&#8221;: Conscientiza\u00e7\u00e3o e Inclus\u00e3o do Autismo em Natal\",\"datePublished\":\"2025-03-31T15:25:57+00:00\",\"mainEntityOfPage\":{\"@id\":\"https:\/\/blogdobispo.com.br\/?p=4906\"},\"wordCount\":533,\"commentCount\":0,\"publisher\":{\"@id\":\"https:\/\/blogdobispo.com.br\/#organization\"},\"image\":{\"@id\":\"https:\/\/blogdobispo.com.br\/?p=4906#primaryimage\"},\"thumbnailUrl\":\"https:\/\/blogdobispo.com.br\/wp-content\/uploads\/2025\/03\/f74e32be-cdcd-47ae-9730-f5095c54df4f-1-1024x577.jpg\",\"articleSection\":[\"diversos\"],\"inLanguage\":\"pt-BR\",\"potentialAction\":[{\"@type\":\"CommentAction\",\"name\":\"Comment\",\"target\":[\"https:\/\/blogdobispo.com.br\/?p=4906#respond\"]}]},{\"@type\":\"WebPage\",\"@id\":\"https:\/\/blogdobispo.com.br\/?p=4906\",\"url\":\"https:\/\/blogdobispo.com.br\/?p=4906\",\"name\":\"\\\"\u00c9 T\u00e3o Lindo Ser Amigo\\\": Conscientiza\u00e7\u00e3o e Inclus\u00e3o do Autismo em Natal - Blog do Bispo\",\"isPartOf\":{\"@id\":\"https:\/\/blogdobispo.com.br\/#website\"},\"primaryImageOfPage\":{\"@id\":\"https:\/\/blogdobispo.com.br\/?p=4906#primaryimage\"},\"image\":{\"@id\":\"https:\/\/blogdobispo.com.br\/?p=4906#primaryimage\"},\"thumbnailUrl\":\"https:\/\/blogdobispo.com.br\/wp-content\/uploads\/2025\/03\/f74e32be-cdcd-47ae-9730-f5095c54df4f-1-1024x577.jpg\",\"datePublished\":\"2025-03-31T15:25:57+00:00\",\"breadcrumb\":{\"@id\":\"https:\/\/blogdobispo.com.br\/?p=4906#breadcrumb\"},\"inLanguage\":\"pt-BR\",\"potentialAction\":[{\"@type\":\"ReadAction\",\"target\":[\"https:\/\/blogdobispo.com.br\/?p=4906\"]}]},{\"@type\":\"ImageObject\",\"inLanguage\":\"pt-BR\",\"@id\":\"https:\/\/blogdobispo.com.br\/?p=4906#primaryimage\",\"url\":\"https:\/\/blogdobispo.com.br\/wp-content\/uploads\/2025\/03\/f74e32be-cdcd-47ae-9730-f5095c54df4f-1-1024x577.jpg\",\"contentUrl\":\"https:\/\/blogdobispo.com.br\/wp-content\/uploads\/2025\/03\/f74e32be-cdcd-47ae-9730-f5095c54df4f-1-1024x577.jpg\"},{\"@type\":\"BreadcrumbList\",\"@id\":\"https:\/\/blogdobispo.com.br\/?p=4906#breadcrumb\",\"itemListElement\":[{\"@type\":\"ListItem\",\"position\":1,\"name\":\"In\u00edcio\",\"item\":\"https:\/\/blogdobispo.com.br\/\"},{\"@type\":\"ListItem\",\"position\":2,\"name\":\"&#8220;\u00c9 T\u00e3o Lindo Ser Amigo&#8221;: Conscientiza\u00e7\u00e3o e Inclus\u00e3o do Autismo em Natal\"}]},{\"@type\":\"WebSite\",\"@id\":\"https:\/\/blogdobispo.com.br\/#website\",\"url\":\"https:\/\/blogdobispo.com.br\/\",\"name\":\"Blog do Bispo\",\"description\":\"Comprometido apenas com o leitor\",\"publisher\":{\"@id\":\"https:\/\/blogdobispo.com.br\/#organization\"},\"potentialAction\":[{\"@type\":\"SearchAction\",\"target\":{\"@type\":\"EntryPoint\",\"urlTemplate\":\"https:\/\/blogdobispo.com.br\/?s={search_term_string}\"},\"query-input\":{\"@type\":\"PropertyValueSpecification\",\"valueRequired\":true,\"valueName\":\"search_term_string\"}}],\"inLanguage\":\"pt-BR\"},{\"@type\":\"Organization\",\"@id\":\"https:\/\/blogdobispo.com.br\/#organization\",\"name\":\"Blog do Bispo\",\"url\":\"https:\/\/blogdobispo.com.br\/\",\"logo\":{\"@type\":\"ImageObject\",\"inLanguage\":\"pt-BR\",\"@id\":\"https:\/\/blogdobispo.com.br\/#\/schema\/logo\/image\/\",\"url\":\"http:\/\/blogdobispo.com.br\/wp-content\/uploads\/2023\/05\/cropped-headear.png\",\"contentUrl\":\"http:\/\/blogdobispo.com.br\/wp-content\/uploads\/2023\/05\/cropped-headear.png\",\"width\":1500,\"height\":399,\"caption\":\"Blog do Bispo\"},\"image\":{\"@id\":\"https:\/\/blogdobispo.com.br\/#\/schema\/logo\/image\/\"}},{\"@type\":\"Person\",\"@id\":\"https:\/\/blogdobispo.com.br\/#\/schema\/person\/e2209cc0e6cea5c5233d033e997b373f\",\"name\":\"Jefferson Sterfeno\",\"image\":{\"@type\":\"ImageObject\",\"inLanguage\":\"pt-BR\",\"@id\":\"https:\/\/blogdobispo.com.br\/#\/schema\/person\/image\/\",\"url\":\"https:\/\/secure.gravatar.com\/avatar\/0534e84764641168a677026b6d57a3f51dc7ac4db0b4f6186d9cb330d4ee1160?s=96&d=mm&r=g\",\"contentUrl\":\"https:\/\/secure.gravatar.com\/avatar\/0534e84764641168a677026b6d57a3f51dc7ac4db0b4f6186d9cb330d4ee1160?s=96&d=mm&r=g\",\"caption\":\"Jefferson Sterfeno\"},\"sameAs\":[\"http:\/\/blogdobispo.com.br\"],\"url\":\"https:\/\/blogdobispo.com.br\/?author=1\"}]}<\/script>\n<!-- \/ Yoast SEO plugin. -->","yoast_head_json":{"title":"\"\u00c9 T\u00e3o Lindo Ser Amigo\": Conscientiza\u00e7\u00e3o e Inclus\u00e3o do Autismo em Natal - Blog do Bispo","robots":{"index":"index","follow":"follow","max-snippet":"max-snippet:-1","max-image-preview":"max-image-preview:large","max-video-preview":"max-video-preview:-1"},"canonical":"https:\/\/blogdobispo.com.br\/?p=4906","og_locale":"pt_BR","og_type":"article","og_title":"\"\u00c9 T\u00e3o Lindo Ser Amigo\": Conscientiza\u00e7\u00e3o e Inclus\u00e3o do Autismo em Natal - Blog do Bispo","og_description":"Abril traz para Natal uma programa\u00e7\u00e3o especial de conscientiza\u00e7\u00e3o sobre o autismo, com o segundo ano da campanha \u201cVamos abra\u00e7ar o autismo\u201d. Em 2025, o lema \u00e9 &#8220;\u00c9 T\u00e3o Lindo Ser Amigo&#8221;, promovendo a intera\u00e7\u00e3o e socializa\u00e7\u00e3o entre cidad\u00e3os t\u00edpicos e at\u00edpicos, indo al\u00e9m da empatia e respeito. &#8220;\u00c9 T\u00e3o Lindo Ser Amigo&#8221; buscar\u00e1 criar [&hellip;]","og_url":"https:\/\/blogdobispo.com.br\/?p=4906","og_site_name":"Blog do Bispo","article_published_time":"2025-03-31T15:25:57+00:00","og_image":[{"url":"https:\/\/blogdobispo.com.br\/wp-content\/uploads\/2025\/03\/f74e32be-cdcd-47ae-9730-f5095c54df4f-1-1024x577.jpg","type":"","width":"","height":""}],"author":"Jefferson Sterfeno","twitter_card":"summary_large_image","twitter_misc":{"Escrito por":"Jefferson Sterfeno","Est. tempo de leitura":"3 minutos"},"schema":{"@context":"https:\/\/schema.org","@graph":[{"@type":"Article","@id":"https:\/\/blogdobispo.com.br\/?p=4906#article","isPartOf":{"@id":"https:\/\/blogdobispo.com.br\/?p=4906"},"author":{"name":"Jefferson Sterfeno","@id":"https:\/\/blogdobispo.com.br\/#\/schema\/person\/e2209cc0e6cea5c5233d033e997b373f"},"headline":"&#8220;\u00c9 T\u00e3o Lindo Ser Amigo&#8221;: Conscientiza\u00e7\u00e3o e Inclus\u00e3o do Autismo em Natal","datePublished":"2025-03-31T15:25:57+00:00","mainEntityOfPage":{"@id":"https:\/\/blogdobispo.com.br\/?p=4906"},"wordCount":533,"commentCount":0,"publisher":{"@id":"https:\/\/blogdobispo.com.br\/#organization"},"image":{"@id":"https:\/\/blogdobispo.com.br\/?p=4906#primaryimage"},"thumbnailUrl":"https:\/\/blogdobispo.com.br\/wp-content\/uploads\/2025\/03\/f74e32be-cdcd-47ae-9730-f5095c54df4f-1-1024x577.jpg","articleSection":["diversos"],"inLanguage":"pt-BR","potentialAction":[{"@type":"CommentAction","name":"Comment","target":["https:\/\/blogdobispo.com.br\/?p=4906#respond"]}]},{"@type":"WebPage","@id":"https:\/\/blogdobispo.com.br\/?p=4906","url":"https:\/\/blogdobispo.com.br\/?p=4906","name":"\"\u00c9 T\u00e3o Lindo Ser Amigo\": Conscientiza\u00e7\u00e3o e Inclus\u00e3o do Autismo em Natal - Blog do Bispo","isPartOf":{"@id":"https:\/\/blogdobispo.com.br\/#website"},"primaryImageOfPage":{"@id":"https:\/\/blogdobispo.com.br\/?p=4906#primaryimage"},"image":{"@id":"https:\/\/blogdobispo.com.br\/?p=4906#primaryimage"},"thumbnailUrl":"https:\/\/blogdobispo.com.br\/wp-content\/uploads\/2025\/03\/f74e32be-cdcd-47ae-9730-f5095c54df4f-1-1024x577.jpg","datePublished":"2025-03-31T15:25:57+00:00","breadcrumb":{"@id":"https:\/\/blogdobispo.com.br\/?p=4906#breadcrumb"},"inLanguage":"pt-BR","potentialAction":[{"@type":"ReadAction","target":["https:\/\/blogdobispo.com.br\/?p=4906"]}]},{"@type":"ImageObject","inLanguage":"pt-BR","@id":"https:\/\/blogdobispo.com.br\/?p=4906#primaryimage","url":"https:\/\/blogdobispo.com.br\/wp-content\/uploads\/2025\/03\/f74e32be-cdcd-47ae-9730-f5095c54df4f-1-1024x577.jpg","contentUrl":"https:\/\/blogdobispo.com.br\/wp-content\/uploads\/2025\/03\/f74e32be-cdcd-47ae-9730-f5095c54df4f-1-1024x577.jpg"},{"@type":"BreadcrumbList","@id":"https:\/\/blogdobispo.com.br\/?p=4906#breadcrumb","itemListElement":[{"@type":"ListItem","position":1,"name":"In\u00edcio","item":"https:\/\/blogdobispo.com.br\/"},{"@type":"ListItem","position":2,"name":"&#8220;\u00c9 T\u00e3o Lindo Ser Amigo&#8221;: Conscientiza\u00e7\u00e3o e Inclus\u00e3o do Autismo em Natal"}]},{"@type":"WebSite","@id":"https:\/\/blogdobispo.com.br\/#website","url":"https:\/\/blogdobispo.com.br\/","name":"Blog do Bispo","description":"Comprometido apenas com o leitor","publisher":{"@id":"https:\/\/blogdobispo.com.br\/#organization"},"potentialAction":[{"@type":"SearchAction","target":{"@type":"EntryPoint","urlTemplate":"https:\/\/blogdobispo.com.br\/?s={search_term_string}"},"query-input":{"@type":"PropertyValueSpecification","valueRequired":true,"valueName":"search_term_string"}}],"inLanguage":"pt-BR"},{"@type":"Organization","@id":"https:\/\/blogdobispo.com.br\/#organization","name":"Blog do Bispo","url":"https:\/\/blogdobispo.com.br\/","logo":{"@type":"ImageObject","inLanguage":"pt-BR","@id":"https:\/\/blogdobispo.com.br\/#\/schema\/logo\/image\/","url":"http:\/\/blogdobispo.com.br\/wp-content\/uploads\/2023\/05\/cropped-headear.png","contentUrl":"http:\/\/blogdobispo.com.br\/wp-content\/uploads\/2023\/05\/cropped-headear.png","width":1500,"height":399,"caption":"Blog do Bispo"},"image":{"@id":"https:\/\/blogdobispo.com.br\/#\/schema\/logo\/image\/"}},{"@type":"Person","@id":"https:\/\/blogdobispo.com.br\/#\/schema\/person\/e2209cc0e6cea5c5233d033e997b373f","name":"Jefferson Sterfeno","image":{"@type":"ImageObject","inLanguage":"pt-BR","@id":"https:\/\/blogdobispo.com.br\/#\/schema\/person\/image\/","url":"https:\/\/secure.gravatar.com\/avatar\/0534e84764641168a677026b6d57a3f51dc7ac4db0b4f6186d9cb330d4ee1160?s=96&d=mm&r=g","contentUrl":"https:\/\/secure.gravatar.com\/avatar\/0534e84764641168a677026b6d57a3f51dc7ac4db0b4f6186d9cb330d4ee1160?s=96&d=mm&r=g","caption":"Jefferson Sterfeno"},"sameAs":["http:\/\/blogdobispo.com.br"],"url":"https:\/\/blogdobispo.com.br\/?author=1"}]}},"featured_image_urls":{"full":"","thumbnail":"","medium":"","medium_large":"","large":"","1536x1536":"","2048x2048":""},"author_info":{"display_name":"Jefferson Sterfeno","author_link":"https:\/\/blogdobispo.com.br\/?author=1"},"category_info":"<a href=\"https:\/\/blogdobispo.com.br\/?cat=1\" rel=\"category\">diversos<\/a>","tag_info":"diversos","comment_count":"0","jetpack_featured_media_url":"","jetpack_sharing_enabled":true,"_links":{"self":[{"href":"https:\/\/blogdobispo.com.br\/index.php?rest_route=\/wp\/v2\/posts\/4906","targetHints":{"allow":["GET"]}}],"collection":[{"href":"https:\/\/blogdobispo.com.br\/index.php?rest_route=\/wp\/v2\/posts"}],"about":[{"href":"https:\/\/blogdobispo.com.br\/index.php?rest_route=\/wp\/v2\/types\/post"}],"author":[{"embeddable":true,"href":"https:\/\/blogdobispo.com.br\/index.php?rest_route=\/wp\/v2\/users\/1"}],"replies":[{"embeddable":true,"href":"https:\/\/blogdobispo.com.br\/index.php?rest_route=%2Fwp%2Fv2%2Fcomments&post=4906"}],"version-history":[{"count":0,"href":"https:\/\/blogdobispo.com.br\/index.php?rest_route=\/wp\/v2\/posts\/4906\/revisions"}],"wp:attachment":[{"href":"https:\/\/blogdobispo.com.br\/index.php?rest_route=%2Fwp%2Fv2%2Fmedia&parent=4906"}],"wp:term":[{"taxonomy":"category","embeddable":true,"href":"https:\/\/blogdobispo.com.br\/index.php?rest_route=%2Fwp%2Fv2%2Fcategories&post=4906"},{"taxonomy":"post_tag","embeddable":true,"href":"https:\/\/blogdobispo.com.br\/index.php?rest_route=%2Fwp%2Fv2%2Ftags&post=4906"}],"curies":[{"name":"wp","href":"https:\/\/api.w.org\/{rel}","templated":true}]}}