{"id":4896,"date":"2025-03-28T11:27:56","date_gmt":"2025-03-28T11:27:56","guid":{"rendered":"https:\/\/blogdobispo.com.br\/?p=4896"},"modified":"2025-03-28T11:27:56","modified_gmt":"2025-03-28T11:27:56","slug":"presidente-da-cmn-assume-federacao-das-camaras-municipais-do-rio-grande-do-norte","status":"publish","type":"post","link":"https:\/\/blogdobispo.com.br\/?p=4896","title":{"rendered":"Presidente da CMN assume Federa\u00e7\u00e3o das C\u00e2maras Municipais do Rio Grande do Norte"},"content":{"rendered":"\n<figure class=\"wp-block-image size-large\"><img data-recalc-dims=\"1\" fetchpriority=\"high\" decoding=\"async\" width=\"800\" height=\"533\" src=\"https:\/\/i0.wp.com\/blogdobispo.com.br\/wp-content\/uploads\/2025\/03\/7c9bcc44-fd90-4fa6-83f2-e365d10e2f0e-1-1024x682.jpg?resize=800%2C533&#038;ssl=1\" class=\"wp-image-4895\" srcset=\"https:\/\/i0.wp.com\/blogdobispo.com.br\/wp-content\/uploads\/2025\/03\/7c9bcc44-fd90-4fa6-83f2-e365d10e2f0e-1.jpg?resize=1024%2C682&amp;ssl=1 1024w, https:\/\/i0.wp.com\/blogdobispo.com.br\/wp-content\/uploads\/2025\/03\/7c9bcc44-fd90-4fa6-83f2-e365d10e2f0e-1.jpg?resize=300%2C200&amp;ssl=1 300w, https:\/\/i0.wp.com\/blogdobispo.com.br\/wp-content\/uploads\/2025\/03\/7c9bcc44-fd90-4fa6-83f2-e365d10e2f0e-1.jpg?resize=768%2C512&amp;ssl=1 768w, https:\/\/i0.wp.com\/blogdobispo.com.br\/wp-content\/uploads\/2025\/03\/7c9bcc44-fd90-4fa6-83f2-e365d10e2f0e-1.jpg?resize=1536%2C1023&amp;ssl=1 1536w, https:\/\/i0.wp.com\/blogdobispo.com.br\/wp-content\/uploads\/2025\/03\/7c9bcc44-fd90-4fa6-83f2-e365d10e2f0e-1.jpg?w=1600&amp;ssl=1 1600w\" sizes=\"(max-width: 800px) 100vw, 800px\" \/><\/figure>\n\n\n\n<p><\/p>\n\n\n\n<p>Eriko J\u00e1come, presidente da C\u00e2mara Municipal de Natal, tomou posse, nesta quinta-feira (27), como presidente tamb\u00e9m da Federa\u00e7\u00e3o das C\u00e2maras Municipais do Rio Grande do Norte (Fecam RN). A solenidade ocorreu dentro do Encontro Nacional de Gestores e Legislativos Municipais, realizado no hotel Holiday Inn, em Natal.<\/p>\n\n\n\n<p>Eriko foi eleito em fevereiro com apoio de mais de 100 dos 167 presidentes de c\u00e2maras municipais. Ele destacou a responsabilidade do novo cargo e refor\u00e7ou o compromisso com a uni\u00e3o dos legislativos municipais: \u201cHoje eu cheguei aqui como presidente da C\u00e2mara Municipal do Natal e saio como presidente da Fecam, de todas as c\u00e2maras municipais do Rio Grande do Norte. E prometo que vou levar, atrav\u00e9s da Federa\u00e7\u00e3o, muito desenvolvimento, vou buscar parcerias e conv\u00eanios, para que a gente possa fazer da Federa\u00e7\u00e3o uma forma de uni\u00e3o e integra\u00e7\u00e3o entre a capital e todo o interior do estado. E quem vai ganhar com isso \u00e9 toda a popula\u00e7\u00e3o potiguar\u201d, assegurou.<\/p>\n\n\n\n<p>O prefeito de Natal, Paulinho Freire, participou da cerim\u00f4nia de posse. \u201cEriko vem fazendo um trabalho excelente \u00e0 frente da C\u00e2mara de Natal e agora vai comandar a Fecam. Com ele, a Federa\u00e7\u00e3o vai dar um salto de qualidade\u201d, afirmou. J\u00e1 o vereador Aldo Clemente (PSDB), l\u00edder do governo na C\u00e2mara Municipal de Natal, refor\u00e7ou a confian\u00e7a na nova gest\u00e3o. \u201cA Fecam est\u00e1 entregue em boas m\u00e3os. Eriko vai interiorizar as a\u00e7\u00f5es da Feda\u00e7\u00e3o, com zelo, compromisso e aten\u00e7\u00e3o \u00e0s c\u00e2maras do interior.\u201d<\/p>\n\n\n\n<p>A agora ex-presidente da Fecam, Erineide S\u00e1, desejou sucesso ao sucessor: \u201cEle com certeza vai dar continuidade ao trabalho, buscando mais parcerias, mais conv\u00eanios e fortalecendo os Legislativos Municipais\u201d. O presidente da C\u00e2mara Municipal de Parnamirim, C\u00e9sar Maia, que assumiu o Conselho Pol\u00edtico da Fecam, afirmou que \u201cEriko tem sensibilidade e capacidade de unir, e far\u00e1 um excelente trabalho\u201d.<\/p>\n\n\n\n<p>A posse foi acompanhada por dezenas de presidentes de c\u00e2maras municipais, vereadores e prefeitos do RN, lideran\u00e7as pol\u00edticas e representantes de institui\u00e7\u00f5es p\u00fablicas. A nova gest\u00e3o assume com o desafio de ampliar o di\u00e1logo entre os legislativos e promover a\u00e7\u00f5es de fortalecimento institucional em todo o Rio Grande do Norte.<\/p>\n\n\n\n<p>Texto: Ilana Albuquerque<br>Fotos: Ver\u00f4nica Macedo<\/p>\n","protected":false},"excerpt":{"rendered":"<p>Eriko J\u00e1come, presidente da C\u00e2mara Municipal de Natal, tomou posse, nesta quinta-feira (27), como presidente tamb\u00e9m da Federa\u00e7\u00e3o das C\u00e2maras Municipais do Rio Grande do Norte (Fecam RN). A solenidade ocorreu dentro do Encontro Nacional de Gestores e Legislativos Municipais, realizado no hotel Holiday Inn, em Natal. Eriko foi eleito em fevereiro com apoio de [&hellip;]<\/p>\n","protected":false},"author":1,"featured_media":0,"comment_status":"open","ping_status":"open","sticky":false,"template":"","format":"standard","meta":{"cybocfi_hide_featured_image":"","_jetpack_memberships_contains_paid_content":false,"footnotes":""},"categories":[1],"tags":[],"class_list":["post-4896","post","type-post","status-publish","format-standard","hentry","category-diversos"],"yoast_head":"<!-- This site is optimized with the Yoast SEO plugin v25.6 - https:\/\/yoast.com\/wordpress\/plugins\/seo\/ -->\n<title>Presidente da CMN assume Federa\u00e7\u00e3o das C\u00e2maras Municipais do Rio Grande do Norte - Blog do Bispo<\/title>\n<meta name=\"robots\" content=\"index, follow, max-snippet:-1, max-image-preview:large, max-video-preview:-1\" \/>\n<link rel=\"canonical\" href=\"https:\/\/blogdobispo.com.br\/?p=4896\" \/>\n<meta property=\"og:locale\" content=\"pt_BR\" \/>\n<meta property=\"og:type\" content=\"article\" \/>\n<meta property=\"og:title\" content=\"Presidente da CMN assume Federa\u00e7\u00e3o das C\u00e2maras Municipais do Rio Grande do Norte - Blog do Bispo\" \/>\n<meta property=\"og:description\" content=\"Eriko J\u00e1come, presidente da C\u00e2mara Municipal de Natal, tomou posse, nesta quinta-feira (27), como presidente tamb\u00e9m da Federa\u00e7\u00e3o das C\u00e2maras Municipais do Rio Grande do Norte (Fecam RN). A solenidade ocorreu dentro do Encontro Nacional de Gestores e Legislativos Municipais, realizado no hotel Holiday Inn, em Natal. Eriko foi eleito em fevereiro com apoio de [&hellip;]\" \/>\n<meta property=\"og:url\" content=\"https:\/\/blogdobispo.com.br\/?p=4896\" \/>\n<meta property=\"og:site_name\" content=\"Blog do Bispo\" \/>\n<meta property=\"article:published_time\" content=\"2025-03-28T11:27:56+00:00\" \/>\n<meta property=\"og:image\" content=\"https:\/\/blogdobispo.com.br\/wp-content\/uploads\/2025\/03\/7c9bcc44-fd90-4fa6-83f2-e365d10e2f0e-1-1024x682.jpg\" \/>\n<meta name=\"author\" content=\"Jefferson Sterfeno\" \/>\n<meta name=\"twitter:card\" content=\"summary_large_image\" \/>\n<meta name=\"twitter:label1\" content=\"Escrito por\" \/>\n\t<meta name=\"twitter:data1\" content=\"Jefferson Sterfeno\" \/>\n\t<meta name=\"twitter:label2\" content=\"Est. tempo de leitura\" \/>\n\t<meta name=\"twitter:data2\" content=\"2 minutos\" \/>\n<script type=\"application\/ld+json\" class=\"yoast-schema-graph\">{\"@context\":\"https:\/\/schema.org\",\"@graph\":[{\"@type\":\"Article\",\"@id\":\"https:\/\/blogdobispo.com.br\/?p=4896#article\",\"isPartOf\":{\"@id\":\"https:\/\/blogdobispo.com.br\/?p=4896\"},\"author\":{\"name\":\"Jefferson Sterfeno\",\"@id\":\"https:\/\/blogdobispo.com.br\/#\/schema\/person\/e2209cc0e6cea5c5233d033e997b373f\"},\"headline\":\"Presidente da CMN assume Federa\u00e7\u00e3o das C\u00e2maras Municipais do Rio Grande do Norte\",\"datePublished\":\"2025-03-28T11:27:56+00:00\",\"mainEntityOfPage\":{\"@id\":\"https:\/\/blogdobispo.com.br\/?p=4896\"},\"wordCount\":408,\"commentCount\":0,\"publisher\":{\"@id\":\"https:\/\/blogdobispo.com.br\/#organization\"},\"image\":{\"@id\":\"https:\/\/blogdobispo.com.br\/?p=4896#primaryimage\"},\"thumbnailUrl\":\"https:\/\/blogdobispo.com.br\/wp-content\/uploads\/2025\/03\/7c9bcc44-fd90-4fa6-83f2-e365d10e2f0e-1-1024x682.jpg\",\"articleSection\":[\"diversos\"],\"inLanguage\":\"pt-BR\",\"potentialAction\":[{\"@type\":\"CommentAction\",\"name\":\"Comment\",\"target\":[\"https:\/\/blogdobispo.com.br\/?p=4896#respond\"]}]},{\"@type\":\"WebPage\",\"@id\":\"https:\/\/blogdobispo.com.br\/?p=4896\",\"url\":\"https:\/\/blogdobispo.com.br\/?p=4896\",\"name\":\"Presidente da CMN assume Federa\u00e7\u00e3o das C\u00e2maras Municipais do Rio Grande do Norte - Blog do Bispo\",\"isPartOf\":{\"@id\":\"https:\/\/blogdobispo.com.br\/#website\"},\"primaryImageOfPage\":{\"@id\":\"https:\/\/blogdobispo.com.br\/?p=4896#primaryimage\"},\"image\":{\"@id\":\"https:\/\/blogdobispo.com.br\/?p=4896#primaryimage\"},\"thumbnailUrl\":\"https:\/\/blogdobispo.com.br\/wp-content\/uploads\/2025\/03\/7c9bcc44-fd90-4fa6-83f2-e365d10e2f0e-1-1024x682.jpg\",\"datePublished\":\"2025-03-28T11:27:56+00:00\",\"breadcrumb\":{\"@id\":\"https:\/\/blogdobispo.com.br\/?p=4896#breadcrumb\"},\"inLanguage\":\"pt-BR\",\"potentialAction\":[{\"@type\":\"ReadAction\",\"target\":[\"https:\/\/blogdobispo.com.br\/?p=4896\"]}]},{\"@type\":\"ImageObject\",\"inLanguage\":\"pt-BR\",\"@id\":\"https:\/\/blogdobispo.com.br\/?p=4896#primaryimage\",\"url\":\"https:\/\/blogdobispo.com.br\/wp-content\/uploads\/2025\/03\/7c9bcc44-fd90-4fa6-83f2-e365d10e2f0e-1-1024x682.jpg\",\"contentUrl\":\"https:\/\/blogdobispo.com.br\/wp-content\/uploads\/2025\/03\/7c9bcc44-fd90-4fa6-83f2-e365d10e2f0e-1-1024x682.jpg\"},{\"@type\":\"BreadcrumbList\",\"@id\":\"https:\/\/blogdobispo.com.br\/?p=4896#breadcrumb\",\"itemListElement\":[{\"@type\":\"ListItem\",\"position\":1,\"name\":\"In\u00edcio\",\"item\":\"https:\/\/blogdobispo.com.br\/\"},{\"@type\":\"ListItem\",\"position\":2,\"name\":\"Presidente da CMN assume Federa\u00e7\u00e3o das C\u00e2maras Municipais do Rio Grande do Norte\"}]},{\"@type\":\"WebSite\",\"@id\":\"https:\/\/blogdobispo.com.br\/#website\",\"url\":\"https:\/\/blogdobispo.com.br\/\",\"name\":\"Blog do Bispo\",\"description\":\"Comprometido apenas com o leitor\",\"publisher\":{\"@id\":\"https:\/\/blogdobispo.com.br\/#organization\"},\"potentialAction\":[{\"@type\":\"SearchAction\",\"target\":{\"@type\":\"EntryPoint\",\"urlTemplate\":\"https:\/\/blogdobispo.com.br\/?s={search_term_string}\"},\"query-input\":{\"@type\":\"PropertyValueSpecification\",\"valueRequired\":true,\"valueName\":\"search_term_string\"}}],\"inLanguage\":\"pt-BR\"},{\"@type\":\"Organization\",\"@id\":\"https:\/\/blogdobispo.com.br\/#organization\",\"name\":\"Blog do Bispo\",\"url\":\"https:\/\/blogdobispo.com.br\/\",\"logo\":{\"@type\":\"ImageObject\",\"inLanguage\":\"pt-BR\",\"@id\":\"https:\/\/blogdobispo.com.br\/#\/schema\/logo\/image\/\",\"url\":\"http:\/\/blogdobispo.com.br\/wp-content\/uploads\/2023\/05\/cropped-headear.png\",\"contentUrl\":\"http:\/\/blogdobispo.com.br\/wp-content\/uploads\/2023\/05\/cropped-headear.png\",\"width\":1500,\"height\":399,\"caption\":\"Blog do Bispo\"},\"image\":{\"@id\":\"https:\/\/blogdobispo.com.br\/#\/schema\/logo\/image\/\"}},{\"@type\":\"Person\",\"@id\":\"https:\/\/blogdobispo.com.br\/#\/schema\/person\/e2209cc0e6cea5c5233d033e997b373f\",\"name\":\"Jefferson Sterfeno\",\"image\":{\"@type\":\"ImageObject\",\"inLanguage\":\"pt-BR\",\"@id\":\"https:\/\/blogdobispo.com.br\/#\/schema\/person\/image\/\",\"url\":\"https:\/\/secure.gravatar.com\/avatar\/0534e84764641168a677026b6d57a3f51dc7ac4db0b4f6186d9cb330d4ee1160?s=96&d=mm&r=g\",\"contentUrl\":\"https:\/\/secure.gravatar.com\/avatar\/0534e84764641168a677026b6d57a3f51dc7ac4db0b4f6186d9cb330d4ee1160?s=96&d=mm&r=g\",\"caption\":\"Jefferson Sterfeno\"},\"sameAs\":[\"http:\/\/blogdobispo.com.br\"],\"url\":\"https:\/\/blogdobispo.com.br\/?author=1\"}]}<\/script>\n<!-- \/ Yoast SEO plugin. -->","yoast_head_json":{"title":"Presidente da CMN assume Federa\u00e7\u00e3o das C\u00e2maras Municipais do Rio Grande do Norte - Blog do Bispo","robots":{"index":"index","follow":"follow","max-snippet":"max-snippet:-1","max-image-preview":"max-image-preview:large","max-video-preview":"max-video-preview:-1"},"canonical":"https:\/\/blogdobispo.com.br\/?p=4896","og_locale":"pt_BR","og_type":"article","og_title":"Presidente da CMN assume Federa\u00e7\u00e3o das C\u00e2maras Municipais do Rio Grande do Norte - Blog do Bispo","og_description":"Eriko J\u00e1come, presidente da C\u00e2mara Municipal de Natal, tomou posse, nesta quinta-feira (27), como presidente tamb\u00e9m da Federa\u00e7\u00e3o das C\u00e2maras Municipais do Rio Grande do Norte (Fecam RN). A solenidade ocorreu dentro do Encontro Nacional de Gestores e Legislativos Municipais, realizado no hotel Holiday Inn, em Natal. Eriko foi eleito em fevereiro com apoio de [&hellip;]","og_url":"https:\/\/blogdobispo.com.br\/?p=4896","og_site_name":"Blog do Bispo","article_published_time":"2025-03-28T11:27:56+00:00","og_image":[{"url":"https:\/\/blogdobispo.com.br\/wp-content\/uploads\/2025\/03\/7c9bcc44-fd90-4fa6-83f2-e365d10e2f0e-1-1024x682.jpg","type":"","width":"","height":""}],"author":"Jefferson Sterfeno","twitter_card":"summary_large_image","twitter_misc":{"Escrito por":"Jefferson Sterfeno","Est. tempo de leitura":"2 minutos"},"schema":{"@context":"https:\/\/schema.org","@graph":[{"@type":"Article","@id":"https:\/\/blogdobispo.com.br\/?p=4896#article","isPartOf":{"@id":"https:\/\/blogdobispo.com.br\/?p=4896"},"author":{"name":"Jefferson Sterfeno","@id":"https:\/\/blogdobispo.com.br\/#\/schema\/person\/e2209cc0e6cea5c5233d033e997b373f"},"headline":"Presidente da CMN assume Federa\u00e7\u00e3o das C\u00e2maras Municipais do Rio Grande do Norte","datePublished":"2025-03-28T11:27:56+00:00","mainEntityOfPage":{"@id":"https:\/\/blogdobispo.com.br\/?p=4896"},"wordCount":408,"commentCount":0,"publisher":{"@id":"https:\/\/blogdobispo.com.br\/#organization"},"image":{"@id":"https:\/\/blogdobispo.com.br\/?p=4896#primaryimage"},"thumbnailUrl":"https:\/\/blogdobispo.com.br\/wp-content\/uploads\/2025\/03\/7c9bcc44-fd90-4fa6-83f2-e365d10e2f0e-1-1024x682.jpg","articleSection":["diversos"],"inLanguage":"pt-BR","potentialAction":[{"@type":"CommentAction","name":"Comment","target":["https:\/\/blogdobispo.com.br\/?p=4896#respond"]}]},{"@type":"WebPage","@id":"https:\/\/blogdobispo.com.br\/?p=4896","url":"https:\/\/blogdobispo.com.br\/?p=4896","name":"Presidente da CMN assume Federa\u00e7\u00e3o das C\u00e2maras Municipais do Rio Grande do Norte - Blog do Bispo","isPartOf":{"@id":"https:\/\/blogdobispo.com.br\/#website"},"primaryImageOfPage":{"@id":"https:\/\/blogdobispo.com.br\/?p=4896#primaryimage"},"image":{"@id":"https:\/\/blogdobispo.com.br\/?p=4896#primaryimage"},"thumbnailUrl":"https:\/\/blogdobispo.com.br\/wp-content\/uploads\/2025\/03\/7c9bcc44-fd90-4fa6-83f2-e365d10e2f0e-1-1024x682.jpg","datePublished":"2025-03-28T11:27:56+00:00","breadcrumb":{"@id":"https:\/\/blogdobispo.com.br\/?p=4896#breadcrumb"},"inLanguage":"pt-BR","potentialAction":[{"@type":"ReadAction","target":["https:\/\/blogdobispo.com.br\/?p=4896"]}]},{"@type":"ImageObject","inLanguage":"pt-BR","@id":"https:\/\/blogdobispo.com.br\/?p=4896#primaryimage","url":"https:\/\/blogdobispo.com.br\/wp-content\/uploads\/2025\/03\/7c9bcc44-fd90-4fa6-83f2-e365d10e2f0e-1-1024x682.jpg","contentUrl":"https:\/\/blogdobispo.com.br\/wp-content\/uploads\/2025\/03\/7c9bcc44-fd90-4fa6-83f2-e365d10e2f0e-1-1024x682.jpg"},{"@type":"BreadcrumbList","@id":"https:\/\/blogdobispo.com.br\/?p=4896#breadcrumb","itemListElement":[{"@type":"ListItem","position":1,"name":"In\u00edcio","item":"https:\/\/blogdobispo.com.br\/"},{"@type":"ListItem","position":2,"name":"Presidente da CMN assume Federa\u00e7\u00e3o das C\u00e2maras Municipais do Rio Grande do Norte"}]},{"@type":"WebSite","@id":"https:\/\/blogdobispo.com.br\/#website","url":"https:\/\/blogdobispo.com.br\/","name":"Blog do Bispo","description":"Comprometido apenas com o leitor","publisher":{"@id":"https:\/\/blogdobispo.com.br\/#organization"},"potentialAction":[{"@type":"SearchAction","target":{"@type":"EntryPoint","urlTemplate":"https:\/\/blogdobispo.com.br\/?s={search_term_string}"},"query-input":{"@type":"PropertyValueSpecification","valueRequired":true,"valueName":"search_term_string"}}],"inLanguage":"pt-BR"},{"@type":"Organization","@id":"https:\/\/blogdobispo.com.br\/#organization","name":"Blog do Bispo","url":"https:\/\/blogdobispo.com.br\/","logo":{"@type":"ImageObject","inLanguage":"pt-BR","@id":"https:\/\/blogdobispo.com.br\/#\/schema\/logo\/image\/","url":"http:\/\/blogdobispo.com.br\/wp-content\/uploads\/2023\/05\/cropped-headear.png","contentUrl":"http:\/\/blogdobispo.com.br\/wp-content\/uploads\/2023\/05\/cropped-headear.png","width":1500,"height":399,"caption":"Blog do Bispo"},"image":{"@id":"https:\/\/blogdobispo.com.br\/#\/schema\/logo\/image\/"}},{"@type":"Person","@id":"https:\/\/blogdobispo.com.br\/#\/schema\/person\/e2209cc0e6cea5c5233d033e997b373f","name":"Jefferson Sterfeno","image":{"@type":"ImageObject","inLanguage":"pt-BR","@id":"https:\/\/blogdobispo.com.br\/#\/schema\/person\/image\/","url":"https:\/\/secure.gravatar.com\/avatar\/0534e84764641168a677026b6d57a3f51dc7ac4db0b4f6186d9cb330d4ee1160?s=96&d=mm&r=g","contentUrl":"https:\/\/secure.gravatar.com\/avatar\/0534e84764641168a677026b6d57a3f51dc7ac4db0b4f6186d9cb330d4ee1160?s=96&d=mm&r=g","caption":"Jefferson Sterfeno"},"sameAs":["http:\/\/blogdobispo.com.br"],"url":"https:\/\/blogdobispo.com.br\/?author=1"}]}},"featured_image_urls":{"full":"","thumbnail":"","medium":"","medium_large":"","large":"","1536x1536":"","2048x2048":""},"author_info":{"display_name":"Jefferson Sterfeno","author_link":"https:\/\/blogdobispo.com.br\/?author=1"},"category_info":"<a href=\"https:\/\/blogdobispo.com.br\/?cat=1\" rel=\"category\">diversos<\/a>","tag_info":"diversos","comment_count":"0","jetpack_featured_media_url":"","jetpack_sharing_enabled":true,"_links":{"self":[{"href":"https:\/\/blogdobispo.com.br\/index.php?rest_route=\/wp\/v2\/posts\/4896","targetHints":{"allow":["GET"]}}],"collection":[{"href":"https:\/\/blogdobispo.com.br\/index.php?rest_route=\/wp\/v2\/posts"}],"about":[{"href":"https:\/\/blogdobispo.com.br\/index.php?rest_route=\/wp\/v2\/types\/post"}],"author":[{"embeddable":true,"href":"https:\/\/blogdobispo.com.br\/index.php?rest_route=\/wp\/v2\/users\/1"}],"replies":[{"embeddable":true,"href":"https:\/\/blogdobispo.com.br\/index.php?rest_route=%2Fwp%2Fv2%2Fcomments&post=4896"}],"version-history":[{"count":0,"href":"https:\/\/blogdobispo.com.br\/index.php?rest_route=\/wp\/v2\/posts\/4896\/revisions"}],"wp:attachment":[{"href":"https:\/\/blogdobispo.com.br\/index.php?rest_route=%2Fwp%2Fv2%2Fmedia&parent=4896"}],"wp:term":[{"taxonomy":"category","embeddable":true,"href":"https:\/\/blogdobispo.com.br\/index.php?rest_route=%2Fwp%2Fv2%2Fcategories&post=4896"},{"taxonomy":"post_tag","embeddable":true,"href":"https:\/\/blogdobispo.com.br\/index.php?rest_route=%2Fwp%2Fv2%2Ftags&post=4896"}],"curies":[{"name":"wp","href":"https:\/\/api.w.org\/{rel}","templated":true}]}}