{"id":4868,"date":"2025-03-25T17:17:00","date_gmt":"2025-03-25T17:17:00","guid":{"rendered":"https:\/\/blogdobispo.com.br\/?p=4868"},"modified":"2025-03-25T17:17:00","modified_gmt":"2025-03-25T17:17:00","slug":"pl-de-autoria-de-ubaldo-institui-documentos-em-braile-no-rn","status":"publish","type":"post","link":"https:\/\/blogdobispo.com.br\/?p=4868","title":{"rendered":"PL de autoria de Ubaldo institui documentos em braile no RN"},"content":{"rendered":"\n<figure class=\"wp-block-image size-large\"><img data-recalc-dims=\"1\" fetchpriority=\"high\" decoding=\"async\" width=\"800\" height=\"533\" src=\"https:\/\/i0.wp.com\/blogdobispo.com.br\/wp-content\/uploads\/2025\/03\/779bc6dd-d9ce-428c-8e81-3bd7976935fc-1-1024x682.jpg?resize=800%2C533&#038;ssl=1\" class=\"wp-image-4867\" srcset=\"https:\/\/i0.wp.com\/blogdobispo.com.br\/wp-content\/uploads\/2025\/03\/779bc6dd-d9ce-428c-8e81-3bd7976935fc-1.jpg?resize=1024%2C682&amp;ssl=1 1024w, https:\/\/i0.wp.com\/blogdobispo.com.br\/wp-content\/uploads\/2025\/03\/779bc6dd-d9ce-428c-8e81-3bd7976935fc-1.jpg?resize=300%2C200&amp;ssl=1 300w, https:\/\/i0.wp.com\/blogdobispo.com.br\/wp-content\/uploads\/2025\/03\/779bc6dd-d9ce-428c-8e81-3bd7976935fc-1.jpg?resize=768%2C512&amp;ssl=1 768w, https:\/\/i0.wp.com\/blogdobispo.com.br\/wp-content\/uploads\/2025\/03\/779bc6dd-d9ce-428c-8e81-3bd7976935fc-1.jpg?resize=1536%2C1024&amp;ssl=1 1536w, https:\/\/i0.wp.com\/blogdobispo.com.br\/wp-content\/uploads\/2025\/03\/779bc6dd-d9ce-428c-8e81-3bd7976935fc-1.jpg?w=2000&amp;ssl=1 2000w, https:\/\/i0.wp.com\/blogdobispo.com.br\/wp-content\/uploads\/2025\/03\/779bc6dd-d9ce-428c-8e81-3bd7976935fc-1.jpg?w=1600 1600w\" sizes=\"(max-width: 800px) 100vw, 800px\" \/><\/figure>\n\n\n\n<p><\/p>\n\n\n\n<p>Na reuni\u00e3o desta ter\u00e7a-feira (25), a Comiss\u00e3o de Constitui\u00e7\u00e3o, Justi\u00e7a e Reda\u00e7\u00e3o (CCJ) da Assembleia Legislativa do Rio Grande do Norte aprovou importantes Projetos de Lei de autoria do deputado estadual Ubaldo Fernandes. As iniciativas visam garantir mais acessibilidade \u00e0s pessoas com defici\u00eancia visual e reconhecer a relev\u00e2ncia da cultura carnavalesca potiguar.<br>Um dos projetos aprovados \u00e9 o que disp\u00f5e sobre a emiss\u00e3o de Carteira de Identidade (RG) e do Cart\u00e3o de Cadastro de Pessoas F\u00edsicas (CPF) em braile para pessoas com defici\u00eancia visual no Estado do Rio Grande do Norte. A proposta tem como objetivo ampliar a acessibilidade e garantir a inclus\u00e3o plena das pessoas cegas ou com baixa vis\u00e3o, permitindo que possam ter autonomia no reconhecimento de seus documentos oficiais.<br>Outro projeto aprovado foi o que reconhece a Escola de Samba Balan\u00e7o do Morro como Patrim\u00f4nio Cultural e Art\u00edstico do Rio Grande do Norte. Fundada em 1966 no bairro das Rocas, em Natal, a agremia\u00e7\u00e3o carnavalesca tem grande hist\u00f3rico de contribui\u00e7\u00e3o para a cultura potiguar, sendo detentora de 28 t\u00edtulos do carnaval da capital. O projeto tem como objetivo valorizar a hist\u00f3ria e garantir o fortalecimento da tradi\u00e7\u00e3o carnavalesca no Estado.<br>Ubaldo Fernandes comemorou a aprova\u00e7\u00e3o das mat\u00e9rias na CCJ e destacou a import\u00e2ncia de avan\u00e7ar na inclus\u00e3o social e na preserva\u00e7\u00e3o da cultura popular. \u201cA aprova\u00e7\u00e3o desses projetos representa um avan\u00e7o significativo para o Rio Grande do Norte, tanto no aspecto da acessibilidade quanto no reconhecimento das nossas manifesta\u00e7\u00f5es culturais. Vamos continuar trabalhando para que essas iniciativas se tornem realidade e beneficiem a popula\u00e7\u00e3o potiguar\u201d, afirmou.<br>MAIS<br>Al\u00e9m dos projetos de lei, o deputado tamb\u00e9m apresentou, na sess\u00e3o ordin\u00e1ria, requerimentos solicitando a extens\u00e3o e amplia\u00e7\u00e3o do abastecimento de \u00e1gua para comunidades rurais do Estado. Entre as solicita\u00e7\u00f5es est\u00e3o a melhoria do fornecimento de \u00e1gua para as comunidades de Ubarana a Arapu\u00e1, em Ipangua\u00e7u, e a amplia\u00e7\u00e3o da rede de abastecimento para o bairro Branca Pedroza, no munic\u00edpio de Fernando Pedroza. Com a aprova\u00e7\u00e3o na CCJ, os Projetos de Lei seguem agora para tramita\u00e7\u00e3o nas demais comiss\u00f5es da Assembleia Legislativa, antes de serem levados ao plen\u00e1rio para vota\u00e7\u00e3o final.<\/p>\n","protected":false},"excerpt":{"rendered":"<p>Na reuni\u00e3o desta ter\u00e7a-feira (25), a Comiss\u00e3o de Constitui\u00e7\u00e3o, Justi\u00e7a e Reda\u00e7\u00e3o (CCJ) da Assembleia Legislativa do Rio Grande do Norte aprovou importantes Projetos de Lei de autoria do deputado estadual Ubaldo Fernandes. As iniciativas visam garantir mais acessibilidade \u00e0s pessoas com defici\u00eancia visual e reconhecer a relev\u00e2ncia da cultura carnavalesca potiguar.Um dos projetos aprovados [&hellip;]<\/p>\n","protected":false},"author":1,"featured_media":0,"comment_status":"open","ping_status":"open","sticky":false,"template":"","format":"standard","meta":{"cybocfi_hide_featured_image":"","_jetpack_memberships_contains_paid_content":false,"footnotes":""},"categories":[1],"tags":[],"class_list":["post-4868","post","type-post","status-publish","format-standard","hentry","category-diversos"],"yoast_head":"<!-- This site is optimized with the Yoast SEO plugin v25.6 - https:\/\/yoast.com\/wordpress\/plugins\/seo\/ -->\n<title>PL de autoria de Ubaldo institui documentos em braile no RN - Blog do Bispo<\/title>\n<meta name=\"robots\" content=\"index, follow, max-snippet:-1, max-image-preview:large, max-video-preview:-1\" \/>\n<link rel=\"canonical\" href=\"https:\/\/blogdobispo.com.br\/?p=4868\" \/>\n<meta property=\"og:locale\" content=\"pt_BR\" \/>\n<meta property=\"og:type\" content=\"article\" \/>\n<meta property=\"og:title\" content=\"PL de autoria de Ubaldo institui documentos em braile no RN - Blog do Bispo\" \/>\n<meta property=\"og:description\" content=\"Na reuni\u00e3o desta ter\u00e7a-feira (25), a Comiss\u00e3o de Constitui\u00e7\u00e3o, Justi\u00e7a e Reda\u00e7\u00e3o (CCJ) da Assembleia Legislativa do Rio Grande do Norte aprovou importantes Projetos de Lei de autoria do deputado estadual Ubaldo Fernandes. As iniciativas visam garantir mais acessibilidade \u00e0s pessoas com defici\u00eancia visual e reconhecer a relev\u00e2ncia da cultura carnavalesca potiguar.Um dos projetos aprovados [&hellip;]\" \/>\n<meta property=\"og:url\" content=\"https:\/\/blogdobispo.com.br\/?p=4868\" \/>\n<meta property=\"og:site_name\" content=\"Blog do Bispo\" \/>\n<meta property=\"article:published_time\" content=\"2025-03-25T17:17:00+00:00\" \/>\n<meta property=\"og:image\" content=\"https:\/\/blogdobispo.com.br\/wp-content\/uploads\/2025\/03\/779bc6dd-d9ce-428c-8e81-3bd7976935fc-1-1024x682.jpg\" \/>\n<meta name=\"author\" content=\"Jefferson Sterfeno\" \/>\n<meta name=\"twitter:card\" content=\"summary_large_image\" \/>\n<meta name=\"twitter:label1\" content=\"Escrito por\" \/>\n\t<meta name=\"twitter:data1\" content=\"Jefferson Sterfeno\" \/>\n\t<meta name=\"twitter:label2\" content=\"Est. tempo de leitura\" \/>\n\t<meta name=\"twitter:data2\" content=\"2 minutos\" \/>\n<script type=\"application\/ld+json\" class=\"yoast-schema-graph\">{\"@context\":\"https:\/\/schema.org\",\"@graph\":[{\"@type\":\"Article\",\"@id\":\"https:\/\/blogdobispo.com.br\/?p=4868#article\",\"isPartOf\":{\"@id\":\"https:\/\/blogdobispo.com.br\/?p=4868\"},\"author\":{\"name\":\"Jefferson Sterfeno\",\"@id\":\"https:\/\/blogdobispo.com.br\/#\/schema\/person\/e2209cc0e6cea5c5233d033e997b373f\"},\"headline\":\"PL de autoria de Ubaldo institui documentos em braile no RN\",\"datePublished\":\"2025-03-25T17:17:00+00:00\",\"mainEntityOfPage\":{\"@id\":\"https:\/\/blogdobispo.com.br\/?p=4868\"},\"wordCount\":407,\"commentCount\":0,\"publisher\":{\"@id\":\"https:\/\/blogdobispo.com.br\/#organization\"},\"image\":{\"@id\":\"https:\/\/blogdobispo.com.br\/?p=4868#primaryimage\"},\"thumbnailUrl\":\"https:\/\/blogdobispo.com.br\/wp-content\/uploads\/2025\/03\/779bc6dd-d9ce-428c-8e81-3bd7976935fc-1-1024x682.jpg\",\"articleSection\":[\"diversos\"],\"inLanguage\":\"pt-BR\",\"potentialAction\":[{\"@type\":\"CommentAction\",\"name\":\"Comment\",\"target\":[\"https:\/\/blogdobispo.com.br\/?p=4868#respond\"]}]},{\"@type\":\"WebPage\",\"@id\":\"https:\/\/blogdobispo.com.br\/?p=4868\",\"url\":\"https:\/\/blogdobispo.com.br\/?p=4868\",\"name\":\"PL de autoria de Ubaldo institui documentos em braile no RN - Blog do Bispo\",\"isPartOf\":{\"@id\":\"https:\/\/blogdobispo.com.br\/#website\"},\"primaryImageOfPage\":{\"@id\":\"https:\/\/blogdobispo.com.br\/?p=4868#primaryimage\"},\"image\":{\"@id\":\"https:\/\/blogdobispo.com.br\/?p=4868#primaryimage\"},\"thumbnailUrl\":\"https:\/\/blogdobispo.com.br\/wp-content\/uploads\/2025\/03\/779bc6dd-d9ce-428c-8e81-3bd7976935fc-1-1024x682.jpg\",\"datePublished\":\"2025-03-25T17:17:00+00:00\",\"breadcrumb\":{\"@id\":\"https:\/\/blogdobispo.com.br\/?p=4868#breadcrumb\"},\"inLanguage\":\"pt-BR\",\"potentialAction\":[{\"@type\":\"ReadAction\",\"target\":[\"https:\/\/blogdobispo.com.br\/?p=4868\"]}]},{\"@type\":\"ImageObject\",\"inLanguage\":\"pt-BR\",\"@id\":\"https:\/\/blogdobispo.com.br\/?p=4868#primaryimage\",\"url\":\"https:\/\/blogdobispo.com.br\/wp-content\/uploads\/2025\/03\/779bc6dd-d9ce-428c-8e81-3bd7976935fc-1-1024x682.jpg\",\"contentUrl\":\"https:\/\/blogdobispo.com.br\/wp-content\/uploads\/2025\/03\/779bc6dd-d9ce-428c-8e81-3bd7976935fc-1-1024x682.jpg\"},{\"@type\":\"BreadcrumbList\",\"@id\":\"https:\/\/blogdobispo.com.br\/?p=4868#breadcrumb\",\"itemListElement\":[{\"@type\":\"ListItem\",\"position\":1,\"name\":\"In\u00edcio\",\"item\":\"https:\/\/blogdobispo.com.br\/\"},{\"@type\":\"ListItem\",\"position\":2,\"name\":\"PL de autoria de Ubaldo institui documentos em braile no RN\"}]},{\"@type\":\"WebSite\",\"@id\":\"https:\/\/blogdobispo.com.br\/#website\",\"url\":\"https:\/\/blogdobispo.com.br\/\",\"name\":\"Blog do Bispo\",\"description\":\"Comprometido apenas com o leitor\",\"publisher\":{\"@id\":\"https:\/\/blogdobispo.com.br\/#organization\"},\"potentialAction\":[{\"@type\":\"SearchAction\",\"target\":{\"@type\":\"EntryPoint\",\"urlTemplate\":\"https:\/\/blogdobispo.com.br\/?s={search_term_string}\"},\"query-input\":{\"@type\":\"PropertyValueSpecification\",\"valueRequired\":true,\"valueName\":\"search_term_string\"}}],\"inLanguage\":\"pt-BR\"},{\"@type\":\"Organization\",\"@id\":\"https:\/\/blogdobispo.com.br\/#organization\",\"name\":\"Blog do Bispo\",\"url\":\"https:\/\/blogdobispo.com.br\/\",\"logo\":{\"@type\":\"ImageObject\",\"inLanguage\":\"pt-BR\",\"@id\":\"https:\/\/blogdobispo.com.br\/#\/schema\/logo\/image\/\",\"url\":\"http:\/\/blogdobispo.com.br\/wp-content\/uploads\/2023\/05\/cropped-headear.png\",\"contentUrl\":\"http:\/\/blogdobispo.com.br\/wp-content\/uploads\/2023\/05\/cropped-headear.png\",\"width\":1500,\"height\":399,\"caption\":\"Blog do Bispo\"},\"image\":{\"@id\":\"https:\/\/blogdobispo.com.br\/#\/schema\/logo\/image\/\"}},{\"@type\":\"Person\",\"@id\":\"https:\/\/blogdobispo.com.br\/#\/schema\/person\/e2209cc0e6cea5c5233d033e997b373f\",\"name\":\"Jefferson Sterfeno\",\"image\":{\"@type\":\"ImageObject\",\"inLanguage\":\"pt-BR\",\"@id\":\"https:\/\/blogdobispo.com.br\/#\/schema\/person\/image\/\",\"url\":\"https:\/\/secure.gravatar.com\/avatar\/0534e84764641168a677026b6d57a3f51dc7ac4db0b4f6186d9cb330d4ee1160?s=96&d=mm&r=g\",\"contentUrl\":\"https:\/\/secure.gravatar.com\/avatar\/0534e84764641168a677026b6d57a3f51dc7ac4db0b4f6186d9cb330d4ee1160?s=96&d=mm&r=g\",\"caption\":\"Jefferson Sterfeno\"},\"sameAs\":[\"http:\/\/blogdobispo.com.br\"],\"url\":\"https:\/\/blogdobispo.com.br\/?author=1\"}]}<\/script>\n<!-- \/ Yoast SEO plugin. -->","yoast_head_json":{"title":"PL de autoria de Ubaldo institui documentos em braile no RN - Blog do Bispo","robots":{"index":"index","follow":"follow","max-snippet":"max-snippet:-1","max-image-preview":"max-image-preview:large","max-video-preview":"max-video-preview:-1"},"canonical":"https:\/\/blogdobispo.com.br\/?p=4868","og_locale":"pt_BR","og_type":"article","og_title":"PL de autoria de Ubaldo institui documentos em braile no RN - Blog do Bispo","og_description":"Na reuni\u00e3o desta ter\u00e7a-feira (25), a Comiss\u00e3o de Constitui\u00e7\u00e3o, Justi\u00e7a e Reda\u00e7\u00e3o (CCJ) da Assembleia Legislativa do Rio Grande do Norte aprovou importantes Projetos de Lei de autoria do deputado estadual Ubaldo Fernandes. As iniciativas visam garantir mais acessibilidade \u00e0s pessoas com defici\u00eancia visual e reconhecer a relev\u00e2ncia da cultura carnavalesca potiguar.Um dos projetos aprovados [&hellip;]","og_url":"https:\/\/blogdobispo.com.br\/?p=4868","og_site_name":"Blog do Bispo","article_published_time":"2025-03-25T17:17:00+00:00","og_image":[{"url":"https:\/\/blogdobispo.com.br\/wp-content\/uploads\/2025\/03\/779bc6dd-d9ce-428c-8e81-3bd7976935fc-1-1024x682.jpg","type":"","width":"","height":""}],"author":"Jefferson Sterfeno","twitter_card":"summary_large_image","twitter_misc":{"Escrito por":"Jefferson Sterfeno","Est. tempo de leitura":"2 minutos"},"schema":{"@context":"https:\/\/schema.org","@graph":[{"@type":"Article","@id":"https:\/\/blogdobispo.com.br\/?p=4868#article","isPartOf":{"@id":"https:\/\/blogdobispo.com.br\/?p=4868"},"author":{"name":"Jefferson Sterfeno","@id":"https:\/\/blogdobispo.com.br\/#\/schema\/person\/e2209cc0e6cea5c5233d033e997b373f"},"headline":"PL de autoria de Ubaldo institui documentos em braile no RN","datePublished":"2025-03-25T17:17:00+00:00","mainEntityOfPage":{"@id":"https:\/\/blogdobispo.com.br\/?p=4868"},"wordCount":407,"commentCount":0,"publisher":{"@id":"https:\/\/blogdobispo.com.br\/#organization"},"image":{"@id":"https:\/\/blogdobispo.com.br\/?p=4868#primaryimage"},"thumbnailUrl":"https:\/\/blogdobispo.com.br\/wp-content\/uploads\/2025\/03\/779bc6dd-d9ce-428c-8e81-3bd7976935fc-1-1024x682.jpg","articleSection":["diversos"],"inLanguage":"pt-BR","potentialAction":[{"@type":"CommentAction","name":"Comment","target":["https:\/\/blogdobispo.com.br\/?p=4868#respond"]}]},{"@type":"WebPage","@id":"https:\/\/blogdobispo.com.br\/?p=4868","url":"https:\/\/blogdobispo.com.br\/?p=4868","name":"PL de autoria de Ubaldo institui documentos em braile no RN - Blog do Bispo","isPartOf":{"@id":"https:\/\/blogdobispo.com.br\/#website"},"primaryImageOfPage":{"@id":"https:\/\/blogdobispo.com.br\/?p=4868#primaryimage"},"image":{"@id":"https:\/\/blogdobispo.com.br\/?p=4868#primaryimage"},"thumbnailUrl":"https:\/\/blogdobispo.com.br\/wp-content\/uploads\/2025\/03\/779bc6dd-d9ce-428c-8e81-3bd7976935fc-1-1024x682.jpg","datePublished":"2025-03-25T17:17:00+00:00","breadcrumb":{"@id":"https:\/\/blogdobispo.com.br\/?p=4868#breadcrumb"},"inLanguage":"pt-BR","potentialAction":[{"@type":"ReadAction","target":["https:\/\/blogdobispo.com.br\/?p=4868"]}]},{"@type":"ImageObject","inLanguage":"pt-BR","@id":"https:\/\/blogdobispo.com.br\/?p=4868#primaryimage","url":"https:\/\/blogdobispo.com.br\/wp-content\/uploads\/2025\/03\/779bc6dd-d9ce-428c-8e81-3bd7976935fc-1-1024x682.jpg","contentUrl":"https:\/\/blogdobispo.com.br\/wp-content\/uploads\/2025\/03\/779bc6dd-d9ce-428c-8e81-3bd7976935fc-1-1024x682.jpg"},{"@type":"BreadcrumbList","@id":"https:\/\/blogdobispo.com.br\/?p=4868#breadcrumb","itemListElement":[{"@type":"ListItem","position":1,"name":"In\u00edcio","item":"https:\/\/blogdobispo.com.br\/"},{"@type":"ListItem","position":2,"name":"PL de autoria de Ubaldo institui documentos em braile no RN"}]},{"@type":"WebSite","@id":"https:\/\/blogdobispo.com.br\/#website","url":"https:\/\/blogdobispo.com.br\/","name":"Blog do Bispo","description":"Comprometido apenas com o leitor","publisher":{"@id":"https:\/\/blogdobispo.com.br\/#organization"},"potentialAction":[{"@type":"SearchAction","target":{"@type":"EntryPoint","urlTemplate":"https:\/\/blogdobispo.com.br\/?s={search_term_string}"},"query-input":{"@type":"PropertyValueSpecification","valueRequired":true,"valueName":"search_term_string"}}],"inLanguage":"pt-BR"},{"@type":"Organization","@id":"https:\/\/blogdobispo.com.br\/#organization","name":"Blog do Bispo","url":"https:\/\/blogdobispo.com.br\/","logo":{"@type":"ImageObject","inLanguage":"pt-BR","@id":"https:\/\/blogdobispo.com.br\/#\/schema\/logo\/image\/","url":"http:\/\/blogdobispo.com.br\/wp-content\/uploads\/2023\/05\/cropped-headear.png","contentUrl":"http:\/\/blogdobispo.com.br\/wp-content\/uploads\/2023\/05\/cropped-headear.png","width":1500,"height":399,"caption":"Blog do Bispo"},"image":{"@id":"https:\/\/blogdobispo.com.br\/#\/schema\/logo\/image\/"}},{"@type":"Person","@id":"https:\/\/blogdobispo.com.br\/#\/schema\/person\/e2209cc0e6cea5c5233d033e997b373f","name":"Jefferson Sterfeno","image":{"@type":"ImageObject","inLanguage":"pt-BR","@id":"https:\/\/blogdobispo.com.br\/#\/schema\/person\/image\/","url":"https:\/\/secure.gravatar.com\/avatar\/0534e84764641168a677026b6d57a3f51dc7ac4db0b4f6186d9cb330d4ee1160?s=96&d=mm&r=g","contentUrl":"https:\/\/secure.gravatar.com\/avatar\/0534e84764641168a677026b6d57a3f51dc7ac4db0b4f6186d9cb330d4ee1160?s=96&d=mm&r=g","caption":"Jefferson Sterfeno"},"sameAs":["http:\/\/blogdobispo.com.br"],"url":"https:\/\/blogdobispo.com.br\/?author=1"}]}},"featured_image_urls":{"full":"","thumbnail":"","medium":"","medium_large":"","large":"","1536x1536":"","2048x2048":""},"author_info":{"display_name":"Jefferson Sterfeno","author_link":"https:\/\/blogdobispo.com.br\/?author=1"},"category_info":"<a href=\"https:\/\/blogdobispo.com.br\/?cat=1\" rel=\"category\">diversos<\/a>","tag_info":"diversos","comment_count":"0","jetpack_featured_media_url":"","jetpack_sharing_enabled":true,"_links":{"self":[{"href":"https:\/\/blogdobispo.com.br\/index.php?rest_route=\/wp\/v2\/posts\/4868","targetHints":{"allow":["GET"]}}],"collection":[{"href":"https:\/\/blogdobispo.com.br\/index.php?rest_route=\/wp\/v2\/posts"}],"about":[{"href":"https:\/\/blogdobispo.com.br\/index.php?rest_route=\/wp\/v2\/types\/post"}],"author":[{"embeddable":true,"href":"https:\/\/blogdobispo.com.br\/index.php?rest_route=\/wp\/v2\/users\/1"}],"replies":[{"embeddable":true,"href":"https:\/\/blogdobispo.com.br\/index.php?rest_route=%2Fwp%2Fv2%2Fcomments&post=4868"}],"version-history":[{"count":0,"href":"https:\/\/blogdobispo.com.br\/index.php?rest_route=\/wp\/v2\/posts\/4868\/revisions"}],"wp:attachment":[{"href":"https:\/\/blogdobispo.com.br\/index.php?rest_route=%2Fwp%2Fv2%2Fmedia&parent=4868"}],"wp:term":[{"taxonomy":"category","embeddable":true,"href":"https:\/\/blogdobispo.com.br\/index.php?rest_route=%2Fwp%2Fv2%2Fcategories&post=4868"},{"taxonomy":"post_tag","embeddable":true,"href":"https:\/\/blogdobispo.com.br\/index.php?rest_route=%2Fwp%2Fv2%2Ftags&post=4868"}],"curies":[{"name":"wp","href":"https:\/\/api.w.org\/{rel}","templated":true}]}}