{"id":4852,"date":"2025-03-21T21:01:45","date_gmt":"2025-03-21T21:01:45","guid":{"rendered":"https:\/\/blogdobispo.com.br\/?p=4852"},"modified":"2025-03-21T22:33:19","modified_gmt":"2025-03-21T22:33:19","slug":"ubaldo-fenrandes-recapeamento-da-rn-129-entre-pedra-preta-e-lajes-do-cabugi-sera-realizado-pelo-estado","status":"publish","type":"post","link":"https:\/\/blogdobispo.com.br\/?p=4852","title":{"rendered":"Ubaldo Fernandes: &#8220;Recapeamento da RN-129 entre Pedra Preta e Lajes do Cabugi ser\u00e1 realizado pelo Estado"},"content":{"rendered":"\n<figure class=\"wp-block-image size-large\"><img data-recalc-dims=\"1\" fetchpriority=\"high\" decoding=\"async\" width=\"472\" height=\"1024\" src=\"https:\/\/i0.wp.com\/blogdobispo.com.br\/wp-content\/uploads\/2025\/03\/95d3bb27-1b05-41ab-92c1-906041d89893-1-472x1024.jpg?resize=472%2C1024&#038;ssl=1\" alt=\"\" class=\"wp-image-4851\" srcset=\"https:\/\/i0.wp.com\/blogdobispo.com.br\/wp-content\/uploads\/2025\/03\/95d3bb27-1b05-41ab-92c1-906041d89893-1.jpg?resize=472%2C1024&amp;ssl=1 472w, https:\/\/i0.wp.com\/blogdobispo.com.br\/wp-content\/uploads\/2025\/03\/95d3bb27-1b05-41ab-92c1-906041d89893-1.jpg?resize=138%2C300&amp;ssl=1 138w, https:\/\/i0.wp.com\/blogdobispo.com.br\/wp-content\/uploads\/2025\/03\/95d3bb27-1b05-41ab-92c1-906041d89893-1.jpg?resize=708%2C1536&amp;ssl=1 708w, https:\/\/i0.wp.com\/blogdobispo.com.br\/wp-content\/uploads\/2025\/03\/95d3bb27-1b05-41ab-92c1-906041d89893-1.jpg?w=738&amp;ssl=1 738w\" sizes=\"(max-width: 472px) 100vw, 472px\" \/><\/figure>\n\n\n\n<p><\/p>\n\n\n\n<p>A popula\u00e7\u00e3o de Pedra Preta vai comemorar uma grande conquista: o recapeamento asf\u00e1ltico da RN-129, que liga o munic\u00edpio \u00e0 cidade de Lajes do Cabugi, ser\u00e1 realizado em breve pelo Governo do Estado. O an\u00fancio foi feito ap\u00f3s uma reuni\u00e3o entre o deputado estadual Ubaldo Fernandes, o prefeito Luiz de Haroldo e representantes do Departamento de Estradas de Rodagem (DER) e do Governo nesta sexta-feira (21).<\/p>\n\n\n\n<p>&#8220;\u00c9 uma reivindica\u00e7\u00e3o antiga da popula\u00e7\u00e3o de Pedra Preta, e hoje tivemos a confirma\u00e7\u00e3o do Governo do Estado de que essa obra ser\u00e1 realizada o mais r\u00e1pido poss\u00edvel&#8221;, destacou o deputado Ubaldo Fernandes, que tem atuado ativamente para garantir essa melhoria na infraestrutura vi\u00e1ria da regi\u00e3o.<br \/>O prefeito Luiz de Haroldo expressou sua gratid\u00e3o pelo empenho do parlamentar. &#8220;Agrade\u00e7o ao deputado Ubaldo, que nos ajudou totalmente com essa pauta. Se Deus quiser, no pr\u00f3ximo m\u00eas, nosso munic\u00edpio ver\u00e1 o in\u00edcio desse recapeamento t\u00e3o aguardado&#8221;, afirmou.<\/p>\n\n\n\n<p>O trecho que ser\u00e1 restaurado \u00e9 fundamental para a mobilidade entre as cidades, beneficiando diretamente moradores, comerciantes e produtores da regi\u00e3o. Com a obra, a expectativa \u00e9 melhorar as condi\u00e7\u00f5es de tr\u00e1fego, garantindo mais seguran\u00e7a e fluidez para quem utiliza a via diariamente.<\/p>\n\n\n\n<p>&#8220;Podem aguardar que essa obra vai chegar. Estivemos em audi\u00eancia tanto no DER quanto na Governadoria e recebemos a garantia de que esse pleito ser\u00e1 atendido. \u00c9 uma vit\u00f3ria para Pedra Preta e para Lajes do Cabugi&#8221;, refor\u00e7ou Ubaldo Fernandes.<\/p>\n","protected":false},"excerpt":{"rendered":"<p>A popula\u00e7\u00e3o de Pedra Preta vai comemorar uma grande conquista: o recapeamento asf\u00e1ltico da RN-129, que liga o munic\u00edpio \u00e0 cidade de Lajes do Cabugi, ser\u00e1 realizado em breve pelo Governo do Estado. O an\u00fancio foi feito ap\u00f3s uma reuni\u00e3o entre o deputado estadual Ubaldo Fernandes, o prefeito Luiz de Haroldo e representantes do Departamento [&hellip;]<\/p>\n","protected":false},"author":1,"featured_media":0,"comment_status":"open","ping_status":"open","sticky":false,"template":"","format":"standard","meta":{"cybocfi_hide_featured_image":"","_jetpack_memberships_contains_paid_content":false,"footnotes":""},"categories":[1],"tags":[],"class_list":["post-4852","post","type-post","status-publish","format-standard","hentry","category-diversos"],"yoast_head":"<!-- This site is optimized with the Yoast SEO plugin v25.6 - https:\/\/yoast.com\/wordpress\/plugins\/seo\/ -->\n<title>Ubaldo Fernandes: &quot;Recapeamento da RN-129 entre Pedra Preta e Lajes do Cabugi ser\u00e1 realizado pelo Estado - Blog do Bispo<\/title>\n<meta name=\"robots\" content=\"index, follow, max-snippet:-1, max-image-preview:large, max-video-preview:-1\" \/>\n<link rel=\"canonical\" href=\"https:\/\/blogdobispo.com.br\/?p=4852\" \/>\n<meta property=\"og:locale\" content=\"pt_BR\" \/>\n<meta property=\"og:type\" content=\"article\" \/>\n<meta property=\"og:title\" content=\"Ubaldo Fernandes: &quot;Recapeamento da RN-129 entre Pedra Preta e Lajes do Cabugi ser\u00e1 realizado pelo Estado - Blog do Bispo\" \/>\n<meta property=\"og:description\" content=\"A popula\u00e7\u00e3o de Pedra Preta vai comemorar uma grande conquista: o recapeamento asf\u00e1ltico da RN-129, que liga o munic\u00edpio \u00e0 cidade de Lajes do Cabugi, ser\u00e1 realizado em breve pelo Governo do Estado. O an\u00fancio foi feito ap\u00f3s uma reuni\u00e3o entre o deputado estadual Ubaldo Fernandes, o prefeito Luiz de Haroldo e representantes do Departamento [&hellip;]\" \/>\n<meta property=\"og:url\" content=\"https:\/\/blogdobispo.com.br\/?p=4852\" \/>\n<meta property=\"og:site_name\" content=\"Blog do Bispo\" \/>\n<meta property=\"article:published_time\" content=\"2025-03-21T21:01:45+00:00\" \/>\n<meta property=\"article:modified_time\" content=\"2025-03-21T22:33:19+00:00\" \/>\n<meta property=\"og:image\" content=\"https:\/\/blogdobispo.com.br\/wp-content\/uploads\/2025\/03\/95d3bb27-1b05-41ab-92c1-906041d89893-1-472x1024.jpg\" \/>\n<meta name=\"author\" content=\"Jefferson Sterfeno\" \/>\n<meta name=\"twitter:card\" content=\"summary_large_image\" \/>\n<meta name=\"twitter:label1\" content=\"Escrito por\" \/>\n\t<meta name=\"twitter:data1\" content=\"Jefferson Sterfeno\" \/>\n\t<meta name=\"twitter:label2\" content=\"Est. tempo de leitura\" \/>\n\t<meta name=\"twitter:data2\" content=\"1 minuto\" \/>\n<script type=\"application\/ld+json\" class=\"yoast-schema-graph\">{\"@context\":\"https:\/\/schema.org\",\"@graph\":[{\"@type\":\"Article\",\"@id\":\"https:\/\/blogdobispo.com.br\/?p=4852#article\",\"isPartOf\":{\"@id\":\"https:\/\/blogdobispo.com.br\/?p=4852\"},\"author\":{\"name\":\"Jefferson Sterfeno\",\"@id\":\"https:\/\/blogdobispo.com.br\/#\/schema\/person\/e2209cc0e6cea5c5233d033e997b373f\"},\"headline\":\"Ubaldo Fernandes: &#8220;Recapeamento da RN-129 entre Pedra Preta e Lajes do Cabugi ser\u00e1 realizado pelo Estado\",\"datePublished\":\"2025-03-21T21:01:45+00:00\",\"dateModified\":\"2025-03-21T22:33:19+00:00\",\"mainEntityOfPage\":{\"@id\":\"https:\/\/blogdobispo.com.br\/?p=4852\"},\"wordCount\":271,\"commentCount\":0,\"publisher\":{\"@id\":\"https:\/\/blogdobispo.com.br\/#organization\"},\"image\":{\"@id\":\"https:\/\/blogdobispo.com.br\/?p=4852#primaryimage\"},\"thumbnailUrl\":\"https:\/\/blogdobispo.com.br\/wp-content\/uploads\/2025\/03\/95d3bb27-1b05-41ab-92c1-906041d89893-1-472x1024.jpg\",\"articleSection\":[\"diversos\"],\"inLanguage\":\"pt-BR\",\"potentialAction\":[{\"@type\":\"CommentAction\",\"name\":\"Comment\",\"target\":[\"https:\/\/blogdobispo.com.br\/?p=4852#respond\"]}]},{\"@type\":\"WebPage\",\"@id\":\"https:\/\/blogdobispo.com.br\/?p=4852\",\"url\":\"https:\/\/blogdobispo.com.br\/?p=4852\",\"name\":\"Ubaldo Fernandes: \\\"Recapeamento da RN-129 entre Pedra Preta e Lajes do Cabugi ser\u00e1 realizado pelo Estado - Blog do Bispo\",\"isPartOf\":{\"@id\":\"https:\/\/blogdobispo.com.br\/#website\"},\"primaryImageOfPage\":{\"@id\":\"https:\/\/blogdobispo.com.br\/?p=4852#primaryimage\"},\"image\":{\"@id\":\"https:\/\/blogdobispo.com.br\/?p=4852#primaryimage\"},\"thumbnailUrl\":\"https:\/\/blogdobispo.com.br\/wp-content\/uploads\/2025\/03\/95d3bb27-1b05-41ab-92c1-906041d89893-1-472x1024.jpg\",\"datePublished\":\"2025-03-21T21:01:45+00:00\",\"dateModified\":\"2025-03-21T22:33:19+00:00\",\"breadcrumb\":{\"@id\":\"https:\/\/blogdobispo.com.br\/?p=4852#breadcrumb\"},\"inLanguage\":\"pt-BR\",\"potentialAction\":[{\"@type\":\"ReadAction\",\"target\":[\"https:\/\/blogdobispo.com.br\/?p=4852\"]}]},{\"@type\":\"ImageObject\",\"inLanguage\":\"pt-BR\",\"@id\":\"https:\/\/blogdobispo.com.br\/?p=4852#primaryimage\",\"url\":\"https:\/\/blogdobispo.com.br\/wp-content\/uploads\/2025\/03\/95d3bb27-1b05-41ab-92c1-906041d89893-1-472x1024.jpg\",\"contentUrl\":\"https:\/\/blogdobispo.com.br\/wp-content\/uploads\/2025\/03\/95d3bb27-1b05-41ab-92c1-906041d89893-1-472x1024.jpg\"},{\"@type\":\"BreadcrumbList\",\"@id\":\"https:\/\/blogdobispo.com.br\/?p=4852#breadcrumb\",\"itemListElement\":[{\"@type\":\"ListItem\",\"position\":1,\"name\":\"In\u00edcio\",\"item\":\"https:\/\/blogdobispo.com.br\/\"},{\"@type\":\"ListItem\",\"position\":2,\"name\":\"Ubaldo Fernandes: &#8220;Recapeamento da RN-129 entre Pedra Preta e Lajes do Cabugi ser\u00e1 realizado pelo Estado\"}]},{\"@type\":\"WebSite\",\"@id\":\"https:\/\/blogdobispo.com.br\/#website\",\"url\":\"https:\/\/blogdobispo.com.br\/\",\"name\":\"Blog do Bispo\",\"description\":\"Comprometido apenas com o leitor\",\"publisher\":{\"@id\":\"https:\/\/blogdobispo.com.br\/#organization\"},\"potentialAction\":[{\"@type\":\"SearchAction\",\"target\":{\"@type\":\"EntryPoint\",\"urlTemplate\":\"https:\/\/blogdobispo.com.br\/?s={search_term_string}\"},\"query-input\":{\"@type\":\"PropertyValueSpecification\",\"valueRequired\":true,\"valueName\":\"search_term_string\"}}],\"inLanguage\":\"pt-BR\"},{\"@type\":\"Organization\",\"@id\":\"https:\/\/blogdobispo.com.br\/#organization\",\"name\":\"Blog do Bispo\",\"url\":\"https:\/\/blogdobispo.com.br\/\",\"logo\":{\"@type\":\"ImageObject\",\"inLanguage\":\"pt-BR\",\"@id\":\"https:\/\/blogdobispo.com.br\/#\/schema\/logo\/image\/\",\"url\":\"http:\/\/blogdobispo.com.br\/wp-content\/uploads\/2023\/05\/cropped-headear.png\",\"contentUrl\":\"http:\/\/blogdobispo.com.br\/wp-content\/uploads\/2023\/05\/cropped-headear.png\",\"width\":1500,\"height\":399,\"caption\":\"Blog do Bispo\"},\"image\":{\"@id\":\"https:\/\/blogdobispo.com.br\/#\/schema\/logo\/image\/\"}},{\"@type\":\"Person\",\"@id\":\"https:\/\/blogdobispo.com.br\/#\/schema\/person\/e2209cc0e6cea5c5233d033e997b373f\",\"name\":\"Jefferson Sterfeno\",\"image\":{\"@type\":\"ImageObject\",\"inLanguage\":\"pt-BR\",\"@id\":\"https:\/\/blogdobispo.com.br\/#\/schema\/person\/image\/\",\"url\":\"https:\/\/secure.gravatar.com\/avatar\/0534e84764641168a677026b6d57a3f51dc7ac4db0b4f6186d9cb330d4ee1160?s=96&d=mm&r=g\",\"contentUrl\":\"https:\/\/secure.gravatar.com\/avatar\/0534e84764641168a677026b6d57a3f51dc7ac4db0b4f6186d9cb330d4ee1160?s=96&d=mm&r=g\",\"caption\":\"Jefferson Sterfeno\"},\"sameAs\":[\"http:\/\/blogdobispo.com.br\"],\"url\":\"https:\/\/blogdobispo.com.br\/?author=1\"}]}<\/script>\n<!-- \/ Yoast SEO plugin. -->","yoast_head_json":{"title":"Ubaldo Fernandes: \"Recapeamento da RN-129 entre Pedra Preta e Lajes do Cabugi ser\u00e1 realizado pelo Estado - Blog do Bispo","robots":{"index":"index","follow":"follow","max-snippet":"max-snippet:-1","max-image-preview":"max-image-preview:large","max-video-preview":"max-video-preview:-1"},"canonical":"https:\/\/blogdobispo.com.br\/?p=4852","og_locale":"pt_BR","og_type":"article","og_title":"Ubaldo Fernandes: \"Recapeamento da RN-129 entre Pedra Preta e Lajes do Cabugi ser\u00e1 realizado pelo Estado - Blog do Bispo","og_description":"A popula\u00e7\u00e3o de Pedra Preta vai comemorar uma grande conquista: o recapeamento asf\u00e1ltico da RN-129, que liga o munic\u00edpio \u00e0 cidade de Lajes do Cabugi, ser\u00e1 realizado em breve pelo Governo do Estado. O an\u00fancio foi feito ap\u00f3s uma reuni\u00e3o entre o deputado estadual Ubaldo Fernandes, o prefeito Luiz de Haroldo e representantes do Departamento [&hellip;]","og_url":"https:\/\/blogdobispo.com.br\/?p=4852","og_site_name":"Blog do Bispo","article_published_time":"2025-03-21T21:01:45+00:00","article_modified_time":"2025-03-21T22:33:19+00:00","og_image":[{"url":"https:\/\/blogdobispo.com.br\/wp-content\/uploads\/2025\/03\/95d3bb27-1b05-41ab-92c1-906041d89893-1-472x1024.jpg","type":"","width":"","height":""}],"author":"Jefferson Sterfeno","twitter_card":"summary_large_image","twitter_misc":{"Escrito por":"Jefferson Sterfeno","Est. tempo de leitura":"1 minuto"},"schema":{"@context":"https:\/\/schema.org","@graph":[{"@type":"Article","@id":"https:\/\/blogdobispo.com.br\/?p=4852#article","isPartOf":{"@id":"https:\/\/blogdobispo.com.br\/?p=4852"},"author":{"name":"Jefferson Sterfeno","@id":"https:\/\/blogdobispo.com.br\/#\/schema\/person\/e2209cc0e6cea5c5233d033e997b373f"},"headline":"Ubaldo Fernandes: &#8220;Recapeamento da RN-129 entre Pedra Preta e Lajes do Cabugi ser\u00e1 realizado pelo Estado","datePublished":"2025-03-21T21:01:45+00:00","dateModified":"2025-03-21T22:33:19+00:00","mainEntityOfPage":{"@id":"https:\/\/blogdobispo.com.br\/?p=4852"},"wordCount":271,"commentCount":0,"publisher":{"@id":"https:\/\/blogdobispo.com.br\/#organization"},"image":{"@id":"https:\/\/blogdobispo.com.br\/?p=4852#primaryimage"},"thumbnailUrl":"https:\/\/blogdobispo.com.br\/wp-content\/uploads\/2025\/03\/95d3bb27-1b05-41ab-92c1-906041d89893-1-472x1024.jpg","articleSection":["diversos"],"inLanguage":"pt-BR","potentialAction":[{"@type":"CommentAction","name":"Comment","target":["https:\/\/blogdobispo.com.br\/?p=4852#respond"]}]},{"@type":"WebPage","@id":"https:\/\/blogdobispo.com.br\/?p=4852","url":"https:\/\/blogdobispo.com.br\/?p=4852","name":"Ubaldo Fernandes: \"Recapeamento da RN-129 entre Pedra Preta e Lajes do Cabugi ser\u00e1 realizado pelo Estado - Blog do Bispo","isPartOf":{"@id":"https:\/\/blogdobispo.com.br\/#website"},"primaryImageOfPage":{"@id":"https:\/\/blogdobispo.com.br\/?p=4852#primaryimage"},"image":{"@id":"https:\/\/blogdobispo.com.br\/?p=4852#primaryimage"},"thumbnailUrl":"https:\/\/blogdobispo.com.br\/wp-content\/uploads\/2025\/03\/95d3bb27-1b05-41ab-92c1-906041d89893-1-472x1024.jpg","datePublished":"2025-03-21T21:01:45+00:00","dateModified":"2025-03-21T22:33:19+00:00","breadcrumb":{"@id":"https:\/\/blogdobispo.com.br\/?p=4852#breadcrumb"},"inLanguage":"pt-BR","potentialAction":[{"@type":"ReadAction","target":["https:\/\/blogdobispo.com.br\/?p=4852"]}]},{"@type":"ImageObject","inLanguage":"pt-BR","@id":"https:\/\/blogdobispo.com.br\/?p=4852#primaryimage","url":"https:\/\/blogdobispo.com.br\/wp-content\/uploads\/2025\/03\/95d3bb27-1b05-41ab-92c1-906041d89893-1-472x1024.jpg","contentUrl":"https:\/\/blogdobispo.com.br\/wp-content\/uploads\/2025\/03\/95d3bb27-1b05-41ab-92c1-906041d89893-1-472x1024.jpg"},{"@type":"BreadcrumbList","@id":"https:\/\/blogdobispo.com.br\/?p=4852#breadcrumb","itemListElement":[{"@type":"ListItem","position":1,"name":"In\u00edcio","item":"https:\/\/blogdobispo.com.br\/"},{"@type":"ListItem","position":2,"name":"Ubaldo Fernandes: &#8220;Recapeamento da RN-129 entre Pedra Preta e Lajes do Cabugi ser\u00e1 realizado pelo Estado"}]},{"@type":"WebSite","@id":"https:\/\/blogdobispo.com.br\/#website","url":"https:\/\/blogdobispo.com.br\/","name":"Blog do Bispo","description":"Comprometido apenas com o leitor","publisher":{"@id":"https:\/\/blogdobispo.com.br\/#organization"},"potentialAction":[{"@type":"SearchAction","target":{"@type":"EntryPoint","urlTemplate":"https:\/\/blogdobispo.com.br\/?s={search_term_string}"},"query-input":{"@type":"PropertyValueSpecification","valueRequired":true,"valueName":"search_term_string"}}],"inLanguage":"pt-BR"},{"@type":"Organization","@id":"https:\/\/blogdobispo.com.br\/#organization","name":"Blog do Bispo","url":"https:\/\/blogdobispo.com.br\/","logo":{"@type":"ImageObject","inLanguage":"pt-BR","@id":"https:\/\/blogdobispo.com.br\/#\/schema\/logo\/image\/","url":"http:\/\/blogdobispo.com.br\/wp-content\/uploads\/2023\/05\/cropped-headear.png","contentUrl":"http:\/\/blogdobispo.com.br\/wp-content\/uploads\/2023\/05\/cropped-headear.png","width":1500,"height":399,"caption":"Blog do Bispo"},"image":{"@id":"https:\/\/blogdobispo.com.br\/#\/schema\/logo\/image\/"}},{"@type":"Person","@id":"https:\/\/blogdobispo.com.br\/#\/schema\/person\/e2209cc0e6cea5c5233d033e997b373f","name":"Jefferson Sterfeno","image":{"@type":"ImageObject","inLanguage":"pt-BR","@id":"https:\/\/blogdobispo.com.br\/#\/schema\/person\/image\/","url":"https:\/\/secure.gravatar.com\/avatar\/0534e84764641168a677026b6d57a3f51dc7ac4db0b4f6186d9cb330d4ee1160?s=96&d=mm&r=g","contentUrl":"https:\/\/secure.gravatar.com\/avatar\/0534e84764641168a677026b6d57a3f51dc7ac4db0b4f6186d9cb330d4ee1160?s=96&d=mm&r=g","caption":"Jefferson Sterfeno"},"sameAs":["http:\/\/blogdobispo.com.br"],"url":"https:\/\/blogdobispo.com.br\/?author=1"}]}},"featured_image_urls":{"full":"","thumbnail":"","medium":"","medium_large":"","large":"","1536x1536":"","2048x2048":""},"author_info":{"display_name":"Jefferson Sterfeno","author_link":"https:\/\/blogdobispo.com.br\/?author=1"},"category_info":"<a href=\"https:\/\/blogdobispo.com.br\/?cat=1\" rel=\"category\">diversos<\/a>","tag_info":"diversos","comment_count":"0","jetpack_featured_media_url":"","jetpack_sharing_enabled":true,"_links":{"self":[{"href":"https:\/\/blogdobispo.com.br\/index.php?rest_route=\/wp\/v2\/posts\/4852","targetHints":{"allow":["GET"]}}],"collection":[{"href":"https:\/\/blogdobispo.com.br\/index.php?rest_route=\/wp\/v2\/posts"}],"about":[{"href":"https:\/\/blogdobispo.com.br\/index.php?rest_route=\/wp\/v2\/types\/post"}],"author":[{"embeddable":true,"href":"https:\/\/blogdobispo.com.br\/index.php?rest_route=\/wp\/v2\/users\/1"}],"replies":[{"embeddable":true,"href":"https:\/\/blogdobispo.com.br\/index.php?rest_route=%2Fwp%2Fv2%2Fcomments&post=4852"}],"version-history":[{"count":1,"href":"https:\/\/blogdobispo.com.br\/index.php?rest_route=\/wp\/v2\/posts\/4852\/revisions"}],"predecessor-version":[{"id":4855,"href":"https:\/\/blogdobispo.com.br\/index.php?rest_route=\/wp\/v2\/posts\/4852\/revisions\/4855"}],"wp:attachment":[{"href":"https:\/\/blogdobispo.com.br\/index.php?rest_route=%2Fwp%2Fv2%2Fmedia&parent=4852"}],"wp:term":[{"taxonomy":"category","embeddable":true,"href":"https:\/\/blogdobispo.com.br\/index.php?rest_route=%2Fwp%2Fv2%2Fcategories&post=4852"},{"taxonomy":"post_tag","embeddable":true,"href":"https:\/\/blogdobispo.com.br\/index.php?rest_route=%2Fwp%2Fv2%2Ftags&post=4852"}],"curies":[{"name":"wp","href":"https:\/\/api.w.org\/{rel}","templated":true}]}}