{"id":4827,"date":"2025-03-18T21:51:38","date_gmt":"2025-03-18T21:51:38","guid":{"rendered":"https:\/\/blogdobispo.com.br\/?p=4827"},"modified":"2025-03-18T21:51:38","modified_gmt":"2025-03-18T21:51:38","slug":"em-sessao-solene-assembleia-ressalta-protagonismo-e-pioneirismo-da-mulher-potiguar","status":"publish","type":"post","link":"https:\/\/blogdobispo.com.br\/?p=4827","title":{"rendered":"Em Sess\u00e3o Solene, Assembleia ressalta protagonismo e pioneirismo da mulher potiguar"},"content":{"rendered":"\n<figure class=\"wp-block-image\"><img data-recalc-dims=\"1\" decoding=\"async\" src=\"https:\/\/i0.wp.com\/www.al.rn.leg.br\/storage\/noticias\/2025\/03\/18\/uAoVhuvQM3lDiKwfhhgAd03YsSiZgn0P5C4M9tHa.jpg?w=800&#038;ssl=1\" alt=\"\"\/><\/figure>\n\n\n\n<p class=\"publish-new\">18\/03\/2025<\/p>\n\n\n\n<p>A Assembleia Legislativa do Rio Grande do Norte realizou, nesta ter\u00e7a-feira (12), uma sess\u00e3o solene em homenagem ao Dia Internacional da Mulher. Proposta pela Mesa Diretora da Casa e presidida pelo deputado Ezequiel Ferreira (PSDB), a cerim\u00f4nia destacou o protagonismo feminino no estado e homenageou 23 mulheres que se destacam em diferentes \u00e1reas da sociedade.<\/p>\n\n\n\n<p>O Dia Internacional da Mulher surgiu a partir de movimentos de mulheres que reivindicavam igualdade e melhores condi\u00e7\u00f5es de trabalho. O Dia 8 de Mar\u00e7o foi definido devido a um protesto realizado contra a fome, a guerra e o regime czarista em S\u00e3o Petesburgo, na R\u00fassia. Em 1975, a Organiza\u00e7\u00e3o das Na\u00e7\u00f5es Unidas oficializou o 8 de Mar\u00e7o como Dia Internacional da Mulher. No Rio Grande do Norte, a Assembleia Legislativa anualmente promove um conjunto de eventos para comemorar a data e refor\u00e7ar as bandeiras de lutas das mulheres por igualdade e respeito.<\/p>\n\n\n\n<p>&#8220;Cada conquista feminina n\u00e3o \u00e9 apenas um avan\u00e7o individual, mas um passo coletivo rumo a um mundo mais justo&#8221;, declarou Ezequiel Ferreira, citando ainda os desafios que as mulheres ainda enfrentam, como a disparidade salarial, a dupla jornada de trabalho e a luta por maior representatividade em espa\u00e7os de poder.&nbsp;<\/p>\n\n\n\n<p>O presidente da Casa lembrou o pioneirismo do Rio Grande do Norte na valoriza\u00e7\u00e3o da mulher, citando figuras hist\u00f3ricas como Alzira Soriano, primeira prefeita eleita da Am\u00e9rica Latina, e N\u00edsia Floresta, precursora do feminismo no Brasil. \u201cSeguindo essa tradi\u00e7\u00e3o, tantas outras potiguares continuam a trilhar caminhos de lideran\u00e7a e transforma\u00e7\u00e3o\u201d, disse.<\/p>\n\n\n\n<p>Em seu discurso, o presidente da Casa ressaltou a import\u00e2ncia da representatividade feminina na pol\u00edtica, no servi\u00e7o p\u00fablico e na iniciativa privada. \u201cSe antes suas vozes eram abafadas, hoje elas comandam tribunais, prefeituras, parlamentos e grandes corpora\u00e7\u00f5es\u201d, afirmou. Ele tamb\u00e9m destacou a atua\u00e7\u00e3o das deputadas estaduais Cristiane Dantas (Solidariedade), Divaneide Bas\u00edlio (PT), Eudiane Macedo (PV), Isolda Dantas (PT) e Terezinha Maia (PL), al\u00e9m do papel fundamental das servidoras e colaboradoras da Assembleia Legislativa.<\/p>\n\n\n\n<p>As parlamentares, inclusive, revezaram-se no comando da Sess\u00e3o Solene, enquanto os deputados e deputadas entregavam as placas comemorativas \u00e0s 23 mulheres homenageadas pela Casa, que deram contribui\u00e7\u00f5es para a sociedade atuando como prefeitas, profissionais da sa\u00fade, vereadoras, educadoras, l\u00edderes comunit\u00e1rias e ativistas, todas reconhecidas por suas trajet\u00f3rias de dedica\u00e7\u00e3o e supera\u00e7\u00e3o.<\/p>\n\n\n\n<p>Falando em nome das deputadas, Cristiane Dantas (Solidariedade) enalteceu o trabalho realizado pelas mulheres na Assembleia Legislativa, citando algumas das leis j\u00e1 aprovadas e tamb\u00e9m a atua\u00e7\u00e3o da Procuradoria da Mulher na Assembleia, que \u00e9 comandada pela pr\u00f3pria deputada e realizou mais de 700 atendimentos \u00e0 sociedade, com orienta\u00e7\u00f5es na assist\u00eancia social, jur\u00eddica e psicol\u00f3gica a mulheres v\u00edtimas de viol\u00eancia. Para Cristiane Dantas, as homenageadas pelo Legislativo trazem uma representatividade importante e fazem a diferen\u00e7a na sociedade.<\/p>\n\n\n\n<p>&#8220;Todas as homenageadas fazem a diferen\u00e7a no papel exercida nas fam\u00edlias e na sociedade. Que possamos juntas e juntos promover uma sociedade onde todas as mulheres sejam respeitadas, valorizadas e tenham suas vozes ouvidas. O recado \u00e9 um s\u00f3: \u00e9 preciso uni\u00e3o, porque nossas conquistas mostram que a uni\u00e3o provoca a verdadeira transforma\u00e7\u00e3o para conquistarmos a nossa liberdade de ser e estar onde quisermos&#8221;, disse Cristiane Dantas.<\/p>\n\n\n\n<p>Uma das homenageadas, a procuradora-geral de Justi\u00e7a do Rio Grande do Norte, Elaine Cardoso, parabenizou o Legislativo pela realiza\u00e7\u00e3o da solenidade, que fecha uma semana de atividades voltadas \u00e0 mulher. A procuradora ressaltou o papel que as mulheres desempenham na sociedade potiguar, falou sobre o pioneirismo e tamb\u00e9m foi enf\u00e1tica na defesa pela igualdade. Em seu discurso, Elaine Cardoso disse que os homens precisam estar cada vez mais empenhados na luta pela igualdade entre os g\u00eaneros.&nbsp;<\/p>\n\n\n\n<p>&#8220;Nesse dia, que comemoramos o dia da mulher, convido todas as mulhers e homens a se unirem nessa luta. Os homens sim, por que n\u00e3o? Se queremos mudar, n\u00e3o podemos querer fazer isso sozinhas. Para mudar uma cultura machista, precisamos de homens que enxerguem e reconhe\u00e7am a import\u00e2ncia da igualdade e respeito. Que possamos n\u00f3s, mulheres, inspirar umas \u00e0s outras, nos apoiar mutuamente e possamos juntas e construir um futuro mais igualit\u00e1rio \u00e0s mulheres do Rio Grande do Norte. Que nossa voz seja ouvida, nossos direitos sejam respeitados e a presen\u00e7a seja cada vez mais forte e tranformadora de realidades. Que possamos inspirar as futuras gera\u00e7\u00f5es de novas mulheres a nunca desistirem de seus sonhos e a lutarem por um mundo onde a igualdade de g\u00eanero seja uma realidade&#8221;, ressaltou Elaine Cardoso.<\/p>\n\n\n\n<p>Confira a lista das homenageadas:<\/p>\n\n\n\n<p>Aize Talianne Bezerra de Souza \u2013 Prefeita de Jo\u00e3o C\u00e2mara<\/p>\n\n\n\n<p>Antonieta D\u00e9bora Alves da Silva Carvalho &#8211; Vereadora de S\u00e3o Tom\u00e9<\/p>\n\n\n\n<p>Bianca Cristina Dantas da Silva \u2013 Bombeira militar e primeira mulher condutora de ve\u00edculos operacionais no Corpo de Bombeiros do RN<\/p>\n\n\n\n<p>Cinthia Raquel Pinheiro da Silva \u2013 Pedagoga e primeira-dama de Mossor\u00f3<\/p>\n\n\n\n<p>Elaine Cardoso de Matos Novais Teixeira \u2013 Procuradora-Geral de Justi\u00e7a do RN<\/p>\n\n\n\n<p>Erineide Fernandes S\u00e1 \u2013 Presidente da Federa\u00e7\u00e3o das C\u00e2maras Municipais do RN<\/p>\n\n\n\n<p>Fativan Alves Moura de Paiva \u2013 Secret\u00e1ria de Assist\u00eancia Social de Parnamirim<\/p>\n\n\n\n<p>Fl\u00e1via Patr\u00edcia Tavares Veras Vieira \u2013 Prefeita de Macau<\/p>\n\n\n\n<p>Francisca Iel\u00e2ndia Jacinto de Oliveira \u2013 Professora e ativista quilombola<\/p>\n\n\n\n<p>Glisiany Pl\u00favia de Oliveira \u2013 Vereadora de Mossor\u00f3<\/p>\n\n\n\n<p>Joana Darc Estevam da Fonseca Silva \u2013 Prefeita de Triunfo Potiguar<\/p>\n\n\n\n<p>Joelma De Souza Azevedo \u2013 Comunicadora e jornalista no Serid\u00f3<\/p>\n\n\n\n<p>Kl\u00e9bia Ferreira Bessa Filgueira \u2013 Prefeita de Taboleiro Grande<\/p>\n\n\n\n<p>Lidiane Marques de Lima \u2013 Prefeita de Tibau<\/p>\n\n\n\n<p>Magda Maria Oliveira Silva \u2013 Volunt\u00e1ria da Rede Feminina Estadual de Combate ao C\u00e2ncer<\/p>\n\n\n\n<p>Maria de F\u00e1tima Lapenda Mesquita \u2013 Especialista em pol\u00edticas p\u00fablicas<\/p>\n\n\n\n<p>Maria Elza Carlos de G\u00f3is \u2013 Empres\u00e1ria<\/p>\n\n\n\n<p>Maril\u00fa do Nascimento Salvador Louren\u00e7o \u2013 Professora e escritora<\/p>\n\n\n\n<p>Marta Maria Silva C\u00e2mara (Amora Brayan) \u2013 Ativista ambiental e protetora dos animais<\/p>\n\n\n\n<p>Meiriane Moreira Le\u00e3o Pagnoncelli \u2013 Publicit\u00e1ria e gestora de comunica\u00e7\u00e3o p\u00fablica<\/p>\n\n\n\n<p>Nilma Rodrigues da Silva \u2013 M\u00e9dica e ex-secret\u00e1ria de Sa\u00fade do RN<\/p>\n\n\n\n<p>N\u00fabia Barbosa dos Santos C\u00e2mara \u2013 L\u00edder comunit\u00e1ria e volunt\u00e1ria<\/p>\n\n\n\n<p>Raquel Barbosa Rodrigues \u2013 Advogada e vice-prefeita de Maca\u00edba<\/p>\n","protected":false},"excerpt":{"rendered":"<p>18\/03\/2025 A Assembleia Legislativa do Rio Grande do Norte realizou, nesta ter\u00e7a-feira (12), uma sess\u00e3o solene em homenagem ao Dia Internacional da Mulher. Proposta pela Mesa Diretora da Casa e presidida pelo deputado Ezequiel Ferreira (PSDB), a cerim\u00f4nia destacou o protagonismo feminino no estado e homenageou 23 mulheres que se destacam em diferentes \u00e1reas da [&hellip;]<\/p>\n","protected":false},"author":1,"featured_media":0,"comment_status":"open","ping_status":"open","sticky":false,"template":"","format":"standard","meta":{"cybocfi_hide_featured_image":"","_jetpack_memberships_contains_paid_content":false,"footnotes":""},"categories":[1],"tags":[],"class_list":["post-4827","post","type-post","status-publish","format-standard","hentry","category-diversos"],"yoast_head":"<!-- This site is optimized with the Yoast SEO plugin v25.6 - https:\/\/yoast.com\/wordpress\/plugins\/seo\/ -->\n<title>Em Sess\u00e3o Solene, Assembleia ressalta protagonismo e pioneirismo da mulher potiguar - Blog do Bispo<\/title>\n<meta name=\"robots\" content=\"index, follow, max-snippet:-1, max-image-preview:large, max-video-preview:-1\" \/>\n<link rel=\"canonical\" href=\"https:\/\/blogdobispo.com.br\/?p=4827\" \/>\n<meta property=\"og:locale\" content=\"pt_BR\" \/>\n<meta property=\"og:type\" content=\"article\" \/>\n<meta property=\"og:title\" content=\"Em Sess\u00e3o Solene, Assembleia ressalta protagonismo e pioneirismo da mulher potiguar - Blog do Bispo\" \/>\n<meta property=\"og:description\" content=\"18\/03\/2025 A Assembleia Legislativa do Rio Grande do Norte realizou, nesta ter\u00e7a-feira (12), uma sess\u00e3o solene em homenagem ao Dia Internacional da Mulher. Proposta pela Mesa Diretora da Casa e presidida pelo deputado Ezequiel Ferreira (PSDB), a cerim\u00f4nia destacou o protagonismo feminino no estado e homenageou 23 mulheres que se destacam em diferentes \u00e1reas da [&hellip;]\" \/>\n<meta property=\"og:url\" content=\"https:\/\/blogdobispo.com.br\/?p=4827\" \/>\n<meta property=\"og:site_name\" content=\"Blog do Bispo\" \/>\n<meta property=\"article:published_time\" content=\"2025-03-18T21:51:38+00:00\" \/>\n<meta property=\"og:image\" content=\"https:\/\/www.al.rn.leg.br\/storage\/noticias\/2025\/03\/18\/uAoVhuvQM3lDiKwfhhgAd03YsSiZgn0P5C4M9tHa.jpg\" \/>\n<meta name=\"author\" content=\"Jefferson Sterfeno\" \/>\n<meta name=\"twitter:card\" content=\"summary_large_image\" \/>\n<meta name=\"twitter:label1\" content=\"Escrito por\" \/>\n\t<meta name=\"twitter:data1\" content=\"Jefferson Sterfeno\" \/>\n\t<meta name=\"twitter:label2\" content=\"Est. tempo de leitura\" \/>\n\t<meta name=\"twitter:data2\" content=\"5 minutos\" \/>\n<script type=\"application\/ld+json\" class=\"yoast-schema-graph\">{\"@context\":\"https:\/\/schema.org\",\"@graph\":[{\"@type\":\"Article\",\"@id\":\"https:\/\/blogdobispo.com.br\/?p=4827#article\",\"isPartOf\":{\"@id\":\"https:\/\/blogdobispo.com.br\/?p=4827\"},\"author\":{\"name\":\"Jefferson Sterfeno\",\"@id\":\"https:\/\/blogdobispo.com.br\/#\/schema\/person\/e2209cc0e6cea5c5233d033e997b373f\"},\"headline\":\"Em Sess\u00e3o Solene, Assembleia ressalta protagonismo e pioneirismo da mulher potiguar\",\"datePublished\":\"2025-03-18T21:51:38+00:00\",\"mainEntityOfPage\":{\"@id\":\"https:\/\/blogdobispo.com.br\/?p=4827\"},\"wordCount\":1062,\"commentCount\":0,\"publisher\":{\"@id\":\"https:\/\/blogdobispo.com.br\/#organization\"},\"image\":{\"@id\":\"https:\/\/blogdobispo.com.br\/?p=4827#primaryimage\"},\"thumbnailUrl\":\"https:\/\/www.al.rn.leg.br\/storage\/noticias\/2025\/03\/18\/uAoVhuvQM3lDiKwfhhgAd03YsSiZgn0P5C4M9tHa.jpg\",\"articleSection\":[\"diversos\"],\"inLanguage\":\"pt-BR\",\"potentialAction\":[{\"@type\":\"CommentAction\",\"name\":\"Comment\",\"target\":[\"https:\/\/blogdobispo.com.br\/?p=4827#respond\"]}]},{\"@type\":\"WebPage\",\"@id\":\"https:\/\/blogdobispo.com.br\/?p=4827\",\"url\":\"https:\/\/blogdobispo.com.br\/?p=4827\",\"name\":\"Em Sess\u00e3o Solene, Assembleia ressalta protagonismo e pioneirismo da mulher potiguar - Blog do Bispo\",\"isPartOf\":{\"@id\":\"https:\/\/blogdobispo.com.br\/#website\"},\"primaryImageOfPage\":{\"@id\":\"https:\/\/blogdobispo.com.br\/?p=4827#primaryimage\"},\"image\":{\"@id\":\"https:\/\/blogdobispo.com.br\/?p=4827#primaryimage\"},\"thumbnailUrl\":\"https:\/\/www.al.rn.leg.br\/storage\/noticias\/2025\/03\/18\/uAoVhuvQM3lDiKwfhhgAd03YsSiZgn0P5C4M9tHa.jpg\",\"datePublished\":\"2025-03-18T21:51:38+00:00\",\"breadcrumb\":{\"@id\":\"https:\/\/blogdobispo.com.br\/?p=4827#breadcrumb\"},\"inLanguage\":\"pt-BR\",\"potentialAction\":[{\"@type\":\"ReadAction\",\"target\":[\"https:\/\/blogdobispo.com.br\/?p=4827\"]}]},{\"@type\":\"ImageObject\",\"inLanguage\":\"pt-BR\",\"@id\":\"https:\/\/blogdobispo.com.br\/?p=4827#primaryimage\",\"url\":\"https:\/\/www.al.rn.leg.br\/storage\/noticias\/2025\/03\/18\/uAoVhuvQM3lDiKwfhhgAd03YsSiZgn0P5C4M9tHa.jpg\",\"contentUrl\":\"https:\/\/www.al.rn.leg.br\/storage\/noticias\/2025\/03\/18\/uAoVhuvQM3lDiKwfhhgAd03YsSiZgn0P5C4M9tHa.jpg\"},{\"@type\":\"BreadcrumbList\",\"@id\":\"https:\/\/blogdobispo.com.br\/?p=4827#breadcrumb\",\"itemListElement\":[{\"@type\":\"ListItem\",\"position\":1,\"name\":\"In\u00edcio\",\"item\":\"https:\/\/blogdobispo.com.br\/\"},{\"@type\":\"ListItem\",\"position\":2,\"name\":\"Em Sess\u00e3o Solene, Assembleia ressalta protagonismo e pioneirismo da mulher potiguar\"}]},{\"@type\":\"WebSite\",\"@id\":\"https:\/\/blogdobispo.com.br\/#website\",\"url\":\"https:\/\/blogdobispo.com.br\/\",\"name\":\"Blog do Bispo\",\"description\":\"Comprometido apenas com o leitor\",\"publisher\":{\"@id\":\"https:\/\/blogdobispo.com.br\/#organization\"},\"potentialAction\":[{\"@type\":\"SearchAction\",\"target\":{\"@type\":\"EntryPoint\",\"urlTemplate\":\"https:\/\/blogdobispo.com.br\/?s={search_term_string}\"},\"query-input\":{\"@type\":\"PropertyValueSpecification\",\"valueRequired\":true,\"valueName\":\"search_term_string\"}}],\"inLanguage\":\"pt-BR\"},{\"@type\":\"Organization\",\"@id\":\"https:\/\/blogdobispo.com.br\/#organization\",\"name\":\"Blog do Bispo\",\"url\":\"https:\/\/blogdobispo.com.br\/\",\"logo\":{\"@type\":\"ImageObject\",\"inLanguage\":\"pt-BR\",\"@id\":\"https:\/\/blogdobispo.com.br\/#\/schema\/logo\/image\/\",\"url\":\"http:\/\/blogdobispo.com.br\/wp-content\/uploads\/2023\/05\/cropped-headear.png\",\"contentUrl\":\"http:\/\/blogdobispo.com.br\/wp-content\/uploads\/2023\/05\/cropped-headear.png\",\"width\":1500,\"height\":399,\"caption\":\"Blog do Bispo\"},\"image\":{\"@id\":\"https:\/\/blogdobispo.com.br\/#\/schema\/logo\/image\/\"}},{\"@type\":\"Person\",\"@id\":\"https:\/\/blogdobispo.com.br\/#\/schema\/person\/e2209cc0e6cea5c5233d033e997b373f\",\"name\":\"Jefferson Sterfeno\",\"image\":{\"@type\":\"ImageObject\",\"inLanguage\":\"pt-BR\",\"@id\":\"https:\/\/blogdobispo.com.br\/#\/schema\/person\/image\/\",\"url\":\"https:\/\/secure.gravatar.com\/avatar\/0534e84764641168a677026b6d57a3f51dc7ac4db0b4f6186d9cb330d4ee1160?s=96&d=mm&r=g\",\"contentUrl\":\"https:\/\/secure.gravatar.com\/avatar\/0534e84764641168a677026b6d57a3f51dc7ac4db0b4f6186d9cb330d4ee1160?s=96&d=mm&r=g\",\"caption\":\"Jefferson Sterfeno\"},\"sameAs\":[\"http:\/\/blogdobispo.com.br\"],\"url\":\"https:\/\/blogdobispo.com.br\/?author=1\"}]}<\/script>\n<!-- \/ Yoast SEO plugin. -->","yoast_head_json":{"title":"Em Sess\u00e3o Solene, Assembleia ressalta protagonismo e pioneirismo da mulher potiguar - Blog do Bispo","robots":{"index":"index","follow":"follow","max-snippet":"max-snippet:-1","max-image-preview":"max-image-preview:large","max-video-preview":"max-video-preview:-1"},"canonical":"https:\/\/blogdobispo.com.br\/?p=4827","og_locale":"pt_BR","og_type":"article","og_title":"Em Sess\u00e3o Solene, Assembleia ressalta protagonismo e pioneirismo da mulher potiguar - Blog do Bispo","og_description":"18\/03\/2025 A Assembleia Legislativa do Rio Grande do Norte realizou, nesta ter\u00e7a-feira (12), uma sess\u00e3o solene em homenagem ao Dia Internacional da Mulher. Proposta pela Mesa Diretora da Casa e presidida pelo deputado Ezequiel Ferreira (PSDB), a cerim\u00f4nia destacou o protagonismo feminino no estado e homenageou 23 mulheres que se destacam em diferentes \u00e1reas da [&hellip;]","og_url":"https:\/\/blogdobispo.com.br\/?p=4827","og_site_name":"Blog do Bispo","article_published_time":"2025-03-18T21:51:38+00:00","og_image":[{"url":"https:\/\/www.al.rn.leg.br\/storage\/noticias\/2025\/03\/18\/uAoVhuvQM3lDiKwfhhgAd03YsSiZgn0P5C4M9tHa.jpg","type":"","width":"","height":""}],"author":"Jefferson Sterfeno","twitter_card":"summary_large_image","twitter_misc":{"Escrito por":"Jefferson Sterfeno","Est. tempo de leitura":"5 minutos"},"schema":{"@context":"https:\/\/schema.org","@graph":[{"@type":"Article","@id":"https:\/\/blogdobispo.com.br\/?p=4827#article","isPartOf":{"@id":"https:\/\/blogdobispo.com.br\/?p=4827"},"author":{"name":"Jefferson Sterfeno","@id":"https:\/\/blogdobispo.com.br\/#\/schema\/person\/e2209cc0e6cea5c5233d033e997b373f"},"headline":"Em Sess\u00e3o Solene, Assembleia ressalta protagonismo e pioneirismo da mulher potiguar","datePublished":"2025-03-18T21:51:38+00:00","mainEntityOfPage":{"@id":"https:\/\/blogdobispo.com.br\/?p=4827"},"wordCount":1062,"commentCount":0,"publisher":{"@id":"https:\/\/blogdobispo.com.br\/#organization"},"image":{"@id":"https:\/\/blogdobispo.com.br\/?p=4827#primaryimage"},"thumbnailUrl":"https:\/\/www.al.rn.leg.br\/storage\/noticias\/2025\/03\/18\/uAoVhuvQM3lDiKwfhhgAd03YsSiZgn0P5C4M9tHa.jpg","articleSection":["diversos"],"inLanguage":"pt-BR","potentialAction":[{"@type":"CommentAction","name":"Comment","target":["https:\/\/blogdobispo.com.br\/?p=4827#respond"]}]},{"@type":"WebPage","@id":"https:\/\/blogdobispo.com.br\/?p=4827","url":"https:\/\/blogdobispo.com.br\/?p=4827","name":"Em Sess\u00e3o Solene, Assembleia ressalta protagonismo e pioneirismo da mulher potiguar - Blog do Bispo","isPartOf":{"@id":"https:\/\/blogdobispo.com.br\/#website"},"primaryImageOfPage":{"@id":"https:\/\/blogdobispo.com.br\/?p=4827#primaryimage"},"image":{"@id":"https:\/\/blogdobispo.com.br\/?p=4827#primaryimage"},"thumbnailUrl":"https:\/\/www.al.rn.leg.br\/storage\/noticias\/2025\/03\/18\/uAoVhuvQM3lDiKwfhhgAd03YsSiZgn0P5C4M9tHa.jpg","datePublished":"2025-03-18T21:51:38+00:00","breadcrumb":{"@id":"https:\/\/blogdobispo.com.br\/?p=4827#breadcrumb"},"inLanguage":"pt-BR","potentialAction":[{"@type":"ReadAction","target":["https:\/\/blogdobispo.com.br\/?p=4827"]}]},{"@type":"ImageObject","inLanguage":"pt-BR","@id":"https:\/\/blogdobispo.com.br\/?p=4827#primaryimage","url":"https:\/\/www.al.rn.leg.br\/storage\/noticias\/2025\/03\/18\/uAoVhuvQM3lDiKwfhhgAd03YsSiZgn0P5C4M9tHa.jpg","contentUrl":"https:\/\/www.al.rn.leg.br\/storage\/noticias\/2025\/03\/18\/uAoVhuvQM3lDiKwfhhgAd03YsSiZgn0P5C4M9tHa.jpg"},{"@type":"BreadcrumbList","@id":"https:\/\/blogdobispo.com.br\/?p=4827#breadcrumb","itemListElement":[{"@type":"ListItem","position":1,"name":"In\u00edcio","item":"https:\/\/blogdobispo.com.br\/"},{"@type":"ListItem","position":2,"name":"Em Sess\u00e3o Solene, Assembleia ressalta protagonismo e pioneirismo da mulher potiguar"}]},{"@type":"WebSite","@id":"https:\/\/blogdobispo.com.br\/#website","url":"https:\/\/blogdobispo.com.br\/","name":"Blog do Bispo","description":"Comprometido apenas com o leitor","publisher":{"@id":"https:\/\/blogdobispo.com.br\/#organization"},"potentialAction":[{"@type":"SearchAction","target":{"@type":"EntryPoint","urlTemplate":"https:\/\/blogdobispo.com.br\/?s={search_term_string}"},"query-input":{"@type":"PropertyValueSpecification","valueRequired":true,"valueName":"search_term_string"}}],"inLanguage":"pt-BR"},{"@type":"Organization","@id":"https:\/\/blogdobispo.com.br\/#organization","name":"Blog do Bispo","url":"https:\/\/blogdobispo.com.br\/","logo":{"@type":"ImageObject","inLanguage":"pt-BR","@id":"https:\/\/blogdobispo.com.br\/#\/schema\/logo\/image\/","url":"http:\/\/blogdobispo.com.br\/wp-content\/uploads\/2023\/05\/cropped-headear.png","contentUrl":"http:\/\/blogdobispo.com.br\/wp-content\/uploads\/2023\/05\/cropped-headear.png","width":1500,"height":399,"caption":"Blog do Bispo"},"image":{"@id":"https:\/\/blogdobispo.com.br\/#\/schema\/logo\/image\/"}},{"@type":"Person","@id":"https:\/\/blogdobispo.com.br\/#\/schema\/person\/e2209cc0e6cea5c5233d033e997b373f","name":"Jefferson Sterfeno","image":{"@type":"ImageObject","inLanguage":"pt-BR","@id":"https:\/\/blogdobispo.com.br\/#\/schema\/person\/image\/","url":"https:\/\/secure.gravatar.com\/avatar\/0534e84764641168a677026b6d57a3f51dc7ac4db0b4f6186d9cb330d4ee1160?s=96&d=mm&r=g","contentUrl":"https:\/\/secure.gravatar.com\/avatar\/0534e84764641168a677026b6d57a3f51dc7ac4db0b4f6186d9cb330d4ee1160?s=96&d=mm&r=g","caption":"Jefferson Sterfeno"},"sameAs":["http:\/\/blogdobispo.com.br"],"url":"https:\/\/blogdobispo.com.br\/?author=1"}]}},"featured_image_urls":{"full":"","thumbnail":"","medium":"","medium_large":"","large":"","1536x1536":"","2048x2048":""},"author_info":{"display_name":"Jefferson Sterfeno","author_link":"https:\/\/blogdobispo.com.br\/?author=1"},"category_info":"<a href=\"https:\/\/blogdobispo.com.br\/?cat=1\" rel=\"category\">diversos<\/a>","tag_info":"diversos","comment_count":"0","jetpack_featured_media_url":"","jetpack_sharing_enabled":true,"_links":{"self":[{"href":"https:\/\/blogdobispo.com.br\/index.php?rest_route=\/wp\/v2\/posts\/4827","targetHints":{"allow":["GET"]}}],"collection":[{"href":"https:\/\/blogdobispo.com.br\/index.php?rest_route=\/wp\/v2\/posts"}],"about":[{"href":"https:\/\/blogdobispo.com.br\/index.php?rest_route=\/wp\/v2\/types\/post"}],"author":[{"embeddable":true,"href":"https:\/\/blogdobispo.com.br\/index.php?rest_route=\/wp\/v2\/users\/1"}],"replies":[{"embeddable":true,"href":"https:\/\/blogdobispo.com.br\/index.php?rest_route=%2Fwp%2Fv2%2Fcomments&post=4827"}],"version-history":[{"count":0,"href":"https:\/\/blogdobispo.com.br\/index.php?rest_route=\/wp\/v2\/posts\/4827\/revisions"}],"wp:attachment":[{"href":"https:\/\/blogdobispo.com.br\/index.php?rest_route=%2Fwp%2Fv2%2Fmedia&parent=4827"}],"wp:term":[{"taxonomy":"category","embeddable":true,"href":"https:\/\/blogdobispo.com.br\/index.php?rest_route=%2Fwp%2Fv2%2Fcategories&post=4827"},{"taxonomy":"post_tag","embeddable":true,"href":"https:\/\/blogdobispo.com.br\/index.php?rest_route=%2Fwp%2Fv2%2Ftags&post=4827"}],"curies":[{"name":"wp","href":"https:\/\/api.w.org\/{rel}","templated":true}]}}