{"id":4826,"date":"2025-03-18T21:44:56","date_gmt":"2025-03-18T21:44:56","guid":{"rendered":"https:\/\/blogdobispo.com.br\/?p=4826"},"modified":"2025-03-18T21:44:56","modified_gmt":"2025-03-18T21:44:56","slug":"justica-eleitoral-devera-manter-allan-delon-e-elaine-carneiro-nos-mandatos-respeitando-a-vontade-popular","status":"publish","type":"post","link":"https:\/\/blogdobispo.com.br\/?p=4826","title":{"rendered":"Justi\u00e7a Eleitoral dever\u00e1 manter Allan Delon e Elaine Carneiro nos mandatos respeitando a vontade popular"},"content":{"rendered":"\n<figure class=\"wp-block-image size-large\"><img data-recalc-dims=\"1\" fetchpriority=\"high\" decoding=\"async\" width=\"513\" height=\"319\" src=\"https:\/\/i0.wp.com\/blogdobispo.com.br\/wp-content\/uploads\/2025\/03\/16323cd4-1579-47ac-87fc-fb04e004cb8d-1.jpg?resize=513%2C319&#038;ssl=1\" class=\"wp-image-4825\" srcset=\"https:\/\/i0.wp.com\/blogdobispo.com.br\/wp-content\/uploads\/2025\/03\/16323cd4-1579-47ac-87fc-fb04e004cb8d-1.jpg?w=513&amp;ssl=1 513w, https:\/\/i0.wp.com\/blogdobispo.com.br\/wp-content\/uploads\/2025\/03\/16323cd4-1579-47ac-87fc-fb04e004cb8d-1.jpg?resize=300%2C187&amp;ssl=1 300w\" sizes=\"(max-width: 513px) 100vw, 513px\" \/><\/figure>\n\n\n\n<p>Entenda o caso que envolve dois vereadores em Extremoz.<\/p>\n\n\n\n<p>O Minist\u00e9rio P\u00fablico em seu parece nos trazem as seguintes argumenta\u00e7\u00f5es:<\/p>\n\n\n\n<p>\u2026.essa pr\u00e1tica inaceit\u00e1vel de lan\u00e7amento fict\u00edcio de candidaturas femininas se deu o nome de fraude \u00e0 cota g\u00eanero que, conforme o assentado pelo STF, no julgamento da ADI 6338\/DF, materializa conduta transgressora da cidadania (art. 1\u00ba, II, da CF\/88), do pluralismo pol\u00edtico (art. 1\u00ba, V, da CF\/88), da isonomia (art. 5\u00ba, I, da CF\/88), al\u00e9m de, ironicamente, subverter uma pol\u00edtica p\u00fablica criada pelos pr\u00f3prios membros (eleitos) das agremia\u00e7\u00f5es partid\u00e1rias.<\/p>\n\n\n\n<p>Com o prop\u00f3sito de combater a fraude \u00e0 cota de g\u00eanero, o Tribunal Superior Eleitoral estabeleceu par\u00e2metros para a verifica\u00e7\u00e3o da fraude atrav\u00e9s da S\u00famula 73 \u2013<br \/>TSE, vejamos:<\/p>\n\n\n\n<p>A fraude \u00e0 cota de g\u00eanero, consistente no desrespeito ao percentual m\u00ednimo de 30% (trinta por cento) de candidaturas femininas, nos termos do art. 10, \u00a7 3\u00ba, da Lei n. 9.504\/97, configura-se com a presen\u00e7a de um ou alguns dos seguintes elementos, quando os fatos e as circunst\u00e2ncias do caso concreto assim permitirem concluir:<\/p>\n\n\n\n<p>1) vota\u00e7\u00e3o zerada ou inexpressiva;<\/p>\n\n\n\n<p>2) presta\u00e7\u00e3o de contas zerada, padronizada ou aus\u00eancia de movimenta\u00e7\u00e3o<br \/>financeira relevante; e<\/p>\n\n\n\n<p>(3) aus\u00eancia de atos efetivos de campanhas, divulga\u00e7\u00e3o ou promo\u00e7\u00e3o da candidatura de terceiros.<\/p>\n\n\n\n<p>Fa\u00e7amos um comparativo da vota\u00e7\u00e3o de Wilka de um total de 15 votos com as candidatas do partido Uni\u00e3o Brasil que h\u00e1 02 (duas) mulheres: Nat\u00e1lia Abade (16 votos) e Karla Andreza (17 votos), ambas tiveram a vota\u00e7\u00e3o equivalente a de Wilka Fran\u00e7a.<\/p>\n\n\n\n<p>Wilka Fran\u00e7a apesar de se declarar candidata Fake na verdade h\u00e1 v\u00eddeos da mesma fazendo campanha, fatos que mostram sua vota\u00e7\u00e3o por toda extremoz com a seguinte vota\u00e7\u00e3o:<\/p>\n\n\n\n<p>Jardim de Extremoz (7 votos)<br \/>Centro ( 4 votos)<br \/>Moinho dos ventos ( 2 votos)<br \/>Zona rural (1 voto)<br \/>Central parque (1 voto)<\/p>\n\n\n\n<p>Atestando que Wilka Fran\u00e7a FEZ CAMPANHA, PEDIU VOTOS E DISTRIBUIU SEU MATERIAL DE CAMPANHA contendo seu nome Wilka Fran\u00e7a, sua foto e seu n\u00famero 10100.<\/p>\n\n\n\n<p>A Wilka Fran\u00e7a que hoje se declara candidata \u201cLaranja\u201d nunca solicitou a renuncia (desist\u00eancia) junto ao cart\u00f3rio eleitoral, corroborando que Wilka NUNCA foi candidata Fake.<\/p>\n\n\n\n<p>Logo, o Cart\u00f3rio Eleitoral dever\u00e1 manter a vontade popular dos eleitos Eliane Carneiro e Alan Delon pelo voto direto .<\/p>\n","protected":false},"excerpt":{"rendered":"<p>Entenda o caso que envolve dois vereadores em Extremoz. O Minist\u00e9rio P\u00fablico em seu parece nos trazem as seguintes argumenta\u00e7\u00f5es: \u2026.essa pr\u00e1tica inaceit\u00e1vel de lan\u00e7amento fict\u00edcio de candidaturas femininas se deu o nome de fraude \u00e0 cota g\u00eanero que, conforme o assentado pelo STF, no julgamento da ADI 6338\/DF, materializa conduta transgressora da cidadania (art. [&hellip;]<\/p>\n","protected":false},"author":1,"featured_media":0,"comment_status":"open","ping_status":"open","sticky":false,"template":"","format":"standard","meta":{"cybocfi_hide_featured_image":"","_jetpack_memberships_contains_paid_content":false,"footnotes":""},"categories":[1],"tags":[],"class_list":["post-4826","post","type-post","status-publish","format-standard","hentry","category-diversos"],"yoast_head":"<!-- This site is optimized with the Yoast SEO plugin v25.6 - https:\/\/yoast.com\/wordpress\/plugins\/seo\/ -->\n<title>Justi\u00e7a Eleitoral dever\u00e1 manter Allan Delon e Elaine Carneiro nos mandatos respeitando a vontade popular - Blog do Bispo<\/title>\n<meta name=\"robots\" content=\"index, follow, max-snippet:-1, max-image-preview:large, max-video-preview:-1\" \/>\n<link rel=\"canonical\" href=\"https:\/\/blogdobispo.com.br\/?p=4826\" \/>\n<meta property=\"og:locale\" content=\"pt_BR\" \/>\n<meta property=\"og:type\" content=\"article\" \/>\n<meta property=\"og:title\" content=\"Justi\u00e7a Eleitoral dever\u00e1 manter Allan Delon e Elaine Carneiro nos mandatos respeitando a vontade popular - Blog do Bispo\" \/>\n<meta property=\"og:description\" content=\"Entenda o caso que envolve dois vereadores em Extremoz. O Minist\u00e9rio P\u00fablico em seu parece nos trazem as seguintes argumenta\u00e7\u00f5es: \u2026.essa pr\u00e1tica inaceit\u00e1vel de lan\u00e7amento fict\u00edcio de candidaturas femininas se deu o nome de fraude \u00e0 cota g\u00eanero que, conforme o assentado pelo STF, no julgamento da ADI 6338\/DF, materializa conduta transgressora da cidadania (art. [&hellip;]\" \/>\n<meta property=\"og:url\" content=\"https:\/\/blogdobispo.com.br\/?p=4826\" \/>\n<meta property=\"og:site_name\" content=\"Blog do Bispo\" \/>\n<meta property=\"article:published_time\" content=\"2025-03-18T21:44:56+00:00\" \/>\n<meta property=\"og:image\" content=\"https:\/\/blogdobispo.com.br\/wp-content\/uploads\/2025\/03\/16323cd4-1579-47ac-87fc-fb04e004cb8d-1.jpg\" \/>\n<meta name=\"author\" content=\"Jefferson Sterfeno\" \/>\n<meta name=\"twitter:card\" content=\"summary_large_image\" \/>\n<meta name=\"twitter:label1\" content=\"Escrito por\" \/>\n\t<meta name=\"twitter:data1\" content=\"Jefferson Sterfeno\" \/>\n\t<meta name=\"twitter:label2\" content=\"Est. tempo de leitura\" \/>\n\t<meta name=\"twitter:data2\" content=\"2 minutos\" \/>\n<script type=\"application\/ld+json\" class=\"yoast-schema-graph\">{\"@context\":\"https:\/\/schema.org\",\"@graph\":[{\"@type\":\"Article\",\"@id\":\"https:\/\/blogdobispo.com.br\/?p=4826#article\",\"isPartOf\":{\"@id\":\"https:\/\/blogdobispo.com.br\/?p=4826\"},\"author\":{\"name\":\"Jefferson Sterfeno\",\"@id\":\"https:\/\/blogdobispo.com.br\/#\/schema\/person\/e2209cc0e6cea5c5233d033e997b373f\"},\"headline\":\"Justi\u00e7a Eleitoral dever\u00e1 manter Allan Delon e Elaine Carneiro nos mandatos respeitando a vontade popular\",\"datePublished\":\"2025-03-18T21:44:56+00:00\",\"mainEntityOfPage\":{\"@id\":\"https:\/\/blogdobispo.com.br\/?p=4826\"},\"wordCount\":403,\"commentCount\":0,\"publisher\":{\"@id\":\"https:\/\/blogdobispo.com.br\/#organization\"},\"image\":{\"@id\":\"https:\/\/blogdobispo.com.br\/?p=4826#primaryimage\"},\"thumbnailUrl\":\"https:\/\/blogdobispo.com.br\/wp-content\/uploads\/2025\/03\/16323cd4-1579-47ac-87fc-fb04e004cb8d-1.jpg\",\"articleSection\":[\"diversos\"],\"inLanguage\":\"pt-BR\",\"potentialAction\":[{\"@type\":\"CommentAction\",\"name\":\"Comment\",\"target\":[\"https:\/\/blogdobispo.com.br\/?p=4826#respond\"]}]},{\"@type\":\"WebPage\",\"@id\":\"https:\/\/blogdobispo.com.br\/?p=4826\",\"url\":\"https:\/\/blogdobispo.com.br\/?p=4826\",\"name\":\"Justi\u00e7a Eleitoral dever\u00e1 manter Allan Delon e Elaine Carneiro nos mandatos respeitando a vontade popular - Blog do Bispo\",\"isPartOf\":{\"@id\":\"https:\/\/blogdobispo.com.br\/#website\"},\"primaryImageOfPage\":{\"@id\":\"https:\/\/blogdobispo.com.br\/?p=4826#primaryimage\"},\"image\":{\"@id\":\"https:\/\/blogdobispo.com.br\/?p=4826#primaryimage\"},\"thumbnailUrl\":\"https:\/\/blogdobispo.com.br\/wp-content\/uploads\/2025\/03\/16323cd4-1579-47ac-87fc-fb04e004cb8d-1.jpg\",\"datePublished\":\"2025-03-18T21:44:56+00:00\",\"breadcrumb\":{\"@id\":\"https:\/\/blogdobispo.com.br\/?p=4826#breadcrumb\"},\"inLanguage\":\"pt-BR\",\"potentialAction\":[{\"@type\":\"ReadAction\",\"target\":[\"https:\/\/blogdobispo.com.br\/?p=4826\"]}]},{\"@type\":\"ImageObject\",\"inLanguage\":\"pt-BR\",\"@id\":\"https:\/\/blogdobispo.com.br\/?p=4826#primaryimage\",\"url\":\"https:\/\/blogdobispo.com.br\/wp-content\/uploads\/2025\/03\/16323cd4-1579-47ac-87fc-fb04e004cb8d-1.jpg\",\"contentUrl\":\"https:\/\/blogdobispo.com.br\/wp-content\/uploads\/2025\/03\/16323cd4-1579-47ac-87fc-fb04e004cb8d-1.jpg\"},{\"@type\":\"BreadcrumbList\",\"@id\":\"https:\/\/blogdobispo.com.br\/?p=4826#breadcrumb\",\"itemListElement\":[{\"@type\":\"ListItem\",\"position\":1,\"name\":\"In\u00edcio\",\"item\":\"https:\/\/blogdobispo.com.br\/\"},{\"@type\":\"ListItem\",\"position\":2,\"name\":\"Justi\u00e7a Eleitoral dever\u00e1 manter Allan Delon e Elaine Carneiro nos mandatos respeitando a vontade popular\"}]},{\"@type\":\"WebSite\",\"@id\":\"https:\/\/blogdobispo.com.br\/#website\",\"url\":\"https:\/\/blogdobispo.com.br\/\",\"name\":\"Blog do Bispo\",\"description\":\"Comprometido apenas com o leitor\",\"publisher\":{\"@id\":\"https:\/\/blogdobispo.com.br\/#organization\"},\"potentialAction\":[{\"@type\":\"SearchAction\",\"target\":{\"@type\":\"EntryPoint\",\"urlTemplate\":\"https:\/\/blogdobispo.com.br\/?s={search_term_string}\"},\"query-input\":{\"@type\":\"PropertyValueSpecification\",\"valueRequired\":true,\"valueName\":\"search_term_string\"}}],\"inLanguage\":\"pt-BR\"},{\"@type\":\"Organization\",\"@id\":\"https:\/\/blogdobispo.com.br\/#organization\",\"name\":\"Blog do Bispo\",\"url\":\"https:\/\/blogdobispo.com.br\/\",\"logo\":{\"@type\":\"ImageObject\",\"inLanguage\":\"pt-BR\",\"@id\":\"https:\/\/blogdobispo.com.br\/#\/schema\/logo\/image\/\",\"url\":\"http:\/\/blogdobispo.com.br\/wp-content\/uploads\/2023\/05\/cropped-headear.png\",\"contentUrl\":\"http:\/\/blogdobispo.com.br\/wp-content\/uploads\/2023\/05\/cropped-headear.png\",\"width\":1500,\"height\":399,\"caption\":\"Blog do Bispo\"},\"image\":{\"@id\":\"https:\/\/blogdobispo.com.br\/#\/schema\/logo\/image\/\"}},{\"@type\":\"Person\",\"@id\":\"https:\/\/blogdobispo.com.br\/#\/schema\/person\/e2209cc0e6cea5c5233d033e997b373f\",\"name\":\"Jefferson Sterfeno\",\"image\":{\"@type\":\"ImageObject\",\"inLanguage\":\"pt-BR\",\"@id\":\"https:\/\/blogdobispo.com.br\/#\/schema\/person\/image\/\",\"url\":\"https:\/\/secure.gravatar.com\/avatar\/0534e84764641168a677026b6d57a3f51dc7ac4db0b4f6186d9cb330d4ee1160?s=96&d=mm&r=g\",\"contentUrl\":\"https:\/\/secure.gravatar.com\/avatar\/0534e84764641168a677026b6d57a3f51dc7ac4db0b4f6186d9cb330d4ee1160?s=96&d=mm&r=g\",\"caption\":\"Jefferson Sterfeno\"},\"sameAs\":[\"http:\/\/blogdobispo.com.br\"],\"url\":\"https:\/\/blogdobispo.com.br\/?author=1\"}]}<\/script>\n<!-- \/ Yoast SEO plugin. -->","yoast_head_json":{"title":"Justi\u00e7a Eleitoral dever\u00e1 manter Allan Delon e Elaine Carneiro nos mandatos respeitando a vontade popular - Blog do Bispo","robots":{"index":"index","follow":"follow","max-snippet":"max-snippet:-1","max-image-preview":"max-image-preview:large","max-video-preview":"max-video-preview:-1"},"canonical":"https:\/\/blogdobispo.com.br\/?p=4826","og_locale":"pt_BR","og_type":"article","og_title":"Justi\u00e7a Eleitoral dever\u00e1 manter Allan Delon e Elaine Carneiro nos mandatos respeitando a vontade popular - Blog do Bispo","og_description":"Entenda o caso que envolve dois vereadores em Extremoz. O Minist\u00e9rio P\u00fablico em seu parece nos trazem as seguintes argumenta\u00e7\u00f5es: \u2026.essa pr\u00e1tica inaceit\u00e1vel de lan\u00e7amento fict\u00edcio de candidaturas femininas se deu o nome de fraude \u00e0 cota g\u00eanero que, conforme o assentado pelo STF, no julgamento da ADI 6338\/DF, materializa conduta transgressora da cidadania (art. [&hellip;]","og_url":"https:\/\/blogdobispo.com.br\/?p=4826","og_site_name":"Blog do Bispo","article_published_time":"2025-03-18T21:44:56+00:00","og_image":[{"url":"https:\/\/blogdobispo.com.br\/wp-content\/uploads\/2025\/03\/16323cd4-1579-47ac-87fc-fb04e004cb8d-1.jpg","type":"","width":"","height":""}],"author":"Jefferson Sterfeno","twitter_card":"summary_large_image","twitter_misc":{"Escrito por":"Jefferson Sterfeno","Est. tempo de leitura":"2 minutos"},"schema":{"@context":"https:\/\/schema.org","@graph":[{"@type":"Article","@id":"https:\/\/blogdobispo.com.br\/?p=4826#article","isPartOf":{"@id":"https:\/\/blogdobispo.com.br\/?p=4826"},"author":{"name":"Jefferson Sterfeno","@id":"https:\/\/blogdobispo.com.br\/#\/schema\/person\/e2209cc0e6cea5c5233d033e997b373f"},"headline":"Justi\u00e7a Eleitoral dever\u00e1 manter Allan Delon e Elaine Carneiro nos mandatos respeitando a vontade popular","datePublished":"2025-03-18T21:44:56+00:00","mainEntityOfPage":{"@id":"https:\/\/blogdobispo.com.br\/?p=4826"},"wordCount":403,"commentCount":0,"publisher":{"@id":"https:\/\/blogdobispo.com.br\/#organization"},"image":{"@id":"https:\/\/blogdobispo.com.br\/?p=4826#primaryimage"},"thumbnailUrl":"https:\/\/blogdobispo.com.br\/wp-content\/uploads\/2025\/03\/16323cd4-1579-47ac-87fc-fb04e004cb8d-1.jpg","articleSection":["diversos"],"inLanguage":"pt-BR","potentialAction":[{"@type":"CommentAction","name":"Comment","target":["https:\/\/blogdobispo.com.br\/?p=4826#respond"]}]},{"@type":"WebPage","@id":"https:\/\/blogdobispo.com.br\/?p=4826","url":"https:\/\/blogdobispo.com.br\/?p=4826","name":"Justi\u00e7a Eleitoral dever\u00e1 manter Allan Delon e Elaine Carneiro nos mandatos respeitando a vontade popular - Blog do Bispo","isPartOf":{"@id":"https:\/\/blogdobispo.com.br\/#website"},"primaryImageOfPage":{"@id":"https:\/\/blogdobispo.com.br\/?p=4826#primaryimage"},"image":{"@id":"https:\/\/blogdobispo.com.br\/?p=4826#primaryimage"},"thumbnailUrl":"https:\/\/blogdobispo.com.br\/wp-content\/uploads\/2025\/03\/16323cd4-1579-47ac-87fc-fb04e004cb8d-1.jpg","datePublished":"2025-03-18T21:44:56+00:00","breadcrumb":{"@id":"https:\/\/blogdobispo.com.br\/?p=4826#breadcrumb"},"inLanguage":"pt-BR","potentialAction":[{"@type":"ReadAction","target":["https:\/\/blogdobispo.com.br\/?p=4826"]}]},{"@type":"ImageObject","inLanguage":"pt-BR","@id":"https:\/\/blogdobispo.com.br\/?p=4826#primaryimage","url":"https:\/\/blogdobispo.com.br\/wp-content\/uploads\/2025\/03\/16323cd4-1579-47ac-87fc-fb04e004cb8d-1.jpg","contentUrl":"https:\/\/blogdobispo.com.br\/wp-content\/uploads\/2025\/03\/16323cd4-1579-47ac-87fc-fb04e004cb8d-1.jpg"},{"@type":"BreadcrumbList","@id":"https:\/\/blogdobispo.com.br\/?p=4826#breadcrumb","itemListElement":[{"@type":"ListItem","position":1,"name":"In\u00edcio","item":"https:\/\/blogdobispo.com.br\/"},{"@type":"ListItem","position":2,"name":"Justi\u00e7a Eleitoral dever\u00e1 manter Allan Delon e Elaine Carneiro nos mandatos respeitando a vontade popular"}]},{"@type":"WebSite","@id":"https:\/\/blogdobispo.com.br\/#website","url":"https:\/\/blogdobispo.com.br\/","name":"Blog do Bispo","description":"Comprometido apenas com o leitor","publisher":{"@id":"https:\/\/blogdobispo.com.br\/#organization"},"potentialAction":[{"@type":"SearchAction","target":{"@type":"EntryPoint","urlTemplate":"https:\/\/blogdobispo.com.br\/?s={search_term_string}"},"query-input":{"@type":"PropertyValueSpecification","valueRequired":true,"valueName":"search_term_string"}}],"inLanguage":"pt-BR"},{"@type":"Organization","@id":"https:\/\/blogdobispo.com.br\/#organization","name":"Blog do Bispo","url":"https:\/\/blogdobispo.com.br\/","logo":{"@type":"ImageObject","inLanguage":"pt-BR","@id":"https:\/\/blogdobispo.com.br\/#\/schema\/logo\/image\/","url":"http:\/\/blogdobispo.com.br\/wp-content\/uploads\/2023\/05\/cropped-headear.png","contentUrl":"http:\/\/blogdobispo.com.br\/wp-content\/uploads\/2023\/05\/cropped-headear.png","width":1500,"height":399,"caption":"Blog do Bispo"},"image":{"@id":"https:\/\/blogdobispo.com.br\/#\/schema\/logo\/image\/"}},{"@type":"Person","@id":"https:\/\/blogdobispo.com.br\/#\/schema\/person\/e2209cc0e6cea5c5233d033e997b373f","name":"Jefferson Sterfeno","image":{"@type":"ImageObject","inLanguage":"pt-BR","@id":"https:\/\/blogdobispo.com.br\/#\/schema\/person\/image\/","url":"https:\/\/secure.gravatar.com\/avatar\/0534e84764641168a677026b6d57a3f51dc7ac4db0b4f6186d9cb330d4ee1160?s=96&d=mm&r=g","contentUrl":"https:\/\/secure.gravatar.com\/avatar\/0534e84764641168a677026b6d57a3f51dc7ac4db0b4f6186d9cb330d4ee1160?s=96&d=mm&r=g","caption":"Jefferson Sterfeno"},"sameAs":["http:\/\/blogdobispo.com.br"],"url":"https:\/\/blogdobispo.com.br\/?author=1"}]}},"featured_image_urls":{"full":"","thumbnail":"","medium":"","medium_large":"","large":"","1536x1536":"","2048x2048":""},"author_info":{"display_name":"Jefferson Sterfeno","author_link":"https:\/\/blogdobispo.com.br\/?author=1"},"category_info":"<a href=\"https:\/\/blogdobispo.com.br\/?cat=1\" rel=\"category\">diversos<\/a>","tag_info":"diversos","comment_count":"0","jetpack_featured_media_url":"","jetpack_sharing_enabled":true,"_links":{"self":[{"href":"https:\/\/blogdobispo.com.br\/index.php?rest_route=\/wp\/v2\/posts\/4826","targetHints":{"allow":["GET"]}}],"collection":[{"href":"https:\/\/blogdobispo.com.br\/index.php?rest_route=\/wp\/v2\/posts"}],"about":[{"href":"https:\/\/blogdobispo.com.br\/index.php?rest_route=\/wp\/v2\/types\/post"}],"author":[{"embeddable":true,"href":"https:\/\/blogdobispo.com.br\/index.php?rest_route=\/wp\/v2\/users\/1"}],"replies":[{"embeddable":true,"href":"https:\/\/blogdobispo.com.br\/index.php?rest_route=%2Fwp%2Fv2%2Fcomments&post=4826"}],"version-history":[{"count":0,"href":"https:\/\/blogdobispo.com.br\/index.php?rest_route=\/wp\/v2\/posts\/4826\/revisions"}],"wp:attachment":[{"href":"https:\/\/blogdobispo.com.br\/index.php?rest_route=%2Fwp%2Fv2%2Fmedia&parent=4826"}],"wp:term":[{"taxonomy":"category","embeddable":true,"href":"https:\/\/blogdobispo.com.br\/index.php?rest_route=%2Fwp%2Fv2%2Fcategories&post=4826"},{"taxonomy":"post_tag","embeddable":true,"href":"https:\/\/blogdobispo.com.br\/index.php?rest_route=%2Fwp%2Fv2%2Ftags&post=4826"}],"curies":[{"name":"wp","href":"https:\/\/api.w.org\/{rel}","templated":true}]}}