{"id":4822,"date":"2025-03-17T17:45:40","date_gmt":"2025-03-17T17:45:40","guid":{"rendered":"https:\/\/blogdobispo.com.br\/?p=4822"},"modified":"2025-03-17T17:45:40","modified_gmt":"2025-03-17T17:45:40","slug":"centro-historico-de-natal-vereador-fulvio-articula-movimento-pela-revitalizacao-da-regiao","status":"publish","type":"post","link":"https:\/\/blogdobispo.com.br\/?p=4822","title":{"rendered":"Centro Hist\u00f3rico de Natal: Vereador F\u00falvio Articula Movimento pela Revitaliza\u00e7\u00e3o da Regi\u00e3o"},"content":{"rendered":"\n<p>O Centro Hist\u00f3rico de Natal, um dos principais patrim\u00f4nios culturais da cidade, pode estar prestes a ganhar um novo cap\u00edtulo em sua hist\u00f3ria. O vereador F\u00falvio Mafaldo, presidente da Comiss\u00e3o de Com\u00e9rcio, Ind\u00fastria, Turismo e Empreendedorismo, est\u00e1 articulando um projeto para a revitaliza\u00e7\u00e3o e refuncionaliza\u00e7\u00e3o da \u00e1rea.<\/p>\n\n\n\n<p>A proposta vai al\u00e9m da simples restaura\u00e7\u00e3o de pr\u00e9dios antigos. A ideia \u00e9 dar novas fun\u00e7\u00f5es a esses espa\u00e7os, trazendo empresas, startups e iniciativas culturais para movimentar a regi\u00e3o e estimular o turismo e a economia local.<\/p>\n\n\n\n<p>\u201cA necessidade de agir em rela\u00e7\u00e3o ao nosso Centro Hist\u00f3rico \u00e9 consenso. O que precisamos agora \u00e9 convergir as boas iniciativas para um mesmo ponto, fortalecendo assim o movimento\u201d, destacou o vereador F\u00falvio.<\/p>\n\n\n\n<p>Para ampliar o debate e ouvir ideias da popula\u00e7\u00e3o, o mandato de F\u00falvio ir\u00e1 promover uma audi\u00eancia p\u00fablica no pr\u00f3ximo dia 29 de abril, na C\u00e2mara Municipal de Natal. O evento ser\u00e1 uma oportunidade para que moradores, comerciantes e institui\u00e7\u00f5es participem ativamente da constru\u00e7\u00e3o desse projeto.<\/p>\n\n\n\n<p>\u201cEssa regi\u00e3o \u00e9 o cora\u00e7\u00e3o da nossa cidade e precisa voltar a pulsar com for\u00e7a. S\u00f3 vamos conseguir isso se trabalharmos juntos\u201d, concluiu o parlamentar.<\/p>\n\n\n\n<p>A audi\u00eancia p\u00fablica ser\u00e1 no dia 29 de abril, na C\u00e2mara Municipal de Natal. Participe e ajude a construir um novo futuro para o nosso Centro Hist\u00f3rico!<\/p>\n\n\n\n<figure class=\"wp-block-image size-large\"><img data-recalc-dims=\"1\" fetchpriority=\"high\" decoding=\"async\" width=\"389\" height=\"274\" src=\"https:\/\/i0.wp.com\/blogdobispo.com.br\/wp-content\/uploads\/2025\/03\/img_3353-1.png?resize=389%2C274&#038;ssl=1\" class=\"wp-image-4821\" srcset=\"https:\/\/i0.wp.com\/blogdobispo.com.br\/wp-content\/uploads\/2025\/03\/img_3353-1.png?w=389&amp;ssl=1 389w, https:\/\/i0.wp.com\/blogdobispo.com.br\/wp-content\/uploads\/2025\/03\/img_3353-1.png?resize=300%2C211&amp;ssl=1 300w\" sizes=\"(max-width: 389px) 100vw, 389px\" \/><\/figure>\n","protected":false},"excerpt":{"rendered":"<p>O Centro Hist\u00f3rico de Natal, um dos principais patrim\u00f4nios culturais da cidade, pode estar prestes a ganhar um novo cap\u00edtulo em sua hist\u00f3ria. O vereador F\u00falvio Mafaldo, presidente da Comiss\u00e3o de Com\u00e9rcio, Ind\u00fastria, Turismo e Empreendedorismo, est\u00e1 articulando um projeto para a revitaliza\u00e7\u00e3o e refuncionaliza\u00e7\u00e3o da \u00e1rea. A proposta vai al\u00e9m da simples restaura\u00e7\u00e3o de [&hellip;]<\/p>\n","protected":false},"author":1,"featured_media":0,"comment_status":"open","ping_status":"open","sticky":false,"template":"","format":"standard","meta":{"cybocfi_hide_featured_image":"","_jetpack_memberships_contains_paid_content":false,"footnotes":""},"categories":[1],"tags":[],"class_list":["post-4822","post","type-post","status-publish","format-standard","hentry","category-diversos"],"yoast_head":"<!-- This site is optimized with the Yoast SEO plugin v25.6 - https:\/\/yoast.com\/wordpress\/plugins\/seo\/ -->\n<title>Centro Hist\u00f3rico de Natal: Vereador F\u00falvio Articula Movimento pela Revitaliza\u00e7\u00e3o da Regi\u00e3o - Blog do Bispo<\/title>\n<meta name=\"robots\" content=\"index, follow, max-snippet:-1, max-image-preview:large, max-video-preview:-1\" \/>\n<link rel=\"canonical\" href=\"https:\/\/blogdobispo.com.br\/?p=4822\" \/>\n<meta property=\"og:locale\" content=\"pt_BR\" \/>\n<meta property=\"og:type\" content=\"article\" \/>\n<meta property=\"og:title\" content=\"Centro Hist\u00f3rico de Natal: Vereador F\u00falvio Articula Movimento pela Revitaliza\u00e7\u00e3o da Regi\u00e3o - Blog do Bispo\" \/>\n<meta property=\"og:description\" content=\"O Centro Hist\u00f3rico de Natal, um dos principais patrim\u00f4nios culturais da cidade, pode estar prestes a ganhar um novo cap\u00edtulo em sua hist\u00f3ria. O vereador F\u00falvio Mafaldo, presidente da Comiss\u00e3o de Com\u00e9rcio, Ind\u00fastria, Turismo e Empreendedorismo, est\u00e1 articulando um projeto para a revitaliza\u00e7\u00e3o e refuncionaliza\u00e7\u00e3o da \u00e1rea. A proposta vai al\u00e9m da simples restaura\u00e7\u00e3o de [&hellip;]\" \/>\n<meta property=\"og:url\" content=\"https:\/\/blogdobispo.com.br\/?p=4822\" \/>\n<meta property=\"og:site_name\" content=\"Blog do Bispo\" \/>\n<meta property=\"article:published_time\" content=\"2025-03-17T17:45:40+00:00\" \/>\n<meta property=\"og:image\" content=\"https:\/\/blogdobispo.com.br\/wp-content\/uploads\/2025\/03\/img_3353-1.png\" \/>\n<meta name=\"author\" content=\"Jefferson Sterfeno\" \/>\n<meta name=\"twitter:card\" content=\"summary_large_image\" \/>\n<meta name=\"twitter:label1\" content=\"Escrito por\" \/>\n\t<meta name=\"twitter:data1\" content=\"Jefferson Sterfeno\" \/>\n\t<meta name=\"twitter:label2\" content=\"Est. tempo de leitura\" \/>\n\t<meta name=\"twitter:data2\" content=\"1 minuto\" \/>\n<script type=\"application\/ld+json\" class=\"yoast-schema-graph\">{\"@context\":\"https:\/\/schema.org\",\"@graph\":[{\"@type\":\"Article\",\"@id\":\"https:\/\/blogdobispo.com.br\/?p=4822#article\",\"isPartOf\":{\"@id\":\"https:\/\/blogdobispo.com.br\/?p=4822\"},\"author\":{\"name\":\"Jefferson Sterfeno\",\"@id\":\"https:\/\/blogdobispo.com.br\/#\/schema\/person\/e2209cc0e6cea5c5233d033e997b373f\"},\"headline\":\"Centro Hist\u00f3rico de Natal: Vereador F\u00falvio Articula Movimento pela Revitaliza\u00e7\u00e3o da Regi\u00e3o\",\"datePublished\":\"2025-03-17T17:45:40+00:00\",\"mainEntityOfPage\":{\"@id\":\"https:\/\/blogdobispo.com.br\/?p=4822\"},\"wordCount\":259,\"commentCount\":0,\"publisher\":{\"@id\":\"https:\/\/blogdobispo.com.br\/#organization\"},\"image\":{\"@id\":\"https:\/\/blogdobispo.com.br\/?p=4822#primaryimage\"},\"thumbnailUrl\":\"https:\/\/blogdobispo.com.br\/wp-content\/uploads\/2025\/03\/img_3353-1.png\",\"articleSection\":[\"diversos\"],\"inLanguage\":\"pt-BR\",\"potentialAction\":[{\"@type\":\"CommentAction\",\"name\":\"Comment\",\"target\":[\"https:\/\/blogdobispo.com.br\/?p=4822#respond\"]}]},{\"@type\":\"WebPage\",\"@id\":\"https:\/\/blogdobispo.com.br\/?p=4822\",\"url\":\"https:\/\/blogdobispo.com.br\/?p=4822\",\"name\":\"Centro Hist\u00f3rico de Natal: Vereador F\u00falvio Articula Movimento pela Revitaliza\u00e7\u00e3o da Regi\u00e3o - Blog do Bispo\",\"isPartOf\":{\"@id\":\"https:\/\/blogdobispo.com.br\/#website\"},\"primaryImageOfPage\":{\"@id\":\"https:\/\/blogdobispo.com.br\/?p=4822#primaryimage\"},\"image\":{\"@id\":\"https:\/\/blogdobispo.com.br\/?p=4822#primaryimage\"},\"thumbnailUrl\":\"https:\/\/blogdobispo.com.br\/wp-content\/uploads\/2025\/03\/img_3353-1.png\",\"datePublished\":\"2025-03-17T17:45:40+00:00\",\"breadcrumb\":{\"@id\":\"https:\/\/blogdobispo.com.br\/?p=4822#breadcrumb\"},\"inLanguage\":\"pt-BR\",\"potentialAction\":[{\"@type\":\"ReadAction\",\"target\":[\"https:\/\/blogdobispo.com.br\/?p=4822\"]}]},{\"@type\":\"ImageObject\",\"inLanguage\":\"pt-BR\",\"@id\":\"https:\/\/blogdobispo.com.br\/?p=4822#primaryimage\",\"url\":\"https:\/\/blogdobispo.com.br\/wp-content\/uploads\/2025\/03\/img_3353-1.png\",\"contentUrl\":\"https:\/\/blogdobispo.com.br\/wp-content\/uploads\/2025\/03\/img_3353-1.png\"},{\"@type\":\"BreadcrumbList\",\"@id\":\"https:\/\/blogdobispo.com.br\/?p=4822#breadcrumb\",\"itemListElement\":[{\"@type\":\"ListItem\",\"position\":1,\"name\":\"In\u00edcio\",\"item\":\"https:\/\/blogdobispo.com.br\/\"},{\"@type\":\"ListItem\",\"position\":2,\"name\":\"Centro Hist\u00f3rico de Natal: Vereador F\u00falvio Articula Movimento pela Revitaliza\u00e7\u00e3o da Regi\u00e3o\"}]},{\"@type\":\"WebSite\",\"@id\":\"https:\/\/blogdobispo.com.br\/#website\",\"url\":\"https:\/\/blogdobispo.com.br\/\",\"name\":\"Blog do Bispo\",\"description\":\"Comprometido apenas com o leitor\",\"publisher\":{\"@id\":\"https:\/\/blogdobispo.com.br\/#organization\"},\"potentialAction\":[{\"@type\":\"SearchAction\",\"target\":{\"@type\":\"EntryPoint\",\"urlTemplate\":\"https:\/\/blogdobispo.com.br\/?s={search_term_string}\"},\"query-input\":{\"@type\":\"PropertyValueSpecification\",\"valueRequired\":true,\"valueName\":\"search_term_string\"}}],\"inLanguage\":\"pt-BR\"},{\"@type\":\"Organization\",\"@id\":\"https:\/\/blogdobispo.com.br\/#organization\",\"name\":\"Blog do Bispo\",\"url\":\"https:\/\/blogdobispo.com.br\/\",\"logo\":{\"@type\":\"ImageObject\",\"inLanguage\":\"pt-BR\",\"@id\":\"https:\/\/blogdobispo.com.br\/#\/schema\/logo\/image\/\",\"url\":\"http:\/\/blogdobispo.com.br\/wp-content\/uploads\/2023\/05\/cropped-headear.png\",\"contentUrl\":\"http:\/\/blogdobispo.com.br\/wp-content\/uploads\/2023\/05\/cropped-headear.png\",\"width\":1500,\"height\":399,\"caption\":\"Blog do Bispo\"},\"image\":{\"@id\":\"https:\/\/blogdobispo.com.br\/#\/schema\/logo\/image\/\"}},{\"@type\":\"Person\",\"@id\":\"https:\/\/blogdobispo.com.br\/#\/schema\/person\/e2209cc0e6cea5c5233d033e997b373f\",\"name\":\"Jefferson Sterfeno\",\"image\":{\"@type\":\"ImageObject\",\"inLanguage\":\"pt-BR\",\"@id\":\"https:\/\/blogdobispo.com.br\/#\/schema\/person\/image\/\",\"url\":\"https:\/\/secure.gravatar.com\/avatar\/0534e84764641168a677026b6d57a3f51dc7ac4db0b4f6186d9cb330d4ee1160?s=96&d=mm&r=g\",\"contentUrl\":\"https:\/\/secure.gravatar.com\/avatar\/0534e84764641168a677026b6d57a3f51dc7ac4db0b4f6186d9cb330d4ee1160?s=96&d=mm&r=g\",\"caption\":\"Jefferson Sterfeno\"},\"sameAs\":[\"http:\/\/blogdobispo.com.br\"],\"url\":\"https:\/\/blogdobispo.com.br\/?author=1\"}]}<\/script>\n<!-- \/ Yoast SEO plugin. -->","yoast_head_json":{"title":"Centro Hist\u00f3rico de Natal: Vereador F\u00falvio Articula Movimento pela Revitaliza\u00e7\u00e3o da Regi\u00e3o - Blog do Bispo","robots":{"index":"index","follow":"follow","max-snippet":"max-snippet:-1","max-image-preview":"max-image-preview:large","max-video-preview":"max-video-preview:-1"},"canonical":"https:\/\/blogdobispo.com.br\/?p=4822","og_locale":"pt_BR","og_type":"article","og_title":"Centro Hist\u00f3rico de Natal: Vereador F\u00falvio Articula Movimento pela Revitaliza\u00e7\u00e3o da Regi\u00e3o - Blog do Bispo","og_description":"O Centro Hist\u00f3rico de Natal, um dos principais patrim\u00f4nios culturais da cidade, pode estar prestes a ganhar um novo cap\u00edtulo em sua hist\u00f3ria. O vereador F\u00falvio Mafaldo, presidente da Comiss\u00e3o de Com\u00e9rcio, Ind\u00fastria, Turismo e Empreendedorismo, est\u00e1 articulando um projeto para a revitaliza\u00e7\u00e3o e refuncionaliza\u00e7\u00e3o da \u00e1rea. A proposta vai al\u00e9m da simples restaura\u00e7\u00e3o de [&hellip;]","og_url":"https:\/\/blogdobispo.com.br\/?p=4822","og_site_name":"Blog do Bispo","article_published_time":"2025-03-17T17:45:40+00:00","og_image":[{"url":"https:\/\/blogdobispo.com.br\/wp-content\/uploads\/2025\/03\/img_3353-1.png","type":"","width":"","height":""}],"author":"Jefferson Sterfeno","twitter_card":"summary_large_image","twitter_misc":{"Escrito por":"Jefferson Sterfeno","Est. tempo de leitura":"1 minuto"},"schema":{"@context":"https:\/\/schema.org","@graph":[{"@type":"Article","@id":"https:\/\/blogdobispo.com.br\/?p=4822#article","isPartOf":{"@id":"https:\/\/blogdobispo.com.br\/?p=4822"},"author":{"name":"Jefferson Sterfeno","@id":"https:\/\/blogdobispo.com.br\/#\/schema\/person\/e2209cc0e6cea5c5233d033e997b373f"},"headline":"Centro Hist\u00f3rico de Natal: Vereador F\u00falvio Articula Movimento pela Revitaliza\u00e7\u00e3o da Regi\u00e3o","datePublished":"2025-03-17T17:45:40+00:00","mainEntityOfPage":{"@id":"https:\/\/blogdobispo.com.br\/?p=4822"},"wordCount":259,"commentCount":0,"publisher":{"@id":"https:\/\/blogdobispo.com.br\/#organization"},"image":{"@id":"https:\/\/blogdobispo.com.br\/?p=4822#primaryimage"},"thumbnailUrl":"https:\/\/blogdobispo.com.br\/wp-content\/uploads\/2025\/03\/img_3353-1.png","articleSection":["diversos"],"inLanguage":"pt-BR","potentialAction":[{"@type":"CommentAction","name":"Comment","target":["https:\/\/blogdobispo.com.br\/?p=4822#respond"]}]},{"@type":"WebPage","@id":"https:\/\/blogdobispo.com.br\/?p=4822","url":"https:\/\/blogdobispo.com.br\/?p=4822","name":"Centro Hist\u00f3rico de Natal: Vereador F\u00falvio Articula Movimento pela Revitaliza\u00e7\u00e3o da Regi\u00e3o - Blog do Bispo","isPartOf":{"@id":"https:\/\/blogdobispo.com.br\/#website"},"primaryImageOfPage":{"@id":"https:\/\/blogdobispo.com.br\/?p=4822#primaryimage"},"image":{"@id":"https:\/\/blogdobispo.com.br\/?p=4822#primaryimage"},"thumbnailUrl":"https:\/\/blogdobispo.com.br\/wp-content\/uploads\/2025\/03\/img_3353-1.png","datePublished":"2025-03-17T17:45:40+00:00","breadcrumb":{"@id":"https:\/\/blogdobispo.com.br\/?p=4822#breadcrumb"},"inLanguage":"pt-BR","potentialAction":[{"@type":"ReadAction","target":["https:\/\/blogdobispo.com.br\/?p=4822"]}]},{"@type":"ImageObject","inLanguage":"pt-BR","@id":"https:\/\/blogdobispo.com.br\/?p=4822#primaryimage","url":"https:\/\/blogdobispo.com.br\/wp-content\/uploads\/2025\/03\/img_3353-1.png","contentUrl":"https:\/\/blogdobispo.com.br\/wp-content\/uploads\/2025\/03\/img_3353-1.png"},{"@type":"BreadcrumbList","@id":"https:\/\/blogdobispo.com.br\/?p=4822#breadcrumb","itemListElement":[{"@type":"ListItem","position":1,"name":"In\u00edcio","item":"https:\/\/blogdobispo.com.br\/"},{"@type":"ListItem","position":2,"name":"Centro Hist\u00f3rico de Natal: Vereador F\u00falvio Articula Movimento pela Revitaliza\u00e7\u00e3o da Regi\u00e3o"}]},{"@type":"WebSite","@id":"https:\/\/blogdobispo.com.br\/#website","url":"https:\/\/blogdobispo.com.br\/","name":"Blog do Bispo","description":"Comprometido apenas com o leitor","publisher":{"@id":"https:\/\/blogdobispo.com.br\/#organization"},"potentialAction":[{"@type":"SearchAction","target":{"@type":"EntryPoint","urlTemplate":"https:\/\/blogdobispo.com.br\/?s={search_term_string}"},"query-input":{"@type":"PropertyValueSpecification","valueRequired":true,"valueName":"search_term_string"}}],"inLanguage":"pt-BR"},{"@type":"Organization","@id":"https:\/\/blogdobispo.com.br\/#organization","name":"Blog do Bispo","url":"https:\/\/blogdobispo.com.br\/","logo":{"@type":"ImageObject","inLanguage":"pt-BR","@id":"https:\/\/blogdobispo.com.br\/#\/schema\/logo\/image\/","url":"http:\/\/blogdobispo.com.br\/wp-content\/uploads\/2023\/05\/cropped-headear.png","contentUrl":"http:\/\/blogdobispo.com.br\/wp-content\/uploads\/2023\/05\/cropped-headear.png","width":1500,"height":399,"caption":"Blog do Bispo"},"image":{"@id":"https:\/\/blogdobispo.com.br\/#\/schema\/logo\/image\/"}},{"@type":"Person","@id":"https:\/\/blogdobispo.com.br\/#\/schema\/person\/e2209cc0e6cea5c5233d033e997b373f","name":"Jefferson Sterfeno","image":{"@type":"ImageObject","inLanguage":"pt-BR","@id":"https:\/\/blogdobispo.com.br\/#\/schema\/person\/image\/","url":"https:\/\/secure.gravatar.com\/avatar\/0534e84764641168a677026b6d57a3f51dc7ac4db0b4f6186d9cb330d4ee1160?s=96&d=mm&r=g","contentUrl":"https:\/\/secure.gravatar.com\/avatar\/0534e84764641168a677026b6d57a3f51dc7ac4db0b4f6186d9cb330d4ee1160?s=96&d=mm&r=g","caption":"Jefferson Sterfeno"},"sameAs":["http:\/\/blogdobispo.com.br"],"url":"https:\/\/blogdobispo.com.br\/?author=1"}]}},"featured_image_urls":{"full":"","thumbnail":"","medium":"","medium_large":"","large":"","1536x1536":"","2048x2048":""},"author_info":{"display_name":"Jefferson Sterfeno","author_link":"https:\/\/blogdobispo.com.br\/?author=1"},"category_info":"<a href=\"https:\/\/blogdobispo.com.br\/?cat=1\" rel=\"category\">diversos<\/a>","tag_info":"diversos","comment_count":"0","jetpack_featured_media_url":"","jetpack_sharing_enabled":true,"_links":{"self":[{"href":"https:\/\/blogdobispo.com.br\/index.php?rest_route=\/wp\/v2\/posts\/4822","targetHints":{"allow":["GET"]}}],"collection":[{"href":"https:\/\/blogdobispo.com.br\/index.php?rest_route=\/wp\/v2\/posts"}],"about":[{"href":"https:\/\/blogdobispo.com.br\/index.php?rest_route=\/wp\/v2\/types\/post"}],"author":[{"embeddable":true,"href":"https:\/\/blogdobispo.com.br\/index.php?rest_route=\/wp\/v2\/users\/1"}],"replies":[{"embeddable":true,"href":"https:\/\/blogdobispo.com.br\/index.php?rest_route=%2Fwp%2Fv2%2Fcomments&post=4822"}],"version-history":[{"count":0,"href":"https:\/\/blogdobispo.com.br\/index.php?rest_route=\/wp\/v2\/posts\/4822\/revisions"}],"wp:attachment":[{"href":"https:\/\/blogdobispo.com.br\/index.php?rest_route=%2Fwp%2Fv2%2Fmedia&parent=4822"}],"wp:term":[{"taxonomy":"category","embeddable":true,"href":"https:\/\/blogdobispo.com.br\/index.php?rest_route=%2Fwp%2Fv2%2Fcategories&post=4822"},{"taxonomy":"post_tag","embeddable":true,"href":"https:\/\/blogdobispo.com.br\/index.php?rest_route=%2Fwp%2Fv2%2Ftags&post=4822"}],"curies":[{"name":"wp","href":"https:\/\/api.w.org\/{rel}","templated":true}]}}