{"id":4806,"date":"2025-03-15T15:41:41","date_gmt":"2025-03-15T15:41:41","guid":{"rendered":"https:\/\/blogdobispo.com.br\/?p=4806"},"modified":"2025-03-15T15:41:41","modified_gmt":"2025-03-15T15:41:41","slug":"camara-municipal-de-natal-nomeia-12-candidatos-aprovados-no-concurso-publico","status":"publish","type":"post","link":"https:\/\/blogdobispo.com.br\/?p=4806","title":{"rendered":"C\u00e2mara Municipal de Natal nomeia 12 Candidatos aprovados no Concurso P\u00fablico"},"content":{"rendered":"\n<figure class=\"wp-block-image size-large\"><img data-recalc-dims=\"1\" fetchpriority=\"high\" decoding=\"async\" width=\"800\" height=\"709\" src=\"https:\/\/i0.wp.com\/blogdobispo.com.br\/wp-content\/uploads\/2025\/03\/983342c1-bd3b-41b7-9b55-9e2fb626f621-1-1024x907.jpg?resize=800%2C709&#038;ssl=1\" class=\"wp-image-4805\" srcset=\"https:\/\/i0.wp.com\/blogdobispo.com.br\/wp-content\/uploads\/2025\/03\/983342c1-bd3b-41b7-9b55-9e2fb626f621-1.jpg?resize=1024%2C907&amp;ssl=1 1024w, https:\/\/i0.wp.com\/blogdobispo.com.br\/wp-content\/uploads\/2025\/03\/983342c1-bd3b-41b7-9b55-9e2fb626f621-1.jpg?resize=300%2C266&amp;ssl=1 300w, https:\/\/i0.wp.com\/blogdobispo.com.br\/wp-content\/uploads\/2025\/03\/983342c1-bd3b-41b7-9b55-9e2fb626f621-1.jpg?resize=768%2C680&amp;ssl=1 768w, https:\/\/i0.wp.com\/blogdobispo.com.br\/wp-content\/uploads\/2025\/03\/983342c1-bd3b-41b7-9b55-9e2fb626f621-1.jpg?w=1242&amp;ssl=1 1242w\" sizes=\"(max-width: 800px) 100vw, 800px\" \/><\/figure>\n\n\n\n<p><\/p>\n\n\n\n<p>O presidente da C\u00e2mara Municipal de Natal, vereador Eriko J\u00e1come (PP), publicou a nomea\u00e7\u00e3o de 12 convocados no Concurso P\u00fablico realizado em 2023. A medida, formalizada pela Portaria n\u00ba 0273\/2025-MD, publicada no Di\u00e1rio Oficial do Munic\u00edpio (DOM) desta sexta-feira (14), convoca os nomeados para que cumpram as formalidades previstas no Edital n\u00ba 01\/2023, bem como as exig\u00eancias legais para a posse dos cargos.<\/p>\n\n\n\n<p>De acordo com o presidente da CMN, vereador Eriko J\u00e1come (PP), os nomeados devem atender a uma s\u00e9rie de requisitos para tomar posse. \u201cA Portaria traz anexos que detalham os documentos e exames necess\u00e1rios. Entre as fun\u00e7\u00f5es contempladas, est\u00e3o os cargos de assistente legislativo nas \u00e1reas de administra\u00e7\u00e3o, assist\u00eancia geral, contabilidade, arquivologia e biblioteconomia\u201d, explicou.<\/p>\n\n\n\n<p>Entre os itens exigidos est\u00e3o o comprovante de escolaridade, c\u00f3pias de documentos de identifica\u00e7\u00e3o com foto, de CPF, de t\u00edtulo de eleitor com comprovante de vota\u00e7\u00e3o, e, para os candidatos do sexo masculino, a c\u00f3pia da carteira de reservista. Al\u00e9m disso, devem apresentar uma foto recente, c\u00f3pias de certid\u00f5es de nascimento ou casamento, e outros documentos que comprovem a qualifica\u00e7\u00e3o exigida para cada cargo.<\/p>\n\n\n\n<p>Ainda de acordo com a Portaria n\u00ba 0273\/2025-MD, os candidatos precisam apresentar certid\u00f5es negativas de antecedentes criminais, bem como uma s\u00e9rie de declara\u00e7\u00f5es, incluindo uma de bens patrimoniais e de san\u00e7\u00f5es impeditivas do exerc\u00edcio de cargo p\u00fablico. Outro requisito fundamental \u00e9 a apresenta\u00e7\u00e3o de um atestado de aptid\u00e3o f\u00edsica e mental, al\u00e9m de um comprovante de resid\u00eancia atual.<\/p>\n\n\n\n<p>A convoca\u00e7\u00e3o tamb\u00e9m estabelece uma lista rigorosa de exames m\u00e9dicos que os nomeados devem realizar. Entre esses, est\u00e3o hemograma completo, glicemia em jejum, testes de fun\u00e7\u00e3o hep\u00e1tica, al\u00e9m de exames card\u00edacos, como o eletrocardiograma. Para os candidatos do sexo masculino com mais de 40 anos, \u00e9 solicitado o exame de PSA livre e total.<\/p>\n\n\n\n<p>\u201cEssa convoca\u00e7\u00e3o reflete o compromisso da C\u00e2mara Municipal de Natal com a transpar\u00eancia e a efici\u00eancia na gest\u00e3o p\u00fablica e visa garantir que os novos servidores sejam devidamente qualificados e estejam aptos a exercer suas fun\u00e7\u00f5es com responsabilidade\u201d, disse o presidente.<\/p>\n","protected":false},"excerpt":{"rendered":"<p>O presidente da C\u00e2mara Municipal de Natal, vereador Eriko J\u00e1come (PP), publicou a nomea\u00e7\u00e3o de 12 convocados no Concurso P\u00fablico realizado em 2023. A medida, formalizada pela Portaria n\u00ba 0273\/2025-MD, publicada no Di\u00e1rio Oficial do Munic\u00edpio (DOM) desta sexta-feira (14), convoca os nomeados para que cumpram as formalidades previstas no Edital n\u00ba 01\/2023, bem como [&hellip;]<\/p>\n","protected":false},"author":1,"featured_media":0,"comment_status":"open","ping_status":"open","sticky":false,"template":"","format":"standard","meta":{"cybocfi_hide_featured_image":"","_jetpack_memberships_contains_paid_content":false,"footnotes":""},"categories":[1],"tags":[],"class_list":["post-4806","post","type-post","status-publish","format-standard","hentry","category-diversos"],"yoast_head":"<!-- This site is optimized with the Yoast SEO plugin v25.6 - https:\/\/yoast.com\/wordpress\/plugins\/seo\/ -->\n<title>C\u00e2mara Municipal de Natal nomeia 12 Candidatos aprovados no Concurso P\u00fablico - Blog do Bispo<\/title>\n<meta name=\"robots\" content=\"index, follow, max-snippet:-1, max-image-preview:large, max-video-preview:-1\" \/>\n<link rel=\"canonical\" href=\"https:\/\/blogdobispo.com.br\/?p=4806\" \/>\n<meta property=\"og:locale\" content=\"pt_BR\" \/>\n<meta property=\"og:type\" content=\"article\" \/>\n<meta property=\"og:title\" content=\"C\u00e2mara Municipal de Natal nomeia 12 Candidatos aprovados no Concurso P\u00fablico - Blog do Bispo\" \/>\n<meta property=\"og:description\" content=\"O presidente da C\u00e2mara Municipal de Natal, vereador Eriko J\u00e1come (PP), publicou a nomea\u00e7\u00e3o de 12 convocados no Concurso P\u00fablico realizado em 2023. A medida, formalizada pela Portaria n\u00ba 0273\/2025-MD, publicada no Di\u00e1rio Oficial do Munic\u00edpio (DOM) desta sexta-feira (14), convoca os nomeados para que cumpram as formalidades previstas no Edital n\u00ba 01\/2023, bem como [&hellip;]\" \/>\n<meta property=\"og:url\" content=\"https:\/\/blogdobispo.com.br\/?p=4806\" \/>\n<meta property=\"og:site_name\" content=\"Blog do Bispo\" \/>\n<meta property=\"article:published_time\" content=\"2025-03-15T15:41:41+00:00\" \/>\n<meta property=\"og:image\" content=\"https:\/\/blogdobispo.com.br\/wp-content\/uploads\/2025\/03\/983342c1-bd3b-41b7-9b55-9e2fb626f621-1-1024x907.jpg\" \/>\n<meta name=\"author\" content=\"Jefferson Sterfeno\" \/>\n<meta name=\"twitter:card\" content=\"summary_large_image\" \/>\n<meta name=\"twitter:label1\" content=\"Escrito por\" \/>\n\t<meta name=\"twitter:data1\" content=\"Jefferson Sterfeno\" \/>\n\t<meta name=\"twitter:label2\" content=\"Est. tempo de leitura\" \/>\n\t<meta name=\"twitter:data2\" content=\"2 minutos\" \/>\n<script type=\"application\/ld+json\" class=\"yoast-schema-graph\">{\"@context\":\"https:\/\/schema.org\",\"@graph\":[{\"@type\":\"Article\",\"@id\":\"https:\/\/blogdobispo.com.br\/?p=4806#article\",\"isPartOf\":{\"@id\":\"https:\/\/blogdobispo.com.br\/?p=4806\"},\"author\":{\"name\":\"Jefferson Sterfeno\",\"@id\":\"https:\/\/blogdobispo.com.br\/#\/schema\/person\/e2209cc0e6cea5c5233d033e997b373f\"},\"headline\":\"C\u00e2mara Municipal de Natal nomeia 12 Candidatos aprovados no Concurso P\u00fablico\",\"datePublished\":\"2025-03-15T15:41:41+00:00\",\"mainEntityOfPage\":{\"@id\":\"https:\/\/blogdobispo.com.br\/?p=4806\"},\"wordCount\":390,\"commentCount\":0,\"publisher\":{\"@id\":\"https:\/\/blogdobispo.com.br\/#organization\"},\"image\":{\"@id\":\"https:\/\/blogdobispo.com.br\/?p=4806#primaryimage\"},\"thumbnailUrl\":\"https:\/\/blogdobispo.com.br\/wp-content\/uploads\/2025\/03\/983342c1-bd3b-41b7-9b55-9e2fb626f621-1-1024x907.jpg\",\"articleSection\":[\"diversos\"],\"inLanguage\":\"pt-BR\",\"potentialAction\":[{\"@type\":\"CommentAction\",\"name\":\"Comment\",\"target\":[\"https:\/\/blogdobispo.com.br\/?p=4806#respond\"]}]},{\"@type\":\"WebPage\",\"@id\":\"https:\/\/blogdobispo.com.br\/?p=4806\",\"url\":\"https:\/\/blogdobispo.com.br\/?p=4806\",\"name\":\"C\u00e2mara Municipal de Natal nomeia 12 Candidatos aprovados no Concurso P\u00fablico - Blog do Bispo\",\"isPartOf\":{\"@id\":\"https:\/\/blogdobispo.com.br\/#website\"},\"primaryImageOfPage\":{\"@id\":\"https:\/\/blogdobispo.com.br\/?p=4806#primaryimage\"},\"image\":{\"@id\":\"https:\/\/blogdobispo.com.br\/?p=4806#primaryimage\"},\"thumbnailUrl\":\"https:\/\/blogdobispo.com.br\/wp-content\/uploads\/2025\/03\/983342c1-bd3b-41b7-9b55-9e2fb626f621-1-1024x907.jpg\",\"datePublished\":\"2025-03-15T15:41:41+00:00\",\"breadcrumb\":{\"@id\":\"https:\/\/blogdobispo.com.br\/?p=4806#breadcrumb\"},\"inLanguage\":\"pt-BR\",\"potentialAction\":[{\"@type\":\"ReadAction\",\"target\":[\"https:\/\/blogdobispo.com.br\/?p=4806\"]}]},{\"@type\":\"ImageObject\",\"inLanguage\":\"pt-BR\",\"@id\":\"https:\/\/blogdobispo.com.br\/?p=4806#primaryimage\",\"url\":\"https:\/\/blogdobispo.com.br\/wp-content\/uploads\/2025\/03\/983342c1-bd3b-41b7-9b55-9e2fb626f621-1-1024x907.jpg\",\"contentUrl\":\"https:\/\/blogdobispo.com.br\/wp-content\/uploads\/2025\/03\/983342c1-bd3b-41b7-9b55-9e2fb626f621-1-1024x907.jpg\"},{\"@type\":\"BreadcrumbList\",\"@id\":\"https:\/\/blogdobispo.com.br\/?p=4806#breadcrumb\",\"itemListElement\":[{\"@type\":\"ListItem\",\"position\":1,\"name\":\"In\u00edcio\",\"item\":\"https:\/\/blogdobispo.com.br\/\"},{\"@type\":\"ListItem\",\"position\":2,\"name\":\"C\u00e2mara Municipal de Natal nomeia 12 Candidatos aprovados no Concurso P\u00fablico\"}]},{\"@type\":\"WebSite\",\"@id\":\"https:\/\/blogdobispo.com.br\/#website\",\"url\":\"https:\/\/blogdobispo.com.br\/\",\"name\":\"Blog do Bispo\",\"description\":\"Comprometido apenas com o leitor\",\"publisher\":{\"@id\":\"https:\/\/blogdobispo.com.br\/#organization\"},\"potentialAction\":[{\"@type\":\"SearchAction\",\"target\":{\"@type\":\"EntryPoint\",\"urlTemplate\":\"https:\/\/blogdobispo.com.br\/?s={search_term_string}\"},\"query-input\":{\"@type\":\"PropertyValueSpecification\",\"valueRequired\":true,\"valueName\":\"search_term_string\"}}],\"inLanguage\":\"pt-BR\"},{\"@type\":\"Organization\",\"@id\":\"https:\/\/blogdobispo.com.br\/#organization\",\"name\":\"Blog do Bispo\",\"url\":\"https:\/\/blogdobispo.com.br\/\",\"logo\":{\"@type\":\"ImageObject\",\"inLanguage\":\"pt-BR\",\"@id\":\"https:\/\/blogdobispo.com.br\/#\/schema\/logo\/image\/\",\"url\":\"http:\/\/blogdobispo.com.br\/wp-content\/uploads\/2023\/05\/cropped-headear.png\",\"contentUrl\":\"http:\/\/blogdobispo.com.br\/wp-content\/uploads\/2023\/05\/cropped-headear.png\",\"width\":1500,\"height\":399,\"caption\":\"Blog do Bispo\"},\"image\":{\"@id\":\"https:\/\/blogdobispo.com.br\/#\/schema\/logo\/image\/\"}},{\"@type\":\"Person\",\"@id\":\"https:\/\/blogdobispo.com.br\/#\/schema\/person\/e2209cc0e6cea5c5233d033e997b373f\",\"name\":\"Jefferson Sterfeno\",\"image\":{\"@type\":\"ImageObject\",\"inLanguage\":\"pt-BR\",\"@id\":\"https:\/\/blogdobispo.com.br\/#\/schema\/person\/image\/\",\"url\":\"https:\/\/secure.gravatar.com\/avatar\/0534e84764641168a677026b6d57a3f51dc7ac4db0b4f6186d9cb330d4ee1160?s=96&d=mm&r=g\",\"contentUrl\":\"https:\/\/secure.gravatar.com\/avatar\/0534e84764641168a677026b6d57a3f51dc7ac4db0b4f6186d9cb330d4ee1160?s=96&d=mm&r=g\",\"caption\":\"Jefferson Sterfeno\"},\"sameAs\":[\"http:\/\/blogdobispo.com.br\"],\"url\":\"https:\/\/blogdobispo.com.br\/?author=1\"}]}<\/script>\n<!-- \/ Yoast SEO plugin. -->","yoast_head_json":{"title":"C\u00e2mara Municipal de Natal nomeia 12 Candidatos aprovados no Concurso P\u00fablico - Blog do Bispo","robots":{"index":"index","follow":"follow","max-snippet":"max-snippet:-1","max-image-preview":"max-image-preview:large","max-video-preview":"max-video-preview:-1"},"canonical":"https:\/\/blogdobispo.com.br\/?p=4806","og_locale":"pt_BR","og_type":"article","og_title":"C\u00e2mara Municipal de Natal nomeia 12 Candidatos aprovados no Concurso P\u00fablico - Blog do Bispo","og_description":"O presidente da C\u00e2mara Municipal de Natal, vereador Eriko J\u00e1come (PP), publicou a nomea\u00e7\u00e3o de 12 convocados no Concurso P\u00fablico realizado em 2023. A medida, formalizada pela Portaria n\u00ba 0273\/2025-MD, publicada no Di\u00e1rio Oficial do Munic\u00edpio (DOM) desta sexta-feira (14), convoca os nomeados para que cumpram as formalidades previstas no Edital n\u00ba 01\/2023, bem como [&hellip;]","og_url":"https:\/\/blogdobispo.com.br\/?p=4806","og_site_name":"Blog do Bispo","article_published_time":"2025-03-15T15:41:41+00:00","og_image":[{"url":"https:\/\/blogdobispo.com.br\/wp-content\/uploads\/2025\/03\/983342c1-bd3b-41b7-9b55-9e2fb626f621-1-1024x907.jpg","type":"","width":"","height":""}],"author":"Jefferson Sterfeno","twitter_card":"summary_large_image","twitter_misc":{"Escrito por":"Jefferson Sterfeno","Est. tempo de leitura":"2 minutos"},"schema":{"@context":"https:\/\/schema.org","@graph":[{"@type":"Article","@id":"https:\/\/blogdobispo.com.br\/?p=4806#article","isPartOf":{"@id":"https:\/\/blogdobispo.com.br\/?p=4806"},"author":{"name":"Jefferson Sterfeno","@id":"https:\/\/blogdobispo.com.br\/#\/schema\/person\/e2209cc0e6cea5c5233d033e997b373f"},"headline":"C\u00e2mara Municipal de Natal nomeia 12 Candidatos aprovados no Concurso P\u00fablico","datePublished":"2025-03-15T15:41:41+00:00","mainEntityOfPage":{"@id":"https:\/\/blogdobispo.com.br\/?p=4806"},"wordCount":390,"commentCount":0,"publisher":{"@id":"https:\/\/blogdobispo.com.br\/#organization"},"image":{"@id":"https:\/\/blogdobispo.com.br\/?p=4806#primaryimage"},"thumbnailUrl":"https:\/\/blogdobispo.com.br\/wp-content\/uploads\/2025\/03\/983342c1-bd3b-41b7-9b55-9e2fb626f621-1-1024x907.jpg","articleSection":["diversos"],"inLanguage":"pt-BR","potentialAction":[{"@type":"CommentAction","name":"Comment","target":["https:\/\/blogdobispo.com.br\/?p=4806#respond"]}]},{"@type":"WebPage","@id":"https:\/\/blogdobispo.com.br\/?p=4806","url":"https:\/\/blogdobispo.com.br\/?p=4806","name":"C\u00e2mara Municipal de Natal nomeia 12 Candidatos aprovados no Concurso P\u00fablico - Blog do Bispo","isPartOf":{"@id":"https:\/\/blogdobispo.com.br\/#website"},"primaryImageOfPage":{"@id":"https:\/\/blogdobispo.com.br\/?p=4806#primaryimage"},"image":{"@id":"https:\/\/blogdobispo.com.br\/?p=4806#primaryimage"},"thumbnailUrl":"https:\/\/blogdobispo.com.br\/wp-content\/uploads\/2025\/03\/983342c1-bd3b-41b7-9b55-9e2fb626f621-1-1024x907.jpg","datePublished":"2025-03-15T15:41:41+00:00","breadcrumb":{"@id":"https:\/\/blogdobispo.com.br\/?p=4806#breadcrumb"},"inLanguage":"pt-BR","potentialAction":[{"@type":"ReadAction","target":["https:\/\/blogdobispo.com.br\/?p=4806"]}]},{"@type":"ImageObject","inLanguage":"pt-BR","@id":"https:\/\/blogdobispo.com.br\/?p=4806#primaryimage","url":"https:\/\/blogdobispo.com.br\/wp-content\/uploads\/2025\/03\/983342c1-bd3b-41b7-9b55-9e2fb626f621-1-1024x907.jpg","contentUrl":"https:\/\/blogdobispo.com.br\/wp-content\/uploads\/2025\/03\/983342c1-bd3b-41b7-9b55-9e2fb626f621-1-1024x907.jpg"},{"@type":"BreadcrumbList","@id":"https:\/\/blogdobispo.com.br\/?p=4806#breadcrumb","itemListElement":[{"@type":"ListItem","position":1,"name":"In\u00edcio","item":"https:\/\/blogdobispo.com.br\/"},{"@type":"ListItem","position":2,"name":"C\u00e2mara Municipal de Natal nomeia 12 Candidatos aprovados no Concurso P\u00fablico"}]},{"@type":"WebSite","@id":"https:\/\/blogdobispo.com.br\/#website","url":"https:\/\/blogdobispo.com.br\/","name":"Blog do Bispo","description":"Comprometido apenas com o leitor","publisher":{"@id":"https:\/\/blogdobispo.com.br\/#organization"},"potentialAction":[{"@type":"SearchAction","target":{"@type":"EntryPoint","urlTemplate":"https:\/\/blogdobispo.com.br\/?s={search_term_string}"},"query-input":{"@type":"PropertyValueSpecification","valueRequired":true,"valueName":"search_term_string"}}],"inLanguage":"pt-BR"},{"@type":"Organization","@id":"https:\/\/blogdobispo.com.br\/#organization","name":"Blog do Bispo","url":"https:\/\/blogdobispo.com.br\/","logo":{"@type":"ImageObject","inLanguage":"pt-BR","@id":"https:\/\/blogdobispo.com.br\/#\/schema\/logo\/image\/","url":"http:\/\/blogdobispo.com.br\/wp-content\/uploads\/2023\/05\/cropped-headear.png","contentUrl":"http:\/\/blogdobispo.com.br\/wp-content\/uploads\/2023\/05\/cropped-headear.png","width":1500,"height":399,"caption":"Blog do Bispo"},"image":{"@id":"https:\/\/blogdobispo.com.br\/#\/schema\/logo\/image\/"}},{"@type":"Person","@id":"https:\/\/blogdobispo.com.br\/#\/schema\/person\/e2209cc0e6cea5c5233d033e997b373f","name":"Jefferson Sterfeno","image":{"@type":"ImageObject","inLanguage":"pt-BR","@id":"https:\/\/blogdobispo.com.br\/#\/schema\/person\/image\/","url":"https:\/\/secure.gravatar.com\/avatar\/0534e84764641168a677026b6d57a3f51dc7ac4db0b4f6186d9cb330d4ee1160?s=96&d=mm&r=g","contentUrl":"https:\/\/secure.gravatar.com\/avatar\/0534e84764641168a677026b6d57a3f51dc7ac4db0b4f6186d9cb330d4ee1160?s=96&d=mm&r=g","caption":"Jefferson Sterfeno"},"sameAs":["http:\/\/blogdobispo.com.br"],"url":"https:\/\/blogdobispo.com.br\/?author=1"}]}},"featured_image_urls":{"full":"","thumbnail":"","medium":"","medium_large":"","large":"","1536x1536":"","2048x2048":""},"author_info":{"display_name":"Jefferson Sterfeno","author_link":"https:\/\/blogdobispo.com.br\/?author=1"},"category_info":"<a href=\"https:\/\/blogdobispo.com.br\/?cat=1\" rel=\"category\">diversos<\/a>","tag_info":"diversos","comment_count":"0","jetpack_featured_media_url":"","jetpack_sharing_enabled":true,"_links":{"self":[{"href":"https:\/\/blogdobispo.com.br\/index.php?rest_route=\/wp\/v2\/posts\/4806","targetHints":{"allow":["GET"]}}],"collection":[{"href":"https:\/\/blogdobispo.com.br\/index.php?rest_route=\/wp\/v2\/posts"}],"about":[{"href":"https:\/\/blogdobispo.com.br\/index.php?rest_route=\/wp\/v2\/types\/post"}],"author":[{"embeddable":true,"href":"https:\/\/blogdobispo.com.br\/index.php?rest_route=\/wp\/v2\/users\/1"}],"replies":[{"embeddable":true,"href":"https:\/\/blogdobispo.com.br\/index.php?rest_route=%2Fwp%2Fv2%2Fcomments&post=4806"}],"version-history":[{"count":0,"href":"https:\/\/blogdobispo.com.br\/index.php?rest_route=\/wp\/v2\/posts\/4806\/revisions"}],"wp:attachment":[{"href":"https:\/\/blogdobispo.com.br\/index.php?rest_route=%2Fwp%2Fv2%2Fmedia&parent=4806"}],"wp:term":[{"taxonomy":"category","embeddable":true,"href":"https:\/\/blogdobispo.com.br\/index.php?rest_route=%2Fwp%2Fv2%2Fcategories&post=4806"},{"taxonomy":"post_tag","embeddable":true,"href":"https:\/\/blogdobispo.com.br\/index.php?rest_route=%2Fwp%2Fv2%2Ftags&post=4806"}],"curies":[{"name":"wp","href":"https:\/\/api.w.org\/{rel}","templated":true}]}}