{"id":4775,"date":"2025-03-11T23:35:47","date_gmt":"2025-03-11T23:35:47","guid":{"rendered":"https:\/\/blogdobispo.com.br\/?p=4775"},"modified":"2025-03-11T23:35:47","modified_gmt":"2025-03-11T23:35:47","slug":"camara-de-natal-aprova-projetos-que-reforcam-politica-de-direitos-das-mulheres","status":"publish","type":"post","link":"https:\/\/blogdobispo.com.br\/?p=4775","title":{"rendered":"C\u00e2mara de Natal aprova projetos que refor\u00e7am pol\u00edtica de direitos das mulheres"},"content":{"rendered":"\n<figure class=\"wp-block-image foto-noticia\"><img data-recalc-dims=\"1\" decoding=\"async\" src=\"https:\/\/i0.wp.com\/www.cmnat.rn.gov.br\/_ups\/noticias\/2025\/03\/11\/21adec0fb8f4b59bed52acdedb2d3baf.jpg?w=800&#038;ssl=1\" alt=\"\"\/><\/figure>\n\n\n\n<p>Numa sess\u00e3o ordin\u00e1ria presidida por mulheres vereadoras, a C\u00e2mara Municipal de Natal aprovou nesta ter\u00e7a-feira (11), em regime de urg\u00eancia, cinco projetos de lei para garantir mais sa\u00fade, emprego e prote\u00e7\u00e3o \u00e0s mulheres, especialmente as que passam por alguma situa\u00e7\u00e3o de vulnerabilidade.<\/p>\n\n\n\n<p>Os vereadores garantiram cria\u00e7\u00e3o do Programa Municipal \u201cTem Sa\u00edda\u201d, proposto pelo vereador Luciano Nascimento (PSD), para dar autonomia financeira \u00e0 mulher desempregada, em situa\u00e7\u00e3o de viol\u00eancia dom\u00e9stica e familiar. \u201cPropomos que a Secretaria da Mulher fa\u00e7a um trabalho para que empresas parceiras possam priorizar voluntariamente vagas a essas mulheres\u201d, explicou o vereador Luciano Nascimento (PSD), autor da proposta.<\/p>\n\n\n\n<p>Al\u00e9m desse, o PL\u00ba 441\/2023, do vereador Preto Aquino (Podemos), estabelece atendimento priorit\u00e1rio nos \u00f3rg\u00e3os municipais \u00e0s mulheres assistidas e acompanhadas pela Patrulha Maria da Penha. \u201cS\u00e3o mulheres que j\u00e1 v\u00eam de um trauma e merecem esse atendimento priorit\u00e1rio, n\u00e3o podendo enfrentar dificuldade para serem atendidas nos \u00f3rg\u00e3os p\u00fablicos\u201d, disse o autor.<\/p>\n\n\n\n<p>Voltado para a sa\u00fade da mulher, foi aprovado o PL n\u00ba 619\/2023, do vereador Chagas Catarino (Uni\u00e3o), que estabelece o fornecimento de \u201cmamas solid\u00e1rias\u201d \u00e0s mulheres mastectomizadas; e o PL n\u00ba 278\/2024, do vereador Kleber Fernandes (Republicanos) que estabelece a prioridade de cirurgia reparadora para mulheres v\u00edtimas de agress\u00e3o que tiveram danos \u00e0 sua integridade f\u00edsica e est\u00e9tica.<\/p>\n\n\n\n<p>Tamb\u00e9m passou pelo Plen\u00e1rio o PL n\u00ba 31\/2023, da vereadora Brisa Bracchi (PT), que cria o \u201cSelo Mais Mulheres na Cultura\u201d.<\/p>\n\n\n\n<p>Para dar continuidade \u00e0 pauta do dia, nesta quarta-feira (12) a sess\u00e3o plen\u00e1ria ter\u00e1 continuidade sem o Pequeno Expediente, hor\u00e1rio em que vereadores se inscrevem para fazer pronunciamentos antes da Ordem do Dia.<\/p>\n\n\n\n<p>Texto: Cl\u00e1udio Oliveira<\/p>\n\n\n\n<p>Fotos: Francisco de Assis<\/p>\n","protected":false},"excerpt":{"rendered":"<p>Numa sess\u00e3o ordin\u00e1ria presidida por mulheres vereadoras, a C\u00e2mara Municipal de Natal aprovou nesta ter\u00e7a-feira (11), em regime de urg\u00eancia, cinco projetos de lei para garantir mais sa\u00fade, emprego e prote\u00e7\u00e3o \u00e0s mulheres, especialmente as que passam por alguma situa\u00e7\u00e3o de vulnerabilidade. Os vereadores garantiram cria\u00e7\u00e3o do Programa Municipal \u201cTem Sa\u00edda\u201d, proposto pelo vereador Luciano [&hellip;]<\/p>\n","protected":false},"author":1,"featured_media":0,"comment_status":"open","ping_status":"open","sticky":false,"template":"","format":"standard","meta":{"cybocfi_hide_featured_image":"","_jetpack_memberships_contains_paid_content":false,"footnotes":""},"categories":[1],"tags":[],"class_list":["post-4775","post","type-post","status-publish","format-standard","hentry","category-diversos"],"yoast_head":"<!-- This site is optimized with the Yoast SEO plugin v25.6 - https:\/\/yoast.com\/wordpress\/plugins\/seo\/ -->\n<title>C\u00e2mara de Natal aprova projetos que refor\u00e7am pol\u00edtica de direitos das mulheres - Blog do Bispo<\/title>\n<meta name=\"robots\" content=\"index, follow, max-snippet:-1, max-image-preview:large, max-video-preview:-1\" \/>\n<link rel=\"canonical\" href=\"https:\/\/blogdobispo.com.br\/?p=4775\" \/>\n<meta property=\"og:locale\" content=\"pt_BR\" \/>\n<meta property=\"og:type\" content=\"article\" \/>\n<meta property=\"og:title\" content=\"C\u00e2mara de Natal aprova projetos que refor\u00e7am pol\u00edtica de direitos das mulheres - Blog do Bispo\" \/>\n<meta property=\"og:description\" content=\"Numa sess\u00e3o ordin\u00e1ria presidida por mulheres vereadoras, a C\u00e2mara Municipal de Natal aprovou nesta ter\u00e7a-feira (11), em regime de urg\u00eancia, cinco projetos de lei para garantir mais sa\u00fade, emprego e prote\u00e7\u00e3o \u00e0s mulheres, especialmente as que passam por alguma situa\u00e7\u00e3o de vulnerabilidade. Os vereadores garantiram cria\u00e7\u00e3o do Programa Municipal \u201cTem Sa\u00edda\u201d, proposto pelo vereador Luciano [&hellip;]\" \/>\n<meta property=\"og:url\" content=\"https:\/\/blogdobispo.com.br\/?p=4775\" \/>\n<meta property=\"og:site_name\" content=\"Blog do Bispo\" \/>\n<meta property=\"article:published_time\" content=\"2025-03-11T23:35:47+00:00\" \/>\n<meta property=\"og:image\" content=\"https:\/\/www.cmnat.rn.gov.br\/_ups\/noticias\/2025\/03\/11\/21adec0fb8f4b59bed52acdedb2d3baf.jpg\" \/>\n<meta name=\"author\" content=\"Jefferson Sterfeno\" \/>\n<meta name=\"twitter:card\" content=\"summary_large_image\" \/>\n<meta name=\"twitter:label1\" content=\"Escrito por\" \/>\n\t<meta name=\"twitter:data1\" content=\"Jefferson Sterfeno\" \/>\n\t<meta name=\"twitter:label2\" content=\"Est. tempo de leitura\" \/>\n\t<meta name=\"twitter:data2\" content=\"1 minuto\" \/>\n<script type=\"application\/ld+json\" class=\"yoast-schema-graph\">{\"@context\":\"https:\/\/schema.org\",\"@graph\":[{\"@type\":\"Article\",\"@id\":\"https:\/\/blogdobispo.com.br\/?p=4775#article\",\"isPartOf\":{\"@id\":\"https:\/\/blogdobispo.com.br\/?p=4775\"},\"author\":{\"name\":\"Jefferson Sterfeno\",\"@id\":\"https:\/\/blogdobispo.com.br\/#\/schema\/person\/e2209cc0e6cea5c5233d033e997b373f\"},\"headline\":\"C\u00e2mara de Natal aprova projetos que refor\u00e7am pol\u00edtica de direitos das mulheres\",\"datePublished\":\"2025-03-11T23:35:47+00:00\",\"mainEntityOfPage\":{\"@id\":\"https:\/\/blogdobispo.com.br\/?p=4775\"},\"wordCount\":313,\"commentCount\":0,\"publisher\":{\"@id\":\"https:\/\/blogdobispo.com.br\/#organization\"},\"image\":{\"@id\":\"https:\/\/blogdobispo.com.br\/?p=4775#primaryimage\"},\"thumbnailUrl\":\"https:\/\/www.cmnat.rn.gov.br\/_ups\/noticias\/2025\/03\/11\/21adec0fb8f4b59bed52acdedb2d3baf.jpg\",\"articleSection\":[\"diversos\"],\"inLanguage\":\"pt-BR\",\"potentialAction\":[{\"@type\":\"CommentAction\",\"name\":\"Comment\",\"target\":[\"https:\/\/blogdobispo.com.br\/?p=4775#respond\"]}]},{\"@type\":\"WebPage\",\"@id\":\"https:\/\/blogdobispo.com.br\/?p=4775\",\"url\":\"https:\/\/blogdobispo.com.br\/?p=4775\",\"name\":\"C\u00e2mara de Natal aprova projetos que refor\u00e7am pol\u00edtica de direitos das mulheres - Blog do Bispo\",\"isPartOf\":{\"@id\":\"https:\/\/blogdobispo.com.br\/#website\"},\"primaryImageOfPage\":{\"@id\":\"https:\/\/blogdobispo.com.br\/?p=4775#primaryimage\"},\"image\":{\"@id\":\"https:\/\/blogdobispo.com.br\/?p=4775#primaryimage\"},\"thumbnailUrl\":\"https:\/\/www.cmnat.rn.gov.br\/_ups\/noticias\/2025\/03\/11\/21adec0fb8f4b59bed52acdedb2d3baf.jpg\",\"datePublished\":\"2025-03-11T23:35:47+00:00\",\"breadcrumb\":{\"@id\":\"https:\/\/blogdobispo.com.br\/?p=4775#breadcrumb\"},\"inLanguage\":\"pt-BR\",\"potentialAction\":[{\"@type\":\"ReadAction\",\"target\":[\"https:\/\/blogdobispo.com.br\/?p=4775\"]}]},{\"@type\":\"ImageObject\",\"inLanguage\":\"pt-BR\",\"@id\":\"https:\/\/blogdobispo.com.br\/?p=4775#primaryimage\",\"url\":\"https:\/\/www.cmnat.rn.gov.br\/_ups\/noticias\/2025\/03\/11\/21adec0fb8f4b59bed52acdedb2d3baf.jpg\",\"contentUrl\":\"https:\/\/www.cmnat.rn.gov.br\/_ups\/noticias\/2025\/03\/11\/21adec0fb8f4b59bed52acdedb2d3baf.jpg\"},{\"@type\":\"BreadcrumbList\",\"@id\":\"https:\/\/blogdobispo.com.br\/?p=4775#breadcrumb\",\"itemListElement\":[{\"@type\":\"ListItem\",\"position\":1,\"name\":\"In\u00edcio\",\"item\":\"https:\/\/blogdobispo.com.br\/\"},{\"@type\":\"ListItem\",\"position\":2,\"name\":\"C\u00e2mara de Natal aprova projetos que refor\u00e7am pol\u00edtica de direitos das mulheres\"}]},{\"@type\":\"WebSite\",\"@id\":\"https:\/\/blogdobispo.com.br\/#website\",\"url\":\"https:\/\/blogdobispo.com.br\/\",\"name\":\"Blog do Bispo\",\"description\":\"Comprometido apenas com o leitor\",\"publisher\":{\"@id\":\"https:\/\/blogdobispo.com.br\/#organization\"},\"potentialAction\":[{\"@type\":\"SearchAction\",\"target\":{\"@type\":\"EntryPoint\",\"urlTemplate\":\"https:\/\/blogdobispo.com.br\/?s={search_term_string}\"},\"query-input\":{\"@type\":\"PropertyValueSpecification\",\"valueRequired\":true,\"valueName\":\"search_term_string\"}}],\"inLanguage\":\"pt-BR\"},{\"@type\":\"Organization\",\"@id\":\"https:\/\/blogdobispo.com.br\/#organization\",\"name\":\"Blog do Bispo\",\"url\":\"https:\/\/blogdobispo.com.br\/\",\"logo\":{\"@type\":\"ImageObject\",\"inLanguage\":\"pt-BR\",\"@id\":\"https:\/\/blogdobispo.com.br\/#\/schema\/logo\/image\/\",\"url\":\"http:\/\/blogdobispo.com.br\/wp-content\/uploads\/2023\/05\/cropped-headear.png\",\"contentUrl\":\"http:\/\/blogdobispo.com.br\/wp-content\/uploads\/2023\/05\/cropped-headear.png\",\"width\":1500,\"height\":399,\"caption\":\"Blog do Bispo\"},\"image\":{\"@id\":\"https:\/\/blogdobispo.com.br\/#\/schema\/logo\/image\/\"}},{\"@type\":\"Person\",\"@id\":\"https:\/\/blogdobispo.com.br\/#\/schema\/person\/e2209cc0e6cea5c5233d033e997b373f\",\"name\":\"Jefferson Sterfeno\",\"image\":{\"@type\":\"ImageObject\",\"inLanguage\":\"pt-BR\",\"@id\":\"https:\/\/blogdobispo.com.br\/#\/schema\/person\/image\/\",\"url\":\"https:\/\/secure.gravatar.com\/avatar\/0534e84764641168a677026b6d57a3f51dc7ac4db0b4f6186d9cb330d4ee1160?s=96&d=mm&r=g\",\"contentUrl\":\"https:\/\/secure.gravatar.com\/avatar\/0534e84764641168a677026b6d57a3f51dc7ac4db0b4f6186d9cb330d4ee1160?s=96&d=mm&r=g\",\"caption\":\"Jefferson Sterfeno\"},\"sameAs\":[\"http:\/\/blogdobispo.com.br\"],\"url\":\"https:\/\/blogdobispo.com.br\/?author=1\"}]}<\/script>\n<!-- \/ Yoast SEO plugin. -->","yoast_head_json":{"title":"C\u00e2mara de Natal aprova projetos que refor\u00e7am pol\u00edtica de direitos das mulheres - Blog do Bispo","robots":{"index":"index","follow":"follow","max-snippet":"max-snippet:-1","max-image-preview":"max-image-preview:large","max-video-preview":"max-video-preview:-1"},"canonical":"https:\/\/blogdobispo.com.br\/?p=4775","og_locale":"pt_BR","og_type":"article","og_title":"C\u00e2mara de Natal aprova projetos que refor\u00e7am pol\u00edtica de direitos das mulheres - Blog do Bispo","og_description":"Numa sess\u00e3o ordin\u00e1ria presidida por mulheres vereadoras, a C\u00e2mara Municipal de Natal aprovou nesta ter\u00e7a-feira (11), em regime de urg\u00eancia, cinco projetos de lei para garantir mais sa\u00fade, emprego e prote\u00e7\u00e3o \u00e0s mulheres, especialmente as que passam por alguma situa\u00e7\u00e3o de vulnerabilidade. Os vereadores garantiram cria\u00e7\u00e3o do Programa Municipal \u201cTem Sa\u00edda\u201d, proposto pelo vereador Luciano [&hellip;]","og_url":"https:\/\/blogdobispo.com.br\/?p=4775","og_site_name":"Blog do Bispo","article_published_time":"2025-03-11T23:35:47+00:00","og_image":[{"url":"https:\/\/www.cmnat.rn.gov.br\/_ups\/noticias\/2025\/03\/11\/21adec0fb8f4b59bed52acdedb2d3baf.jpg","type":"","width":"","height":""}],"author":"Jefferson Sterfeno","twitter_card":"summary_large_image","twitter_misc":{"Escrito por":"Jefferson Sterfeno","Est. tempo de leitura":"1 minuto"},"schema":{"@context":"https:\/\/schema.org","@graph":[{"@type":"Article","@id":"https:\/\/blogdobispo.com.br\/?p=4775#article","isPartOf":{"@id":"https:\/\/blogdobispo.com.br\/?p=4775"},"author":{"name":"Jefferson Sterfeno","@id":"https:\/\/blogdobispo.com.br\/#\/schema\/person\/e2209cc0e6cea5c5233d033e997b373f"},"headline":"C\u00e2mara de Natal aprova projetos que refor\u00e7am pol\u00edtica de direitos das mulheres","datePublished":"2025-03-11T23:35:47+00:00","mainEntityOfPage":{"@id":"https:\/\/blogdobispo.com.br\/?p=4775"},"wordCount":313,"commentCount":0,"publisher":{"@id":"https:\/\/blogdobispo.com.br\/#organization"},"image":{"@id":"https:\/\/blogdobispo.com.br\/?p=4775#primaryimage"},"thumbnailUrl":"https:\/\/www.cmnat.rn.gov.br\/_ups\/noticias\/2025\/03\/11\/21adec0fb8f4b59bed52acdedb2d3baf.jpg","articleSection":["diversos"],"inLanguage":"pt-BR","potentialAction":[{"@type":"CommentAction","name":"Comment","target":["https:\/\/blogdobispo.com.br\/?p=4775#respond"]}]},{"@type":"WebPage","@id":"https:\/\/blogdobispo.com.br\/?p=4775","url":"https:\/\/blogdobispo.com.br\/?p=4775","name":"C\u00e2mara de Natal aprova projetos que refor\u00e7am pol\u00edtica de direitos das mulheres - Blog do Bispo","isPartOf":{"@id":"https:\/\/blogdobispo.com.br\/#website"},"primaryImageOfPage":{"@id":"https:\/\/blogdobispo.com.br\/?p=4775#primaryimage"},"image":{"@id":"https:\/\/blogdobispo.com.br\/?p=4775#primaryimage"},"thumbnailUrl":"https:\/\/www.cmnat.rn.gov.br\/_ups\/noticias\/2025\/03\/11\/21adec0fb8f4b59bed52acdedb2d3baf.jpg","datePublished":"2025-03-11T23:35:47+00:00","breadcrumb":{"@id":"https:\/\/blogdobispo.com.br\/?p=4775#breadcrumb"},"inLanguage":"pt-BR","potentialAction":[{"@type":"ReadAction","target":["https:\/\/blogdobispo.com.br\/?p=4775"]}]},{"@type":"ImageObject","inLanguage":"pt-BR","@id":"https:\/\/blogdobispo.com.br\/?p=4775#primaryimage","url":"https:\/\/www.cmnat.rn.gov.br\/_ups\/noticias\/2025\/03\/11\/21adec0fb8f4b59bed52acdedb2d3baf.jpg","contentUrl":"https:\/\/www.cmnat.rn.gov.br\/_ups\/noticias\/2025\/03\/11\/21adec0fb8f4b59bed52acdedb2d3baf.jpg"},{"@type":"BreadcrumbList","@id":"https:\/\/blogdobispo.com.br\/?p=4775#breadcrumb","itemListElement":[{"@type":"ListItem","position":1,"name":"In\u00edcio","item":"https:\/\/blogdobispo.com.br\/"},{"@type":"ListItem","position":2,"name":"C\u00e2mara de Natal aprova projetos que refor\u00e7am pol\u00edtica de direitos das mulheres"}]},{"@type":"WebSite","@id":"https:\/\/blogdobispo.com.br\/#website","url":"https:\/\/blogdobispo.com.br\/","name":"Blog do Bispo","description":"Comprometido apenas com o leitor","publisher":{"@id":"https:\/\/blogdobispo.com.br\/#organization"},"potentialAction":[{"@type":"SearchAction","target":{"@type":"EntryPoint","urlTemplate":"https:\/\/blogdobispo.com.br\/?s={search_term_string}"},"query-input":{"@type":"PropertyValueSpecification","valueRequired":true,"valueName":"search_term_string"}}],"inLanguage":"pt-BR"},{"@type":"Organization","@id":"https:\/\/blogdobispo.com.br\/#organization","name":"Blog do Bispo","url":"https:\/\/blogdobispo.com.br\/","logo":{"@type":"ImageObject","inLanguage":"pt-BR","@id":"https:\/\/blogdobispo.com.br\/#\/schema\/logo\/image\/","url":"http:\/\/blogdobispo.com.br\/wp-content\/uploads\/2023\/05\/cropped-headear.png","contentUrl":"http:\/\/blogdobispo.com.br\/wp-content\/uploads\/2023\/05\/cropped-headear.png","width":1500,"height":399,"caption":"Blog do Bispo"},"image":{"@id":"https:\/\/blogdobispo.com.br\/#\/schema\/logo\/image\/"}},{"@type":"Person","@id":"https:\/\/blogdobispo.com.br\/#\/schema\/person\/e2209cc0e6cea5c5233d033e997b373f","name":"Jefferson Sterfeno","image":{"@type":"ImageObject","inLanguage":"pt-BR","@id":"https:\/\/blogdobispo.com.br\/#\/schema\/person\/image\/","url":"https:\/\/secure.gravatar.com\/avatar\/0534e84764641168a677026b6d57a3f51dc7ac4db0b4f6186d9cb330d4ee1160?s=96&d=mm&r=g","contentUrl":"https:\/\/secure.gravatar.com\/avatar\/0534e84764641168a677026b6d57a3f51dc7ac4db0b4f6186d9cb330d4ee1160?s=96&d=mm&r=g","caption":"Jefferson Sterfeno"},"sameAs":["http:\/\/blogdobispo.com.br"],"url":"https:\/\/blogdobispo.com.br\/?author=1"}]}},"featured_image_urls":{"full":"","thumbnail":"","medium":"","medium_large":"","large":"","1536x1536":"","2048x2048":""},"author_info":{"display_name":"Jefferson Sterfeno","author_link":"https:\/\/blogdobispo.com.br\/?author=1"},"category_info":"<a href=\"https:\/\/blogdobispo.com.br\/?cat=1\" rel=\"category\">diversos<\/a>","tag_info":"diversos","comment_count":"0","jetpack_featured_media_url":"","jetpack_sharing_enabled":true,"_links":{"self":[{"href":"https:\/\/blogdobispo.com.br\/index.php?rest_route=\/wp\/v2\/posts\/4775","targetHints":{"allow":["GET"]}}],"collection":[{"href":"https:\/\/blogdobispo.com.br\/index.php?rest_route=\/wp\/v2\/posts"}],"about":[{"href":"https:\/\/blogdobispo.com.br\/index.php?rest_route=\/wp\/v2\/types\/post"}],"author":[{"embeddable":true,"href":"https:\/\/blogdobispo.com.br\/index.php?rest_route=\/wp\/v2\/users\/1"}],"replies":[{"embeddable":true,"href":"https:\/\/blogdobispo.com.br\/index.php?rest_route=%2Fwp%2Fv2%2Fcomments&post=4775"}],"version-history":[{"count":0,"href":"https:\/\/blogdobispo.com.br\/index.php?rest_route=\/wp\/v2\/posts\/4775\/revisions"}],"wp:attachment":[{"href":"https:\/\/blogdobispo.com.br\/index.php?rest_route=%2Fwp%2Fv2%2Fmedia&parent=4775"}],"wp:term":[{"taxonomy":"category","embeddable":true,"href":"https:\/\/blogdobispo.com.br\/index.php?rest_route=%2Fwp%2Fv2%2Fcategories&post=4775"},{"taxonomy":"post_tag","embeddable":true,"href":"https:\/\/blogdobispo.com.br\/index.php?rest_route=%2Fwp%2Fv2%2Ftags&post=4775"}],"curies":[{"name":"wp","href":"https:\/\/api.w.org\/{rel}","templated":true}]}}