{"id":4771,"date":"2025-03-10T21:49:29","date_gmt":"2025-03-10T21:49:29","guid":{"rendered":"https:\/\/blogdobispo.com.br\/?p=4771"},"modified":"2025-03-10T21:49:29","modified_gmt":"2025-03-10T21:49:29","slug":"deputada-carla-dickson-presta-homenagem-ao-pastor-martin-alves-com-maior-honraria-crista-da-camara-federal","status":"publish","type":"post","link":"https:\/\/blogdobispo.com.br\/?p=4771","title":{"rendered":"Deputada Carla Dickson presta homenagem ao Pastor Martin Alves com maior honraria crist\u00e3 da C\u00e2mara Federal"},"content":{"rendered":"\n<figure class=\"wp-block-image size-large\"><img data-recalc-dims=\"1\" fetchpriority=\"high\" decoding=\"async\" width=\"800\" height=\"533\" src=\"https:\/\/i0.wp.com\/blogdobispo.com.br\/wp-content\/uploads\/2025\/03\/7c586e3f-0d17-4cf5-a0a5-1cbe0b62f8a7-1-1024x682.jpg?resize=800%2C533&#038;ssl=1\" class=\"wp-image-4770\" srcset=\"https:\/\/i0.wp.com\/blogdobispo.com.br\/wp-content\/uploads\/2025\/03\/7c586e3f-0d17-4cf5-a0a5-1cbe0b62f8a7-1.jpg?resize=1024%2C682&amp;ssl=1 1024w, https:\/\/i0.wp.com\/blogdobispo.com.br\/wp-content\/uploads\/2025\/03\/7c586e3f-0d17-4cf5-a0a5-1cbe0b62f8a7-1.jpg?resize=300%2C200&amp;ssl=1 300w, https:\/\/i0.wp.com\/blogdobispo.com.br\/wp-content\/uploads\/2025\/03\/7c586e3f-0d17-4cf5-a0a5-1cbe0b62f8a7-1.jpg?resize=768%2C512&amp;ssl=1 768w, https:\/\/i0.wp.com\/blogdobispo.com.br\/wp-content\/uploads\/2025\/03\/7c586e3f-0d17-4cf5-a0a5-1cbe0b62f8a7-1.jpg?resize=1536%2C1023&amp;ssl=1 1536w, https:\/\/i0.wp.com\/blogdobispo.com.br\/wp-content\/uploads\/2025\/03\/7c586e3f-0d17-4cf5-a0a5-1cbe0b62f8a7-1.jpg?w=1600&amp;ssl=1 1600w\" sizes=\"(max-width: 800px) 100vw, 800px\" \/><\/figure>\n\n\n\n<p><\/p>\n\n\n\n<p>Nesta segunda-feira (10), a deputada federal Carla Dickson (Uni\u00e3o Brasil-RN) prestou uma homenagem ao Pastor Martin Alves, presidente da Igreja Evang\u00e9lica Assembleia de Deus no Rio Grande do Norte (IEADERN). Ele foi agraciado com a Medalha Ordem do M\u00e9rito Crist\u00e3o da C\u00e2mara Federal, pelo reconhecimento aos 13 anos de pastoreio \u00e0 frente da igreja no Estado. A comenda \u00e9 a mais alta honraria concedida pela Frente Parlamentar Evang\u00e9lica. O evento solene foi realizado no Hotel Holliday Inn, em Natal.<\/p>\n\n\n\n<p>\u201cPra se ter uma ideia da import\u00e2ncia e do peso dessa comenda, ano passado quem ganhou foi o Ministro do STF Andr\u00e9 Mendon\u00e7a. Assim que assumi, sugeri o nome do Pastor Martin Alves para ser o agraciado de 2025, o que foi aprovado por unanimidade pelos membros da Frente Parlamentar Evang\u00e9lica. E essa medalha representa toda uma vida dedicada ao evangelho no nosso Rio Grande do Norte e no Brasil\u201d, enaltece Carla Dickson.<\/p>\n\n\n\n<p>Em 2024, o Pastor Martin completou 50 anos de minist\u00e9rio na Assembleia de Deus. Caicoense de nascimento, ele abra\u00e7ou a voca\u00e7\u00e3o de pregar o evangelho ainda adolescente e iniciou no minist\u00e9rio aos 21 anos, desistindo da carreira no Ex\u00e9rcito, quando servia no Amazonas. Ele \u00e9 casado com a cirurgi\u00e3 dentista F\u00e1tima Maria Silva, e pai de Catherine e Fabr\u00edcia. No Rio Grande do Norte, antes de chegar \u00e0 Natal, ele foi pastor em Equador, Santana do Matos, Serra do Mel e Mossor\u00f3.<\/p>\n\n\n\n<p>\u201cNada acontece por acaso. A deputada Carla Dickson n\u00e3o voltou pra C\u00e2mara Federal agora espontaneamente, foi Deus que preparou este momento para ela e n\u00e3o resta a menor d\u00favida que nosso Brasil est\u00e1 precisando de pessoas com car\u00e1ter e vocacionadas a exemplo da nossa irm\u00e3 Carla.\u201d, agradece o Pastor Martin.<\/p>\n\n\n\n<p><em>IEADERN<\/em><\/p>\n\n\n\n<p>Presente em todos os continentes, a denomina\u00e7\u00e3o evang\u00e9lica originada no movimento pentecostal foi oficializada no Rio Grande do Norte em 1918. Atualmente, s\u00e3o cerca de duas mil igrejas no Estado, sendo quase 300 em Natal, com o templo central no bairro do Alecrim. Entre membros e congregados, no RN s\u00e3o mais de 300 mil, dos quais 938 s\u00e3o pastores e 20 mil presb\u00edteros, di\u00e1conos e auxiliares.<\/p>\n","protected":false},"excerpt":{"rendered":"<p>Nesta segunda-feira (10), a deputada federal Carla Dickson (Uni\u00e3o Brasil-RN) prestou uma homenagem ao Pastor Martin Alves, presidente da Igreja Evang\u00e9lica Assembleia de Deus no Rio Grande do Norte (IEADERN). Ele foi agraciado com a Medalha Ordem do M\u00e9rito Crist\u00e3o da C\u00e2mara Federal, pelo reconhecimento aos 13 anos de pastoreio \u00e0 frente da igreja no [&hellip;]<\/p>\n","protected":false},"author":1,"featured_media":0,"comment_status":"open","ping_status":"open","sticky":false,"template":"","format":"standard","meta":{"cybocfi_hide_featured_image":"","_jetpack_memberships_contains_paid_content":false,"footnotes":""},"categories":[1],"tags":[],"class_list":["post-4771","post","type-post","status-publish","format-standard","hentry","category-diversos"],"yoast_head":"<!-- This site is optimized with the Yoast SEO plugin v25.6 - https:\/\/yoast.com\/wordpress\/plugins\/seo\/ -->\n<title>Deputada Carla Dickson presta homenagem ao Pastor Martin Alves com maior honraria crist\u00e3 da C\u00e2mara Federal - Blog do Bispo<\/title>\n<meta name=\"robots\" content=\"index, follow, max-snippet:-1, max-image-preview:large, max-video-preview:-1\" \/>\n<link rel=\"canonical\" href=\"https:\/\/blogdobispo.com.br\/?p=4771\" \/>\n<meta property=\"og:locale\" content=\"pt_BR\" \/>\n<meta property=\"og:type\" content=\"article\" \/>\n<meta property=\"og:title\" content=\"Deputada Carla Dickson presta homenagem ao Pastor Martin Alves com maior honraria crist\u00e3 da C\u00e2mara Federal - Blog do Bispo\" \/>\n<meta property=\"og:description\" content=\"Nesta segunda-feira (10), a deputada federal Carla Dickson (Uni\u00e3o Brasil-RN) prestou uma homenagem ao Pastor Martin Alves, presidente da Igreja Evang\u00e9lica Assembleia de Deus no Rio Grande do Norte (IEADERN). Ele foi agraciado com a Medalha Ordem do M\u00e9rito Crist\u00e3o da C\u00e2mara Federal, pelo reconhecimento aos 13 anos de pastoreio \u00e0 frente da igreja no [&hellip;]\" \/>\n<meta property=\"og:url\" content=\"https:\/\/blogdobispo.com.br\/?p=4771\" \/>\n<meta property=\"og:site_name\" content=\"Blog do Bispo\" \/>\n<meta property=\"article:published_time\" content=\"2025-03-10T21:49:29+00:00\" \/>\n<meta property=\"og:image\" content=\"https:\/\/blogdobispo.com.br\/wp-content\/uploads\/2025\/03\/7c586e3f-0d17-4cf5-a0a5-1cbe0b62f8a7-1-1024x682.jpg\" \/>\n<meta name=\"author\" content=\"Jefferson Sterfeno\" \/>\n<meta name=\"twitter:card\" content=\"summary_large_image\" \/>\n<meta name=\"twitter:label1\" content=\"Escrito por\" \/>\n\t<meta name=\"twitter:data1\" content=\"Jefferson Sterfeno\" \/>\n\t<meta name=\"twitter:label2\" content=\"Est. tempo de leitura\" \/>\n\t<meta name=\"twitter:data2\" content=\"2 minutos\" \/>\n<script type=\"application\/ld+json\" class=\"yoast-schema-graph\">{\"@context\":\"https:\/\/schema.org\",\"@graph\":[{\"@type\":\"Article\",\"@id\":\"https:\/\/blogdobispo.com.br\/?p=4771#article\",\"isPartOf\":{\"@id\":\"https:\/\/blogdobispo.com.br\/?p=4771\"},\"author\":{\"name\":\"Jefferson Sterfeno\",\"@id\":\"https:\/\/blogdobispo.com.br\/#\/schema\/person\/e2209cc0e6cea5c5233d033e997b373f\"},\"headline\":\"Deputada Carla Dickson presta homenagem ao Pastor Martin Alves com maior honraria crist\u00e3 da C\u00e2mara Federal\",\"datePublished\":\"2025-03-10T21:49:29+00:00\",\"mainEntityOfPage\":{\"@id\":\"https:\/\/blogdobispo.com.br\/?p=4771\"},\"wordCount\":381,\"commentCount\":0,\"publisher\":{\"@id\":\"https:\/\/blogdobispo.com.br\/#organization\"},\"image\":{\"@id\":\"https:\/\/blogdobispo.com.br\/?p=4771#primaryimage\"},\"thumbnailUrl\":\"https:\/\/blogdobispo.com.br\/wp-content\/uploads\/2025\/03\/7c586e3f-0d17-4cf5-a0a5-1cbe0b62f8a7-1-1024x682.jpg\",\"articleSection\":[\"diversos\"],\"inLanguage\":\"pt-BR\",\"potentialAction\":[{\"@type\":\"CommentAction\",\"name\":\"Comment\",\"target\":[\"https:\/\/blogdobispo.com.br\/?p=4771#respond\"]}]},{\"@type\":\"WebPage\",\"@id\":\"https:\/\/blogdobispo.com.br\/?p=4771\",\"url\":\"https:\/\/blogdobispo.com.br\/?p=4771\",\"name\":\"Deputada Carla Dickson presta homenagem ao Pastor Martin Alves com maior honraria crist\u00e3 da C\u00e2mara Federal - Blog do Bispo\",\"isPartOf\":{\"@id\":\"https:\/\/blogdobispo.com.br\/#website\"},\"primaryImageOfPage\":{\"@id\":\"https:\/\/blogdobispo.com.br\/?p=4771#primaryimage\"},\"image\":{\"@id\":\"https:\/\/blogdobispo.com.br\/?p=4771#primaryimage\"},\"thumbnailUrl\":\"https:\/\/blogdobispo.com.br\/wp-content\/uploads\/2025\/03\/7c586e3f-0d17-4cf5-a0a5-1cbe0b62f8a7-1-1024x682.jpg\",\"datePublished\":\"2025-03-10T21:49:29+00:00\",\"breadcrumb\":{\"@id\":\"https:\/\/blogdobispo.com.br\/?p=4771#breadcrumb\"},\"inLanguage\":\"pt-BR\",\"potentialAction\":[{\"@type\":\"ReadAction\",\"target\":[\"https:\/\/blogdobispo.com.br\/?p=4771\"]}]},{\"@type\":\"ImageObject\",\"inLanguage\":\"pt-BR\",\"@id\":\"https:\/\/blogdobispo.com.br\/?p=4771#primaryimage\",\"url\":\"https:\/\/blogdobispo.com.br\/wp-content\/uploads\/2025\/03\/7c586e3f-0d17-4cf5-a0a5-1cbe0b62f8a7-1-1024x682.jpg\",\"contentUrl\":\"https:\/\/blogdobispo.com.br\/wp-content\/uploads\/2025\/03\/7c586e3f-0d17-4cf5-a0a5-1cbe0b62f8a7-1-1024x682.jpg\"},{\"@type\":\"BreadcrumbList\",\"@id\":\"https:\/\/blogdobispo.com.br\/?p=4771#breadcrumb\",\"itemListElement\":[{\"@type\":\"ListItem\",\"position\":1,\"name\":\"In\u00edcio\",\"item\":\"https:\/\/blogdobispo.com.br\/\"},{\"@type\":\"ListItem\",\"position\":2,\"name\":\"Deputada Carla Dickson presta homenagem ao Pastor Martin Alves com maior honraria crist\u00e3 da C\u00e2mara Federal\"}]},{\"@type\":\"WebSite\",\"@id\":\"https:\/\/blogdobispo.com.br\/#website\",\"url\":\"https:\/\/blogdobispo.com.br\/\",\"name\":\"Blog do Bispo\",\"description\":\"Comprometido apenas com o leitor\",\"publisher\":{\"@id\":\"https:\/\/blogdobispo.com.br\/#organization\"},\"potentialAction\":[{\"@type\":\"SearchAction\",\"target\":{\"@type\":\"EntryPoint\",\"urlTemplate\":\"https:\/\/blogdobispo.com.br\/?s={search_term_string}\"},\"query-input\":{\"@type\":\"PropertyValueSpecification\",\"valueRequired\":true,\"valueName\":\"search_term_string\"}}],\"inLanguage\":\"pt-BR\"},{\"@type\":\"Organization\",\"@id\":\"https:\/\/blogdobispo.com.br\/#organization\",\"name\":\"Blog do Bispo\",\"url\":\"https:\/\/blogdobispo.com.br\/\",\"logo\":{\"@type\":\"ImageObject\",\"inLanguage\":\"pt-BR\",\"@id\":\"https:\/\/blogdobispo.com.br\/#\/schema\/logo\/image\/\",\"url\":\"http:\/\/blogdobispo.com.br\/wp-content\/uploads\/2023\/05\/cropped-headear.png\",\"contentUrl\":\"http:\/\/blogdobispo.com.br\/wp-content\/uploads\/2023\/05\/cropped-headear.png\",\"width\":1500,\"height\":399,\"caption\":\"Blog do Bispo\"},\"image\":{\"@id\":\"https:\/\/blogdobispo.com.br\/#\/schema\/logo\/image\/\"}},{\"@type\":\"Person\",\"@id\":\"https:\/\/blogdobispo.com.br\/#\/schema\/person\/e2209cc0e6cea5c5233d033e997b373f\",\"name\":\"Jefferson Sterfeno\",\"image\":{\"@type\":\"ImageObject\",\"inLanguage\":\"pt-BR\",\"@id\":\"https:\/\/blogdobispo.com.br\/#\/schema\/person\/image\/\",\"url\":\"https:\/\/secure.gravatar.com\/avatar\/0534e84764641168a677026b6d57a3f51dc7ac4db0b4f6186d9cb330d4ee1160?s=96&d=mm&r=g\",\"contentUrl\":\"https:\/\/secure.gravatar.com\/avatar\/0534e84764641168a677026b6d57a3f51dc7ac4db0b4f6186d9cb330d4ee1160?s=96&d=mm&r=g\",\"caption\":\"Jefferson Sterfeno\"},\"sameAs\":[\"http:\/\/blogdobispo.com.br\"],\"url\":\"https:\/\/blogdobispo.com.br\/?author=1\"}]}<\/script>\n<!-- \/ Yoast SEO plugin. -->","yoast_head_json":{"title":"Deputada Carla Dickson presta homenagem ao Pastor Martin Alves com maior honraria crist\u00e3 da C\u00e2mara Federal - Blog do Bispo","robots":{"index":"index","follow":"follow","max-snippet":"max-snippet:-1","max-image-preview":"max-image-preview:large","max-video-preview":"max-video-preview:-1"},"canonical":"https:\/\/blogdobispo.com.br\/?p=4771","og_locale":"pt_BR","og_type":"article","og_title":"Deputada Carla Dickson presta homenagem ao Pastor Martin Alves com maior honraria crist\u00e3 da C\u00e2mara Federal - Blog do Bispo","og_description":"Nesta segunda-feira (10), a deputada federal Carla Dickson (Uni\u00e3o Brasil-RN) prestou uma homenagem ao Pastor Martin Alves, presidente da Igreja Evang\u00e9lica Assembleia de Deus no Rio Grande do Norte (IEADERN). Ele foi agraciado com a Medalha Ordem do M\u00e9rito Crist\u00e3o da C\u00e2mara Federal, pelo reconhecimento aos 13 anos de pastoreio \u00e0 frente da igreja no [&hellip;]","og_url":"https:\/\/blogdobispo.com.br\/?p=4771","og_site_name":"Blog do Bispo","article_published_time":"2025-03-10T21:49:29+00:00","og_image":[{"url":"https:\/\/blogdobispo.com.br\/wp-content\/uploads\/2025\/03\/7c586e3f-0d17-4cf5-a0a5-1cbe0b62f8a7-1-1024x682.jpg","type":"","width":"","height":""}],"author":"Jefferson Sterfeno","twitter_card":"summary_large_image","twitter_misc":{"Escrito por":"Jefferson Sterfeno","Est. tempo de leitura":"2 minutos"},"schema":{"@context":"https:\/\/schema.org","@graph":[{"@type":"Article","@id":"https:\/\/blogdobispo.com.br\/?p=4771#article","isPartOf":{"@id":"https:\/\/blogdobispo.com.br\/?p=4771"},"author":{"name":"Jefferson Sterfeno","@id":"https:\/\/blogdobispo.com.br\/#\/schema\/person\/e2209cc0e6cea5c5233d033e997b373f"},"headline":"Deputada Carla Dickson presta homenagem ao Pastor Martin Alves com maior honraria crist\u00e3 da C\u00e2mara Federal","datePublished":"2025-03-10T21:49:29+00:00","mainEntityOfPage":{"@id":"https:\/\/blogdobispo.com.br\/?p=4771"},"wordCount":381,"commentCount":0,"publisher":{"@id":"https:\/\/blogdobispo.com.br\/#organization"},"image":{"@id":"https:\/\/blogdobispo.com.br\/?p=4771#primaryimage"},"thumbnailUrl":"https:\/\/blogdobispo.com.br\/wp-content\/uploads\/2025\/03\/7c586e3f-0d17-4cf5-a0a5-1cbe0b62f8a7-1-1024x682.jpg","articleSection":["diversos"],"inLanguage":"pt-BR","potentialAction":[{"@type":"CommentAction","name":"Comment","target":["https:\/\/blogdobispo.com.br\/?p=4771#respond"]}]},{"@type":"WebPage","@id":"https:\/\/blogdobispo.com.br\/?p=4771","url":"https:\/\/blogdobispo.com.br\/?p=4771","name":"Deputada Carla Dickson presta homenagem ao Pastor Martin Alves com maior honraria crist\u00e3 da C\u00e2mara Federal - Blog do Bispo","isPartOf":{"@id":"https:\/\/blogdobispo.com.br\/#website"},"primaryImageOfPage":{"@id":"https:\/\/blogdobispo.com.br\/?p=4771#primaryimage"},"image":{"@id":"https:\/\/blogdobispo.com.br\/?p=4771#primaryimage"},"thumbnailUrl":"https:\/\/blogdobispo.com.br\/wp-content\/uploads\/2025\/03\/7c586e3f-0d17-4cf5-a0a5-1cbe0b62f8a7-1-1024x682.jpg","datePublished":"2025-03-10T21:49:29+00:00","breadcrumb":{"@id":"https:\/\/blogdobispo.com.br\/?p=4771#breadcrumb"},"inLanguage":"pt-BR","potentialAction":[{"@type":"ReadAction","target":["https:\/\/blogdobispo.com.br\/?p=4771"]}]},{"@type":"ImageObject","inLanguage":"pt-BR","@id":"https:\/\/blogdobispo.com.br\/?p=4771#primaryimage","url":"https:\/\/blogdobispo.com.br\/wp-content\/uploads\/2025\/03\/7c586e3f-0d17-4cf5-a0a5-1cbe0b62f8a7-1-1024x682.jpg","contentUrl":"https:\/\/blogdobispo.com.br\/wp-content\/uploads\/2025\/03\/7c586e3f-0d17-4cf5-a0a5-1cbe0b62f8a7-1-1024x682.jpg"},{"@type":"BreadcrumbList","@id":"https:\/\/blogdobispo.com.br\/?p=4771#breadcrumb","itemListElement":[{"@type":"ListItem","position":1,"name":"In\u00edcio","item":"https:\/\/blogdobispo.com.br\/"},{"@type":"ListItem","position":2,"name":"Deputada Carla Dickson presta homenagem ao Pastor Martin Alves com maior honraria crist\u00e3 da C\u00e2mara Federal"}]},{"@type":"WebSite","@id":"https:\/\/blogdobispo.com.br\/#website","url":"https:\/\/blogdobispo.com.br\/","name":"Blog do Bispo","description":"Comprometido apenas com o leitor","publisher":{"@id":"https:\/\/blogdobispo.com.br\/#organization"},"potentialAction":[{"@type":"SearchAction","target":{"@type":"EntryPoint","urlTemplate":"https:\/\/blogdobispo.com.br\/?s={search_term_string}"},"query-input":{"@type":"PropertyValueSpecification","valueRequired":true,"valueName":"search_term_string"}}],"inLanguage":"pt-BR"},{"@type":"Organization","@id":"https:\/\/blogdobispo.com.br\/#organization","name":"Blog do Bispo","url":"https:\/\/blogdobispo.com.br\/","logo":{"@type":"ImageObject","inLanguage":"pt-BR","@id":"https:\/\/blogdobispo.com.br\/#\/schema\/logo\/image\/","url":"http:\/\/blogdobispo.com.br\/wp-content\/uploads\/2023\/05\/cropped-headear.png","contentUrl":"http:\/\/blogdobispo.com.br\/wp-content\/uploads\/2023\/05\/cropped-headear.png","width":1500,"height":399,"caption":"Blog do Bispo"},"image":{"@id":"https:\/\/blogdobispo.com.br\/#\/schema\/logo\/image\/"}},{"@type":"Person","@id":"https:\/\/blogdobispo.com.br\/#\/schema\/person\/e2209cc0e6cea5c5233d033e997b373f","name":"Jefferson Sterfeno","image":{"@type":"ImageObject","inLanguage":"pt-BR","@id":"https:\/\/blogdobispo.com.br\/#\/schema\/person\/image\/","url":"https:\/\/secure.gravatar.com\/avatar\/0534e84764641168a677026b6d57a3f51dc7ac4db0b4f6186d9cb330d4ee1160?s=96&d=mm&r=g","contentUrl":"https:\/\/secure.gravatar.com\/avatar\/0534e84764641168a677026b6d57a3f51dc7ac4db0b4f6186d9cb330d4ee1160?s=96&d=mm&r=g","caption":"Jefferson Sterfeno"},"sameAs":["http:\/\/blogdobispo.com.br"],"url":"https:\/\/blogdobispo.com.br\/?author=1"}]}},"featured_image_urls":{"full":"","thumbnail":"","medium":"","medium_large":"","large":"","1536x1536":"","2048x2048":""},"author_info":{"display_name":"Jefferson Sterfeno","author_link":"https:\/\/blogdobispo.com.br\/?author=1"},"category_info":"<a href=\"https:\/\/blogdobispo.com.br\/?cat=1\" rel=\"category\">diversos<\/a>","tag_info":"diversos","comment_count":"0","jetpack_featured_media_url":"","jetpack_sharing_enabled":true,"_links":{"self":[{"href":"https:\/\/blogdobispo.com.br\/index.php?rest_route=\/wp\/v2\/posts\/4771","targetHints":{"allow":["GET"]}}],"collection":[{"href":"https:\/\/blogdobispo.com.br\/index.php?rest_route=\/wp\/v2\/posts"}],"about":[{"href":"https:\/\/blogdobispo.com.br\/index.php?rest_route=\/wp\/v2\/types\/post"}],"author":[{"embeddable":true,"href":"https:\/\/blogdobispo.com.br\/index.php?rest_route=\/wp\/v2\/users\/1"}],"replies":[{"embeddable":true,"href":"https:\/\/blogdobispo.com.br\/index.php?rest_route=%2Fwp%2Fv2%2Fcomments&post=4771"}],"version-history":[{"count":0,"href":"https:\/\/blogdobispo.com.br\/index.php?rest_route=\/wp\/v2\/posts\/4771\/revisions"}],"wp:attachment":[{"href":"https:\/\/blogdobispo.com.br\/index.php?rest_route=%2Fwp%2Fv2%2Fmedia&parent=4771"}],"wp:term":[{"taxonomy":"category","embeddable":true,"href":"https:\/\/blogdobispo.com.br\/index.php?rest_route=%2Fwp%2Fv2%2Fcategories&post=4771"},{"taxonomy":"post_tag","embeddable":true,"href":"https:\/\/blogdobispo.com.br\/index.php?rest_route=%2Fwp%2Fv2%2Ftags&post=4771"}],"curies":[{"name":"wp","href":"https:\/\/api.w.org\/{rel}","templated":true}]}}