{"id":4765,"date":"2025-03-10T14:35:36","date_gmt":"2025-03-10T14:35:36","guid":{"rendered":"https:\/\/blogdobispo.com.br\/?p=4765"},"modified":"2025-03-10T14:35:36","modified_gmt":"2025-03-10T14:35:36","slug":"kleber-fernandes-lanca-livro-sobre-o-direito-do-consumidor-no-contexto-digital","status":"publish","type":"post","link":"https:\/\/blogdobispo.com.br\/?p=4765","title":{"rendered":"Kleber Fernandes lan\u00e7a livro sobre o Direito do Consumidor no contexto digital"},"content":{"rendered":"\n<figure class=\"wp-block-image size-large\"><img data-recalc-dims=\"1\" fetchpriority=\"high\" decoding=\"async\" width=\"792\" height=\"1024\" src=\"https:\/\/i0.wp.com\/blogdobispo.com.br\/wp-content\/uploads\/2025\/03\/cab1004c-9071-4637-8888-6052c7c835ad-1-792x1024.jpg?resize=792%2C1024&#038;ssl=1\" class=\"wp-image-4764\" srcset=\"https:\/\/i0.wp.com\/blogdobispo.com.br\/wp-content\/uploads\/2025\/03\/cab1004c-9071-4637-8888-6052c7c835ad-1.jpg?resize=792%2C1024&amp;ssl=1 792w, https:\/\/i0.wp.com\/blogdobispo.com.br\/wp-content\/uploads\/2025\/03\/cab1004c-9071-4637-8888-6052c7c835ad-1.jpg?resize=232%2C300&amp;ssl=1 232w, https:\/\/i0.wp.com\/blogdobispo.com.br\/wp-content\/uploads\/2025\/03\/cab1004c-9071-4637-8888-6052c7c835ad-1.jpg?resize=768%2C993&amp;ssl=1 768w, https:\/\/i0.wp.com\/blogdobispo.com.br\/wp-content\/uploads\/2025\/03\/cab1004c-9071-4637-8888-6052c7c835ad-1.jpg?w=990&amp;ssl=1 990w\" sizes=\"(max-width: 792px) 100vw, 792px\" \/><\/figure>\n\n\n\n<p><\/p>\n\n\n\n<p>Conhecer seus direitos na hora da compra de um produto \u00e9 essencial para que o consumidor possa fazer escolhas mais conscientes e evitar preju\u00edzos decorrentes de pr\u00e1ticas comerciais abusivas. Pensando nisso, o advogado e vereador Kleber Fernandes lan\u00e7ar\u00e1 seu segundo livro, nesta quinta-feira (13), sobre o Direito do Consumidor, aprofundando as discuss\u00f5es sobre o tema no contexto digital. A nova publica\u00e7\u00e3o aborda as transforma\u00e7\u00f5es nas rela\u00e7\u00f5es de consumo diante das tecnologias emergentes, destacando os desafios e as garantias legais na era da informa\u00e7\u00e3o.<\/p>\n\n\n\n<p>Para Kleber. quando a popula\u00e7\u00e3o est\u00e1 ciente de seus direitos, ela pode exigir a qualidade e a seguran\u00e7a dos produtos adquiridos e exigir que sejam atendidas as normas estabelecidas pelo C\u00f3digo de Defesa do Consumidor. \u201cO conhecimento dos direitos fortalece a capacidade do consumidor de se proteger contra fraudes e enganos, al\u00e9m de contribuir para a cria\u00e7\u00e3o de um mercado mais transparente e justo, onde as empresas s\u00e3o incentivadas a manter boas pr\u00e1ticas comerciais\u201d, comentou.<\/p>\n\n\n\n<p>O lan\u00e7amento de \u201cO Novo Consumidor: Desafios e Direitos na Era da Informa\u00e7\u00e3o\u201d acontecer\u00e1 no Solar Bela Vista, \u00e0s 18h30, e ser\u00e1 vendido ao pre\u00e7o de R$ 50 reais. O evento \u00e9 aberto ao p\u00fablico e contar\u00e1 com uma sess\u00e3o de aut\u00f3grafos.<\/p>\n\n\n\n<p><em>Sobre o Autor<\/em><\/p>\n\n\n\n<p>Kleber Fernandes \u00e9 advogado especializado em Direito do Consumidor e atual vereador de Natal, onde exerce seu terceiro mandato consecutivo. Ao longo de sua trajet\u00f3ria legislativa, destacou-se pela autoria de diversas leis voltadas \u00e0 defesa dos consumidores, sendo atualmente presidente da Comiss\u00e3o de Defesa do Consumidor da C\u00e2mara Municipal de Natal.<\/p>\n\n\n\n<p>Antes de ingressar na pol\u00edtica, Kleber atuou como diretor-geral do PROCON Natal, onde consolidou sua reputa\u00e7\u00e3o na prote\u00e7\u00e3o dos direitos dos consumidores. Durante sua gest\u00e3o, criou e liderou o Programa \u201cNatal Sem D\u00edvidas\u201d, um dos maiores mutir\u00f5es de renegocia\u00e7\u00e3o de d\u00e9bitos da cidade, beneficiando milhares de natalenses. Al\u00e9m disso, promoveu a\u00e7\u00f5es intensivas de fiscaliza\u00e7\u00e3o, palestras educativas e conciliou centenas de conflitos entre consumidores e fornecedores, fortalecendo a cultura do consumo consciente e da resolu\u00e7\u00e3o de problemas de forma \u00e1gil e acess\u00edvel.<\/p>\n\n\n\n<p>Com ampla experi\u00eancia na defesa do consumidor, tanto na esfera administrativa quanto legislativa, Kleber Fernandes se tornou uma refer\u00eancia no tema em Natal e no Rio Grande do Norte.<\/p>\n\n\n\n<p><em>Servi\u00e7o:<\/em><br>Evento: Lan\u00e7amento do livro \u201cO Novo Consumidor: Desafios e Direitos na Era da Informa\u00e7\u00e3o\u201d<br>Data: 13 de mar\u00e7o de 2025<br>Hor\u00e1rio: 18h30<br>Local: Solar Bela Vista<br>Endere\u00e7o: Av. Junqueira Aires, 377 &#8211; Cidade Alta, Natal \u2013 RN<br>Pre\u00e7o do Livro: R$ 50,00<\/p>\n","protected":false},"excerpt":{"rendered":"<p>Conhecer seus direitos na hora da compra de um produto \u00e9 essencial para que o consumidor possa fazer escolhas mais conscientes e evitar preju\u00edzos decorrentes de pr\u00e1ticas comerciais abusivas. Pensando nisso, o advogado e vereador Kleber Fernandes lan\u00e7ar\u00e1 seu segundo livro, nesta quinta-feira (13), sobre o Direito do Consumidor, aprofundando as discuss\u00f5es sobre o tema [&hellip;]<\/p>\n","protected":false},"author":1,"featured_media":0,"comment_status":"open","ping_status":"open","sticky":false,"template":"","format":"standard","meta":{"cybocfi_hide_featured_image":"","_jetpack_memberships_contains_paid_content":false,"footnotes":""},"categories":[1],"tags":[],"class_list":["post-4765","post","type-post","status-publish","format-standard","hentry","category-diversos"],"yoast_head":"<!-- This site is optimized with the Yoast SEO plugin v25.6 - https:\/\/yoast.com\/wordpress\/plugins\/seo\/ -->\n<title>Kleber Fernandes lan\u00e7a livro sobre o Direito do Consumidor no contexto digital - Blog do Bispo<\/title>\n<meta name=\"robots\" content=\"index, follow, max-snippet:-1, max-image-preview:large, max-video-preview:-1\" \/>\n<link rel=\"canonical\" href=\"https:\/\/blogdobispo.com.br\/?p=4765\" \/>\n<meta property=\"og:locale\" content=\"pt_BR\" \/>\n<meta property=\"og:type\" content=\"article\" \/>\n<meta property=\"og:title\" content=\"Kleber Fernandes lan\u00e7a livro sobre o Direito do Consumidor no contexto digital - Blog do Bispo\" \/>\n<meta property=\"og:description\" content=\"Conhecer seus direitos na hora da compra de um produto \u00e9 essencial para que o consumidor possa fazer escolhas mais conscientes e evitar preju\u00edzos decorrentes de pr\u00e1ticas comerciais abusivas. Pensando nisso, o advogado e vereador Kleber Fernandes lan\u00e7ar\u00e1 seu segundo livro, nesta quinta-feira (13), sobre o Direito do Consumidor, aprofundando as discuss\u00f5es sobre o tema [&hellip;]\" \/>\n<meta property=\"og:url\" content=\"https:\/\/blogdobispo.com.br\/?p=4765\" \/>\n<meta property=\"og:site_name\" content=\"Blog do Bispo\" \/>\n<meta property=\"article:published_time\" content=\"2025-03-10T14:35:36+00:00\" \/>\n<meta property=\"og:image\" content=\"https:\/\/blogdobispo.com.br\/wp-content\/uploads\/2025\/03\/cab1004c-9071-4637-8888-6052c7c835ad-1-792x1024.jpg\" \/>\n<meta name=\"author\" content=\"Jefferson Sterfeno\" \/>\n<meta name=\"twitter:card\" content=\"summary_large_image\" \/>\n<meta name=\"twitter:label1\" content=\"Escrito por\" \/>\n\t<meta name=\"twitter:data1\" content=\"Jefferson Sterfeno\" \/>\n\t<meta name=\"twitter:label2\" content=\"Est. tempo de leitura\" \/>\n\t<meta name=\"twitter:data2\" content=\"2 minutos\" \/>\n<script type=\"application\/ld+json\" class=\"yoast-schema-graph\">{\"@context\":\"https:\/\/schema.org\",\"@graph\":[{\"@type\":\"Article\",\"@id\":\"https:\/\/blogdobispo.com.br\/?p=4765#article\",\"isPartOf\":{\"@id\":\"https:\/\/blogdobispo.com.br\/?p=4765\"},\"author\":{\"name\":\"Jefferson Sterfeno\",\"@id\":\"https:\/\/blogdobispo.com.br\/#\/schema\/person\/e2209cc0e6cea5c5233d033e997b373f\"},\"headline\":\"Kleber Fernandes lan\u00e7a livro sobre o Direito do Consumidor no contexto digital\",\"datePublished\":\"2025-03-10T14:35:36+00:00\",\"mainEntityOfPage\":{\"@id\":\"https:\/\/blogdobispo.com.br\/?p=4765\"},\"wordCount\":453,\"commentCount\":0,\"publisher\":{\"@id\":\"https:\/\/blogdobispo.com.br\/#organization\"},\"image\":{\"@id\":\"https:\/\/blogdobispo.com.br\/?p=4765#primaryimage\"},\"thumbnailUrl\":\"https:\/\/blogdobispo.com.br\/wp-content\/uploads\/2025\/03\/cab1004c-9071-4637-8888-6052c7c835ad-1-792x1024.jpg\",\"articleSection\":[\"diversos\"],\"inLanguage\":\"pt-BR\",\"potentialAction\":[{\"@type\":\"CommentAction\",\"name\":\"Comment\",\"target\":[\"https:\/\/blogdobispo.com.br\/?p=4765#respond\"]}]},{\"@type\":\"WebPage\",\"@id\":\"https:\/\/blogdobispo.com.br\/?p=4765\",\"url\":\"https:\/\/blogdobispo.com.br\/?p=4765\",\"name\":\"Kleber Fernandes lan\u00e7a livro sobre o Direito do Consumidor no contexto digital - Blog do Bispo\",\"isPartOf\":{\"@id\":\"https:\/\/blogdobispo.com.br\/#website\"},\"primaryImageOfPage\":{\"@id\":\"https:\/\/blogdobispo.com.br\/?p=4765#primaryimage\"},\"image\":{\"@id\":\"https:\/\/blogdobispo.com.br\/?p=4765#primaryimage\"},\"thumbnailUrl\":\"https:\/\/blogdobispo.com.br\/wp-content\/uploads\/2025\/03\/cab1004c-9071-4637-8888-6052c7c835ad-1-792x1024.jpg\",\"datePublished\":\"2025-03-10T14:35:36+00:00\",\"breadcrumb\":{\"@id\":\"https:\/\/blogdobispo.com.br\/?p=4765#breadcrumb\"},\"inLanguage\":\"pt-BR\",\"potentialAction\":[{\"@type\":\"ReadAction\",\"target\":[\"https:\/\/blogdobispo.com.br\/?p=4765\"]}]},{\"@type\":\"ImageObject\",\"inLanguage\":\"pt-BR\",\"@id\":\"https:\/\/blogdobispo.com.br\/?p=4765#primaryimage\",\"url\":\"https:\/\/blogdobispo.com.br\/wp-content\/uploads\/2025\/03\/cab1004c-9071-4637-8888-6052c7c835ad-1-792x1024.jpg\",\"contentUrl\":\"https:\/\/blogdobispo.com.br\/wp-content\/uploads\/2025\/03\/cab1004c-9071-4637-8888-6052c7c835ad-1-792x1024.jpg\"},{\"@type\":\"BreadcrumbList\",\"@id\":\"https:\/\/blogdobispo.com.br\/?p=4765#breadcrumb\",\"itemListElement\":[{\"@type\":\"ListItem\",\"position\":1,\"name\":\"In\u00edcio\",\"item\":\"https:\/\/blogdobispo.com.br\/\"},{\"@type\":\"ListItem\",\"position\":2,\"name\":\"Kleber Fernandes lan\u00e7a livro sobre o Direito do Consumidor no contexto digital\"}]},{\"@type\":\"WebSite\",\"@id\":\"https:\/\/blogdobispo.com.br\/#website\",\"url\":\"https:\/\/blogdobispo.com.br\/\",\"name\":\"Blog do Bispo\",\"description\":\"Comprometido apenas com o leitor\",\"publisher\":{\"@id\":\"https:\/\/blogdobispo.com.br\/#organization\"},\"potentialAction\":[{\"@type\":\"SearchAction\",\"target\":{\"@type\":\"EntryPoint\",\"urlTemplate\":\"https:\/\/blogdobispo.com.br\/?s={search_term_string}\"},\"query-input\":{\"@type\":\"PropertyValueSpecification\",\"valueRequired\":true,\"valueName\":\"search_term_string\"}}],\"inLanguage\":\"pt-BR\"},{\"@type\":\"Organization\",\"@id\":\"https:\/\/blogdobispo.com.br\/#organization\",\"name\":\"Blog do Bispo\",\"url\":\"https:\/\/blogdobispo.com.br\/\",\"logo\":{\"@type\":\"ImageObject\",\"inLanguage\":\"pt-BR\",\"@id\":\"https:\/\/blogdobispo.com.br\/#\/schema\/logo\/image\/\",\"url\":\"http:\/\/blogdobispo.com.br\/wp-content\/uploads\/2023\/05\/cropped-headear.png\",\"contentUrl\":\"http:\/\/blogdobispo.com.br\/wp-content\/uploads\/2023\/05\/cropped-headear.png\",\"width\":1500,\"height\":399,\"caption\":\"Blog do Bispo\"},\"image\":{\"@id\":\"https:\/\/blogdobispo.com.br\/#\/schema\/logo\/image\/\"}},{\"@type\":\"Person\",\"@id\":\"https:\/\/blogdobispo.com.br\/#\/schema\/person\/e2209cc0e6cea5c5233d033e997b373f\",\"name\":\"Jefferson Sterfeno\",\"image\":{\"@type\":\"ImageObject\",\"inLanguage\":\"pt-BR\",\"@id\":\"https:\/\/blogdobispo.com.br\/#\/schema\/person\/image\/\",\"url\":\"https:\/\/secure.gravatar.com\/avatar\/0534e84764641168a677026b6d57a3f51dc7ac4db0b4f6186d9cb330d4ee1160?s=96&d=mm&r=g\",\"contentUrl\":\"https:\/\/secure.gravatar.com\/avatar\/0534e84764641168a677026b6d57a3f51dc7ac4db0b4f6186d9cb330d4ee1160?s=96&d=mm&r=g\",\"caption\":\"Jefferson Sterfeno\"},\"sameAs\":[\"http:\/\/blogdobispo.com.br\"],\"url\":\"https:\/\/blogdobispo.com.br\/?author=1\"}]}<\/script>\n<!-- \/ Yoast SEO plugin. -->","yoast_head_json":{"title":"Kleber Fernandes lan\u00e7a livro sobre o Direito do Consumidor no contexto digital - Blog do Bispo","robots":{"index":"index","follow":"follow","max-snippet":"max-snippet:-1","max-image-preview":"max-image-preview:large","max-video-preview":"max-video-preview:-1"},"canonical":"https:\/\/blogdobispo.com.br\/?p=4765","og_locale":"pt_BR","og_type":"article","og_title":"Kleber Fernandes lan\u00e7a livro sobre o Direito do Consumidor no contexto digital - Blog do Bispo","og_description":"Conhecer seus direitos na hora da compra de um produto \u00e9 essencial para que o consumidor possa fazer escolhas mais conscientes e evitar preju\u00edzos decorrentes de pr\u00e1ticas comerciais abusivas. Pensando nisso, o advogado e vereador Kleber Fernandes lan\u00e7ar\u00e1 seu segundo livro, nesta quinta-feira (13), sobre o Direito do Consumidor, aprofundando as discuss\u00f5es sobre o tema [&hellip;]","og_url":"https:\/\/blogdobispo.com.br\/?p=4765","og_site_name":"Blog do Bispo","article_published_time":"2025-03-10T14:35:36+00:00","og_image":[{"url":"https:\/\/blogdobispo.com.br\/wp-content\/uploads\/2025\/03\/cab1004c-9071-4637-8888-6052c7c835ad-1-792x1024.jpg","type":"","width":"","height":""}],"author":"Jefferson Sterfeno","twitter_card":"summary_large_image","twitter_misc":{"Escrito por":"Jefferson Sterfeno","Est. tempo de leitura":"2 minutos"},"schema":{"@context":"https:\/\/schema.org","@graph":[{"@type":"Article","@id":"https:\/\/blogdobispo.com.br\/?p=4765#article","isPartOf":{"@id":"https:\/\/blogdobispo.com.br\/?p=4765"},"author":{"name":"Jefferson Sterfeno","@id":"https:\/\/blogdobispo.com.br\/#\/schema\/person\/e2209cc0e6cea5c5233d033e997b373f"},"headline":"Kleber Fernandes lan\u00e7a livro sobre o Direito do Consumidor no contexto digital","datePublished":"2025-03-10T14:35:36+00:00","mainEntityOfPage":{"@id":"https:\/\/blogdobispo.com.br\/?p=4765"},"wordCount":453,"commentCount":0,"publisher":{"@id":"https:\/\/blogdobispo.com.br\/#organization"},"image":{"@id":"https:\/\/blogdobispo.com.br\/?p=4765#primaryimage"},"thumbnailUrl":"https:\/\/blogdobispo.com.br\/wp-content\/uploads\/2025\/03\/cab1004c-9071-4637-8888-6052c7c835ad-1-792x1024.jpg","articleSection":["diversos"],"inLanguage":"pt-BR","potentialAction":[{"@type":"CommentAction","name":"Comment","target":["https:\/\/blogdobispo.com.br\/?p=4765#respond"]}]},{"@type":"WebPage","@id":"https:\/\/blogdobispo.com.br\/?p=4765","url":"https:\/\/blogdobispo.com.br\/?p=4765","name":"Kleber Fernandes lan\u00e7a livro sobre o Direito do Consumidor no contexto digital - Blog do Bispo","isPartOf":{"@id":"https:\/\/blogdobispo.com.br\/#website"},"primaryImageOfPage":{"@id":"https:\/\/blogdobispo.com.br\/?p=4765#primaryimage"},"image":{"@id":"https:\/\/blogdobispo.com.br\/?p=4765#primaryimage"},"thumbnailUrl":"https:\/\/blogdobispo.com.br\/wp-content\/uploads\/2025\/03\/cab1004c-9071-4637-8888-6052c7c835ad-1-792x1024.jpg","datePublished":"2025-03-10T14:35:36+00:00","breadcrumb":{"@id":"https:\/\/blogdobispo.com.br\/?p=4765#breadcrumb"},"inLanguage":"pt-BR","potentialAction":[{"@type":"ReadAction","target":["https:\/\/blogdobispo.com.br\/?p=4765"]}]},{"@type":"ImageObject","inLanguage":"pt-BR","@id":"https:\/\/blogdobispo.com.br\/?p=4765#primaryimage","url":"https:\/\/blogdobispo.com.br\/wp-content\/uploads\/2025\/03\/cab1004c-9071-4637-8888-6052c7c835ad-1-792x1024.jpg","contentUrl":"https:\/\/blogdobispo.com.br\/wp-content\/uploads\/2025\/03\/cab1004c-9071-4637-8888-6052c7c835ad-1-792x1024.jpg"},{"@type":"BreadcrumbList","@id":"https:\/\/blogdobispo.com.br\/?p=4765#breadcrumb","itemListElement":[{"@type":"ListItem","position":1,"name":"In\u00edcio","item":"https:\/\/blogdobispo.com.br\/"},{"@type":"ListItem","position":2,"name":"Kleber Fernandes lan\u00e7a livro sobre o Direito do Consumidor no contexto digital"}]},{"@type":"WebSite","@id":"https:\/\/blogdobispo.com.br\/#website","url":"https:\/\/blogdobispo.com.br\/","name":"Blog do Bispo","description":"Comprometido apenas com o leitor","publisher":{"@id":"https:\/\/blogdobispo.com.br\/#organization"},"potentialAction":[{"@type":"SearchAction","target":{"@type":"EntryPoint","urlTemplate":"https:\/\/blogdobispo.com.br\/?s={search_term_string}"},"query-input":{"@type":"PropertyValueSpecification","valueRequired":true,"valueName":"search_term_string"}}],"inLanguage":"pt-BR"},{"@type":"Organization","@id":"https:\/\/blogdobispo.com.br\/#organization","name":"Blog do Bispo","url":"https:\/\/blogdobispo.com.br\/","logo":{"@type":"ImageObject","inLanguage":"pt-BR","@id":"https:\/\/blogdobispo.com.br\/#\/schema\/logo\/image\/","url":"http:\/\/blogdobispo.com.br\/wp-content\/uploads\/2023\/05\/cropped-headear.png","contentUrl":"http:\/\/blogdobispo.com.br\/wp-content\/uploads\/2023\/05\/cropped-headear.png","width":1500,"height":399,"caption":"Blog do Bispo"},"image":{"@id":"https:\/\/blogdobispo.com.br\/#\/schema\/logo\/image\/"}},{"@type":"Person","@id":"https:\/\/blogdobispo.com.br\/#\/schema\/person\/e2209cc0e6cea5c5233d033e997b373f","name":"Jefferson Sterfeno","image":{"@type":"ImageObject","inLanguage":"pt-BR","@id":"https:\/\/blogdobispo.com.br\/#\/schema\/person\/image\/","url":"https:\/\/secure.gravatar.com\/avatar\/0534e84764641168a677026b6d57a3f51dc7ac4db0b4f6186d9cb330d4ee1160?s=96&d=mm&r=g","contentUrl":"https:\/\/secure.gravatar.com\/avatar\/0534e84764641168a677026b6d57a3f51dc7ac4db0b4f6186d9cb330d4ee1160?s=96&d=mm&r=g","caption":"Jefferson Sterfeno"},"sameAs":["http:\/\/blogdobispo.com.br"],"url":"https:\/\/blogdobispo.com.br\/?author=1"}]}},"featured_image_urls":{"full":"","thumbnail":"","medium":"","medium_large":"","large":"","1536x1536":"","2048x2048":""},"author_info":{"display_name":"Jefferson Sterfeno","author_link":"https:\/\/blogdobispo.com.br\/?author=1"},"category_info":"<a href=\"https:\/\/blogdobispo.com.br\/?cat=1\" rel=\"category\">diversos<\/a>","tag_info":"diversos","comment_count":"0","jetpack_featured_media_url":"","jetpack_sharing_enabled":true,"_links":{"self":[{"href":"https:\/\/blogdobispo.com.br\/index.php?rest_route=\/wp\/v2\/posts\/4765","targetHints":{"allow":["GET"]}}],"collection":[{"href":"https:\/\/blogdobispo.com.br\/index.php?rest_route=\/wp\/v2\/posts"}],"about":[{"href":"https:\/\/blogdobispo.com.br\/index.php?rest_route=\/wp\/v2\/types\/post"}],"author":[{"embeddable":true,"href":"https:\/\/blogdobispo.com.br\/index.php?rest_route=\/wp\/v2\/users\/1"}],"replies":[{"embeddable":true,"href":"https:\/\/blogdobispo.com.br\/index.php?rest_route=%2Fwp%2Fv2%2Fcomments&post=4765"}],"version-history":[{"count":0,"href":"https:\/\/blogdobispo.com.br\/index.php?rest_route=\/wp\/v2\/posts\/4765\/revisions"}],"wp:attachment":[{"href":"https:\/\/blogdobispo.com.br\/index.php?rest_route=%2Fwp%2Fv2%2Fmedia&parent=4765"}],"wp:term":[{"taxonomy":"category","embeddable":true,"href":"https:\/\/blogdobispo.com.br\/index.php?rest_route=%2Fwp%2Fv2%2Fcategories&post=4765"},{"taxonomy":"post_tag","embeddable":true,"href":"https:\/\/blogdobispo.com.br\/index.php?rest_route=%2Fwp%2Fv2%2Ftags&post=4765"}],"curies":[{"name":"wp","href":"https:\/\/api.w.org\/{rel}","templated":true}]}}