{"id":4743,"date":"2025-03-06T21:22:10","date_gmt":"2025-03-06T21:22:10","guid":{"rendered":"https:\/\/blogdobispo.com.br\/?p=4743"},"modified":"2025-03-06T21:22:10","modified_gmt":"2025-03-06T21:22:10","slug":"governo-do-rn-anuncia-publicacao-de-editais-do-concurso-da-saude","status":"publish","type":"post","link":"https:\/\/blogdobispo.com.br\/?p=4743","title":{"rendered":"Governo do RN anuncia publica\u00e7\u00e3o de editais do concurso da Sa\u00fade"},"content":{"rendered":"\n<p>O Governo do Rio Grande do Norte p\u00fablica, na edi\u00e7\u00e3o desta sexta-feira (7) do Di\u00e1rio Oficial do Estado, os editais do concurso p\u00fablico destinados ao preenchimento de cargos de provimento efetivo da Secretaria da Sa\u00fade P\u00fablica (Sesap). O certame contempla 565 vagas, sendo 306 para cargos de n\u00edvel superior e 259 para cargos de n\u00edvel m\u00e9dio e t\u00e9cnico, al\u00e9m de forma\u00e7\u00e3o de cadastro de reserva. O an\u00fancio foi feito pela governadora F\u00e1tima Bezerra na tarde desta quinta-feira (6) junto a representantes da Secretaria da Administra\u00e7\u00e3o (Sead) e da Sa\u00fade P\u00fablica do RN (Sesap).<\/p>\n\n\n\n<p>\u201cAo longo do nosso governo, n\u00f3s j\u00e1 nomeamos para a Sa\u00fade do Estado 3.718 profissionais. Com mais 565 vagas desse novo concurso, damos mais um passo importante na expans\u00e3o, na melhoria e fortalecimento do SUS no Rio Grande do Norte\u201d, declarou a governadora.<\/p>\n\n\n\n<p>As inscri\u00e7\u00f5es estar\u00e3o abertas de 10 de mar\u00e7o a 14 de abril, enquanto as provas est\u00e3o previstas para o dia 25 de maio de 2025. A aplica\u00e7\u00e3o ser\u00e1 em nove cidades do RN: Natal, Caic\u00f3, Jo\u00e3o C\u00e2mara, Macau, Mossor\u00f3, Nova Cruz, Pau dos Ferros, S\u00e3o Jos\u00e9 de Mipibu e Santa Cruz.<\/p>\n\n\n\n<p>Para o secret\u00e1rio estadual da Sa\u00fade, Alexandre Motta, o certame \u00e9 essencial para melhorar a estrutura dos quadros e oferecer um servi\u00e7o de melhor qualidade \u00e0 popula\u00e7\u00e3o em todo o estado. \u201cS\u00e3o diversas \u00e1reas contempladas, com vagas e cadastro de reserva para todas as oito regi\u00f5es de Sa\u00fade do Rio Grande do Norte\u201d.<\/p>\n\n\n\n<p>O secret\u00e1rio da Administra\u00e7\u00e3o, Pedro Lopes, enfatizou a import\u00e2ncia do novo concurso para consolidar a amplia\u00e7\u00e3o das estruturas operacionais das regionais de Sa\u00fade do RN, \u201cque passaram a ter um novo dimensionamento durante o enfrentamento da Covid em 2020\u201d.<\/p>\n\n\n\n<p>Com rela\u00e7\u00e3o \u00e0s vagas, 205 s\u00e3o para m\u00e9dicos de 44 diferentes especialidades, 54 para enfermeiros e 47 para demais cargos de n\u00edvel superior. No tocante aos cargos de n\u00edvel m\u00e9dio, 204 contemplam os t\u00e9cnicos de enfermagem, enquanto outras 55 vagas s\u00e3o para outros cargos distribu\u00eddos em 11 categorias distintas.<\/p>\n\n\n\n<p>O certame \u00e9 promovido pelo Governo do Estado, por meio da Sead e Sesap, e ser\u00e1 organizado pelo Instituto de Desenvolvimento Educacional, Cultural e Assistencial Nacional (Idecan). O processo seletivo ser\u00e1 dividido em duas fases. A primeira consistir\u00e1 na aplica\u00e7\u00e3o das provas, enquanto a segunda ser\u00e1 composta pela an\u00e1lise de t\u00edtulos para os cargos de n\u00edvel superior.<\/p>\n\n\n\n<p>Os editais, tanto o que \u00e9 direcionado para n\u00edvel m\u00e9dio\/t\u00e9cnico, quanto o que \u00e9 voltado para n\u00edvel superior, trar\u00e3o informa\u00e7\u00f5es detalhadas sobre as etapas da sele\u00e7\u00e3o, requisitos para cada cargo, remunera\u00e7\u00e3o e locais de prova. Os interessados devem acompanhar as publica\u00e7\u00f5es oficiais para mais detalhes e prepara\u00e7\u00e3o para o certame.<\/p>\n\n\n\n<p>Tamb\u00e9m estiveram presentes na reuni\u00e3o com a governadora os secret\u00e1rios-adjuntos Ivanilson Maia (GAC) e Leidiane Queiroz (Sesap), as coordenadoras de Gest\u00e3o do Trabalho e da Educa\u00e7\u00e3o na Sa\u00fade, Ingrid Silva; e de Vigil\u00e2ncia em Sa\u00fade, Diana R\u00eago; al\u00e9m das servidoras representantes da Comiss\u00e3o respons\u00e1vel pela realiza\u00e7\u00e3o do concurso: Gra\u00e7a Ara\u00fajo e Talita Ara\u00fajo (Sead) e Anne Karoline Pereira e Ilanna Guedes (Sesap).<\/p>\n\n\n\n<figure class=\"wp-block-image size-large\"><img data-recalc-dims=\"1\" fetchpriority=\"high\" decoding=\"async\" width=\"800\" height=\"533\" src=\"https:\/\/i0.wp.com\/blogdobispo.com.br\/wp-content\/uploads\/2025\/03\/img_3136-1-1024x682.jpg?resize=800%2C533&#038;ssl=1\" class=\"wp-image-4742\" srcset=\"https:\/\/i0.wp.com\/blogdobispo.com.br\/wp-content\/uploads\/2025\/03\/img_3136-1.jpg?resize=1024%2C682&amp;ssl=1 1024w, https:\/\/i0.wp.com\/blogdobispo.com.br\/wp-content\/uploads\/2025\/03\/img_3136-1.jpg?resize=300%2C200&amp;ssl=1 300w, https:\/\/i0.wp.com\/blogdobispo.com.br\/wp-content\/uploads\/2025\/03\/img_3136-1.jpg?resize=768%2C512&amp;ssl=1 768w, https:\/\/i0.wp.com\/blogdobispo.com.br\/wp-content\/uploads\/2025\/03\/img_3136-1.jpg?resize=1536%2C1024&amp;ssl=1 1536w, https:\/\/i0.wp.com\/blogdobispo.com.br\/wp-content\/uploads\/2025\/03\/img_3136-1.jpg?w=2000&amp;ssl=1 2000w, https:\/\/i0.wp.com\/blogdobispo.com.br\/wp-content\/uploads\/2025\/03\/img_3136-1.jpg?w=1600 1600w\" sizes=\"(max-width: 800px) 100vw, 800px\" \/><\/figure>\n","protected":false},"excerpt":{"rendered":"<p>O Governo do Rio Grande do Norte p\u00fablica, na edi\u00e7\u00e3o desta sexta-feira (7) do Di\u00e1rio Oficial do Estado, os editais do concurso p\u00fablico destinados ao preenchimento de cargos de provimento efetivo da Secretaria da Sa\u00fade P\u00fablica (Sesap). O certame contempla 565 vagas, sendo 306 para cargos de n\u00edvel superior e 259 para cargos de n\u00edvel [&hellip;]<\/p>\n","protected":false},"author":1,"featured_media":0,"comment_status":"open","ping_status":"open","sticky":false,"template":"","format":"standard","meta":{"cybocfi_hide_featured_image":"","_jetpack_memberships_contains_paid_content":false,"footnotes":""},"categories":[1],"tags":[],"class_list":["post-4743","post","type-post","status-publish","format-standard","hentry","category-diversos"],"yoast_head":"<!-- This site is optimized with the Yoast SEO plugin v25.6 - https:\/\/yoast.com\/wordpress\/plugins\/seo\/ -->\n<title>Governo do RN anuncia publica\u00e7\u00e3o de editais do concurso da Sa\u00fade - Blog do Bispo<\/title>\n<meta name=\"robots\" content=\"index, follow, max-snippet:-1, max-image-preview:large, max-video-preview:-1\" \/>\n<link rel=\"canonical\" href=\"https:\/\/blogdobispo.com.br\/?p=4743\" \/>\n<meta property=\"og:locale\" content=\"pt_BR\" \/>\n<meta property=\"og:type\" content=\"article\" \/>\n<meta property=\"og:title\" content=\"Governo do RN anuncia publica\u00e7\u00e3o de editais do concurso da Sa\u00fade - Blog do Bispo\" \/>\n<meta property=\"og:description\" content=\"O Governo do Rio Grande do Norte p\u00fablica, na edi\u00e7\u00e3o desta sexta-feira (7) do Di\u00e1rio Oficial do Estado, os editais do concurso p\u00fablico destinados ao preenchimento de cargos de provimento efetivo da Secretaria da Sa\u00fade P\u00fablica (Sesap). O certame contempla 565 vagas, sendo 306 para cargos de n\u00edvel superior e 259 para cargos de n\u00edvel [&hellip;]\" \/>\n<meta property=\"og:url\" content=\"https:\/\/blogdobispo.com.br\/?p=4743\" \/>\n<meta property=\"og:site_name\" content=\"Blog do Bispo\" \/>\n<meta property=\"article:published_time\" content=\"2025-03-06T21:22:10+00:00\" \/>\n<meta property=\"og:image\" content=\"https:\/\/blogdobispo.com.br\/wp-content\/uploads\/2025\/03\/img_3136-1-1024x682.jpg\" \/>\n<meta name=\"author\" content=\"Jefferson Sterfeno\" \/>\n<meta name=\"twitter:card\" content=\"summary_large_image\" \/>\n<meta name=\"twitter:label1\" content=\"Escrito por\" \/>\n\t<meta name=\"twitter:data1\" content=\"Jefferson Sterfeno\" \/>\n\t<meta name=\"twitter:label2\" content=\"Est. tempo de leitura\" \/>\n\t<meta name=\"twitter:data2\" content=\"3 minutos\" \/>\n<script type=\"application\/ld+json\" class=\"yoast-schema-graph\">{\"@context\":\"https:\/\/schema.org\",\"@graph\":[{\"@type\":\"Article\",\"@id\":\"https:\/\/blogdobispo.com.br\/?p=4743#article\",\"isPartOf\":{\"@id\":\"https:\/\/blogdobispo.com.br\/?p=4743\"},\"author\":{\"name\":\"Jefferson Sterfeno\",\"@id\":\"https:\/\/blogdobispo.com.br\/#\/schema\/person\/e2209cc0e6cea5c5233d033e997b373f\"},\"headline\":\"Governo do RN anuncia publica\u00e7\u00e3o de editais do concurso da Sa\u00fade\",\"datePublished\":\"2025-03-06T21:22:10+00:00\",\"mainEntityOfPage\":{\"@id\":\"https:\/\/blogdobispo.com.br\/?p=4743\"},\"wordCount\":566,\"commentCount\":0,\"publisher\":{\"@id\":\"https:\/\/blogdobispo.com.br\/#organization\"},\"image\":{\"@id\":\"https:\/\/blogdobispo.com.br\/?p=4743#primaryimage\"},\"thumbnailUrl\":\"https:\/\/blogdobispo.com.br\/wp-content\/uploads\/2025\/03\/img_3136-1-1024x682.jpg\",\"articleSection\":[\"diversos\"],\"inLanguage\":\"pt-BR\",\"potentialAction\":[{\"@type\":\"CommentAction\",\"name\":\"Comment\",\"target\":[\"https:\/\/blogdobispo.com.br\/?p=4743#respond\"]}]},{\"@type\":\"WebPage\",\"@id\":\"https:\/\/blogdobispo.com.br\/?p=4743\",\"url\":\"https:\/\/blogdobispo.com.br\/?p=4743\",\"name\":\"Governo do RN anuncia publica\u00e7\u00e3o de editais do concurso da Sa\u00fade - Blog do Bispo\",\"isPartOf\":{\"@id\":\"https:\/\/blogdobispo.com.br\/#website\"},\"primaryImageOfPage\":{\"@id\":\"https:\/\/blogdobispo.com.br\/?p=4743#primaryimage\"},\"image\":{\"@id\":\"https:\/\/blogdobispo.com.br\/?p=4743#primaryimage\"},\"thumbnailUrl\":\"https:\/\/blogdobispo.com.br\/wp-content\/uploads\/2025\/03\/img_3136-1-1024x682.jpg\",\"datePublished\":\"2025-03-06T21:22:10+00:00\",\"breadcrumb\":{\"@id\":\"https:\/\/blogdobispo.com.br\/?p=4743#breadcrumb\"},\"inLanguage\":\"pt-BR\",\"potentialAction\":[{\"@type\":\"ReadAction\",\"target\":[\"https:\/\/blogdobispo.com.br\/?p=4743\"]}]},{\"@type\":\"ImageObject\",\"inLanguage\":\"pt-BR\",\"@id\":\"https:\/\/blogdobispo.com.br\/?p=4743#primaryimage\",\"url\":\"https:\/\/blogdobispo.com.br\/wp-content\/uploads\/2025\/03\/img_3136-1-1024x682.jpg\",\"contentUrl\":\"https:\/\/blogdobispo.com.br\/wp-content\/uploads\/2025\/03\/img_3136-1-1024x682.jpg\"},{\"@type\":\"BreadcrumbList\",\"@id\":\"https:\/\/blogdobispo.com.br\/?p=4743#breadcrumb\",\"itemListElement\":[{\"@type\":\"ListItem\",\"position\":1,\"name\":\"In\u00edcio\",\"item\":\"https:\/\/blogdobispo.com.br\/\"},{\"@type\":\"ListItem\",\"position\":2,\"name\":\"Governo do RN anuncia publica\u00e7\u00e3o de editais do concurso da Sa\u00fade\"}]},{\"@type\":\"WebSite\",\"@id\":\"https:\/\/blogdobispo.com.br\/#website\",\"url\":\"https:\/\/blogdobispo.com.br\/\",\"name\":\"Blog do Bispo\",\"description\":\"Comprometido apenas com o leitor\",\"publisher\":{\"@id\":\"https:\/\/blogdobispo.com.br\/#organization\"},\"potentialAction\":[{\"@type\":\"SearchAction\",\"target\":{\"@type\":\"EntryPoint\",\"urlTemplate\":\"https:\/\/blogdobispo.com.br\/?s={search_term_string}\"},\"query-input\":{\"@type\":\"PropertyValueSpecification\",\"valueRequired\":true,\"valueName\":\"search_term_string\"}}],\"inLanguage\":\"pt-BR\"},{\"@type\":\"Organization\",\"@id\":\"https:\/\/blogdobispo.com.br\/#organization\",\"name\":\"Blog do Bispo\",\"url\":\"https:\/\/blogdobispo.com.br\/\",\"logo\":{\"@type\":\"ImageObject\",\"inLanguage\":\"pt-BR\",\"@id\":\"https:\/\/blogdobispo.com.br\/#\/schema\/logo\/image\/\",\"url\":\"http:\/\/blogdobispo.com.br\/wp-content\/uploads\/2023\/05\/cropped-headear.png\",\"contentUrl\":\"http:\/\/blogdobispo.com.br\/wp-content\/uploads\/2023\/05\/cropped-headear.png\",\"width\":1500,\"height\":399,\"caption\":\"Blog do Bispo\"},\"image\":{\"@id\":\"https:\/\/blogdobispo.com.br\/#\/schema\/logo\/image\/\"}},{\"@type\":\"Person\",\"@id\":\"https:\/\/blogdobispo.com.br\/#\/schema\/person\/e2209cc0e6cea5c5233d033e997b373f\",\"name\":\"Jefferson Sterfeno\",\"image\":{\"@type\":\"ImageObject\",\"inLanguage\":\"pt-BR\",\"@id\":\"https:\/\/blogdobispo.com.br\/#\/schema\/person\/image\/\",\"url\":\"https:\/\/secure.gravatar.com\/avatar\/0534e84764641168a677026b6d57a3f51dc7ac4db0b4f6186d9cb330d4ee1160?s=96&d=mm&r=g\",\"contentUrl\":\"https:\/\/secure.gravatar.com\/avatar\/0534e84764641168a677026b6d57a3f51dc7ac4db0b4f6186d9cb330d4ee1160?s=96&d=mm&r=g\",\"caption\":\"Jefferson Sterfeno\"},\"sameAs\":[\"http:\/\/blogdobispo.com.br\"],\"url\":\"https:\/\/blogdobispo.com.br\/?author=1\"}]}<\/script>\n<!-- \/ Yoast SEO plugin. -->","yoast_head_json":{"title":"Governo do RN anuncia publica\u00e7\u00e3o de editais do concurso da Sa\u00fade - Blog do Bispo","robots":{"index":"index","follow":"follow","max-snippet":"max-snippet:-1","max-image-preview":"max-image-preview:large","max-video-preview":"max-video-preview:-1"},"canonical":"https:\/\/blogdobispo.com.br\/?p=4743","og_locale":"pt_BR","og_type":"article","og_title":"Governo do RN anuncia publica\u00e7\u00e3o de editais do concurso da Sa\u00fade - Blog do Bispo","og_description":"O Governo do Rio Grande do Norte p\u00fablica, na edi\u00e7\u00e3o desta sexta-feira (7) do Di\u00e1rio Oficial do Estado, os editais do concurso p\u00fablico destinados ao preenchimento de cargos de provimento efetivo da Secretaria da Sa\u00fade P\u00fablica (Sesap). O certame contempla 565 vagas, sendo 306 para cargos de n\u00edvel superior e 259 para cargos de n\u00edvel [&hellip;]","og_url":"https:\/\/blogdobispo.com.br\/?p=4743","og_site_name":"Blog do Bispo","article_published_time":"2025-03-06T21:22:10+00:00","og_image":[{"url":"https:\/\/blogdobispo.com.br\/wp-content\/uploads\/2025\/03\/img_3136-1-1024x682.jpg","type":"","width":"","height":""}],"author":"Jefferson Sterfeno","twitter_card":"summary_large_image","twitter_misc":{"Escrito por":"Jefferson Sterfeno","Est. tempo de leitura":"3 minutos"},"schema":{"@context":"https:\/\/schema.org","@graph":[{"@type":"Article","@id":"https:\/\/blogdobispo.com.br\/?p=4743#article","isPartOf":{"@id":"https:\/\/blogdobispo.com.br\/?p=4743"},"author":{"name":"Jefferson Sterfeno","@id":"https:\/\/blogdobispo.com.br\/#\/schema\/person\/e2209cc0e6cea5c5233d033e997b373f"},"headline":"Governo do RN anuncia publica\u00e7\u00e3o de editais do concurso da Sa\u00fade","datePublished":"2025-03-06T21:22:10+00:00","mainEntityOfPage":{"@id":"https:\/\/blogdobispo.com.br\/?p=4743"},"wordCount":566,"commentCount":0,"publisher":{"@id":"https:\/\/blogdobispo.com.br\/#organization"},"image":{"@id":"https:\/\/blogdobispo.com.br\/?p=4743#primaryimage"},"thumbnailUrl":"https:\/\/blogdobispo.com.br\/wp-content\/uploads\/2025\/03\/img_3136-1-1024x682.jpg","articleSection":["diversos"],"inLanguage":"pt-BR","potentialAction":[{"@type":"CommentAction","name":"Comment","target":["https:\/\/blogdobispo.com.br\/?p=4743#respond"]}]},{"@type":"WebPage","@id":"https:\/\/blogdobispo.com.br\/?p=4743","url":"https:\/\/blogdobispo.com.br\/?p=4743","name":"Governo do RN anuncia publica\u00e7\u00e3o de editais do concurso da Sa\u00fade - Blog do Bispo","isPartOf":{"@id":"https:\/\/blogdobispo.com.br\/#website"},"primaryImageOfPage":{"@id":"https:\/\/blogdobispo.com.br\/?p=4743#primaryimage"},"image":{"@id":"https:\/\/blogdobispo.com.br\/?p=4743#primaryimage"},"thumbnailUrl":"https:\/\/blogdobispo.com.br\/wp-content\/uploads\/2025\/03\/img_3136-1-1024x682.jpg","datePublished":"2025-03-06T21:22:10+00:00","breadcrumb":{"@id":"https:\/\/blogdobispo.com.br\/?p=4743#breadcrumb"},"inLanguage":"pt-BR","potentialAction":[{"@type":"ReadAction","target":["https:\/\/blogdobispo.com.br\/?p=4743"]}]},{"@type":"ImageObject","inLanguage":"pt-BR","@id":"https:\/\/blogdobispo.com.br\/?p=4743#primaryimage","url":"https:\/\/blogdobispo.com.br\/wp-content\/uploads\/2025\/03\/img_3136-1-1024x682.jpg","contentUrl":"https:\/\/blogdobispo.com.br\/wp-content\/uploads\/2025\/03\/img_3136-1-1024x682.jpg"},{"@type":"BreadcrumbList","@id":"https:\/\/blogdobispo.com.br\/?p=4743#breadcrumb","itemListElement":[{"@type":"ListItem","position":1,"name":"In\u00edcio","item":"https:\/\/blogdobispo.com.br\/"},{"@type":"ListItem","position":2,"name":"Governo do RN anuncia publica\u00e7\u00e3o de editais do concurso da Sa\u00fade"}]},{"@type":"WebSite","@id":"https:\/\/blogdobispo.com.br\/#website","url":"https:\/\/blogdobispo.com.br\/","name":"Blog do Bispo","description":"Comprometido apenas com o leitor","publisher":{"@id":"https:\/\/blogdobispo.com.br\/#organization"},"potentialAction":[{"@type":"SearchAction","target":{"@type":"EntryPoint","urlTemplate":"https:\/\/blogdobispo.com.br\/?s={search_term_string}"},"query-input":{"@type":"PropertyValueSpecification","valueRequired":true,"valueName":"search_term_string"}}],"inLanguage":"pt-BR"},{"@type":"Organization","@id":"https:\/\/blogdobispo.com.br\/#organization","name":"Blog do Bispo","url":"https:\/\/blogdobispo.com.br\/","logo":{"@type":"ImageObject","inLanguage":"pt-BR","@id":"https:\/\/blogdobispo.com.br\/#\/schema\/logo\/image\/","url":"http:\/\/blogdobispo.com.br\/wp-content\/uploads\/2023\/05\/cropped-headear.png","contentUrl":"http:\/\/blogdobispo.com.br\/wp-content\/uploads\/2023\/05\/cropped-headear.png","width":1500,"height":399,"caption":"Blog do Bispo"},"image":{"@id":"https:\/\/blogdobispo.com.br\/#\/schema\/logo\/image\/"}},{"@type":"Person","@id":"https:\/\/blogdobispo.com.br\/#\/schema\/person\/e2209cc0e6cea5c5233d033e997b373f","name":"Jefferson Sterfeno","image":{"@type":"ImageObject","inLanguage":"pt-BR","@id":"https:\/\/blogdobispo.com.br\/#\/schema\/person\/image\/","url":"https:\/\/secure.gravatar.com\/avatar\/0534e84764641168a677026b6d57a3f51dc7ac4db0b4f6186d9cb330d4ee1160?s=96&d=mm&r=g","contentUrl":"https:\/\/secure.gravatar.com\/avatar\/0534e84764641168a677026b6d57a3f51dc7ac4db0b4f6186d9cb330d4ee1160?s=96&d=mm&r=g","caption":"Jefferson Sterfeno"},"sameAs":["http:\/\/blogdobispo.com.br"],"url":"https:\/\/blogdobispo.com.br\/?author=1"}]}},"featured_image_urls":{"full":"","thumbnail":"","medium":"","medium_large":"","large":"","1536x1536":"","2048x2048":""},"author_info":{"display_name":"Jefferson Sterfeno","author_link":"https:\/\/blogdobispo.com.br\/?author=1"},"category_info":"<a href=\"https:\/\/blogdobispo.com.br\/?cat=1\" rel=\"category\">diversos<\/a>","tag_info":"diversos","comment_count":"0","jetpack_featured_media_url":"","jetpack_sharing_enabled":true,"_links":{"self":[{"href":"https:\/\/blogdobispo.com.br\/index.php?rest_route=\/wp\/v2\/posts\/4743","targetHints":{"allow":["GET"]}}],"collection":[{"href":"https:\/\/blogdobispo.com.br\/index.php?rest_route=\/wp\/v2\/posts"}],"about":[{"href":"https:\/\/blogdobispo.com.br\/index.php?rest_route=\/wp\/v2\/types\/post"}],"author":[{"embeddable":true,"href":"https:\/\/blogdobispo.com.br\/index.php?rest_route=\/wp\/v2\/users\/1"}],"replies":[{"embeddable":true,"href":"https:\/\/blogdobispo.com.br\/index.php?rest_route=%2Fwp%2Fv2%2Fcomments&post=4743"}],"version-history":[{"count":0,"href":"https:\/\/blogdobispo.com.br\/index.php?rest_route=\/wp\/v2\/posts\/4743\/revisions"}],"wp:attachment":[{"href":"https:\/\/blogdobispo.com.br\/index.php?rest_route=%2Fwp%2Fv2%2Fmedia&parent=4743"}],"wp:term":[{"taxonomy":"category","embeddable":true,"href":"https:\/\/blogdobispo.com.br\/index.php?rest_route=%2Fwp%2Fv2%2Fcategories&post=4743"},{"taxonomy":"post_tag","embeddable":true,"href":"https:\/\/blogdobispo.com.br\/index.php?rest_route=%2Fwp%2Fv2%2Ftags&post=4743"}],"curies":[{"name":"wp","href":"https:\/\/api.w.org\/{rel}","templated":true}]}}