{"id":4736,"date":"2025-03-03T14:13:21","date_gmt":"2025-03-03T14:13:21","guid":{"rendered":"https:\/\/blogdobispo.com.br\/?p=4736"},"modified":"2025-03-03T14:13:21","modified_gmt":"2025-03-03T14:13:21","slug":"ponta-negra-reuniu-publico-recorde-no-domingo-de-carnavalpraca-do-gringos-recebeu-mais-de-20-mil-pessoas","status":"publish","type":"post","link":"https:\/\/blogdobispo.com.br\/?p=4736","title":{"rendered":"Ponta Negra reuniu p\u00fablico recorde no domingo de CarnavalPra\u00e7a do Gringos recebeu mais de 20 mil pessoas"},"content":{"rendered":"\n<figure class=\"wp-block-image size-large\"><img data-recalc-dims=\"1\" fetchpriority=\"high\" decoding=\"async\" width=\"800\" height=\"533\" src=\"https:\/\/i0.wp.com\/blogdobispo.com.br\/wp-content\/uploads\/2025\/03\/013e8405-26c8-4a52-bbd8-cec0b537fe79-1-1024x682.jpg?resize=800%2C533&#038;ssl=1\" class=\"wp-image-4735\" srcset=\"https:\/\/i0.wp.com\/blogdobispo.com.br\/wp-content\/uploads\/2025\/03\/013e8405-26c8-4a52-bbd8-cec0b537fe79-1.jpg?resize=1024%2C682&amp;ssl=1 1024w, https:\/\/i0.wp.com\/blogdobispo.com.br\/wp-content\/uploads\/2025\/03\/013e8405-26c8-4a52-bbd8-cec0b537fe79-1.jpg?resize=300%2C200&amp;ssl=1 300w, https:\/\/i0.wp.com\/blogdobispo.com.br\/wp-content\/uploads\/2025\/03\/013e8405-26c8-4a52-bbd8-cec0b537fe79-1.jpg?resize=768%2C512&amp;ssl=1 768w, https:\/\/i0.wp.com\/blogdobispo.com.br\/wp-content\/uploads\/2025\/03\/013e8405-26c8-4a52-bbd8-cec0b537fe79-1.jpg?resize=1536%2C1023&amp;ssl=1 1536w, https:\/\/i0.wp.com\/blogdobispo.com.br\/wp-content\/uploads\/2025\/03\/013e8405-26c8-4a52-bbd8-cec0b537fe79-1.jpg?w=1600&amp;ssl=1 1600w\" sizes=\"(max-width: 800px) 100vw, 800px\" \/><\/figure>\n\n\n\n<p><\/p>\n\n\n\n<p>O domingo (02) de Carnaval foi de p\u00fablico recorde no polo de Ponta Negra. A Pra\u00e7a do Gringos recebeu mais de 20 mil pessoas para acompanhar a terceira noite dos festejos carnavalescos. O ponto alto da noite foi o show do cantor Z\u00e9 Vaqueiro. O p\u00fablico foi ao del\u00edrio durante a apresenta\u00e7\u00e3o do artista. Ainda subiram ao palco a banda Tornado do Samba, o Potiguar Pedro Lucas e o enceramento ficou sob a responsabilidade do mossoroense N\u00fazio Medeiros.<\/p>\n\n\n\n<p>A vice-prefeita de Natal, Joanna Guerra, esteve no polo e foi acompanhada pela secretaria municipal de Cultura, Iaracy Azevedo<\/p>\n\n\n\n<p>Grande atra\u00e7\u00e3o da noite. Z\u00e9 Vaqueiro se derreteu em elogios a organiza\u00e7\u00e3o do carnaval e a energia do p\u00fablico durante o show: \u201cEstou muito feliz de estar aqui na cidade. Adoro Natal, recebo muitas mensagens dos f\u00e3s daqui e o show foi incr\u00edvel. Todo mundo cantou nosso repert\u00f3rio do in\u00edcio ao fim. De cima do palco deu para sentir o carinho e a considera\u00e7\u00e3o do p\u00fablico. Valeu demais\u201d, falou o artista.<\/p>\n\n\n\n<p>Empolgado, o p\u00fablico colocou a energia do show l\u00e1 em cima. F\u00e3 de Z\u00e9 Vaqueiro, a estudante Patr\u00edcia Linhares, 20, estava contando os minutos para assistir a apresenta\u00e7\u00e3o. Ela disse que cada minuto de espera valeu a pena: \u201cFoi um show maravilhoso. Ele cantou todos os seus sucessos. Foi massa\u201d, falou.<\/p>\n\n\n\n<p>Z\u00e9 Vaqueiro n\u00e3o agradou s\u00f3 ao p\u00fablico mais jovem. A turma acima dos 40 tamb\u00e9m aprovou o principal show da noite: \u201cFui surpreendido pelo show dele. N\u00e3o imaginava que ele agitava assim a galera. Ele cantou muito e as m\u00fasicas s\u00e3o muito legais\u201d, atestou o aut\u00f4nomo Jos\u00e9 Carlos Pereira, 47, que foi acompanhar o domingo de carnaval junto da fam\u00edlia.<\/p>\n\n\n\n<p>Al\u00e9m dos shows, Ponta Negra teve um domingo de Carnaval dedicado aos blocos. Um dos mais tradicionais \u00e9 o \u201cSuvaco do Careca\u201d, que este ano celebrou 15 anos, desfilando pelas ruas do bairro.<\/p>\n\n\n\n<p>A secretaria municipal de Cultura, Iracy Azevedo, fez um balan\u00e7o positivo o do Carnaval de Natal: \u201cA festa est\u00e1 transcorrendo na mais perfeita ordem e com tudo funcionando. A Prefeitura est\u00e1 muito satisfeita com os retornos que vem recebendo, mas isso s\u00f3 aumenta a nossa responsabilidade em seguir nesse n\u00edvel at\u00e9 o \u00faltimo dia de festa\u201d, concluiu.<\/p>\n","protected":false},"excerpt":{"rendered":"<p>O domingo (02) de Carnaval foi de p\u00fablico recorde no polo de Ponta Negra. A Pra\u00e7a do Gringos recebeu mais de 20 mil pessoas para acompanhar a terceira noite dos festejos carnavalescos. O ponto alto da noite foi o show do cantor Z\u00e9 Vaqueiro. O p\u00fablico foi ao del\u00edrio durante a apresenta\u00e7\u00e3o do artista. Ainda [&hellip;]<\/p>\n","protected":false},"author":1,"featured_media":0,"comment_status":"open","ping_status":"open","sticky":false,"template":"","format":"standard","meta":{"cybocfi_hide_featured_image":"","_jetpack_memberships_contains_paid_content":false,"footnotes":""},"categories":[1],"tags":[],"class_list":["post-4736","post","type-post","status-publish","format-standard","hentry","category-diversos"],"yoast_head":"<!-- This site is optimized with the Yoast SEO plugin v25.6 - https:\/\/yoast.com\/wordpress\/plugins\/seo\/ -->\n<title>Ponta Negra reuniu p\u00fablico recorde no domingo de CarnavalPra\u00e7a do Gringos recebeu mais de 20 mil pessoas - Blog do Bispo<\/title>\n<meta name=\"robots\" content=\"index, follow, max-snippet:-1, max-image-preview:large, max-video-preview:-1\" \/>\n<link rel=\"canonical\" href=\"https:\/\/blogdobispo.com.br\/?p=4736\" \/>\n<meta property=\"og:locale\" content=\"pt_BR\" \/>\n<meta property=\"og:type\" content=\"article\" \/>\n<meta property=\"og:title\" content=\"Ponta Negra reuniu p\u00fablico recorde no domingo de CarnavalPra\u00e7a do Gringos recebeu mais de 20 mil pessoas - Blog do Bispo\" \/>\n<meta property=\"og:description\" content=\"O domingo (02) de Carnaval foi de p\u00fablico recorde no polo de Ponta Negra. A Pra\u00e7a do Gringos recebeu mais de 20 mil pessoas para acompanhar a terceira noite dos festejos carnavalescos. O ponto alto da noite foi o show do cantor Z\u00e9 Vaqueiro. O p\u00fablico foi ao del\u00edrio durante a apresenta\u00e7\u00e3o do artista. Ainda [&hellip;]\" \/>\n<meta property=\"og:url\" content=\"https:\/\/blogdobispo.com.br\/?p=4736\" \/>\n<meta property=\"og:site_name\" content=\"Blog do Bispo\" \/>\n<meta property=\"article:published_time\" content=\"2025-03-03T14:13:21+00:00\" \/>\n<meta property=\"og:image\" content=\"https:\/\/blogdobispo.com.br\/wp-content\/uploads\/2025\/03\/013e8405-26c8-4a52-bbd8-cec0b537fe79-1-1024x682.jpg\" \/>\n<meta name=\"author\" content=\"Jefferson Sterfeno\" \/>\n<meta name=\"twitter:card\" content=\"summary_large_image\" \/>\n<meta name=\"twitter:label1\" content=\"Escrito por\" \/>\n\t<meta name=\"twitter:data1\" content=\"Jefferson Sterfeno\" \/>\n\t<meta name=\"twitter:label2\" content=\"Est. tempo de leitura\" \/>\n\t<meta name=\"twitter:data2\" content=\"2 minutos\" \/>\n<script type=\"application\/ld+json\" class=\"yoast-schema-graph\">{\"@context\":\"https:\/\/schema.org\",\"@graph\":[{\"@type\":\"Article\",\"@id\":\"https:\/\/blogdobispo.com.br\/?p=4736#article\",\"isPartOf\":{\"@id\":\"https:\/\/blogdobispo.com.br\/?p=4736\"},\"author\":{\"name\":\"Jefferson Sterfeno\",\"@id\":\"https:\/\/blogdobispo.com.br\/#\/schema\/person\/e2209cc0e6cea5c5233d033e997b373f\"},\"headline\":\"Ponta Negra reuniu p\u00fablico recorde no domingo de CarnavalPra\u00e7a do Gringos recebeu mais de 20 mil pessoas\",\"datePublished\":\"2025-03-03T14:13:21+00:00\",\"mainEntityOfPage\":{\"@id\":\"https:\/\/blogdobispo.com.br\/?p=4736\"},\"wordCount\":409,\"commentCount\":0,\"publisher\":{\"@id\":\"https:\/\/blogdobispo.com.br\/#organization\"},\"image\":{\"@id\":\"https:\/\/blogdobispo.com.br\/?p=4736#primaryimage\"},\"thumbnailUrl\":\"https:\/\/blogdobispo.com.br\/wp-content\/uploads\/2025\/03\/013e8405-26c8-4a52-bbd8-cec0b537fe79-1-1024x682.jpg\",\"articleSection\":[\"diversos\"],\"inLanguage\":\"pt-BR\",\"potentialAction\":[{\"@type\":\"CommentAction\",\"name\":\"Comment\",\"target\":[\"https:\/\/blogdobispo.com.br\/?p=4736#respond\"]}]},{\"@type\":\"WebPage\",\"@id\":\"https:\/\/blogdobispo.com.br\/?p=4736\",\"url\":\"https:\/\/blogdobispo.com.br\/?p=4736\",\"name\":\"Ponta Negra reuniu p\u00fablico recorde no domingo de CarnavalPra\u00e7a do Gringos recebeu mais de 20 mil pessoas - Blog do Bispo\",\"isPartOf\":{\"@id\":\"https:\/\/blogdobispo.com.br\/#website\"},\"primaryImageOfPage\":{\"@id\":\"https:\/\/blogdobispo.com.br\/?p=4736#primaryimage\"},\"image\":{\"@id\":\"https:\/\/blogdobispo.com.br\/?p=4736#primaryimage\"},\"thumbnailUrl\":\"https:\/\/blogdobispo.com.br\/wp-content\/uploads\/2025\/03\/013e8405-26c8-4a52-bbd8-cec0b537fe79-1-1024x682.jpg\",\"datePublished\":\"2025-03-03T14:13:21+00:00\",\"breadcrumb\":{\"@id\":\"https:\/\/blogdobispo.com.br\/?p=4736#breadcrumb\"},\"inLanguage\":\"pt-BR\",\"potentialAction\":[{\"@type\":\"ReadAction\",\"target\":[\"https:\/\/blogdobispo.com.br\/?p=4736\"]}]},{\"@type\":\"ImageObject\",\"inLanguage\":\"pt-BR\",\"@id\":\"https:\/\/blogdobispo.com.br\/?p=4736#primaryimage\",\"url\":\"https:\/\/blogdobispo.com.br\/wp-content\/uploads\/2025\/03\/013e8405-26c8-4a52-bbd8-cec0b537fe79-1-1024x682.jpg\",\"contentUrl\":\"https:\/\/blogdobispo.com.br\/wp-content\/uploads\/2025\/03\/013e8405-26c8-4a52-bbd8-cec0b537fe79-1-1024x682.jpg\"},{\"@type\":\"BreadcrumbList\",\"@id\":\"https:\/\/blogdobispo.com.br\/?p=4736#breadcrumb\",\"itemListElement\":[{\"@type\":\"ListItem\",\"position\":1,\"name\":\"In\u00edcio\",\"item\":\"https:\/\/blogdobispo.com.br\/\"},{\"@type\":\"ListItem\",\"position\":2,\"name\":\"Ponta Negra reuniu p\u00fablico recorde no domingo de CarnavalPra\u00e7a do Gringos recebeu mais de 20 mil pessoas\"}]},{\"@type\":\"WebSite\",\"@id\":\"https:\/\/blogdobispo.com.br\/#website\",\"url\":\"https:\/\/blogdobispo.com.br\/\",\"name\":\"Blog do Bispo\",\"description\":\"Comprometido apenas com o leitor\",\"publisher\":{\"@id\":\"https:\/\/blogdobispo.com.br\/#organization\"},\"potentialAction\":[{\"@type\":\"SearchAction\",\"target\":{\"@type\":\"EntryPoint\",\"urlTemplate\":\"https:\/\/blogdobispo.com.br\/?s={search_term_string}\"},\"query-input\":{\"@type\":\"PropertyValueSpecification\",\"valueRequired\":true,\"valueName\":\"search_term_string\"}}],\"inLanguage\":\"pt-BR\"},{\"@type\":\"Organization\",\"@id\":\"https:\/\/blogdobispo.com.br\/#organization\",\"name\":\"Blog do Bispo\",\"url\":\"https:\/\/blogdobispo.com.br\/\",\"logo\":{\"@type\":\"ImageObject\",\"inLanguage\":\"pt-BR\",\"@id\":\"https:\/\/blogdobispo.com.br\/#\/schema\/logo\/image\/\",\"url\":\"http:\/\/blogdobispo.com.br\/wp-content\/uploads\/2023\/05\/cropped-headear.png\",\"contentUrl\":\"http:\/\/blogdobispo.com.br\/wp-content\/uploads\/2023\/05\/cropped-headear.png\",\"width\":1500,\"height\":399,\"caption\":\"Blog do Bispo\"},\"image\":{\"@id\":\"https:\/\/blogdobispo.com.br\/#\/schema\/logo\/image\/\"}},{\"@type\":\"Person\",\"@id\":\"https:\/\/blogdobispo.com.br\/#\/schema\/person\/e2209cc0e6cea5c5233d033e997b373f\",\"name\":\"Jefferson Sterfeno\",\"image\":{\"@type\":\"ImageObject\",\"inLanguage\":\"pt-BR\",\"@id\":\"https:\/\/blogdobispo.com.br\/#\/schema\/person\/image\/\",\"url\":\"https:\/\/secure.gravatar.com\/avatar\/0534e84764641168a677026b6d57a3f51dc7ac4db0b4f6186d9cb330d4ee1160?s=96&d=mm&r=g\",\"contentUrl\":\"https:\/\/secure.gravatar.com\/avatar\/0534e84764641168a677026b6d57a3f51dc7ac4db0b4f6186d9cb330d4ee1160?s=96&d=mm&r=g\",\"caption\":\"Jefferson Sterfeno\"},\"sameAs\":[\"http:\/\/blogdobispo.com.br\"],\"url\":\"https:\/\/blogdobispo.com.br\/?author=1\"}]}<\/script>\n<!-- \/ Yoast SEO plugin. -->","yoast_head_json":{"title":"Ponta Negra reuniu p\u00fablico recorde no domingo de CarnavalPra\u00e7a do Gringos recebeu mais de 20 mil pessoas - Blog do Bispo","robots":{"index":"index","follow":"follow","max-snippet":"max-snippet:-1","max-image-preview":"max-image-preview:large","max-video-preview":"max-video-preview:-1"},"canonical":"https:\/\/blogdobispo.com.br\/?p=4736","og_locale":"pt_BR","og_type":"article","og_title":"Ponta Negra reuniu p\u00fablico recorde no domingo de CarnavalPra\u00e7a do Gringos recebeu mais de 20 mil pessoas - Blog do Bispo","og_description":"O domingo (02) de Carnaval foi de p\u00fablico recorde no polo de Ponta Negra. A Pra\u00e7a do Gringos recebeu mais de 20 mil pessoas para acompanhar a terceira noite dos festejos carnavalescos. O ponto alto da noite foi o show do cantor Z\u00e9 Vaqueiro. O p\u00fablico foi ao del\u00edrio durante a apresenta\u00e7\u00e3o do artista. Ainda [&hellip;]","og_url":"https:\/\/blogdobispo.com.br\/?p=4736","og_site_name":"Blog do Bispo","article_published_time":"2025-03-03T14:13:21+00:00","og_image":[{"url":"https:\/\/blogdobispo.com.br\/wp-content\/uploads\/2025\/03\/013e8405-26c8-4a52-bbd8-cec0b537fe79-1-1024x682.jpg","type":"","width":"","height":""}],"author":"Jefferson Sterfeno","twitter_card":"summary_large_image","twitter_misc":{"Escrito por":"Jefferson Sterfeno","Est. tempo de leitura":"2 minutos"},"schema":{"@context":"https:\/\/schema.org","@graph":[{"@type":"Article","@id":"https:\/\/blogdobispo.com.br\/?p=4736#article","isPartOf":{"@id":"https:\/\/blogdobispo.com.br\/?p=4736"},"author":{"name":"Jefferson Sterfeno","@id":"https:\/\/blogdobispo.com.br\/#\/schema\/person\/e2209cc0e6cea5c5233d033e997b373f"},"headline":"Ponta Negra reuniu p\u00fablico recorde no domingo de CarnavalPra\u00e7a do Gringos recebeu mais de 20 mil pessoas","datePublished":"2025-03-03T14:13:21+00:00","mainEntityOfPage":{"@id":"https:\/\/blogdobispo.com.br\/?p=4736"},"wordCount":409,"commentCount":0,"publisher":{"@id":"https:\/\/blogdobispo.com.br\/#organization"},"image":{"@id":"https:\/\/blogdobispo.com.br\/?p=4736#primaryimage"},"thumbnailUrl":"https:\/\/blogdobispo.com.br\/wp-content\/uploads\/2025\/03\/013e8405-26c8-4a52-bbd8-cec0b537fe79-1-1024x682.jpg","articleSection":["diversos"],"inLanguage":"pt-BR","potentialAction":[{"@type":"CommentAction","name":"Comment","target":["https:\/\/blogdobispo.com.br\/?p=4736#respond"]}]},{"@type":"WebPage","@id":"https:\/\/blogdobispo.com.br\/?p=4736","url":"https:\/\/blogdobispo.com.br\/?p=4736","name":"Ponta Negra reuniu p\u00fablico recorde no domingo de CarnavalPra\u00e7a do Gringos recebeu mais de 20 mil pessoas - Blog do Bispo","isPartOf":{"@id":"https:\/\/blogdobispo.com.br\/#website"},"primaryImageOfPage":{"@id":"https:\/\/blogdobispo.com.br\/?p=4736#primaryimage"},"image":{"@id":"https:\/\/blogdobispo.com.br\/?p=4736#primaryimage"},"thumbnailUrl":"https:\/\/blogdobispo.com.br\/wp-content\/uploads\/2025\/03\/013e8405-26c8-4a52-bbd8-cec0b537fe79-1-1024x682.jpg","datePublished":"2025-03-03T14:13:21+00:00","breadcrumb":{"@id":"https:\/\/blogdobispo.com.br\/?p=4736#breadcrumb"},"inLanguage":"pt-BR","potentialAction":[{"@type":"ReadAction","target":["https:\/\/blogdobispo.com.br\/?p=4736"]}]},{"@type":"ImageObject","inLanguage":"pt-BR","@id":"https:\/\/blogdobispo.com.br\/?p=4736#primaryimage","url":"https:\/\/blogdobispo.com.br\/wp-content\/uploads\/2025\/03\/013e8405-26c8-4a52-bbd8-cec0b537fe79-1-1024x682.jpg","contentUrl":"https:\/\/blogdobispo.com.br\/wp-content\/uploads\/2025\/03\/013e8405-26c8-4a52-bbd8-cec0b537fe79-1-1024x682.jpg"},{"@type":"BreadcrumbList","@id":"https:\/\/blogdobispo.com.br\/?p=4736#breadcrumb","itemListElement":[{"@type":"ListItem","position":1,"name":"In\u00edcio","item":"https:\/\/blogdobispo.com.br\/"},{"@type":"ListItem","position":2,"name":"Ponta Negra reuniu p\u00fablico recorde no domingo de CarnavalPra\u00e7a do Gringos recebeu mais de 20 mil pessoas"}]},{"@type":"WebSite","@id":"https:\/\/blogdobispo.com.br\/#website","url":"https:\/\/blogdobispo.com.br\/","name":"Blog do Bispo","description":"Comprometido apenas com o leitor","publisher":{"@id":"https:\/\/blogdobispo.com.br\/#organization"},"potentialAction":[{"@type":"SearchAction","target":{"@type":"EntryPoint","urlTemplate":"https:\/\/blogdobispo.com.br\/?s={search_term_string}"},"query-input":{"@type":"PropertyValueSpecification","valueRequired":true,"valueName":"search_term_string"}}],"inLanguage":"pt-BR"},{"@type":"Organization","@id":"https:\/\/blogdobispo.com.br\/#organization","name":"Blog do Bispo","url":"https:\/\/blogdobispo.com.br\/","logo":{"@type":"ImageObject","inLanguage":"pt-BR","@id":"https:\/\/blogdobispo.com.br\/#\/schema\/logo\/image\/","url":"http:\/\/blogdobispo.com.br\/wp-content\/uploads\/2023\/05\/cropped-headear.png","contentUrl":"http:\/\/blogdobispo.com.br\/wp-content\/uploads\/2023\/05\/cropped-headear.png","width":1500,"height":399,"caption":"Blog do Bispo"},"image":{"@id":"https:\/\/blogdobispo.com.br\/#\/schema\/logo\/image\/"}},{"@type":"Person","@id":"https:\/\/blogdobispo.com.br\/#\/schema\/person\/e2209cc0e6cea5c5233d033e997b373f","name":"Jefferson Sterfeno","image":{"@type":"ImageObject","inLanguage":"pt-BR","@id":"https:\/\/blogdobispo.com.br\/#\/schema\/person\/image\/","url":"https:\/\/secure.gravatar.com\/avatar\/0534e84764641168a677026b6d57a3f51dc7ac4db0b4f6186d9cb330d4ee1160?s=96&d=mm&r=g","contentUrl":"https:\/\/secure.gravatar.com\/avatar\/0534e84764641168a677026b6d57a3f51dc7ac4db0b4f6186d9cb330d4ee1160?s=96&d=mm&r=g","caption":"Jefferson Sterfeno"},"sameAs":["http:\/\/blogdobispo.com.br"],"url":"https:\/\/blogdobispo.com.br\/?author=1"}]}},"featured_image_urls":{"full":"","thumbnail":"","medium":"","medium_large":"","large":"","1536x1536":"","2048x2048":""},"author_info":{"display_name":"Jefferson Sterfeno","author_link":"https:\/\/blogdobispo.com.br\/?author=1"},"category_info":"<a href=\"https:\/\/blogdobispo.com.br\/?cat=1\" rel=\"category\">diversos<\/a>","tag_info":"diversos","comment_count":"0","jetpack_featured_media_url":"","jetpack_sharing_enabled":true,"_links":{"self":[{"href":"https:\/\/blogdobispo.com.br\/index.php?rest_route=\/wp\/v2\/posts\/4736","targetHints":{"allow":["GET"]}}],"collection":[{"href":"https:\/\/blogdobispo.com.br\/index.php?rest_route=\/wp\/v2\/posts"}],"about":[{"href":"https:\/\/blogdobispo.com.br\/index.php?rest_route=\/wp\/v2\/types\/post"}],"author":[{"embeddable":true,"href":"https:\/\/blogdobispo.com.br\/index.php?rest_route=\/wp\/v2\/users\/1"}],"replies":[{"embeddable":true,"href":"https:\/\/blogdobispo.com.br\/index.php?rest_route=%2Fwp%2Fv2%2Fcomments&post=4736"}],"version-history":[{"count":0,"href":"https:\/\/blogdobispo.com.br\/index.php?rest_route=\/wp\/v2\/posts\/4736\/revisions"}],"wp:attachment":[{"href":"https:\/\/blogdobispo.com.br\/index.php?rest_route=%2Fwp%2Fv2%2Fmedia&parent=4736"}],"wp:term":[{"taxonomy":"category","embeddable":true,"href":"https:\/\/blogdobispo.com.br\/index.php?rest_route=%2Fwp%2Fv2%2Fcategories&post=4736"},{"taxonomy":"post_tag","embeddable":true,"href":"https:\/\/blogdobispo.com.br\/index.php?rest_route=%2Fwp%2Fv2%2Ftags&post=4736"}],"curies":[{"name":"wp","href":"https:\/\/api.w.org\/{rel}","templated":true}]}}